{"id":2661,"date":"2022-05-24T23:31:03","date_gmt":"2022-05-24T21:31:03","guid":{"rendered":"https:\/\/hierostrasbourg.com\/index.php\/2022\/05\/24\/blue-note-cafe-strasbourg-recrute-un-assistant-a-la-direction-artistique-f-h\/"},"modified":"2022-05-24T23:31:03","modified_gmt":"2022-05-24T21:31:03","slug":"blue-note-cafe-strasbourg-recrute-un-assistant-a-la-direction-artistique-f-h","status":"publish","type":"post","link":"https:\/\/hierostrasbourg.com\/index.php\/2022\/05\/24\/blue-note-cafe-strasbourg-recrute-un-assistant-a-la-direction-artistique-f-h\/","title":{"rendered":"BLUE NOTE CAF\u00c9 [Strasbourg] recrute un  assistant \u00e0 la direction artistique [F\/H]"},"content":{"rendered":"<p><a href=\"https:\/\/musiquesactuelles.alsace\/blue-note-cafe-strasbourg-recrute-un-assistant-a-la-direction-artistique-f-h\/\" title=\"BLUE NOTE CAF\u00c9 [Strasbourg] recrute un  assistant \u00e0 la direction artistique [F\/H]\"><\/a><\/p>\n<p>Le Blue Note Caf\u00e9, lieu hybride \u00e0 la fronti\u00e8re du caf\u00e9 culture, du bar \u00e0 concert et du lieu de rencontre recherche son alternant.e pour consolider sa proposition artistique et sa communication. Viens faire partie de cette nouvelle aventure Ouvert depuis f\u00e9vrier 2022, le lieu est implant\u00e9 dans la Cit\u00e9 de la musique et de la danse de l\u2019eurom\u00e9tropole de Strasbourg. Son pari est de favoriser l\u2019\u00e9mergence d\u2019artistes locaux, d\u2019accentuer la synergie entre les genres artistiques et pousser \u00e0 la [\u2026]<\/p>\n<p>L\u2019article <a href=\"https:\/\/musiquesactuelles.alsace\/blue-note-cafe-strasbourg-recrute-un-assistant-a-la-direction-artistique-f-h\/\">BLUE NOTE CAF\u00c9 [Strasbourg] recrute un  assistant \u00e0 la direction artistique [F\/H]<\/a> est apparu en premier sur <a href=\"https:\/\/musiquesactuelles.alsace\/\">Musiques Actuelles en Alsace<\/a>.<\/p>\n<p>L\u2019article <a href=\"https:\/\/popburo.fr\/blue-note-cafe-strasbourg-recrute-un-assistant-a-la-direction-artistique-f-h-2\/\">BLUE NOTE CAF\u00c9 [Strasbourg] recrute un  assistant \u00e0 la direction artistique [F\/H]<\/a> est apparu en premier sur <a href=\"https:\/\/popburo.fr\/\">POP B\u00dcRO<\/a>.<\/p>\n","protected":false},"excerpt":{"rendered":"<p>Le Blue Note Caf\u00e9, lieu hybride \u00e0 la fronti\u00e8re du caf\u00e9 culture, du bar \u00e0 concert et du lieu de rencontre recherche son alternant.e pour consolider sa proposition artistique et sa communication. Viens faire partie de cette nouvelle aventure Ouvert depuis f\u00e9vrier 2022, le lieu est implant\u00e9 dans la Cit\u00e9 de la musique et de la danse de l\u2019eurom\u00e9tropole de Strasbourg. Son pari est de favoriser l\u2019\u00e9mergence d\u2019artistes locaux, d\u2019accentuer la synergie entre les genres artistiques et pousser \u00e0 la [&hellip;]<\/p>\n","protected":false},"author":0,"featured_media":0,"comment_status":"closed","ping_status":"open","sticky":false,"template":"","format":"standard","meta":{"footnotes":""},"categories":[1],"tags":[],"class_list":["post-2661","post","type-post","status-publish","format-standard","hentry","category-non-classe"],"yoast_head":"<!-- This site is optimized with the Yoast SEO plugin v27.4 - https:\/\/yoast.com\/product\/yoast-seo-wordpress\/ -->\n<title>BLUE NOTE CAF\u00c9 [Strasbourg] recrute un assistant \u00e0 la direction artistique [F\/H] - HIERO STRASBOURG<\/title>\n<meta name=\"robots\" content=\"index, follow, max-snippet:-1, max-image-preview:large, max-video-preview:-1\" \/>\n<link rel=\"canonical\" href=\"https:\/\/hierostrasbourg.com\/index.php\/2022\/05\/24\/blue-note-cafe-strasbourg-recrute-un-assistant-a-la-direction-artistique-f-h\/\" \/>\n<meta property=\"og:locale\" content=\"fr_FR\" \/>\n<meta property=\"og:type\" content=\"article\" \/>\n<meta property=\"og:title\" content=\"BLUE NOTE CAF\u00c9 [Strasbourg] recrute un assistant \u00e0 la direction artistique [F\/H] - HIERO STRASBOURG\" \/>\n<meta property=\"og:description\" content=\"Le Blue Note Caf\u00e9, lieu hybride \u00e0 la fronti\u00e8re du caf\u00e9 culture, du bar \u00e0 concert et du lieu de rencontre recherche son alternant.e pour consolider sa proposition artistique et sa communication. Viens faire partie de cette nouvelle aventure Ouvert depuis f\u00e9vrier 2022, le lieu est implant\u00e9 dans la Cit\u00e9 de la musique et de la danse de l\u2019eurom\u00e9tropole de Strasbourg. Son pari est de favoriser l\u2019\u00e9mergence d\u2019artistes locaux, d\u2019accentuer la synergie entre les genres artistiques et pousser \u00e0 la [&hellip;]\" \/>\n<meta property=\"og:url\" content=\"https:\/\/hierostrasbourg.com\/index.php\/2022\/05\/24\/blue-note-cafe-strasbourg-recrute-un-assistant-a-la-direction-artistique-f-h\/\" \/>\n<meta property=\"og:site_name\" content=\"HIERO STRASBOURG\" \/>\n<meta property=\"article:publisher\" content=\"https:\/\/www.facebook.com\/fedehierostrasbourg\" \/>\n<meta property=\"article:published_time\" content=\"2022-05-24T21:31:03+00:00\" \/>\n<meta name=\"twitter:card\" content=\"summary_large_image\" \/>\n<meta name=\"twitter:creator\" content=\"@hierostrasbourg\" \/>\n<meta name=\"twitter:site\" content=\"@hierostrasbourg\" \/>\n<meta name=\"twitter:label1\" content=\"Dur\u00e9e de lecture estim\u00e9e\" \/>\n\t<meta name=\"twitter:data1\" content=\"1 minute\" \/>\n<script type=\"application\/ld+json\" class=\"yoast-schema-graph\">{\"@context\":\"https:\\\/\\\/schema.org\",\"@graph\":[{\"@type\":\"Article\",\"@id\":\"https:\\\/\\\/hierostrasbourg.com\\\/index.php\\\/2022\\\/05\\\/24\\\/blue-note-cafe-strasbourg-recrute-un-assistant-a-la-direction-artistique-f-h\\\/#article\",\"isPartOf\":{\"@id\":\"https:\\\/\\\/hierostrasbourg.com\\\/index.php\\\/2022\\\/05\\\/24\\\/blue-note-cafe-strasbourg-recrute-un-assistant-a-la-direction-artistique-f-h\\\/\"},\"author\":{\"name\":\"\",\"@id\":\"\"},\"headline\":\"BLUE NOTE CAF\u00c9 [Strasbourg] recrute un assistant \u00e0 la direction artistique [F\\\/H]\",\"datePublished\":\"2022-05-24T21:31:03+00:00\",\"mainEntityOfPage\":{\"@id\":\"https:\\\/\\\/hierostrasbourg.com\\\/index.php\\\/2022\\\/05\\\/24\\\/blue-note-cafe-strasbourg-recrute-un-assistant-a-la-direction-artistique-f-h\\\/\"},\"wordCount\":141,\"publisher\":{\"@id\":\"https:\\\/\\\/hierostrasbourg.com\\\/#organization\"},\"inLanguage\":\"fr-FR\"},{\"@type\":\"WebPage\",\"@id\":\"https:\\\/\\\/hierostrasbourg.com\\\/index.php\\\/2022\\\/05\\\/24\\\/blue-note-cafe-strasbourg-recrute-un-assistant-a-la-direction-artistique-f-h\\\/\",\"url\":\"https:\\\/\\\/hierostrasbourg.com\\\/index.php\\\/2022\\\/05\\\/24\\\/blue-note-cafe-strasbourg-recrute-un-assistant-a-la-direction-artistique-f-h\\\/\",\"name\":\"BLUE NOTE CAF\u00c9 [Strasbourg] recrute un assistant \u00e0 la direction artistique [F\\\/H] - HIERO STRASBOURG\",\"isPartOf\":{\"@id\":\"https:\\\/\\\/hierostrasbourg.com\\\/#website\"},\"datePublished\":\"2022-05-24T21:31:03+00:00\",\"breadcrumb\":{\"@id\":\"https:\\\/\\\/hierostrasbourg.com\\\/index.php\\\/2022\\\/05\\\/24\\\/blue-note-cafe-strasbourg-recrute-un-assistant-a-la-direction-artistique-f-h\\\/#breadcrumb\"},\"inLanguage\":\"fr-FR\",\"potentialAction\":[{\"@type\":\"ReadAction\",\"target\":[\"https:\\\/\\\/hierostrasbourg.com\\\/index.php\\\/2022\\\/05\\\/24\\\/blue-note-cafe-strasbourg-recrute-un-assistant-a-la-direction-artistique-f-h\\\/\"]}]},{\"@type\":\"BreadcrumbList\",\"@id\":\"https:\\\/\\\/hierostrasbourg.com\\\/index.php\\\/2022\\\/05\\\/24\\\/blue-note-cafe-strasbourg-recrute-un-assistant-a-la-direction-artistique-f-h\\\/#breadcrumb\",\"itemListElement\":[{\"@type\":\"ListItem\",\"position\":1,\"name\":\"Accueil\",\"item\":\"https:\\\/\\\/hierostrasbourg.com\\\/\"},{\"@type\":\"ListItem\",\"position\":2,\"name\":\"BLUE NOTE CAF\u00c9 [Strasbourg] recrute un assistant \u00e0 la direction artistique [F\\\/H]\"}]},{\"@type\":\"WebSite\",\"@id\":\"https:\\\/\\\/hierostrasbourg.com\\\/#website\",\"url\":\"https:\\\/\\\/hierostrasbourg.com\\\/\",\"name\":\"HIERO STRASBOURG\",\"description\":\"Centre de Ressources Musiques Actuelles\",\"publisher\":{\"@id\":\"https:\\\/\\\/hierostrasbourg.com\\\/#organization\"},\"potentialAction\":[{\"@type\":\"SearchAction\",\"target\":{\"@type\":\"EntryPoint\",\"urlTemplate\":\"https:\\\/\\\/hierostrasbourg.com\\\/?s={search_term_string}\"},\"query-input\":{\"@type\":\"PropertyValueSpecification\",\"valueRequired\":true,\"valueName\":\"search_term_string\"}}],\"inLanguage\":\"fr-FR\"},{\"@type\":\"Organization\",\"@id\":\"https:\\\/\\\/hierostrasbourg.com\\\/#organization\",\"name\":\"F\u00e9d\u00e9ration Hi\u00e9ro Strasbourg\",\"url\":\"https:\\\/\\\/hierostrasbourg.com\\\/\",\"logo\":{\"@type\":\"ImageObject\",\"inLanguage\":\"fr-FR\",\"@id\":\"https:\\\/\\\/hierostrasbourg.com\\\/#\\\/schema\\\/logo\\\/image\\\/\",\"url\":\"https:\\\/\\\/hierostrasbourg.com\\\/wp-content\\\/uploads\\\/2026\\\/04\\\/logo-hiero-strasbourg.jpg\",\"contentUrl\":\"https:\\\/\\\/hierostrasbourg.com\\\/wp-content\\\/uploads\\\/2026\\\/04\\\/logo-hiero-strasbourg.jpg\",\"width\":204,\"height\":192,\"caption\":\"F\u00e9d\u00e9ration Hi\u00e9ro Strasbourg\"},\"image\":{\"@id\":\"https:\\\/\\\/hierostrasbourg.com\\\/#\\\/schema\\\/logo\\\/image\\\/\"},\"sameAs\":[\"https:\\\/\\\/www.facebook.com\\\/fedehierostrasbourg\",\"https:\\\/\\\/x.com\\\/hierostrasbourg\"]}]}<\/script>\n<!-- \/ Yoast SEO plugin. -->","yoast_head_json":{"title":"BLUE NOTE CAF\u00c9 [Strasbourg] recrute un assistant \u00e0 la direction artistique [F\/H] - HIERO STRASBOURG","robots":{"index":"index","follow":"follow","max-snippet":"max-snippet:-1","max-image-preview":"max-image-preview:large","max-video-preview":"max-video-preview:-1"},"canonical":"https:\/\/hierostrasbourg.com\/index.php\/2022\/05\/24\/blue-note-cafe-strasbourg-recrute-un-assistant-a-la-direction-artistique-f-h\/","og_locale":"fr_FR","og_type":"article","og_title":"BLUE NOTE CAF\u00c9 [Strasbourg] recrute un assistant \u00e0 la direction artistique [F\/H] - HIERO STRASBOURG","og_description":"Le Blue Note Caf\u00e9, lieu hybride \u00e0 la fronti\u00e8re du caf\u00e9 culture, du bar \u00e0 concert et du lieu de rencontre recherche son alternant.e pour consolider sa proposition artistique et sa communication. Viens faire partie de cette nouvelle aventure Ouvert depuis f\u00e9vrier 2022, le lieu est implant\u00e9 dans la Cit\u00e9 de la musique et de la danse de l\u2019eurom\u00e9tropole de Strasbourg. Son pari est de favoriser l\u2019\u00e9mergence d\u2019artistes locaux, d\u2019accentuer la synergie entre les genres artistiques et pousser \u00e0 la [&hellip;]","og_url":"https:\/\/hierostrasbourg.com\/index.php\/2022\/05\/24\/blue-note-cafe-strasbourg-recrute-un-assistant-a-la-direction-artistique-f-h\/","og_site_name":"HIERO STRASBOURG","article_publisher":"https:\/\/www.facebook.com\/fedehierostrasbourg","article_published_time":"2022-05-24T21:31:03+00:00","twitter_card":"summary_large_image","twitter_creator":"@hierostrasbourg","twitter_site":"@hierostrasbourg","twitter_misc":{"Dur\u00e9e de lecture estim\u00e9e":"1 minute"},"schema":{"@context":"https:\/\/schema.org","@graph":[{"@type":"Article","@id":"https:\/\/hierostrasbourg.com\/index.php\/2022\/05\/24\/blue-note-cafe-strasbourg-recrute-un-assistant-a-la-direction-artistique-f-h\/#article","isPartOf":{"@id":"https:\/\/hierostrasbourg.com\/index.php\/2022\/05\/24\/blue-note-cafe-strasbourg-recrute-un-assistant-a-la-direction-artistique-f-h\/"},"author":{"name":"","@id":""},"headline":"BLUE NOTE CAF\u00c9 [Strasbourg] recrute un assistant \u00e0 la direction artistique [F\/H]","datePublished":"2022-05-24T21:31:03+00:00","mainEntityOfPage":{"@id":"https:\/\/hierostrasbourg.com\/index.php\/2022\/05\/24\/blue-note-cafe-strasbourg-recrute-un-assistant-a-la-direction-artistique-f-h\/"},"wordCount":141,"publisher":{"@id":"https:\/\/hierostrasbourg.com\/#organization"},"inLanguage":"fr-FR"},{"@type":"WebPage","@id":"https:\/\/hierostrasbourg.com\/index.php\/2022\/05\/24\/blue-note-cafe-strasbourg-recrute-un-assistant-a-la-direction-artistique-f-h\/","url":"https:\/\/hierostrasbourg.com\/index.php\/2022\/05\/24\/blue-note-cafe-strasbourg-recrute-un-assistant-a-la-direction-artistique-f-h\/","name":"BLUE NOTE CAF\u00c9 [Strasbourg] recrute un assistant \u00e0 la direction artistique [F\/H] - HIERO STRASBOURG","isPartOf":{"@id":"https:\/\/hierostrasbourg.com\/#website"},"datePublished":"2022-05-24T21:31:03+00:00","breadcrumb":{"@id":"https:\/\/hierostrasbourg.com\/index.php\/2022\/05\/24\/blue-note-cafe-strasbourg-recrute-un-assistant-a-la-direction-artistique-f-h\/#breadcrumb"},"inLanguage":"fr-FR","potentialAction":[{"@type":"ReadAction","target":["https:\/\/hierostrasbourg.com\/index.php\/2022\/05\/24\/blue-note-cafe-strasbourg-recrute-un-assistant-a-la-direction-artistique-f-h\/"]}]},{"@type":"BreadcrumbList","@id":"https:\/\/hierostrasbourg.com\/index.php\/2022\/05\/24\/blue-note-cafe-strasbourg-recrute-un-assistant-a-la-direction-artistique-f-h\/#breadcrumb","itemListElement":[{"@type":"ListItem","position":1,"name":"Accueil","item":"https:\/\/hierostrasbourg.com\/"},{"@type":"ListItem","position":2,"name":"BLUE NOTE CAF\u00c9 [Strasbourg] recrute un assistant \u00e0 la direction artistique [F\/H]"}]},{"@type":"WebSite","@id":"https:\/\/hierostrasbourg.com\/#website","url":"https:\/\/hierostrasbourg.com\/","name":"HIERO STRASBOURG","description":"Centre de Ressources Musiques Actuelles","publisher":{"@id":"https:\/\/hierostrasbourg.com\/#organization"},"potentialAction":[{"@type":"SearchAction","target":{"@type":"EntryPoint","urlTemplate":"https:\/\/hierostrasbourg.com\/?s={search_term_string}"},"query-input":{"@type":"PropertyValueSpecification","valueRequired":true,"valueName":"search_term_string"}}],"inLanguage":"fr-FR"},{"@type":"Organization","@id":"https:\/\/hierostrasbourg.com\/#organization","name":"F\u00e9d\u00e9ration Hi\u00e9ro Strasbourg","url":"https:\/\/hierostrasbourg.com\/","logo":{"@type":"ImageObject","inLanguage":"fr-FR","@id":"https:\/\/hierostrasbourg.com\/#\/schema\/logo\/image\/","url":"https:\/\/hierostrasbourg.com\/wp-content\/uploads\/2026\/04\/logo-hiero-strasbourg.jpg","contentUrl":"https:\/\/hierostrasbourg.com\/wp-content\/uploads\/2026\/04\/logo-hiero-strasbourg.jpg","width":204,"height":192,"caption":"F\u00e9d\u00e9ration Hi\u00e9ro Strasbourg"},"image":{"@id":"https:\/\/hierostrasbourg.com\/#\/schema\/logo\/image\/"},"sameAs":["https:\/\/www.facebook.com\/fedehierostrasbourg","https:\/\/x.com\/hierostrasbourg"]}]}},"_links":{"self":[{"href":"https:\/\/hierostrasbourg.com\/index.php\/wp-json\/wp\/v2\/posts\/2661","targetHints":{"allow":["GET"]}}],"collection":[{"href":"https:\/\/hierostrasbourg.com\/index.php\/wp-json\/wp\/v2\/posts"}],"about":[{"href":"https:\/\/hierostrasbourg.com\/index.php\/wp-json\/wp\/v2\/types\/post"}],"replies":[{"embeddable":true,"href":"https:\/\/hierostrasbourg.com\/index.php\/wp-json\/wp\/v2\/comments?post=2661"}],"version-history":[{"count":0,"href":"https:\/\/hierostrasbourg.com\/index.php\/wp-json\/wp\/v2\/posts\/2661\/revisions"}],"wp:attachment":[{"href":"https:\/\/hierostrasbourg.com\/index.php\/wp-json\/wp\/v2\/media?parent=2661"}],"wp:term":[{"taxonomy":"category","embeddable":true,"href":"https:\/\/hierostrasbourg.com\/index.php\/wp-json\/wp\/v2\/categories?post=2661"},{"taxonomy":"post_tag","embeddable":true,"href":"https:\/\/hierostrasbourg.com\/index.php\/wp-json\/wp\/v2\/tags?post=2661"}],"curies":[{"name":"wp","href":"https:\/\/api.w.org\/{rel}","templated":true}]}}