{"id":2659,"date":"2022-05-24T10:33:06","date_gmt":"2022-05-24T08:33:06","guid":{"rendered":"https:\/\/hierostrasbourg.com\/index.php\/2022\/05\/24\/la-filature-mulhouse-recrute-un-responsable-de-la-communication-f-h-2\/"},"modified":"2022-05-24T10:33:06","modified_gmt":"2022-05-24T08:33:06","slug":"la-filature-mulhouse-recrute-un-responsable-de-la-communication-f-h-2","status":"publish","type":"post","link":"https:\/\/hierostrasbourg.com\/index.php\/2022\/05\/24\/la-filature-mulhouse-recrute-un-responsable-de-la-communication-f-h-2\/","title":{"rendered":"LA FILATURE [Mulhouse] recrute un responsable de la communication [F\/H]"},"content":{"rendered":"<p>Lieu culturel majeur du Grand Est, La Filature, Sc\u00e8ne nationale de Mulhouse, d\u00e9veloppe une riche programmation pluridisciplinaire et internationale. Elle accueille \u00e9galement les saisons de l\u2019Orchestre symphonique de Mulhouse, de l\u2019Op\u00e9ra national du Rhin et du Ballet de l\u2019OnR-Centre Chor\u00e9graphique National. Elle anime aussi une galerie d\u2019art contemporain orient\u00e9e vers la photographie.<\/p>\n<h2>Missions<\/h2>\n<p>Plac\u00e9.e sous l\u2019autorit\u00e9 directe de la Secr\u00e9taire g\u00e9n\u00e9rale, elle\/il assume la responsabilit\u00e9 du Service Communication, compos\u00e9 d\u2019un Charg\u00e9 et de deux Attach\u00e9es.<\/p>\n<p>conception et mise en \u0153uvre de la strat\u00e9gie de la communication de la structure ;<br \/>\nd\u00e9veloppement d\u2019outils marketing pour une diffusion cibl\u00e9e de l\u2019information ;<br \/>\nSuivi du budget ;<br \/>\nanimation, coordination et organisation du travail l\u2019\u00e9quipe de communication ;<br \/>\nd\u00e9veloppement d\u2019une strat\u00e9gie media et de partenariats adapt\u00e9s \u00e0 chaque proposition artistique et<br \/>\ninstitutionnelle ;<br \/>\nd\u00e9veloppement de la communication transfrontali\u00e8re ;<br \/>\nrelai des informations programmation aupr\u00e8s des prestataires et partenaires ext\u00e9rieurs (graphistes, d\u00e9veloppeurs web, community manager, annonceurs, imprimeurs, diffuseurs, m\u00e9dias et structures partenaires) et en interne.<\/p>\n<p>La\/le responsable de la communication participe aux r\u00e9unions de coordination et, par roulement, aux<br \/>\npermanences les soirs et week-ends de repr\u00e9sentation.<\/p>\n<h2>Profil et comp\u00e9tences<\/h2>\n<p>formation sup\u00e9rieure<br \/>\nbonne connaissance du spectacle vivant et des arts visuels ;<br \/>\nqualit\u00e9s relationnelles et r\u00e9dactionnelles, capacit\u00e9 d\u2019adaptation,<br \/>\nma\u00eetrise des strat\u00e9gies de communication sur les r\u00e9seaux sociaux<br \/>\ngo\u00fbt pour le travail en \u00e9quipe ;<br \/>\ncapacit\u00e9s d\u2019organisation, rigueur, dynamisme, autonomie ;<br \/>\ndisponibilit\u00e9 en soir\u00e9e et week-end ;<br \/>\nma\u00eetrise des outils traditionnels de bureautique (Excel, Word) et de l\u2019univers web, r\u00e9seaux sociaux et sites<br \/>\ninternet, des outils de CRM connaissance du logiciel Sirius est un plus ;<br \/>\npermis B indispensable.<\/p>\n<h2>Exp\u00e9rience recherch\u00e9e<\/h2>\n<p>Exp\u00e9rience \u00e0 un poste similaire.<\/p>\n<p>Date de prise de fonction : Septembre 2022<br \/>\nDate limite de candidature : 30\/06\/2022<br \/>\nR\u00e9mun\u00e9ration: Groupe 4 de la Convention collective nationale des entreprises artistiques et culturelles<\/p>\n<p>LA FILATURE<br \/>\n20 All\u00e9e Nathan Katz<br \/>\n68100 Mulhouse<\/p>\n<p><a href=\"http:\/\/www.lafilature.org\/\">www.lafilature.org<\/a><\/p>\n<p>L\u2019article <a href=\"https:\/\/popburo.fr\/la-filature-mulhouse-recrute-un-responsable-de-la-communication-f-h\/\">LA FILATURE [Mulhouse] recrute un responsable de la communication [F\/H]<\/a> est apparu en premier sur <a href=\"https:\/\/popburo.fr\/\">POP B\u00dcRO<\/a>.<\/p>\n","protected":false},"excerpt":{"rendered":"<p>Lieu culturel majeur du Grand Est, La Filature, Sc\u00e8ne nationale de Mulhouse, d\u00e9veloppe une riche programmation pluridisciplinaire et internationale. Elle accueille \u00e9galement les saisons de l\u2019Orchestre symphonique de Mulhouse, de l\u2019Op\u00e9ra national du Rhin et du Ballet de l\u2019OnR-Centre Chor\u00e9graphique National. Elle anime aussi une galerie d\u2019art contemporain orient\u00e9e vers la photographie. Missions Plac\u00e9.e sous l\u2019autorit\u00e9 directe de la Secr\u00e9taire g\u00e9n\u00e9rale, elle\/il assume la responsabilit\u00e9 du Service Communication, compos\u00e9 d\u2019un Charg\u00e9 et de deux Attach\u00e9es. conception et mise en \u0153uvre [&hellip;]<\/p>\n","protected":false},"author":0,"featured_media":0,"comment_status":"closed","ping_status":"open","sticky":false,"template":"","format":"standard","meta":{"footnotes":""},"categories":[1],"tags":[],"class_list":["post-2659","post","type-post","status-publish","format-standard","hentry","category-non-classe"],"yoast_head":"<!-- This site is optimized with the Yoast SEO plugin v27.4 - https:\/\/yoast.com\/product\/yoast-seo-wordpress\/ -->\n<title>LA FILATURE [Mulhouse] recrute un responsable de la communication [F\/H] - HIERO STRASBOURG<\/title>\n<meta name=\"robots\" content=\"index, follow, max-snippet:-1, max-image-preview:large, max-video-preview:-1\" \/>\n<link rel=\"canonical\" href=\"https:\/\/hierostrasbourg.com\/index.php\/2022\/05\/24\/la-filature-mulhouse-recrute-un-responsable-de-la-communication-f-h-2\/\" \/>\n<meta property=\"og:locale\" content=\"fr_FR\" \/>\n<meta property=\"og:type\" content=\"article\" \/>\n<meta property=\"og:title\" content=\"LA FILATURE [Mulhouse] recrute un responsable de la communication [F\/H] - HIERO STRASBOURG\" \/>\n<meta property=\"og:description\" content=\"Lieu culturel majeur du Grand Est, La Filature, Sc\u00e8ne nationale de Mulhouse, d\u00e9veloppe une riche programmation pluridisciplinaire et internationale. Elle accueille \u00e9galement les saisons de l\u2019Orchestre symphonique de Mulhouse, de l\u2019Op\u00e9ra national du Rhin et du Ballet de l\u2019OnR-Centre Chor\u00e9graphique National. Elle anime aussi une galerie d\u2019art contemporain orient\u00e9e vers la photographie. Missions Plac\u00e9.e sous l\u2019autorit\u00e9 directe de la Secr\u00e9taire g\u00e9n\u00e9rale, elle\/il assume la responsabilit\u00e9 du Service Communication, compos\u00e9 d\u2019un Charg\u00e9 et de deux Attach\u00e9es. conception et mise en \u0153uvre [&hellip;]\" \/>\n<meta property=\"og:url\" content=\"https:\/\/hierostrasbourg.com\/index.php\/2022\/05\/24\/la-filature-mulhouse-recrute-un-responsable-de-la-communication-f-h-2\/\" \/>\n<meta property=\"og:site_name\" content=\"HIERO STRASBOURG\" \/>\n<meta property=\"article:publisher\" content=\"https:\/\/www.facebook.com\/fedehierostrasbourg\" \/>\n<meta property=\"article:published_time\" content=\"2022-05-24T08:33:06+00:00\" \/>\n<meta name=\"twitter:card\" content=\"summary_large_image\" \/>\n<meta name=\"twitter:creator\" content=\"@hierostrasbourg\" \/>\n<meta name=\"twitter:site\" content=\"@hierostrasbourg\" \/>\n<meta name=\"twitter:label1\" content=\"Dur\u00e9e de lecture estim\u00e9e\" \/>\n\t<meta name=\"twitter:data1\" content=\"2 minutes\" \/>\n<script type=\"application\/ld+json\" class=\"yoast-schema-graph\">{\"@context\":\"https:\\\/\\\/schema.org\",\"@graph\":[{\"@type\":\"Article\",\"@id\":\"https:\\\/\\\/hierostrasbourg.com\\\/index.php\\\/2022\\\/05\\\/24\\\/la-filature-mulhouse-recrute-un-responsable-de-la-communication-f-h-2\\\/#article\",\"isPartOf\":{\"@id\":\"https:\\\/\\\/hierostrasbourg.com\\\/index.php\\\/2022\\\/05\\\/24\\\/la-filature-mulhouse-recrute-un-responsable-de-la-communication-f-h-2\\\/\"},\"author\":{\"name\":\"\",\"@id\":\"\"},\"headline\":\"LA FILATURE [Mulhouse] recrute un responsable de la communication [F\\\/H]\",\"datePublished\":\"2022-05-24T08:33:06+00:00\",\"mainEntityOfPage\":{\"@id\":\"https:\\\/\\\/hierostrasbourg.com\\\/index.php\\\/2022\\\/05\\\/24\\\/la-filature-mulhouse-recrute-un-responsable-de-la-communication-f-h-2\\\/\"},\"wordCount\":376,\"publisher\":{\"@id\":\"https:\\\/\\\/hierostrasbourg.com\\\/#organization\"},\"inLanguage\":\"fr-FR\"},{\"@type\":\"WebPage\",\"@id\":\"https:\\\/\\\/hierostrasbourg.com\\\/index.php\\\/2022\\\/05\\\/24\\\/la-filature-mulhouse-recrute-un-responsable-de-la-communication-f-h-2\\\/\",\"url\":\"https:\\\/\\\/hierostrasbourg.com\\\/index.php\\\/2022\\\/05\\\/24\\\/la-filature-mulhouse-recrute-un-responsable-de-la-communication-f-h-2\\\/\",\"name\":\"LA FILATURE [Mulhouse] recrute un responsable de la communication [F\\\/H] - HIERO STRASBOURG\",\"isPartOf\":{\"@id\":\"https:\\\/\\\/hierostrasbourg.com\\\/#website\"},\"datePublished\":\"2022-05-24T08:33:06+00:00\",\"breadcrumb\":{\"@id\":\"https:\\\/\\\/hierostrasbourg.com\\\/index.php\\\/2022\\\/05\\\/24\\\/la-filature-mulhouse-recrute-un-responsable-de-la-communication-f-h-2\\\/#breadcrumb\"},\"inLanguage\":\"fr-FR\",\"potentialAction\":[{\"@type\":\"ReadAction\",\"target\":[\"https:\\\/\\\/hierostrasbourg.com\\\/index.php\\\/2022\\\/05\\\/24\\\/la-filature-mulhouse-recrute-un-responsable-de-la-communication-f-h-2\\\/\"]}]},{\"@type\":\"BreadcrumbList\",\"@id\":\"https:\\\/\\\/hierostrasbourg.com\\\/index.php\\\/2022\\\/05\\\/24\\\/la-filature-mulhouse-recrute-un-responsable-de-la-communication-f-h-2\\\/#breadcrumb\",\"itemListElement\":[{\"@type\":\"ListItem\",\"position\":1,\"name\":\"Accueil\",\"item\":\"https:\\\/\\\/hierostrasbourg.com\\\/\"},{\"@type\":\"ListItem\",\"position\":2,\"name\":\"LA FILATURE [Mulhouse] recrute un responsable de la communication [F\\\/H]\"}]},{\"@type\":\"WebSite\",\"@id\":\"https:\\\/\\\/hierostrasbourg.com\\\/#website\",\"url\":\"https:\\\/\\\/hierostrasbourg.com\\\/\",\"name\":\"HIERO STRASBOURG\",\"description\":\"Centre de Ressources Musiques Actuelles\",\"publisher\":{\"@id\":\"https:\\\/\\\/hierostrasbourg.com\\\/#organization\"},\"potentialAction\":[{\"@type\":\"SearchAction\",\"target\":{\"@type\":\"EntryPoint\",\"urlTemplate\":\"https:\\\/\\\/hierostrasbourg.com\\\/?s={search_term_string}\"},\"query-input\":{\"@type\":\"PropertyValueSpecification\",\"valueRequired\":true,\"valueName\":\"search_term_string\"}}],\"inLanguage\":\"fr-FR\"},{\"@type\":\"Organization\",\"@id\":\"https:\\\/\\\/hierostrasbourg.com\\\/#organization\",\"name\":\"F\u00e9d\u00e9ration Hi\u00e9ro Strasbourg\",\"url\":\"https:\\\/\\\/hierostrasbourg.com\\\/\",\"logo\":{\"@type\":\"ImageObject\",\"inLanguage\":\"fr-FR\",\"@id\":\"https:\\\/\\\/hierostrasbourg.com\\\/#\\\/schema\\\/logo\\\/image\\\/\",\"url\":\"https:\\\/\\\/hierostrasbourg.com\\\/wp-content\\\/uploads\\\/2026\\\/04\\\/logo-hiero-strasbourg.jpg\",\"contentUrl\":\"https:\\\/\\\/hierostrasbourg.com\\\/wp-content\\\/uploads\\\/2026\\\/04\\\/logo-hiero-strasbourg.jpg\",\"width\":204,\"height\":192,\"caption\":\"F\u00e9d\u00e9ration Hi\u00e9ro Strasbourg\"},\"image\":{\"@id\":\"https:\\\/\\\/hierostrasbourg.com\\\/#\\\/schema\\\/logo\\\/image\\\/\"},\"sameAs\":[\"https:\\\/\\\/www.facebook.com\\\/fedehierostrasbourg\",\"https:\\\/\\\/x.com\\\/hierostrasbourg\"]}]}<\/script>\n<!-- \/ Yoast SEO plugin. -->","yoast_head_json":{"title":"LA FILATURE [Mulhouse] recrute un responsable de la communication [F\/H] - HIERO STRASBOURG","robots":{"index":"index","follow":"follow","max-snippet":"max-snippet:-1","max-image-preview":"max-image-preview:large","max-video-preview":"max-video-preview:-1"},"canonical":"https:\/\/hierostrasbourg.com\/index.php\/2022\/05\/24\/la-filature-mulhouse-recrute-un-responsable-de-la-communication-f-h-2\/","og_locale":"fr_FR","og_type":"article","og_title":"LA FILATURE [Mulhouse] recrute un responsable de la communication [F\/H] - HIERO STRASBOURG","og_description":"Lieu culturel majeur du Grand Est, La Filature, Sc\u00e8ne nationale de Mulhouse, d\u00e9veloppe une riche programmation pluridisciplinaire et internationale. Elle accueille \u00e9galement les saisons de l\u2019Orchestre symphonique de Mulhouse, de l\u2019Op\u00e9ra national du Rhin et du Ballet de l\u2019OnR-Centre Chor\u00e9graphique National. Elle anime aussi une galerie d\u2019art contemporain orient\u00e9e vers la photographie. Missions Plac\u00e9.e sous l\u2019autorit\u00e9 directe de la Secr\u00e9taire g\u00e9n\u00e9rale, elle\/il assume la responsabilit\u00e9 du Service Communication, compos\u00e9 d\u2019un Charg\u00e9 et de deux Attach\u00e9es. conception et mise en \u0153uvre [&hellip;]","og_url":"https:\/\/hierostrasbourg.com\/index.php\/2022\/05\/24\/la-filature-mulhouse-recrute-un-responsable-de-la-communication-f-h-2\/","og_site_name":"HIERO STRASBOURG","article_publisher":"https:\/\/www.facebook.com\/fedehierostrasbourg","article_published_time":"2022-05-24T08:33:06+00:00","twitter_card":"summary_large_image","twitter_creator":"@hierostrasbourg","twitter_site":"@hierostrasbourg","twitter_misc":{"Dur\u00e9e de lecture estim\u00e9e":"2 minutes"},"schema":{"@context":"https:\/\/schema.org","@graph":[{"@type":"Article","@id":"https:\/\/hierostrasbourg.com\/index.php\/2022\/05\/24\/la-filature-mulhouse-recrute-un-responsable-de-la-communication-f-h-2\/#article","isPartOf":{"@id":"https:\/\/hierostrasbourg.com\/index.php\/2022\/05\/24\/la-filature-mulhouse-recrute-un-responsable-de-la-communication-f-h-2\/"},"author":{"name":"","@id":""},"headline":"LA FILATURE [Mulhouse] recrute un responsable de la communication [F\/H]","datePublished":"2022-05-24T08:33:06+00:00","mainEntityOfPage":{"@id":"https:\/\/hierostrasbourg.com\/index.php\/2022\/05\/24\/la-filature-mulhouse-recrute-un-responsable-de-la-communication-f-h-2\/"},"wordCount":376,"publisher":{"@id":"https:\/\/hierostrasbourg.com\/#organization"},"inLanguage":"fr-FR"},{"@type":"WebPage","@id":"https:\/\/hierostrasbourg.com\/index.php\/2022\/05\/24\/la-filature-mulhouse-recrute-un-responsable-de-la-communication-f-h-2\/","url":"https:\/\/hierostrasbourg.com\/index.php\/2022\/05\/24\/la-filature-mulhouse-recrute-un-responsable-de-la-communication-f-h-2\/","name":"LA FILATURE [Mulhouse] recrute un responsable de la communication [F\/H] - HIERO STRASBOURG","isPartOf":{"@id":"https:\/\/hierostrasbourg.com\/#website"},"datePublished":"2022-05-24T08:33:06+00:00","breadcrumb":{"@id":"https:\/\/hierostrasbourg.com\/index.php\/2022\/05\/24\/la-filature-mulhouse-recrute-un-responsable-de-la-communication-f-h-2\/#breadcrumb"},"inLanguage":"fr-FR","potentialAction":[{"@type":"ReadAction","target":["https:\/\/hierostrasbourg.com\/index.php\/2022\/05\/24\/la-filature-mulhouse-recrute-un-responsable-de-la-communication-f-h-2\/"]}]},{"@type":"BreadcrumbList","@id":"https:\/\/hierostrasbourg.com\/index.php\/2022\/05\/24\/la-filature-mulhouse-recrute-un-responsable-de-la-communication-f-h-2\/#breadcrumb","itemListElement":[{"@type":"ListItem","position":1,"name":"Accueil","item":"https:\/\/hierostrasbourg.com\/"},{"@type":"ListItem","position":2,"name":"LA FILATURE [Mulhouse] recrute un responsable de la communication [F\/H]"}]},{"@type":"WebSite","@id":"https:\/\/hierostrasbourg.com\/#website","url":"https:\/\/hierostrasbourg.com\/","name":"HIERO STRASBOURG","description":"Centre de Ressources Musiques Actuelles","publisher":{"@id":"https:\/\/hierostrasbourg.com\/#organization"},"potentialAction":[{"@type":"SearchAction","target":{"@type":"EntryPoint","urlTemplate":"https:\/\/hierostrasbourg.com\/?s={search_term_string}"},"query-input":{"@type":"PropertyValueSpecification","valueRequired":true,"valueName":"search_term_string"}}],"inLanguage":"fr-FR"},{"@type":"Organization","@id":"https:\/\/hierostrasbourg.com\/#organization","name":"F\u00e9d\u00e9ration Hi\u00e9ro Strasbourg","url":"https:\/\/hierostrasbourg.com\/","logo":{"@type":"ImageObject","inLanguage":"fr-FR","@id":"https:\/\/hierostrasbourg.com\/#\/schema\/logo\/image\/","url":"https:\/\/hierostrasbourg.com\/wp-content\/uploads\/2026\/04\/logo-hiero-strasbourg.jpg","contentUrl":"https:\/\/hierostrasbourg.com\/wp-content\/uploads\/2026\/04\/logo-hiero-strasbourg.jpg","width":204,"height":192,"caption":"F\u00e9d\u00e9ration Hi\u00e9ro Strasbourg"},"image":{"@id":"https:\/\/hierostrasbourg.com\/#\/schema\/logo\/image\/"},"sameAs":["https:\/\/www.facebook.com\/fedehierostrasbourg","https:\/\/x.com\/hierostrasbourg"]}]}},"_links":{"self":[{"href":"https:\/\/hierostrasbourg.com\/index.php\/wp-json\/wp\/v2\/posts\/2659","targetHints":{"allow":["GET"]}}],"collection":[{"href":"https:\/\/hierostrasbourg.com\/index.php\/wp-json\/wp\/v2\/posts"}],"about":[{"href":"https:\/\/hierostrasbourg.com\/index.php\/wp-json\/wp\/v2\/types\/post"}],"replies":[{"embeddable":true,"href":"https:\/\/hierostrasbourg.com\/index.php\/wp-json\/wp\/v2\/comments?post=2659"}],"version-history":[{"count":0,"href":"https:\/\/hierostrasbourg.com\/index.php\/wp-json\/wp\/v2\/posts\/2659\/revisions"}],"wp:attachment":[{"href":"https:\/\/hierostrasbourg.com\/index.php\/wp-json\/wp\/v2\/media?parent=2659"}],"wp:term":[{"taxonomy":"category","embeddable":true,"href":"https:\/\/hierostrasbourg.com\/index.php\/wp-json\/wp\/v2\/categories?post=2659"},{"taxonomy":"post_tag","embeddable":true,"href":"https:\/\/hierostrasbourg.com\/index.php\/wp-json\/wp\/v2\/tags?post=2659"}],"curies":[{"name":"wp","href":"https:\/\/api.w.org\/{rel}","templated":true}]}}