{"id":2597,"date":"2022-05-18T16:33:34","date_gmt":"2022-05-18T14:33:34","guid":{"rendered":"https:\/\/hierostrasbourg.com\/index.php\/2022\/05\/18\/la-maison-des-arts-de-lingolsheim-recrute-un-attache-dadministration-f-h\/"},"modified":"2022-05-18T16:33:34","modified_gmt":"2022-05-18T14:33:34","slug":"la-maison-des-arts-de-lingolsheim-recrute-un-attache-dadministration-f-h","status":"publish","type":"post","link":"https:\/\/hierostrasbourg.com\/index.php\/2022\/05\/18\/la-maison-des-arts-de-lingolsheim-recrute-un-attache-dadministration-f-h\/","title":{"rendered":"LA MAISON DES ARTS DE LINGOLSHEIM recrute un attach\u00e9 d\u2019administration [F\/H]"},"content":{"rendered":"<p>Apr\u00e8s avoir \u00e9t\u00e9 initialement une r\u00e9gie directe de la ville d\u2019Illkirch, la SPL L\u2019illiade a \u00e9t\u00e9 cr\u00e9\u00e9e en 2014. Elle est situ\u00e9e \u00e0 Illkirch-Graffenstaden, 4\u00e8me commune du Bas-Rhin, limitrophe de Strasbourg, situ\u00e9e dans la r\u00e9gion Grand Est. Organe central de la vie culturelle des communes d\u2019Illkirch-Graffenstaden et de Lingolsheim, elle est cr\u00e9atrice de lien social, \u00e9ducatif et culturel, et c\u2019est aussi un lieu de vie, de rencontre et d\u2019animation culturelle pour ses habitants.<\/p>\n<p>Elle regroupe\u00a0:<\/p>\n<p>L\u2019illiade, centre culturel de spectacle vivant pluridisciplinaire, situ\u00e9e \u00e0 Illkirch-Graffenstaden,<br \/>\nLa Villa, centre d\u2019enseignement et de pratique artistique, \u00e9galement situ\u00e9e \u00e0 Illkirch-Graffenstaden,<br \/>\nLa Maison des Arts, situ\u00e9e \u00e0 Lingolsheim, \u00e9cole d\u2019enseignement et de pratique artistique et lieu de programmation jeune public.<\/p>\n<p>La Maison des Arts de Lingolsheim, d\u00e9di\u00e9e \u00e0 la pratique artistique amateure, a rejoint la SPL en septembre 2018, et b\u00e9n\u00e9ficie d\u2019un espace de 1900 m\u00b2, qui accueille 450 \u00e9l\u00e8ves par an. Elle comprend 3 salles de pratiques collectives acoustiques, 6 studios de musique pour les cours individuels, 2 salles d\u00e9di\u00e9es aux musiques actuelles, 1 studio d\u2019enregistrement, 1 salle de r\u00e9p\u00e9tition pour l\u2019harmonie municipale, 1 plateau de danse, et 1 salle d\u2019arts plastiques.<\/p>\n<p>Un auditorium de 200 m 2 avec un gradin modulable de 144 places accueille \u00e9galement une programmation jeune public et des r\u00e9sidences de cr\u00e9ation chaque saison, autour desquelles s\u2019articule un travail de m\u00e9diation.<\/p>\n<h2>Missions<\/h2>\n<p>Au sein de la Maison des Arts, sous la responsabilit\u00e9 de la Direction, l\u2019attach\u00e9(e) d\u2019administration assumera les missions suivantes :<\/p>\n<p><strong>Suivi et mise en \u0153uvre de la saison culturelle :<\/strong><\/p>\n<p>\u00a0Suivi logistique et administratif de la saison culturelle<br \/>\nAccueil des artistes et du public<br \/>\nSuivi billetterie et mise en place de l\u2019interface en ligne pour chaque saison (Digitick)<br \/>\nR\u00e9daction et suivi\u00a0 des conventions, des contrats, du rapport d\u2019activit\u00e9<\/p>\n<p><strong>Organisation et suivi de projets d\u2019action culturelle ou de partenariats :<\/strong><\/p>\n<p>Suivi et mise en \u0153uvre des projets li\u00e9s aux pratiques amateurs au sein des \u00e9coles<br \/>\nOrganiser et mettre en \u0153uvre le projet de p\u00e9pini\u00e8re et le parcours instrumental<br \/>\nD\u00e9velopper des actions de d\u00e9couverte de nouvelles pratiques artistiques (stages, ateliers parents-enfants etc)<\/p>\n<p><strong>Communication <\/strong><\/p>\n<p>Animation et mise \u00e0 jour des r\u00e9seaux sociaux\/ site internet\/ newsletter<br \/>\nSuivi et mise \u00e0 jour des supports de communication (plaquette annuelle, flyers, insertions publicitaires<br \/>\nContact avec les graphistes, imprimeurs, diffuseurs, afficheurs, presse\u2026\u2026<\/p>\n<h2>Profil recherch\u00e9<\/h2>\n<p>Formation et exp\u00e9rience dans les m\u00e9tiers culturels et\/ou artistiques<br \/>\nPermis B souhait\u00e9<br \/>\nPoss\u00e9der des connaissances des logiciels Indesign et Photoshop<br \/>\nPoss\u00e9der des qualit\u00e9s organisationnelles (ordre, esprit de synth\u00e8se, capacit\u00e9s d\u2019adaptation et d\u2019autonomie)<br \/>\nPoss\u00e9der des qualit\u00e9s relationnelles et le go\u00fbt du travail en \u00e9quipe<br \/>\nEtre force de proposition et d\u2019initiatives<\/p>\n<p>Convention collective nationale des entreprises artistiques et culturelles \u2013 groupe 6<br \/>\nDate limite de candidature : 3 juin 2022<br \/>\nCandidature \u00e0 faire parvenir \u00e0 l\u2019adresse mail : rh@illiade.com<\/p>\n<p>L\u2019article <a href=\"https:\/\/popburo.fr\/la-maison-des-arts-de-lingolsheim-recrute-un-attache-dadministration-f-h\/\">LA MAISON DES ARTS DE LINGOLSHEIM recrute un attach\u00e9 d\u2019administration [F\/H]<\/a> est apparu en premier sur <a href=\"https:\/\/popburo.fr\/\">POP B\u00dcRO<\/a>.<\/p>\n","protected":false},"excerpt":{"rendered":"<p>Apr\u00e8s avoir \u00e9t\u00e9 initialement une r\u00e9gie directe de la ville d\u2019Illkirch, la SPL L\u2019illiade a \u00e9t\u00e9 cr\u00e9\u00e9e en 2014. Elle est situ\u00e9e \u00e0 Illkirch-Graffenstaden, 4\u00e8me commune du Bas-Rhin, limitrophe de Strasbourg, situ\u00e9e dans la r\u00e9gion Grand Est. Organe central de la vie culturelle des communes d\u2019Illkirch-Graffenstaden et de Lingolsheim, elle est cr\u00e9atrice de lien social, \u00e9ducatif et culturel, et c\u2019est aussi un lieu de vie, de rencontre et d\u2019animation culturelle pour ses habitants. Elle regroupe\u00a0: L\u2019illiade, centre culturel de spectacle [&hellip;]<\/p>\n","protected":false},"author":0,"featured_media":0,"comment_status":"closed","ping_status":"open","sticky":false,"template":"","format":"standard","meta":{"footnotes":""},"categories":[1],"tags":[],"class_list":["post-2597","post","type-post","status-publish","format-standard","hentry","category-non-classe"],"yoast_head":"<!-- This site is optimized with the Yoast SEO plugin v27.4 - https:\/\/yoast.com\/product\/yoast-seo-wordpress\/ -->\n<title>LA MAISON DES ARTS DE LINGOLSHEIM recrute un attach\u00e9 d\u2019administration [F\/H] - HIERO STRASBOURG<\/title>\n<meta name=\"robots\" content=\"index, follow, max-snippet:-1, max-image-preview:large, max-video-preview:-1\" \/>\n<link rel=\"canonical\" href=\"https:\/\/hierostrasbourg.com\/index.php\/2022\/05\/18\/la-maison-des-arts-de-lingolsheim-recrute-un-attache-dadministration-f-h\/\" \/>\n<meta property=\"og:locale\" content=\"fr_FR\" \/>\n<meta property=\"og:type\" content=\"article\" \/>\n<meta property=\"og:title\" content=\"LA MAISON DES ARTS DE LINGOLSHEIM recrute un attach\u00e9 d\u2019administration [F\/H] - HIERO STRASBOURG\" \/>\n<meta property=\"og:description\" content=\"Apr\u00e8s avoir \u00e9t\u00e9 initialement une r\u00e9gie directe de la ville d\u2019Illkirch, la SPL L\u2019illiade a \u00e9t\u00e9 cr\u00e9\u00e9e en 2014. Elle est situ\u00e9e \u00e0 Illkirch-Graffenstaden, 4\u00e8me commune du Bas-Rhin, limitrophe de Strasbourg, situ\u00e9e dans la r\u00e9gion Grand Est. Organe central de la vie culturelle des communes d\u2019Illkirch-Graffenstaden et de Lingolsheim, elle est cr\u00e9atrice de lien social, \u00e9ducatif et culturel, et c\u2019est aussi un lieu de vie, de rencontre et d\u2019animation culturelle pour ses habitants. Elle regroupe\u00a0: L\u2019illiade, centre culturel de spectacle [&hellip;]\" \/>\n<meta property=\"og:url\" content=\"https:\/\/hierostrasbourg.com\/index.php\/2022\/05\/18\/la-maison-des-arts-de-lingolsheim-recrute-un-attache-dadministration-f-h\/\" \/>\n<meta property=\"og:site_name\" content=\"HIERO STRASBOURG\" \/>\n<meta property=\"article:publisher\" content=\"https:\/\/www.facebook.com\/fedehierostrasbourg\" \/>\n<meta property=\"article:published_time\" content=\"2022-05-18T14:33:34+00:00\" \/>\n<meta name=\"twitter:card\" content=\"summary_large_image\" \/>\n<meta name=\"twitter:creator\" content=\"@hierostrasbourg\" \/>\n<meta name=\"twitter:site\" content=\"@hierostrasbourg\" \/>\n<meta name=\"twitter:label1\" content=\"Dur\u00e9e de lecture estim\u00e9e\" \/>\n\t<meta name=\"twitter:data1\" content=\"3 minutes\" \/>\n<script type=\"application\/ld+json\" class=\"yoast-schema-graph\">{\"@context\":\"https:\\\/\\\/schema.org\",\"@graph\":[{\"@type\":\"Article\",\"@id\":\"https:\\\/\\\/hierostrasbourg.com\\\/index.php\\\/2022\\\/05\\\/18\\\/la-maison-des-arts-de-lingolsheim-recrute-un-attache-dadministration-f-h\\\/#article\",\"isPartOf\":{\"@id\":\"https:\\\/\\\/hierostrasbourg.com\\\/index.php\\\/2022\\\/05\\\/18\\\/la-maison-des-arts-de-lingolsheim-recrute-un-attache-dadministration-f-h\\\/\"},\"author\":{\"name\":\"\",\"@id\":\"\"},\"headline\":\"LA MAISON DES ARTS DE LINGOLSHEIM recrute un attach\u00e9 d\u2019administration [F\\\/H]\",\"datePublished\":\"2022-05-18T14:33:34+00:00\",\"mainEntityOfPage\":{\"@id\":\"https:\\\/\\\/hierostrasbourg.com\\\/index.php\\\/2022\\\/05\\\/18\\\/la-maison-des-arts-de-lingolsheim-recrute-un-attache-dadministration-f-h\\\/\"},\"wordCount\":525,\"publisher\":{\"@id\":\"https:\\\/\\\/hierostrasbourg.com\\\/#organization\"},\"inLanguage\":\"fr-FR\"},{\"@type\":\"WebPage\",\"@id\":\"https:\\\/\\\/hierostrasbourg.com\\\/index.php\\\/2022\\\/05\\\/18\\\/la-maison-des-arts-de-lingolsheim-recrute-un-attache-dadministration-f-h\\\/\",\"url\":\"https:\\\/\\\/hierostrasbourg.com\\\/index.php\\\/2022\\\/05\\\/18\\\/la-maison-des-arts-de-lingolsheim-recrute-un-attache-dadministration-f-h\\\/\",\"name\":\"LA MAISON DES ARTS DE LINGOLSHEIM recrute un attach\u00e9 d\u2019administration [F\\\/H] - HIERO STRASBOURG\",\"isPartOf\":{\"@id\":\"https:\\\/\\\/hierostrasbourg.com\\\/#website\"},\"datePublished\":\"2022-05-18T14:33:34+00:00\",\"breadcrumb\":{\"@id\":\"https:\\\/\\\/hierostrasbourg.com\\\/index.php\\\/2022\\\/05\\\/18\\\/la-maison-des-arts-de-lingolsheim-recrute-un-attache-dadministration-f-h\\\/#breadcrumb\"},\"inLanguage\":\"fr-FR\",\"potentialAction\":[{\"@type\":\"ReadAction\",\"target\":[\"https:\\\/\\\/hierostrasbourg.com\\\/index.php\\\/2022\\\/05\\\/18\\\/la-maison-des-arts-de-lingolsheim-recrute-un-attache-dadministration-f-h\\\/\"]}]},{\"@type\":\"BreadcrumbList\",\"@id\":\"https:\\\/\\\/hierostrasbourg.com\\\/index.php\\\/2022\\\/05\\\/18\\\/la-maison-des-arts-de-lingolsheim-recrute-un-attache-dadministration-f-h\\\/#breadcrumb\",\"itemListElement\":[{\"@type\":\"ListItem\",\"position\":1,\"name\":\"Accueil\",\"item\":\"https:\\\/\\\/hierostrasbourg.com\\\/\"},{\"@type\":\"ListItem\",\"position\":2,\"name\":\"LA MAISON DES ARTS DE LINGOLSHEIM recrute un attach\u00e9 d\u2019administration [F\\\/H]\"}]},{\"@type\":\"WebSite\",\"@id\":\"https:\\\/\\\/hierostrasbourg.com\\\/#website\",\"url\":\"https:\\\/\\\/hierostrasbourg.com\\\/\",\"name\":\"HIERO STRASBOURG\",\"description\":\"Centre de Ressources Musiques Actuelles\",\"publisher\":{\"@id\":\"https:\\\/\\\/hierostrasbourg.com\\\/#organization\"},\"potentialAction\":[{\"@type\":\"SearchAction\",\"target\":{\"@type\":\"EntryPoint\",\"urlTemplate\":\"https:\\\/\\\/hierostrasbourg.com\\\/?s={search_term_string}\"},\"query-input\":{\"@type\":\"PropertyValueSpecification\",\"valueRequired\":true,\"valueName\":\"search_term_string\"}}],\"inLanguage\":\"fr-FR\"},{\"@type\":\"Organization\",\"@id\":\"https:\\\/\\\/hierostrasbourg.com\\\/#organization\",\"name\":\"F\u00e9d\u00e9ration Hi\u00e9ro Strasbourg\",\"url\":\"https:\\\/\\\/hierostrasbourg.com\\\/\",\"logo\":{\"@type\":\"ImageObject\",\"inLanguage\":\"fr-FR\",\"@id\":\"https:\\\/\\\/hierostrasbourg.com\\\/#\\\/schema\\\/logo\\\/image\\\/\",\"url\":\"https:\\\/\\\/hierostrasbourg.com\\\/wp-content\\\/uploads\\\/2026\\\/04\\\/logo-hiero-strasbourg.jpg\",\"contentUrl\":\"https:\\\/\\\/hierostrasbourg.com\\\/wp-content\\\/uploads\\\/2026\\\/04\\\/logo-hiero-strasbourg.jpg\",\"width\":204,\"height\":192,\"caption\":\"F\u00e9d\u00e9ration Hi\u00e9ro Strasbourg\"},\"image\":{\"@id\":\"https:\\\/\\\/hierostrasbourg.com\\\/#\\\/schema\\\/logo\\\/image\\\/\"},\"sameAs\":[\"https:\\\/\\\/www.facebook.com\\\/fedehierostrasbourg\",\"https:\\\/\\\/x.com\\\/hierostrasbourg\"]}]}<\/script>\n<!-- \/ Yoast SEO plugin. -->","yoast_head_json":{"title":"LA MAISON DES ARTS DE LINGOLSHEIM recrute un attach\u00e9 d\u2019administration [F\/H] - HIERO STRASBOURG","robots":{"index":"index","follow":"follow","max-snippet":"max-snippet:-1","max-image-preview":"max-image-preview:large","max-video-preview":"max-video-preview:-1"},"canonical":"https:\/\/hierostrasbourg.com\/index.php\/2022\/05\/18\/la-maison-des-arts-de-lingolsheim-recrute-un-attache-dadministration-f-h\/","og_locale":"fr_FR","og_type":"article","og_title":"LA MAISON DES ARTS DE LINGOLSHEIM recrute un attach\u00e9 d\u2019administration [F\/H] - HIERO STRASBOURG","og_description":"Apr\u00e8s avoir \u00e9t\u00e9 initialement une r\u00e9gie directe de la ville d\u2019Illkirch, la SPL L\u2019illiade a \u00e9t\u00e9 cr\u00e9\u00e9e en 2014. Elle est situ\u00e9e \u00e0 Illkirch-Graffenstaden, 4\u00e8me commune du Bas-Rhin, limitrophe de Strasbourg, situ\u00e9e dans la r\u00e9gion Grand Est. Organe central de la vie culturelle des communes d\u2019Illkirch-Graffenstaden et de Lingolsheim, elle est cr\u00e9atrice de lien social, \u00e9ducatif et culturel, et c\u2019est aussi un lieu de vie, de rencontre et d\u2019animation culturelle pour ses habitants. Elle regroupe\u00a0: L\u2019illiade, centre culturel de spectacle [&hellip;]","og_url":"https:\/\/hierostrasbourg.com\/index.php\/2022\/05\/18\/la-maison-des-arts-de-lingolsheim-recrute-un-attache-dadministration-f-h\/","og_site_name":"HIERO STRASBOURG","article_publisher":"https:\/\/www.facebook.com\/fedehierostrasbourg","article_published_time":"2022-05-18T14:33:34+00:00","twitter_card":"summary_large_image","twitter_creator":"@hierostrasbourg","twitter_site":"@hierostrasbourg","twitter_misc":{"Dur\u00e9e de lecture estim\u00e9e":"3 minutes"},"schema":{"@context":"https:\/\/schema.org","@graph":[{"@type":"Article","@id":"https:\/\/hierostrasbourg.com\/index.php\/2022\/05\/18\/la-maison-des-arts-de-lingolsheim-recrute-un-attache-dadministration-f-h\/#article","isPartOf":{"@id":"https:\/\/hierostrasbourg.com\/index.php\/2022\/05\/18\/la-maison-des-arts-de-lingolsheim-recrute-un-attache-dadministration-f-h\/"},"author":{"name":"","@id":""},"headline":"LA MAISON DES ARTS DE LINGOLSHEIM recrute un attach\u00e9 d\u2019administration [F\/H]","datePublished":"2022-05-18T14:33:34+00:00","mainEntityOfPage":{"@id":"https:\/\/hierostrasbourg.com\/index.php\/2022\/05\/18\/la-maison-des-arts-de-lingolsheim-recrute-un-attache-dadministration-f-h\/"},"wordCount":525,"publisher":{"@id":"https:\/\/hierostrasbourg.com\/#organization"},"inLanguage":"fr-FR"},{"@type":"WebPage","@id":"https:\/\/hierostrasbourg.com\/index.php\/2022\/05\/18\/la-maison-des-arts-de-lingolsheim-recrute-un-attache-dadministration-f-h\/","url":"https:\/\/hierostrasbourg.com\/index.php\/2022\/05\/18\/la-maison-des-arts-de-lingolsheim-recrute-un-attache-dadministration-f-h\/","name":"LA MAISON DES ARTS DE LINGOLSHEIM recrute un attach\u00e9 d\u2019administration [F\/H] - HIERO STRASBOURG","isPartOf":{"@id":"https:\/\/hierostrasbourg.com\/#website"},"datePublished":"2022-05-18T14:33:34+00:00","breadcrumb":{"@id":"https:\/\/hierostrasbourg.com\/index.php\/2022\/05\/18\/la-maison-des-arts-de-lingolsheim-recrute-un-attache-dadministration-f-h\/#breadcrumb"},"inLanguage":"fr-FR","potentialAction":[{"@type":"ReadAction","target":["https:\/\/hierostrasbourg.com\/index.php\/2022\/05\/18\/la-maison-des-arts-de-lingolsheim-recrute-un-attache-dadministration-f-h\/"]}]},{"@type":"BreadcrumbList","@id":"https:\/\/hierostrasbourg.com\/index.php\/2022\/05\/18\/la-maison-des-arts-de-lingolsheim-recrute-un-attache-dadministration-f-h\/#breadcrumb","itemListElement":[{"@type":"ListItem","position":1,"name":"Accueil","item":"https:\/\/hierostrasbourg.com\/"},{"@type":"ListItem","position":2,"name":"LA MAISON DES ARTS DE LINGOLSHEIM recrute un attach\u00e9 d\u2019administration [F\/H]"}]},{"@type":"WebSite","@id":"https:\/\/hierostrasbourg.com\/#website","url":"https:\/\/hierostrasbourg.com\/","name":"HIERO STRASBOURG","description":"Centre de Ressources Musiques Actuelles","publisher":{"@id":"https:\/\/hierostrasbourg.com\/#organization"},"potentialAction":[{"@type":"SearchAction","target":{"@type":"EntryPoint","urlTemplate":"https:\/\/hierostrasbourg.com\/?s={search_term_string}"},"query-input":{"@type":"PropertyValueSpecification","valueRequired":true,"valueName":"search_term_string"}}],"inLanguage":"fr-FR"},{"@type":"Organization","@id":"https:\/\/hierostrasbourg.com\/#organization","name":"F\u00e9d\u00e9ration Hi\u00e9ro Strasbourg","url":"https:\/\/hierostrasbourg.com\/","logo":{"@type":"ImageObject","inLanguage":"fr-FR","@id":"https:\/\/hierostrasbourg.com\/#\/schema\/logo\/image\/","url":"https:\/\/hierostrasbourg.com\/wp-content\/uploads\/2026\/04\/logo-hiero-strasbourg.jpg","contentUrl":"https:\/\/hierostrasbourg.com\/wp-content\/uploads\/2026\/04\/logo-hiero-strasbourg.jpg","width":204,"height":192,"caption":"F\u00e9d\u00e9ration Hi\u00e9ro Strasbourg"},"image":{"@id":"https:\/\/hierostrasbourg.com\/#\/schema\/logo\/image\/"},"sameAs":["https:\/\/www.facebook.com\/fedehierostrasbourg","https:\/\/x.com\/hierostrasbourg"]}]}},"_links":{"self":[{"href":"https:\/\/hierostrasbourg.com\/index.php\/wp-json\/wp\/v2\/posts\/2597","targetHints":{"allow":["GET"]}}],"collection":[{"href":"https:\/\/hierostrasbourg.com\/index.php\/wp-json\/wp\/v2\/posts"}],"about":[{"href":"https:\/\/hierostrasbourg.com\/index.php\/wp-json\/wp\/v2\/types\/post"}],"replies":[{"embeddable":true,"href":"https:\/\/hierostrasbourg.com\/index.php\/wp-json\/wp\/v2\/comments?post=2597"}],"version-history":[{"count":0,"href":"https:\/\/hierostrasbourg.com\/index.php\/wp-json\/wp\/v2\/posts\/2597\/revisions"}],"wp:attachment":[{"href":"https:\/\/hierostrasbourg.com\/index.php\/wp-json\/wp\/v2\/media?parent=2597"}],"wp:term":[{"taxonomy":"category","embeddable":true,"href":"https:\/\/hierostrasbourg.com\/index.php\/wp-json\/wp\/v2\/categories?post=2597"},{"taxonomy":"post_tag","embeddable":true,"href":"https:\/\/hierostrasbourg.com\/index.php\/wp-json\/wp\/v2\/tags?post=2597"}],"curies":[{"name":"wp","href":"https:\/\/api.w.org\/{rel}","templated":true}]}}