{"id":2586,"date":"2022-05-16T22:31:20","date_gmt":"2022-05-16T20:31:20","guid":{"rendered":"https:\/\/hierostrasbourg.com\/index.php\/2022\/05\/16\/atlas-culture-des-territoires-portrait-cultuel-de-la-region-grand-est\/"},"modified":"2022-05-16T22:31:20","modified_gmt":"2022-05-16T20:31:20","slug":"atlas-culture-des-territoires-portrait-cultuel-de-la-region-grand-est","status":"publish","type":"post","link":"https:\/\/hierostrasbourg.com\/index.php\/2022\/05\/16\/atlas-culture-des-territoires-portrait-cultuel-de-la-region-grand-est\/","title":{"rendered":"Atlas \u201cCulture des territoires\u201d  : portrait cultuel de la R\u00e9gion Grand Est"},"content":{"rendered":"<p><em>Issue de la fusion de trois anciennes r\u00e9gions, Alsace, Champagne-Ardenne et Lorraine, la r\u00e9gion Grand-Est repr\u00e9sente d\u00e9sormais un territoire d\u2019une superficie de 57\u00a0440\u00a0km2, soit la cinqui\u00e8me r\u00e9gion fran\u00e7aise de ce point de vue. Avec 5,6\u00a0millions d\u2019habitants, elle est la sixi\u00e8me r\u00e9gion fran\u00e7aise la plus peupl\u00e9e et la septi\u00e8me en termes de richesse avec un PIB de 161 milliards d\u2019euros. La r\u00e9gion r\u00e9unit d\u00e9sormais dix d\u00e9partements\u00a0: les Ardennes, l\u2019Aube, la Marne et la Haute-Marne, la Meurthe-et-Moselle, la Moselle, la Meuse et les Vosges\u00a0; la collectivit\u00e9 europ\u00e9enne d\u2019Alsace est une collectivit\u00e9 territoriale fran\u00e7aise qui r\u00e9unit le Haut-Rhin et le Bas-Rhin depuis le 1er janvier 2021. Elle compte 5\u00a0121 communes, 149\u00a0intercommunalit\u00e9s et trois m\u00e9tropoles, Strasbourg, Metz et Nancy.<\/em><\/p>\n<p>Source \/ Lire la suite : <a href=\"https:\/\/atlasculture.fr\/fiches-regions\/6\">Atlas \u201cCulture des territoires\u201d : portrait cultuel de la R\u00e9gion Grand Est<\/a><\/p>\n<p>L\u2019article <a href=\"https:\/\/popburo.fr\/atlas-culture-des-territoires-portrait-cultuel-de-la-region-grand-est\/\">Atlas \u201cCulture des territoires\u201d  : portrait cultuel de la R\u00e9gion Grand Est<\/a> est apparu en premier sur <a href=\"https:\/\/popburo.fr\/\">POP B\u00dcRO<\/a>.<\/p>\n","protected":false},"excerpt":{"rendered":"<p>Issue de la fusion de trois anciennes r\u00e9gions, Alsace, Champagne-Ardenne et Lorraine, la r\u00e9gion Grand-Est repr\u00e9sente d\u00e9sormais un territoire d\u2019une superficie de 57\u00a0440\u00a0km2, soit la cinqui\u00e8me r\u00e9gion fran\u00e7aise de ce point de vue. Avec 5,6\u00a0millions d\u2019habitants, elle est la sixi\u00e8me r\u00e9gion fran\u00e7aise la plus peupl\u00e9e et la septi\u00e8me en termes de richesse avec un PIB de 161 milliards d\u2019euros. La r\u00e9gion r\u00e9unit d\u00e9sormais dix d\u00e9partements\u00a0: les Ardennes, l\u2019Aube, la Marne et la Haute-Marne, la Meurthe-et-Moselle, la Moselle, la Meuse et [&hellip;]<\/p>\n","protected":false},"author":0,"featured_media":0,"comment_status":"closed","ping_status":"open","sticky":false,"template":"","format":"standard","meta":{"footnotes":""},"categories":[1],"tags":[],"class_list":["post-2586","post","type-post","status-publish","format-standard","hentry","category-non-classe"],"yoast_head":"<!-- This site is optimized with the Yoast SEO plugin v27.4 - https:\/\/yoast.com\/product\/yoast-seo-wordpress\/ -->\n<title>Atlas \u201cCulture des territoires\u201d : portrait cultuel de la R\u00e9gion Grand Est - HIERO STRASBOURG<\/title>\n<meta name=\"robots\" content=\"index, follow, max-snippet:-1, max-image-preview:large, max-video-preview:-1\" \/>\n<link rel=\"canonical\" href=\"https:\/\/hierostrasbourg.com\/index.php\/2022\/05\/16\/atlas-culture-des-territoires-portrait-cultuel-de-la-region-grand-est\/\" \/>\n<meta property=\"og:locale\" content=\"fr_FR\" \/>\n<meta property=\"og:type\" content=\"article\" \/>\n<meta property=\"og:title\" content=\"Atlas \u201cCulture des territoires\u201d : portrait cultuel de la R\u00e9gion Grand Est - HIERO STRASBOURG\" \/>\n<meta property=\"og:description\" content=\"Issue de la fusion de trois anciennes r\u00e9gions, Alsace, Champagne-Ardenne et Lorraine, la r\u00e9gion Grand-Est repr\u00e9sente d\u00e9sormais un territoire d\u2019une superficie de 57\u00a0440\u00a0km2, soit la cinqui\u00e8me r\u00e9gion fran\u00e7aise de ce point de vue. Avec 5,6\u00a0millions d\u2019habitants, elle est la sixi\u00e8me r\u00e9gion fran\u00e7aise la plus peupl\u00e9e et la septi\u00e8me en termes de richesse avec un PIB de 161 milliards d\u2019euros. La r\u00e9gion r\u00e9unit d\u00e9sormais dix d\u00e9partements\u00a0: les Ardennes, l\u2019Aube, la Marne et la Haute-Marne, la Meurthe-et-Moselle, la Moselle, la Meuse et [&hellip;]\" \/>\n<meta property=\"og:url\" content=\"https:\/\/hierostrasbourg.com\/index.php\/2022\/05\/16\/atlas-culture-des-territoires-portrait-cultuel-de-la-region-grand-est\/\" \/>\n<meta property=\"og:site_name\" content=\"HIERO STRASBOURG\" \/>\n<meta property=\"article:publisher\" content=\"https:\/\/www.facebook.com\/fedehierostrasbourg\" \/>\n<meta property=\"article:published_time\" content=\"2022-05-16T20:31:20+00:00\" \/>\n<meta name=\"twitter:card\" content=\"summary_large_image\" \/>\n<meta name=\"twitter:creator\" content=\"@hierostrasbourg\" \/>\n<meta name=\"twitter:site\" content=\"@hierostrasbourg\" \/>\n<meta name=\"twitter:label1\" content=\"Dur\u00e9e de lecture estim\u00e9e\" \/>\n\t<meta name=\"twitter:data1\" content=\"1 minute\" \/>\n<script type=\"application\/ld+json\" class=\"yoast-schema-graph\">{\"@context\":\"https:\\\/\\\/schema.org\",\"@graph\":[{\"@type\":\"Article\",\"@id\":\"https:\\\/\\\/hierostrasbourg.com\\\/index.php\\\/2022\\\/05\\\/16\\\/atlas-culture-des-territoires-portrait-cultuel-de-la-region-grand-est\\\/#article\",\"isPartOf\":{\"@id\":\"https:\\\/\\\/hierostrasbourg.com\\\/index.php\\\/2022\\\/05\\\/16\\\/atlas-culture-des-territoires-portrait-cultuel-de-la-region-grand-est\\\/\"},\"author\":{\"name\":\"\",\"@id\":\"\"},\"headline\":\"Atlas \u201cCulture des territoires\u201d : portrait cultuel de la R\u00e9gion Grand Est\",\"datePublished\":\"2022-05-16T20:31:20+00:00\",\"mainEntityOfPage\":{\"@id\":\"https:\\\/\\\/hierostrasbourg.com\\\/index.php\\\/2022\\\/05\\\/16\\\/atlas-culture-des-territoires-portrait-cultuel-de-la-region-grand-est\\\/\"},\"wordCount\":188,\"publisher\":{\"@id\":\"https:\\\/\\\/hierostrasbourg.com\\\/#organization\"},\"inLanguage\":\"fr-FR\"},{\"@type\":\"WebPage\",\"@id\":\"https:\\\/\\\/hierostrasbourg.com\\\/index.php\\\/2022\\\/05\\\/16\\\/atlas-culture-des-territoires-portrait-cultuel-de-la-region-grand-est\\\/\",\"url\":\"https:\\\/\\\/hierostrasbourg.com\\\/index.php\\\/2022\\\/05\\\/16\\\/atlas-culture-des-territoires-portrait-cultuel-de-la-region-grand-est\\\/\",\"name\":\"Atlas \u201cCulture des territoires\u201d : portrait cultuel de la R\u00e9gion Grand Est - HIERO STRASBOURG\",\"isPartOf\":{\"@id\":\"https:\\\/\\\/hierostrasbourg.com\\\/#website\"},\"datePublished\":\"2022-05-16T20:31:20+00:00\",\"breadcrumb\":{\"@id\":\"https:\\\/\\\/hierostrasbourg.com\\\/index.php\\\/2022\\\/05\\\/16\\\/atlas-culture-des-territoires-portrait-cultuel-de-la-region-grand-est\\\/#breadcrumb\"},\"inLanguage\":\"fr-FR\",\"potentialAction\":[{\"@type\":\"ReadAction\",\"target\":[\"https:\\\/\\\/hierostrasbourg.com\\\/index.php\\\/2022\\\/05\\\/16\\\/atlas-culture-des-territoires-portrait-cultuel-de-la-region-grand-est\\\/\"]}]},{\"@type\":\"BreadcrumbList\",\"@id\":\"https:\\\/\\\/hierostrasbourg.com\\\/index.php\\\/2022\\\/05\\\/16\\\/atlas-culture-des-territoires-portrait-cultuel-de-la-region-grand-est\\\/#breadcrumb\",\"itemListElement\":[{\"@type\":\"ListItem\",\"position\":1,\"name\":\"Accueil\",\"item\":\"https:\\\/\\\/hierostrasbourg.com\\\/\"},{\"@type\":\"ListItem\",\"position\":2,\"name\":\"Atlas \u201cCulture des territoires\u201d : portrait cultuel de la R\u00e9gion Grand Est\"}]},{\"@type\":\"WebSite\",\"@id\":\"https:\\\/\\\/hierostrasbourg.com\\\/#website\",\"url\":\"https:\\\/\\\/hierostrasbourg.com\\\/\",\"name\":\"HIERO STRASBOURG\",\"description\":\"Centre de Ressources Musiques Actuelles\",\"publisher\":{\"@id\":\"https:\\\/\\\/hierostrasbourg.com\\\/#organization\"},\"potentialAction\":[{\"@type\":\"SearchAction\",\"target\":{\"@type\":\"EntryPoint\",\"urlTemplate\":\"https:\\\/\\\/hierostrasbourg.com\\\/?s={search_term_string}\"},\"query-input\":{\"@type\":\"PropertyValueSpecification\",\"valueRequired\":true,\"valueName\":\"search_term_string\"}}],\"inLanguage\":\"fr-FR\"},{\"@type\":\"Organization\",\"@id\":\"https:\\\/\\\/hierostrasbourg.com\\\/#organization\",\"name\":\"F\u00e9d\u00e9ration Hi\u00e9ro Strasbourg\",\"url\":\"https:\\\/\\\/hierostrasbourg.com\\\/\",\"logo\":{\"@type\":\"ImageObject\",\"inLanguage\":\"fr-FR\",\"@id\":\"https:\\\/\\\/hierostrasbourg.com\\\/#\\\/schema\\\/logo\\\/image\\\/\",\"url\":\"https:\\\/\\\/hierostrasbourg.com\\\/wp-content\\\/uploads\\\/2026\\\/04\\\/logo-hiero-strasbourg.jpg\",\"contentUrl\":\"https:\\\/\\\/hierostrasbourg.com\\\/wp-content\\\/uploads\\\/2026\\\/04\\\/logo-hiero-strasbourg.jpg\",\"width\":204,\"height\":192,\"caption\":\"F\u00e9d\u00e9ration Hi\u00e9ro Strasbourg\"},\"image\":{\"@id\":\"https:\\\/\\\/hierostrasbourg.com\\\/#\\\/schema\\\/logo\\\/image\\\/\"},\"sameAs\":[\"https:\\\/\\\/www.facebook.com\\\/fedehierostrasbourg\",\"https:\\\/\\\/x.com\\\/hierostrasbourg\"]}]}<\/script>\n<!-- \/ Yoast SEO plugin. -->","yoast_head_json":{"title":"Atlas \u201cCulture des territoires\u201d : portrait cultuel de la R\u00e9gion Grand Est - HIERO STRASBOURG","robots":{"index":"index","follow":"follow","max-snippet":"max-snippet:-1","max-image-preview":"max-image-preview:large","max-video-preview":"max-video-preview:-1"},"canonical":"https:\/\/hierostrasbourg.com\/index.php\/2022\/05\/16\/atlas-culture-des-territoires-portrait-cultuel-de-la-region-grand-est\/","og_locale":"fr_FR","og_type":"article","og_title":"Atlas \u201cCulture des territoires\u201d : portrait cultuel de la R\u00e9gion Grand Est - HIERO STRASBOURG","og_description":"Issue de la fusion de trois anciennes r\u00e9gions, Alsace, Champagne-Ardenne et Lorraine, la r\u00e9gion Grand-Est repr\u00e9sente d\u00e9sormais un territoire d\u2019une superficie de 57\u00a0440\u00a0km2, soit la cinqui\u00e8me r\u00e9gion fran\u00e7aise de ce point de vue. Avec 5,6\u00a0millions d\u2019habitants, elle est la sixi\u00e8me r\u00e9gion fran\u00e7aise la plus peupl\u00e9e et la septi\u00e8me en termes de richesse avec un PIB de 161 milliards d\u2019euros. La r\u00e9gion r\u00e9unit d\u00e9sormais dix d\u00e9partements\u00a0: les Ardennes, l\u2019Aube, la Marne et la Haute-Marne, la Meurthe-et-Moselle, la Moselle, la Meuse et [&hellip;]","og_url":"https:\/\/hierostrasbourg.com\/index.php\/2022\/05\/16\/atlas-culture-des-territoires-portrait-cultuel-de-la-region-grand-est\/","og_site_name":"HIERO STRASBOURG","article_publisher":"https:\/\/www.facebook.com\/fedehierostrasbourg","article_published_time":"2022-05-16T20:31:20+00:00","twitter_card":"summary_large_image","twitter_creator":"@hierostrasbourg","twitter_site":"@hierostrasbourg","twitter_misc":{"Dur\u00e9e de lecture estim\u00e9e":"1 minute"},"schema":{"@context":"https:\/\/schema.org","@graph":[{"@type":"Article","@id":"https:\/\/hierostrasbourg.com\/index.php\/2022\/05\/16\/atlas-culture-des-territoires-portrait-cultuel-de-la-region-grand-est\/#article","isPartOf":{"@id":"https:\/\/hierostrasbourg.com\/index.php\/2022\/05\/16\/atlas-culture-des-territoires-portrait-cultuel-de-la-region-grand-est\/"},"author":{"name":"","@id":""},"headline":"Atlas \u201cCulture des territoires\u201d : portrait cultuel de la R\u00e9gion Grand Est","datePublished":"2022-05-16T20:31:20+00:00","mainEntityOfPage":{"@id":"https:\/\/hierostrasbourg.com\/index.php\/2022\/05\/16\/atlas-culture-des-territoires-portrait-cultuel-de-la-region-grand-est\/"},"wordCount":188,"publisher":{"@id":"https:\/\/hierostrasbourg.com\/#organization"},"inLanguage":"fr-FR"},{"@type":"WebPage","@id":"https:\/\/hierostrasbourg.com\/index.php\/2022\/05\/16\/atlas-culture-des-territoires-portrait-cultuel-de-la-region-grand-est\/","url":"https:\/\/hierostrasbourg.com\/index.php\/2022\/05\/16\/atlas-culture-des-territoires-portrait-cultuel-de-la-region-grand-est\/","name":"Atlas \u201cCulture des territoires\u201d : portrait cultuel de la R\u00e9gion Grand Est - HIERO STRASBOURG","isPartOf":{"@id":"https:\/\/hierostrasbourg.com\/#website"},"datePublished":"2022-05-16T20:31:20+00:00","breadcrumb":{"@id":"https:\/\/hierostrasbourg.com\/index.php\/2022\/05\/16\/atlas-culture-des-territoires-portrait-cultuel-de-la-region-grand-est\/#breadcrumb"},"inLanguage":"fr-FR","potentialAction":[{"@type":"ReadAction","target":["https:\/\/hierostrasbourg.com\/index.php\/2022\/05\/16\/atlas-culture-des-territoires-portrait-cultuel-de-la-region-grand-est\/"]}]},{"@type":"BreadcrumbList","@id":"https:\/\/hierostrasbourg.com\/index.php\/2022\/05\/16\/atlas-culture-des-territoires-portrait-cultuel-de-la-region-grand-est\/#breadcrumb","itemListElement":[{"@type":"ListItem","position":1,"name":"Accueil","item":"https:\/\/hierostrasbourg.com\/"},{"@type":"ListItem","position":2,"name":"Atlas \u201cCulture des territoires\u201d : portrait cultuel de la R\u00e9gion Grand Est"}]},{"@type":"WebSite","@id":"https:\/\/hierostrasbourg.com\/#website","url":"https:\/\/hierostrasbourg.com\/","name":"HIERO STRASBOURG","description":"Centre de Ressources Musiques Actuelles","publisher":{"@id":"https:\/\/hierostrasbourg.com\/#organization"},"potentialAction":[{"@type":"SearchAction","target":{"@type":"EntryPoint","urlTemplate":"https:\/\/hierostrasbourg.com\/?s={search_term_string}"},"query-input":{"@type":"PropertyValueSpecification","valueRequired":true,"valueName":"search_term_string"}}],"inLanguage":"fr-FR"},{"@type":"Organization","@id":"https:\/\/hierostrasbourg.com\/#organization","name":"F\u00e9d\u00e9ration Hi\u00e9ro Strasbourg","url":"https:\/\/hierostrasbourg.com\/","logo":{"@type":"ImageObject","inLanguage":"fr-FR","@id":"https:\/\/hierostrasbourg.com\/#\/schema\/logo\/image\/","url":"https:\/\/hierostrasbourg.com\/wp-content\/uploads\/2026\/04\/logo-hiero-strasbourg.jpg","contentUrl":"https:\/\/hierostrasbourg.com\/wp-content\/uploads\/2026\/04\/logo-hiero-strasbourg.jpg","width":204,"height":192,"caption":"F\u00e9d\u00e9ration Hi\u00e9ro Strasbourg"},"image":{"@id":"https:\/\/hierostrasbourg.com\/#\/schema\/logo\/image\/"},"sameAs":["https:\/\/www.facebook.com\/fedehierostrasbourg","https:\/\/x.com\/hierostrasbourg"]}]}},"_links":{"self":[{"href":"https:\/\/hierostrasbourg.com\/index.php\/wp-json\/wp\/v2\/posts\/2586","targetHints":{"allow":["GET"]}}],"collection":[{"href":"https:\/\/hierostrasbourg.com\/index.php\/wp-json\/wp\/v2\/posts"}],"about":[{"href":"https:\/\/hierostrasbourg.com\/index.php\/wp-json\/wp\/v2\/types\/post"}],"replies":[{"embeddable":true,"href":"https:\/\/hierostrasbourg.com\/index.php\/wp-json\/wp\/v2\/comments?post=2586"}],"version-history":[{"count":0,"href":"https:\/\/hierostrasbourg.com\/index.php\/wp-json\/wp\/v2\/posts\/2586\/revisions"}],"wp:attachment":[{"href":"https:\/\/hierostrasbourg.com\/index.php\/wp-json\/wp\/v2\/media?parent=2586"}],"wp:term":[{"taxonomy":"category","embeddable":true,"href":"https:\/\/hierostrasbourg.com\/index.php\/wp-json\/wp\/v2\/categories?post=2586"},{"taxonomy":"post_tag","embeddable":true,"href":"https:\/\/hierostrasbourg.com\/index.php\/wp-json\/wp\/v2\/tags?post=2586"}],"curies":[{"name":"wp","href":"https:\/\/api.w.org\/{rel}","templated":true}]}}