{"id":2578,"date":"2022-05-16T18:35:30","date_gmt":"2022-05-16T16:35:30","guid":{"rendered":"https:\/\/hierostrasbourg.com\/index.php\/2022\/05\/16\/la-mac-relais-culturel-de-bischwiller-recrute-un-concierge-vaguemestre-f-h\/"},"modified":"2022-05-16T18:35:30","modified_gmt":"2022-05-16T16:35:30","slug":"la-mac-relais-culturel-de-bischwiller-recrute-un-concierge-vaguemestre-f-h","status":"publish","type":"post","link":"https:\/\/hierostrasbourg.com\/index.php\/2022\/05\/16\/la-mac-relais-culturel-de-bischwiller-recrute-un-concierge-vaguemestre-f-h\/","title":{"rendered":"LA MAC \u2013 Relais culturel de Bischwiller recrute un concierge \/ vaguemestre [F\/H]"},"content":{"rendered":"<p>L\u2019Association de Gestion de la Maisons des Associations et de la Culture (MAC) de Bischwiller propose une saison culturelle de spectacles et de s\u00e9ances de cin\u00e9ma. La MAC est \u00e9galement le lieu de nombreuses manifestations associatives et\/ou municipales.<\/p>\n<h2>Missions<\/h2>\n<p>Assurer l\u2019ouverture et la fermeture du b\u00e2timent relative \u00e0 toutes les activit\u00e9s de la MAC (saisons culturelles, manifestations associatives et\/ou municipales, r\u00e9unions, autres\u2026) ainsi que la surveillance g\u00e9n\u00e9rale du b\u00e2timent en effectuant des rondes r\u00e9guli\u00e8res<br \/>\nAssurer les courses, la gestion du courrier, les tourn\u00e9es de communication \/ affichage des activit\u00e9s de l\u2019association sur le territoire de Bischwiller ainsi que l es possibles transports des \u00e9quipes artistiques<br \/>\nEx\u00e9cuter des t\u00e2ches relatives \u00e0 l\u2019entretien ext\u00e9rieur et int\u00e9rieur du b\u00e2timent. Des t\u00e2ches de nettoyage peuvent lui \u00eatre confi\u00e9es<br \/>\nAssurer l\u2019entretien courant du v\u00e9hicule utilitaire de service<br \/>\nAider \u00e0 la mise en place et au rangement des r\u00e9ceptions organis\u00e9es,<br \/>\nRenforcer ponctuellement l\u2019\u00e9quipe technique (chargement\/d\u00e9chargement de d\u00e9cors)<br \/>\nPermanence les soirs de manifestation<\/p>\n<h2>Profil recherch\u00e9<\/h2>\n<p>Titulaire du permis B obligatoire<br \/>\nDipl\u00f4me SSIAP 1 et SST recommand\u00e9 ainsi qu\u2019habilitation \u00e9lectrique + travail en hauteur<br \/>\nMaitrise de l\u2019outil informatique<br \/>\nGrande disponibilit\u00e9, y compris en soir\u00e9e et week-end<br \/>\nTravail en \u00e9quipe et esprit d\u2019initiative \/ Grande polyvalence<\/p>\n<h2>Informations compl\u00e9mentaires<\/h2>\n<p>Recrutement : CDD 6 mois<br \/>\nR\u00e9mun\u00e9ration : selon l\u2019exp\u00e9rience. Groupe 9 (Grille SYNDEAC) + mutuelle d\u2019entreprise + logement de fonction (3 pi\u00e8ces + cuisine)<br \/>\n\u00a0Temps de travail : Temps complet \u00e0 35h\/semaine<br \/>\nLocalisation : Bischwiller<\/p>\n<h2>Candidature<\/h2>\n<p>Poste \u00e0 pourvoir d\u00e8s le 22\/08\/2022<br \/>\nDate limite de candidature : 03\/06\/2022 (entretiens en juin)<br \/>\nEnvoyer CV et Lettre de motivation \u00e0 M. le Pr\u00e9sident de la MAC, 1, rue du Stade, BP 40090, 67243 Bischwiller Cedex ou \u00e0 l\u2019adresse stephane.heiderich@mac-bischwiller.fr<\/p>\n<p>L\u2019article <a href=\"https:\/\/popburo.fr\/la-mac-relais-culturel-de-bischwiller-recrute-un-concierge-vaguemestre-f-h\/\">LA MAC \u2013 Relais culturel de Bischwiller recrute un concierge \/ vaguemestre [F\/H]<\/a> est apparu en premier sur <a href=\"https:\/\/popburo.fr\/\">POP B\u00dcRO<\/a>.<\/p>\n","protected":false},"excerpt":{"rendered":"<p>L\u2019Association de Gestion de la Maisons des Associations et de la Culture (MAC) de Bischwiller propose une saison culturelle de spectacles et de s\u00e9ances de cin\u00e9ma. La MAC est \u00e9galement le lieu de nombreuses manifestations associatives et\/ou municipales. Missions Assurer l\u2019ouverture et la fermeture du b\u00e2timent relative \u00e0 toutes les activit\u00e9s de la MAC (saisons culturelles, manifestations associatives et\/ou municipales, r\u00e9unions, autres\u2026) ainsi que la surveillance g\u00e9n\u00e9rale du b\u00e2timent en effectuant des rondes r\u00e9guli\u00e8res Assurer les courses, la gestion du [&hellip;]<\/p>\n","protected":false},"author":0,"featured_media":0,"comment_status":"closed","ping_status":"open","sticky":false,"template":"","format":"standard","meta":{"footnotes":""},"categories":[1],"tags":[],"class_list":["post-2578","post","type-post","status-publish","format-standard","hentry","category-non-classe"],"yoast_head":"<!-- This site is optimized with the Yoast SEO plugin v27.4 - https:\/\/yoast.com\/product\/yoast-seo-wordpress\/ -->\n<title>LA MAC \u2013 Relais culturel de Bischwiller recrute un concierge \/ vaguemestre [F\/H] - HIERO STRASBOURG<\/title>\n<meta name=\"robots\" content=\"index, follow, max-snippet:-1, max-image-preview:large, max-video-preview:-1\" \/>\n<link rel=\"canonical\" href=\"https:\/\/hierostrasbourg.com\/index.php\/2022\/05\/16\/la-mac-relais-culturel-de-bischwiller-recrute-un-concierge-vaguemestre-f-h\/\" \/>\n<meta property=\"og:locale\" content=\"fr_FR\" \/>\n<meta property=\"og:type\" content=\"article\" \/>\n<meta property=\"og:title\" content=\"LA MAC \u2013 Relais culturel de Bischwiller recrute un concierge \/ vaguemestre [F\/H] - HIERO STRASBOURG\" \/>\n<meta property=\"og:description\" content=\"L\u2019Association de Gestion de la Maisons des Associations et de la Culture (MAC) de Bischwiller propose une saison culturelle de spectacles et de s\u00e9ances de cin\u00e9ma. La MAC est \u00e9galement le lieu de nombreuses manifestations associatives et\/ou municipales. Missions Assurer l\u2019ouverture et la fermeture du b\u00e2timent relative \u00e0 toutes les activit\u00e9s de la MAC (saisons culturelles, manifestations associatives et\/ou municipales, r\u00e9unions, autres\u2026) ainsi que la surveillance g\u00e9n\u00e9rale du b\u00e2timent en effectuant des rondes r\u00e9guli\u00e8res Assurer les courses, la gestion du [&hellip;]\" \/>\n<meta property=\"og:url\" content=\"https:\/\/hierostrasbourg.com\/index.php\/2022\/05\/16\/la-mac-relais-culturel-de-bischwiller-recrute-un-concierge-vaguemestre-f-h\/\" \/>\n<meta property=\"og:site_name\" content=\"HIERO STRASBOURG\" \/>\n<meta property=\"article:publisher\" content=\"https:\/\/www.facebook.com\/fedehierostrasbourg\" \/>\n<meta property=\"article:published_time\" content=\"2022-05-16T16:35:30+00:00\" \/>\n<meta name=\"twitter:card\" content=\"summary_large_image\" \/>\n<meta name=\"twitter:creator\" content=\"@hierostrasbourg\" \/>\n<meta name=\"twitter:site\" content=\"@hierostrasbourg\" \/>\n<meta name=\"twitter:label1\" content=\"Dur\u00e9e de lecture estim\u00e9e\" \/>\n\t<meta name=\"twitter:data1\" content=\"2 minutes\" \/>\n<script type=\"application\/ld+json\" class=\"yoast-schema-graph\">{\"@context\":\"https:\\\/\\\/schema.org\",\"@graph\":[{\"@type\":\"Article\",\"@id\":\"https:\\\/\\\/hierostrasbourg.com\\\/index.php\\\/2022\\\/05\\\/16\\\/la-mac-relais-culturel-de-bischwiller-recrute-un-concierge-vaguemestre-f-h\\\/#article\",\"isPartOf\":{\"@id\":\"https:\\\/\\\/hierostrasbourg.com\\\/index.php\\\/2022\\\/05\\\/16\\\/la-mac-relais-culturel-de-bischwiller-recrute-un-concierge-vaguemestre-f-h\\\/\"},\"author\":{\"name\":\"\",\"@id\":\"\"},\"headline\":\"LA MAC \u2013 Relais culturel de Bischwiller recrute un concierge \\\/ vaguemestre [F\\\/H]\",\"datePublished\":\"2022-05-16T16:35:30+00:00\",\"mainEntityOfPage\":{\"@id\":\"https:\\\/\\\/hierostrasbourg.com\\\/index.php\\\/2022\\\/05\\\/16\\\/la-mac-relais-culturel-de-bischwiller-recrute-un-concierge-vaguemestre-f-h\\\/\"},\"wordCount\":335,\"publisher\":{\"@id\":\"https:\\\/\\\/hierostrasbourg.com\\\/#organization\"},\"inLanguage\":\"fr-FR\"},{\"@type\":\"WebPage\",\"@id\":\"https:\\\/\\\/hierostrasbourg.com\\\/index.php\\\/2022\\\/05\\\/16\\\/la-mac-relais-culturel-de-bischwiller-recrute-un-concierge-vaguemestre-f-h\\\/\",\"url\":\"https:\\\/\\\/hierostrasbourg.com\\\/index.php\\\/2022\\\/05\\\/16\\\/la-mac-relais-culturel-de-bischwiller-recrute-un-concierge-vaguemestre-f-h\\\/\",\"name\":\"LA MAC \u2013 Relais culturel de Bischwiller recrute un concierge \\\/ vaguemestre [F\\\/H] - HIERO STRASBOURG\",\"isPartOf\":{\"@id\":\"https:\\\/\\\/hierostrasbourg.com\\\/#website\"},\"datePublished\":\"2022-05-16T16:35:30+00:00\",\"breadcrumb\":{\"@id\":\"https:\\\/\\\/hierostrasbourg.com\\\/index.php\\\/2022\\\/05\\\/16\\\/la-mac-relais-culturel-de-bischwiller-recrute-un-concierge-vaguemestre-f-h\\\/#breadcrumb\"},\"inLanguage\":\"fr-FR\",\"potentialAction\":[{\"@type\":\"ReadAction\",\"target\":[\"https:\\\/\\\/hierostrasbourg.com\\\/index.php\\\/2022\\\/05\\\/16\\\/la-mac-relais-culturel-de-bischwiller-recrute-un-concierge-vaguemestre-f-h\\\/\"]}]},{\"@type\":\"BreadcrumbList\",\"@id\":\"https:\\\/\\\/hierostrasbourg.com\\\/index.php\\\/2022\\\/05\\\/16\\\/la-mac-relais-culturel-de-bischwiller-recrute-un-concierge-vaguemestre-f-h\\\/#breadcrumb\",\"itemListElement\":[{\"@type\":\"ListItem\",\"position\":1,\"name\":\"Accueil\",\"item\":\"https:\\\/\\\/hierostrasbourg.com\\\/\"},{\"@type\":\"ListItem\",\"position\":2,\"name\":\"LA MAC \u2013 Relais culturel de Bischwiller recrute un concierge \\\/ vaguemestre [F\\\/H]\"}]},{\"@type\":\"WebSite\",\"@id\":\"https:\\\/\\\/hierostrasbourg.com\\\/#website\",\"url\":\"https:\\\/\\\/hierostrasbourg.com\\\/\",\"name\":\"HIERO STRASBOURG\",\"description\":\"Centre de Ressources Musiques Actuelles\",\"publisher\":{\"@id\":\"https:\\\/\\\/hierostrasbourg.com\\\/#organization\"},\"potentialAction\":[{\"@type\":\"SearchAction\",\"target\":{\"@type\":\"EntryPoint\",\"urlTemplate\":\"https:\\\/\\\/hierostrasbourg.com\\\/?s={search_term_string}\"},\"query-input\":{\"@type\":\"PropertyValueSpecification\",\"valueRequired\":true,\"valueName\":\"search_term_string\"}}],\"inLanguage\":\"fr-FR\"},{\"@type\":\"Organization\",\"@id\":\"https:\\\/\\\/hierostrasbourg.com\\\/#organization\",\"name\":\"F\u00e9d\u00e9ration Hi\u00e9ro Strasbourg\",\"url\":\"https:\\\/\\\/hierostrasbourg.com\\\/\",\"logo\":{\"@type\":\"ImageObject\",\"inLanguage\":\"fr-FR\",\"@id\":\"https:\\\/\\\/hierostrasbourg.com\\\/#\\\/schema\\\/logo\\\/image\\\/\",\"url\":\"https:\\\/\\\/hierostrasbourg.com\\\/wp-content\\\/uploads\\\/2026\\\/04\\\/logo-hiero-strasbourg.jpg\",\"contentUrl\":\"https:\\\/\\\/hierostrasbourg.com\\\/wp-content\\\/uploads\\\/2026\\\/04\\\/logo-hiero-strasbourg.jpg\",\"width\":204,\"height\":192,\"caption\":\"F\u00e9d\u00e9ration Hi\u00e9ro Strasbourg\"},\"image\":{\"@id\":\"https:\\\/\\\/hierostrasbourg.com\\\/#\\\/schema\\\/logo\\\/image\\\/\"},\"sameAs\":[\"https:\\\/\\\/www.facebook.com\\\/fedehierostrasbourg\",\"https:\\\/\\\/x.com\\\/hierostrasbourg\"]}]}<\/script>\n<!-- \/ Yoast SEO plugin. -->","yoast_head_json":{"title":"LA MAC \u2013 Relais culturel de Bischwiller recrute un concierge \/ vaguemestre [F\/H] - HIERO STRASBOURG","robots":{"index":"index","follow":"follow","max-snippet":"max-snippet:-1","max-image-preview":"max-image-preview:large","max-video-preview":"max-video-preview:-1"},"canonical":"https:\/\/hierostrasbourg.com\/index.php\/2022\/05\/16\/la-mac-relais-culturel-de-bischwiller-recrute-un-concierge-vaguemestre-f-h\/","og_locale":"fr_FR","og_type":"article","og_title":"LA MAC \u2013 Relais culturel de Bischwiller recrute un concierge \/ vaguemestre [F\/H] - HIERO STRASBOURG","og_description":"L\u2019Association de Gestion de la Maisons des Associations et de la Culture (MAC) de Bischwiller propose une saison culturelle de spectacles et de s\u00e9ances de cin\u00e9ma. La MAC est \u00e9galement le lieu de nombreuses manifestations associatives et\/ou municipales. Missions Assurer l\u2019ouverture et la fermeture du b\u00e2timent relative \u00e0 toutes les activit\u00e9s de la MAC (saisons culturelles, manifestations associatives et\/ou municipales, r\u00e9unions, autres\u2026) ainsi que la surveillance g\u00e9n\u00e9rale du b\u00e2timent en effectuant des rondes r\u00e9guli\u00e8res Assurer les courses, la gestion du [&hellip;]","og_url":"https:\/\/hierostrasbourg.com\/index.php\/2022\/05\/16\/la-mac-relais-culturel-de-bischwiller-recrute-un-concierge-vaguemestre-f-h\/","og_site_name":"HIERO STRASBOURG","article_publisher":"https:\/\/www.facebook.com\/fedehierostrasbourg","article_published_time":"2022-05-16T16:35:30+00:00","twitter_card":"summary_large_image","twitter_creator":"@hierostrasbourg","twitter_site":"@hierostrasbourg","twitter_misc":{"Dur\u00e9e de lecture estim\u00e9e":"2 minutes"},"schema":{"@context":"https:\/\/schema.org","@graph":[{"@type":"Article","@id":"https:\/\/hierostrasbourg.com\/index.php\/2022\/05\/16\/la-mac-relais-culturel-de-bischwiller-recrute-un-concierge-vaguemestre-f-h\/#article","isPartOf":{"@id":"https:\/\/hierostrasbourg.com\/index.php\/2022\/05\/16\/la-mac-relais-culturel-de-bischwiller-recrute-un-concierge-vaguemestre-f-h\/"},"author":{"name":"","@id":""},"headline":"LA MAC \u2013 Relais culturel de Bischwiller recrute un concierge \/ vaguemestre [F\/H]","datePublished":"2022-05-16T16:35:30+00:00","mainEntityOfPage":{"@id":"https:\/\/hierostrasbourg.com\/index.php\/2022\/05\/16\/la-mac-relais-culturel-de-bischwiller-recrute-un-concierge-vaguemestre-f-h\/"},"wordCount":335,"publisher":{"@id":"https:\/\/hierostrasbourg.com\/#organization"},"inLanguage":"fr-FR"},{"@type":"WebPage","@id":"https:\/\/hierostrasbourg.com\/index.php\/2022\/05\/16\/la-mac-relais-culturel-de-bischwiller-recrute-un-concierge-vaguemestre-f-h\/","url":"https:\/\/hierostrasbourg.com\/index.php\/2022\/05\/16\/la-mac-relais-culturel-de-bischwiller-recrute-un-concierge-vaguemestre-f-h\/","name":"LA MAC \u2013 Relais culturel de Bischwiller recrute un concierge \/ vaguemestre [F\/H] - HIERO STRASBOURG","isPartOf":{"@id":"https:\/\/hierostrasbourg.com\/#website"},"datePublished":"2022-05-16T16:35:30+00:00","breadcrumb":{"@id":"https:\/\/hierostrasbourg.com\/index.php\/2022\/05\/16\/la-mac-relais-culturel-de-bischwiller-recrute-un-concierge-vaguemestre-f-h\/#breadcrumb"},"inLanguage":"fr-FR","potentialAction":[{"@type":"ReadAction","target":["https:\/\/hierostrasbourg.com\/index.php\/2022\/05\/16\/la-mac-relais-culturel-de-bischwiller-recrute-un-concierge-vaguemestre-f-h\/"]}]},{"@type":"BreadcrumbList","@id":"https:\/\/hierostrasbourg.com\/index.php\/2022\/05\/16\/la-mac-relais-culturel-de-bischwiller-recrute-un-concierge-vaguemestre-f-h\/#breadcrumb","itemListElement":[{"@type":"ListItem","position":1,"name":"Accueil","item":"https:\/\/hierostrasbourg.com\/"},{"@type":"ListItem","position":2,"name":"LA MAC \u2013 Relais culturel de Bischwiller recrute un concierge \/ vaguemestre [F\/H]"}]},{"@type":"WebSite","@id":"https:\/\/hierostrasbourg.com\/#website","url":"https:\/\/hierostrasbourg.com\/","name":"HIERO STRASBOURG","description":"Centre de Ressources Musiques Actuelles","publisher":{"@id":"https:\/\/hierostrasbourg.com\/#organization"},"potentialAction":[{"@type":"SearchAction","target":{"@type":"EntryPoint","urlTemplate":"https:\/\/hierostrasbourg.com\/?s={search_term_string}"},"query-input":{"@type":"PropertyValueSpecification","valueRequired":true,"valueName":"search_term_string"}}],"inLanguage":"fr-FR"},{"@type":"Organization","@id":"https:\/\/hierostrasbourg.com\/#organization","name":"F\u00e9d\u00e9ration Hi\u00e9ro Strasbourg","url":"https:\/\/hierostrasbourg.com\/","logo":{"@type":"ImageObject","inLanguage":"fr-FR","@id":"https:\/\/hierostrasbourg.com\/#\/schema\/logo\/image\/","url":"https:\/\/hierostrasbourg.com\/wp-content\/uploads\/2026\/04\/logo-hiero-strasbourg.jpg","contentUrl":"https:\/\/hierostrasbourg.com\/wp-content\/uploads\/2026\/04\/logo-hiero-strasbourg.jpg","width":204,"height":192,"caption":"F\u00e9d\u00e9ration Hi\u00e9ro Strasbourg"},"image":{"@id":"https:\/\/hierostrasbourg.com\/#\/schema\/logo\/image\/"},"sameAs":["https:\/\/www.facebook.com\/fedehierostrasbourg","https:\/\/x.com\/hierostrasbourg"]}]}},"_links":{"self":[{"href":"https:\/\/hierostrasbourg.com\/index.php\/wp-json\/wp\/v2\/posts\/2578","targetHints":{"allow":["GET"]}}],"collection":[{"href":"https:\/\/hierostrasbourg.com\/index.php\/wp-json\/wp\/v2\/posts"}],"about":[{"href":"https:\/\/hierostrasbourg.com\/index.php\/wp-json\/wp\/v2\/types\/post"}],"replies":[{"embeddable":true,"href":"https:\/\/hierostrasbourg.com\/index.php\/wp-json\/wp\/v2\/comments?post=2578"}],"version-history":[{"count":0,"href":"https:\/\/hierostrasbourg.com\/index.php\/wp-json\/wp\/v2\/posts\/2578\/revisions"}],"wp:attachment":[{"href":"https:\/\/hierostrasbourg.com\/index.php\/wp-json\/wp\/v2\/media?parent=2578"}],"wp:term":[{"taxonomy":"category","embeddable":true,"href":"https:\/\/hierostrasbourg.com\/index.php\/wp-json\/wp\/v2\/categories?post=2578"},{"taxonomy":"post_tag","embeddable":true,"href":"https:\/\/hierostrasbourg.com\/index.php\/wp-json\/wp\/v2\/tags?post=2578"}],"curies":[{"name":"wp","href":"https:\/\/api.w.org\/{rel}","templated":true}]}}