{"id":2545,"date":"2022-05-12T20:30:51","date_gmt":"2022-05-12T18:30:51","guid":{"rendered":"https:\/\/hierostrasbourg.com\/index.php\/2022\/05\/12\/le-maillon-strasbourg-recrute-un-charge-des-relations-avec-le-public-f-h-2\/"},"modified":"2022-05-12T20:30:51","modified_gmt":"2022-05-12T18:30:51","slug":"le-maillon-strasbourg-recrute-un-charge-des-relations-avec-le-public-f-h-2","status":"publish","type":"post","link":"https:\/\/hierostrasbourg.com\/index.php\/2022\/05\/12\/le-maillon-strasbourg-recrute-un-charge-des-relations-avec-le-public-f-h-2\/","title":{"rendered":"LE MAILLON [Strasbourg] recrute un charg\u00e9 des relations avec le public [F\/H]"},"content":{"rendered":"<p>Ce poste recouvre deux champs d\u2019actions<\/p>\n<p>la relation avec le public en direction des 18 \/ 25 ans notamment en lien avec les universit\u00e9s et les \u00e9tablissements post-bac ;<br \/>\nla coordination de la mise en \u0153uvre de projets participatifs et exp\u00e9rimentaux dans le cadre de la \u00ab Fabrique d\u2019exp\u00e9riences \u00bb.<\/p>\n<p>Sous la responsabilit\u00e9 de la secr\u00e9taire g\u00e9n\u00e9rale, le\/la titulaire de ce poste assure la promotion de la programmation de la structure, notamment en direction des publics des diverses composantes de l\u2019universit\u00e9 et des \u00e9tablissements d\u2019enseignement sup\u00e9rieur \u00e0 Strasbourg et sur le territoire r\u00e9gional.<br \/>\nAu sein de l\u2019\u00e9quipe du p\u00f4le public, le\/la charge\u0301\u00b7e des relations avec le public m\u00e8ne des actions inscrites dans le projet artistique et culturel du Maillon, visant d\u2019une part a\u0300 cr\u00e9er et nourrir les rencontres du public avec l\u2019\u0153uvre, l\u2019artiste et la structure, d\u2019autre part a\u0300 d\u00e9velopper ou\/et a\u0300 fid\u00e9liser le public.<br \/>\nLe\/la charge\u0301.e des relations avec le public est amen\u00e9.e \u00e0 r\u00e9aliser ou \u00e0 coordonner des actions de m\u00e9diation artistique, \u00e0 imaginer et \u00e0 mettre en place les outils de celles-ci et \u00e0 animer des temps de sensibilisation.<br \/>\nEn charge de la coordination d\u2019actions culturelles sp\u00e9cifiques (par ex. participatives ou exp\u00e9rimentales), il\/elle contribue \u00e0 mettre en place des manifestations en lien avec la programmation artistique, en engageant la collaboration des services concern\u00e9s, notamment techniques.<br \/>\nIl\/elle participe a\u0300 la r\u00e9daction et diffusion de documents p\u00e9dagogiques et d\u2019\u00e9l\u00e9ments de communication, imprim\u00e9s ou mis en ligne.<\/p>\n<h2>MISSIONS PRINCIPALES<\/h2>\n<p>Les missions inh\u00e9rentes au poste se structurent autour de trois axes :<\/p>\n<h4>Missions g\u00e9n\u00e9rales<\/h4>\n<p>s\u2019approprier la programmation et ses contenus pour les promouvoir aupr\u00e8s d\u2019un public cibl\u00e9, en r\u00e9aliser des pr\u00e9sentations orales ou \u00e9crites adapt\u00e9es \u00e0 diff\u00e9rents publics ; participer \u00e0 divers formats de pr\u00e9sentation de saison et\/ou de structure ;<br \/>\n\u00e9tablir, en lien avec le projet artistique de la structure, une strat\u00e9gie de d\u00e9veloppement du public ;<br \/>\nau sein de l\u2019\u00e9quipe des relations avec le public, imaginer et coordonner des actions de m\u00e9diation artistique ;<br \/>\nr\u00e9diger des projets en vue de demandes de financements, de subventions ou d\u2019aides ;<br \/>\nparticiper \u00e0 l\u2019analyse de la fr\u00e9quentation et des pratiques du public ;<br \/>\nassurer des permanences de soir\u00e9e, week-end inclus.<\/p>\n<h4>Missions sp\u00e9cifiques<\/h4>\n<p>cr\u00e9er et entretenir des relations avec les acteurs du secteur de l\u2019enseignement sup\u00e9rieur sur le territoire et avec des personnes relais du public cibl\u00e9 ;<br \/>\nassurer la concertation entre la structure et les activit\u00e9s de Maillon + (association des spectateurs)<br \/>\nnourrir la r\u00e9flexion au sein des \u00e9quipes des RP-communication-presse-billetterie autour des spectacles et artistes programm\u00e9.e.s ; mener une veille sur son secteur ;<br \/>\nr\u00e9diger des textes et documents en vue de la communication et\/ou de l\u2019information.<\/p>\n<h4>Mission de coordination de projets<\/h4>\n<p>organiser et coordonner des projets transversaux et interdisciplinaires dans le cadre de la \u00ab Fabrique d\u2019exp\u00e9riences \u00bb et des temps forts th\u00e9matiques (rencontres, d\u00e9bats\u2026) ;<br \/>\nassurer l\u2019animation de rencontres entre artistes et public (tables rondes, bords plateau\u2026) ;<br \/>\nmettre en place des projets d\u2019action artistique sp\u00e9cifiques, en lien avec d\u2019autres services, comme par exemple des propositions participatives ou interdisciplinaires.<\/p>\n<h2>Profil recherch\u00e9<\/h2>\n<p>culture av\u00e9r\u00e9e dans le domaine du spectacle vivant, connaissance approfondie du secteur universitaire ;<br \/>\ntitulaire d\u2019un dipl\u00f4me minimum bac + 4<br \/>\nint\u00e9r\u00eat prononc\u00e9 pour la mise en place de passerelles innovantes entre les arts et savoirs ;<br \/>\nexp\u00e9rience dans un \u00e9tablissement artistique et culturel \u00e9quivalent ;<br \/>\ngo\u00fbt affirm\u00e9 pour les relations humaines et le travail de terrain ;<br \/>\nrigueur et autonomie dans la conduite de projet ;<br \/>\ngo\u00fbt pour le travail en transversalit\u00e9 et le dialogue entre services ;<br \/>\nanglais courant ;<br \/>\npermis B souhait\u00e9 ;<br \/>\nma\u00eetrise des outils informatiques inh\u00e9rents au poste (logiciel billetterie, pack office\u2026).<\/p>\n<p>Date de prise de fonction : 1er juillet 2022<br \/>\nDate limite de candidature : Avant le 15 juin 2022<\/p>\n<p>Merci d\u2019adresser votre lettre de candidature et C.V avant le 15 juin 2022 \u00e0 :<br \/>\nMarion Sylvain, secr\u00e9taire g\u00e9n\u00e9rale<br \/>\n1, boulevard de Dresde<br \/>\n67000 Strasbourg,<\/p>\n<p>CDI \u00e0 temps plein<\/p>\n<p>R\u00e9mun\u00e9ration selon convention collective des entreprises artistiques et culturelles et exp\u00e9rience (Groupe 5)<\/p>\n<p>Poste \u00e0 pourvoir \u00e0 partir du 1er juillet 2022.<br \/>\nPossibilit\u00e9 de rejoindre le poste plus tardivement en fonction des disponibilit\u00e9s. Dans ce cas, pr\u00e9voir une passation de 3 jours au courant du mois de juillet 2022.<\/p>\n<p>L\u2019article <a href=\"https:\/\/popburo.fr\/le-maillon-strasbourg-recrute-un-charge-des-relations-avec-le-public-f-h-2\/\">LE MAILLON [Strasbourg] recrute un charg\u00e9 des relations avec le public [F\/H]<\/a> est apparu en premier sur <a href=\"https:\/\/popburo.fr\/\">POP B\u00dcRO<\/a>.<\/p>\n","protected":false},"excerpt":{"rendered":"<p>Ce poste recouvre deux champs d\u2019actions la relation avec le public en direction des 18 \/ 25 ans notamment en lien avec les universit\u00e9s et les \u00e9tablissements post-bac ; la coordination de la mise en \u0153uvre de projets participatifs et exp\u00e9rimentaux dans le cadre de la \u00ab Fabrique d\u2019exp\u00e9riences \u00bb. Sous la responsabilit\u00e9 de la secr\u00e9taire g\u00e9n\u00e9rale, le\/la titulaire de ce poste assure la promotion de la programmation de la structure, notamment en direction des publics des diverses composantes de [&hellip;]<\/p>\n","protected":false},"author":0,"featured_media":0,"comment_status":"closed","ping_status":"open","sticky":false,"template":"","format":"standard","meta":{"footnotes":""},"categories":[1],"tags":[],"class_list":["post-2545","post","type-post","status-publish","format-standard","hentry","category-non-classe"],"yoast_head":"<!-- This site is optimized with the Yoast SEO plugin v27.4 - https:\/\/yoast.com\/product\/yoast-seo-wordpress\/ -->\n<title>LE MAILLON [Strasbourg] recrute un charg\u00e9 des relations avec le public [F\/H] - HIERO STRASBOURG<\/title>\n<meta name=\"robots\" content=\"index, follow, max-snippet:-1, max-image-preview:large, max-video-preview:-1\" \/>\n<link rel=\"canonical\" href=\"https:\/\/hierostrasbourg.com\/index.php\/2022\/05\/12\/le-maillon-strasbourg-recrute-un-charge-des-relations-avec-le-public-f-h-2\/\" \/>\n<meta property=\"og:locale\" content=\"fr_FR\" \/>\n<meta property=\"og:type\" content=\"article\" \/>\n<meta property=\"og:title\" content=\"LE MAILLON [Strasbourg] recrute un charg\u00e9 des relations avec le public [F\/H] - HIERO STRASBOURG\" \/>\n<meta property=\"og:description\" content=\"Ce poste recouvre deux champs d\u2019actions la relation avec le public en direction des 18 \/ 25 ans notamment en lien avec les universit\u00e9s et les \u00e9tablissements post-bac ; la coordination de la mise en \u0153uvre de projets participatifs et exp\u00e9rimentaux dans le cadre de la \u00ab Fabrique d\u2019exp\u00e9riences \u00bb. Sous la responsabilit\u00e9 de la secr\u00e9taire g\u00e9n\u00e9rale, le\/la titulaire de ce poste assure la promotion de la programmation de la structure, notamment en direction des publics des diverses composantes de [&hellip;]\" \/>\n<meta property=\"og:url\" content=\"https:\/\/hierostrasbourg.com\/index.php\/2022\/05\/12\/le-maillon-strasbourg-recrute-un-charge-des-relations-avec-le-public-f-h-2\/\" \/>\n<meta property=\"og:site_name\" content=\"HIERO STRASBOURG\" \/>\n<meta property=\"article:publisher\" content=\"https:\/\/www.facebook.com\/fedehierostrasbourg\" \/>\n<meta property=\"article:published_time\" content=\"2022-05-12T18:30:51+00:00\" \/>\n<meta name=\"twitter:card\" content=\"summary_large_image\" \/>\n<meta name=\"twitter:creator\" content=\"@hierostrasbourg\" \/>\n<meta name=\"twitter:site\" content=\"@hierostrasbourg\" \/>\n<meta name=\"twitter:label1\" content=\"Dur\u00e9e de lecture estim\u00e9e\" \/>\n\t<meta name=\"twitter:data1\" content=\"4 minutes\" \/>\n<script type=\"application\/ld+json\" class=\"yoast-schema-graph\">{\"@context\":\"https:\\\/\\\/schema.org\",\"@graph\":[{\"@type\":\"Article\",\"@id\":\"https:\\\/\\\/hierostrasbourg.com\\\/index.php\\\/2022\\\/05\\\/12\\\/le-maillon-strasbourg-recrute-un-charge-des-relations-avec-le-public-f-h-2\\\/#article\",\"isPartOf\":{\"@id\":\"https:\\\/\\\/hierostrasbourg.com\\\/index.php\\\/2022\\\/05\\\/12\\\/le-maillon-strasbourg-recrute-un-charge-des-relations-avec-le-public-f-h-2\\\/\"},\"author\":{\"name\":\"\",\"@id\":\"\"},\"headline\":\"LE MAILLON [Strasbourg] recrute un charg\u00e9 des relations avec le public [F\\\/H]\",\"datePublished\":\"2022-05-12T18:30:51+00:00\",\"mainEntityOfPage\":{\"@id\":\"https:\\\/\\\/hierostrasbourg.com\\\/index.php\\\/2022\\\/05\\\/12\\\/le-maillon-strasbourg-recrute-un-charge-des-relations-avec-le-public-f-h-2\\\/\"},\"wordCount\":776,\"publisher\":{\"@id\":\"https:\\\/\\\/hierostrasbourg.com\\\/#organization\"},\"inLanguage\":\"fr-FR\"},{\"@type\":\"WebPage\",\"@id\":\"https:\\\/\\\/hierostrasbourg.com\\\/index.php\\\/2022\\\/05\\\/12\\\/le-maillon-strasbourg-recrute-un-charge-des-relations-avec-le-public-f-h-2\\\/\",\"url\":\"https:\\\/\\\/hierostrasbourg.com\\\/index.php\\\/2022\\\/05\\\/12\\\/le-maillon-strasbourg-recrute-un-charge-des-relations-avec-le-public-f-h-2\\\/\",\"name\":\"LE MAILLON [Strasbourg] recrute un charg\u00e9 des relations avec le public [F\\\/H] - HIERO STRASBOURG\",\"isPartOf\":{\"@id\":\"https:\\\/\\\/hierostrasbourg.com\\\/#website\"},\"datePublished\":\"2022-05-12T18:30:51+00:00\",\"breadcrumb\":{\"@id\":\"https:\\\/\\\/hierostrasbourg.com\\\/index.php\\\/2022\\\/05\\\/12\\\/le-maillon-strasbourg-recrute-un-charge-des-relations-avec-le-public-f-h-2\\\/#breadcrumb\"},\"inLanguage\":\"fr-FR\",\"potentialAction\":[{\"@type\":\"ReadAction\",\"target\":[\"https:\\\/\\\/hierostrasbourg.com\\\/index.php\\\/2022\\\/05\\\/12\\\/le-maillon-strasbourg-recrute-un-charge-des-relations-avec-le-public-f-h-2\\\/\"]}]},{\"@type\":\"BreadcrumbList\",\"@id\":\"https:\\\/\\\/hierostrasbourg.com\\\/index.php\\\/2022\\\/05\\\/12\\\/le-maillon-strasbourg-recrute-un-charge-des-relations-avec-le-public-f-h-2\\\/#breadcrumb\",\"itemListElement\":[{\"@type\":\"ListItem\",\"position\":1,\"name\":\"Accueil\",\"item\":\"https:\\\/\\\/hierostrasbourg.com\\\/\"},{\"@type\":\"ListItem\",\"position\":2,\"name\":\"LE MAILLON [Strasbourg] recrute un charg\u00e9 des relations avec le public [F\\\/H]\"}]},{\"@type\":\"WebSite\",\"@id\":\"https:\\\/\\\/hierostrasbourg.com\\\/#website\",\"url\":\"https:\\\/\\\/hierostrasbourg.com\\\/\",\"name\":\"HIERO STRASBOURG\",\"description\":\"Centre de Ressources Musiques Actuelles\",\"publisher\":{\"@id\":\"https:\\\/\\\/hierostrasbourg.com\\\/#organization\"},\"potentialAction\":[{\"@type\":\"SearchAction\",\"target\":{\"@type\":\"EntryPoint\",\"urlTemplate\":\"https:\\\/\\\/hierostrasbourg.com\\\/?s={search_term_string}\"},\"query-input\":{\"@type\":\"PropertyValueSpecification\",\"valueRequired\":true,\"valueName\":\"search_term_string\"}}],\"inLanguage\":\"fr-FR\"},{\"@type\":\"Organization\",\"@id\":\"https:\\\/\\\/hierostrasbourg.com\\\/#organization\",\"name\":\"F\u00e9d\u00e9ration Hi\u00e9ro Strasbourg\",\"url\":\"https:\\\/\\\/hierostrasbourg.com\\\/\",\"logo\":{\"@type\":\"ImageObject\",\"inLanguage\":\"fr-FR\",\"@id\":\"https:\\\/\\\/hierostrasbourg.com\\\/#\\\/schema\\\/logo\\\/image\\\/\",\"url\":\"https:\\\/\\\/hierostrasbourg.com\\\/wp-content\\\/uploads\\\/2026\\\/04\\\/logo-hiero-strasbourg.jpg\",\"contentUrl\":\"https:\\\/\\\/hierostrasbourg.com\\\/wp-content\\\/uploads\\\/2026\\\/04\\\/logo-hiero-strasbourg.jpg\",\"width\":204,\"height\":192,\"caption\":\"F\u00e9d\u00e9ration Hi\u00e9ro Strasbourg\"},\"image\":{\"@id\":\"https:\\\/\\\/hierostrasbourg.com\\\/#\\\/schema\\\/logo\\\/image\\\/\"},\"sameAs\":[\"https:\\\/\\\/www.facebook.com\\\/fedehierostrasbourg\",\"https:\\\/\\\/x.com\\\/hierostrasbourg\"]}]}<\/script>\n<!-- \/ Yoast SEO plugin. -->","yoast_head_json":{"title":"LE MAILLON [Strasbourg] recrute un charg\u00e9 des relations avec le public [F\/H] - HIERO STRASBOURG","robots":{"index":"index","follow":"follow","max-snippet":"max-snippet:-1","max-image-preview":"max-image-preview:large","max-video-preview":"max-video-preview:-1"},"canonical":"https:\/\/hierostrasbourg.com\/index.php\/2022\/05\/12\/le-maillon-strasbourg-recrute-un-charge-des-relations-avec-le-public-f-h-2\/","og_locale":"fr_FR","og_type":"article","og_title":"LE MAILLON [Strasbourg] recrute un charg\u00e9 des relations avec le public [F\/H] - HIERO STRASBOURG","og_description":"Ce poste recouvre deux champs d\u2019actions la relation avec le public en direction des 18 \/ 25 ans notamment en lien avec les universit\u00e9s et les \u00e9tablissements post-bac ; la coordination de la mise en \u0153uvre de projets participatifs et exp\u00e9rimentaux dans le cadre de la \u00ab Fabrique d\u2019exp\u00e9riences \u00bb. Sous la responsabilit\u00e9 de la secr\u00e9taire g\u00e9n\u00e9rale, le\/la titulaire de ce poste assure la promotion de la programmation de la structure, notamment en direction des publics des diverses composantes de [&hellip;]","og_url":"https:\/\/hierostrasbourg.com\/index.php\/2022\/05\/12\/le-maillon-strasbourg-recrute-un-charge-des-relations-avec-le-public-f-h-2\/","og_site_name":"HIERO STRASBOURG","article_publisher":"https:\/\/www.facebook.com\/fedehierostrasbourg","article_published_time":"2022-05-12T18:30:51+00:00","twitter_card":"summary_large_image","twitter_creator":"@hierostrasbourg","twitter_site":"@hierostrasbourg","twitter_misc":{"Dur\u00e9e de lecture estim\u00e9e":"4 minutes"},"schema":{"@context":"https:\/\/schema.org","@graph":[{"@type":"Article","@id":"https:\/\/hierostrasbourg.com\/index.php\/2022\/05\/12\/le-maillon-strasbourg-recrute-un-charge-des-relations-avec-le-public-f-h-2\/#article","isPartOf":{"@id":"https:\/\/hierostrasbourg.com\/index.php\/2022\/05\/12\/le-maillon-strasbourg-recrute-un-charge-des-relations-avec-le-public-f-h-2\/"},"author":{"name":"","@id":""},"headline":"LE MAILLON [Strasbourg] recrute un charg\u00e9 des relations avec le public [F\/H]","datePublished":"2022-05-12T18:30:51+00:00","mainEntityOfPage":{"@id":"https:\/\/hierostrasbourg.com\/index.php\/2022\/05\/12\/le-maillon-strasbourg-recrute-un-charge-des-relations-avec-le-public-f-h-2\/"},"wordCount":776,"publisher":{"@id":"https:\/\/hierostrasbourg.com\/#organization"},"inLanguage":"fr-FR"},{"@type":"WebPage","@id":"https:\/\/hierostrasbourg.com\/index.php\/2022\/05\/12\/le-maillon-strasbourg-recrute-un-charge-des-relations-avec-le-public-f-h-2\/","url":"https:\/\/hierostrasbourg.com\/index.php\/2022\/05\/12\/le-maillon-strasbourg-recrute-un-charge-des-relations-avec-le-public-f-h-2\/","name":"LE MAILLON [Strasbourg] recrute un charg\u00e9 des relations avec le public [F\/H] - HIERO STRASBOURG","isPartOf":{"@id":"https:\/\/hierostrasbourg.com\/#website"},"datePublished":"2022-05-12T18:30:51+00:00","breadcrumb":{"@id":"https:\/\/hierostrasbourg.com\/index.php\/2022\/05\/12\/le-maillon-strasbourg-recrute-un-charge-des-relations-avec-le-public-f-h-2\/#breadcrumb"},"inLanguage":"fr-FR","potentialAction":[{"@type":"ReadAction","target":["https:\/\/hierostrasbourg.com\/index.php\/2022\/05\/12\/le-maillon-strasbourg-recrute-un-charge-des-relations-avec-le-public-f-h-2\/"]}]},{"@type":"BreadcrumbList","@id":"https:\/\/hierostrasbourg.com\/index.php\/2022\/05\/12\/le-maillon-strasbourg-recrute-un-charge-des-relations-avec-le-public-f-h-2\/#breadcrumb","itemListElement":[{"@type":"ListItem","position":1,"name":"Accueil","item":"https:\/\/hierostrasbourg.com\/"},{"@type":"ListItem","position":2,"name":"LE MAILLON [Strasbourg] recrute un charg\u00e9 des relations avec le public [F\/H]"}]},{"@type":"WebSite","@id":"https:\/\/hierostrasbourg.com\/#website","url":"https:\/\/hierostrasbourg.com\/","name":"HIERO STRASBOURG","description":"Centre de Ressources Musiques Actuelles","publisher":{"@id":"https:\/\/hierostrasbourg.com\/#organization"},"potentialAction":[{"@type":"SearchAction","target":{"@type":"EntryPoint","urlTemplate":"https:\/\/hierostrasbourg.com\/?s={search_term_string}"},"query-input":{"@type":"PropertyValueSpecification","valueRequired":true,"valueName":"search_term_string"}}],"inLanguage":"fr-FR"},{"@type":"Organization","@id":"https:\/\/hierostrasbourg.com\/#organization","name":"F\u00e9d\u00e9ration Hi\u00e9ro Strasbourg","url":"https:\/\/hierostrasbourg.com\/","logo":{"@type":"ImageObject","inLanguage":"fr-FR","@id":"https:\/\/hierostrasbourg.com\/#\/schema\/logo\/image\/","url":"https:\/\/hierostrasbourg.com\/wp-content\/uploads\/2026\/04\/logo-hiero-strasbourg.jpg","contentUrl":"https:\/\/hierostrasbourg.com\/wp-content\/uploads\/2026\/04\/logo-hiero-strasbourg.jpg","width":204,"height":192,"caption":"F\u00e9d\u00e9ration Hi\u00e9ro Strasbourg"},"image":{"@id":"https:\/\/hierostrasbourg.com\/#\/schema\/logo\/image\/"},"sameAs":["https:\/\/www.facebook.com\/fedehierostrasbourg","https:\/\/x.com\/hierostrasbourg"]}]}},"_links":{"self":[{"href":"https:\/\/hierostrasbourg.com\/index.php\/wp-json\/wp\/v2\/posts\/2545","targetHints":{"allow":["GET"]}}],"collection":[{"href":"https:\/\/hierostrasbourg.com\/index.php\/wp-json\/wp\/v2\/posts"}],"about":[{"href":"https:\/\/hierostrasbourg.com\/index.php\/wp-json\/wp\/v2\/types\/post"}],"replies":[{"embeddable":true,"href":"https:\/\/hierostrasbourg.com\/index.php\/wp-json\/wp\/v2\/comments?post=2545"}],"version-history":[{"count":0,"href":"https:\/\/hierostrasbourg.com\/index.php\/wp-json\/wp\/v2\/posts\/2545\/revisions"}],"wp:attachment":[{"href":"https:\/\/hierostrasbourg.com\/index.php\/wp-json\/wp\/v2\/media?parent=2545"}],"wp:term":[{"taxonomy":"category","embeddable":true,"href":"https:\/\/hierostrasbourg.com\/index.php\/wp-json\/wp\/v2\/categories?post=2545"},{"taxonomy":"post_tag","embeddable":true,"href":"https:\/\/hierostrasbourg.com\/index.php\/wp-json\/wp\/v2\/tags?post=2545"}],"curies":[{"name":"wp","href":"https:\/\/api.w.org\/{rel}","templated":true}]}}