{"id":2520,"date":"2022-05-10T20:31:11","date_gmt":"2022-05-10T18:31:11","guid":{"rendered":"https:\/\/hierostrasbourg.com\/index.php\/2022\/05\/10\/soutien-aux-festivals-2022\/"},"modified":"2022-05-10T20:31:11","modified_gmt":"2022-05-10T18:31:11","slug":"soutien-aux-festivals-2022","status":"publish","type":"post","link":"https:\/\/hierostrasbourg.com\/index.php\/2022\/05\/10\/soutien-aux-festivals-2022\/","title":{"rendered":"Soutien aux festivals 2022"},"content":{"rendered":"<p>Vous avez jusqu\u2019au 31 ao\u00fbt 2022 pour remplir le dossier de demande d\u2019aide de soutien au festival \u00e0 l\u2019aide du formulaire national disponible sur l\u2019application \u201cd\u00e9marches simplifi\u00e9es\u201d.<\/p>\n<h2>Soutien au festival dans le champ de la cr\u00e9ation (spectacle vivant et arts visuels) 2022<\/h2>\n<p>La DRAC Grand Est instruit les dossiers pour les festivals de la r\u00e9gion et est \u00e0 votre disposition pour r\u00e9pondre aux \u00e9ventuelles questions.<\/p>\n<p>Trois types d\u2019aides sont possibles :<\/p>\n<p>une aide ponctuelle ;<br \/>\nune aide triennale ;<br \/>\nune aide transversale.<\/p>\n<p>Tout organisateur de festival qui r\u00e9pond aux conditions d\u2019\u00e9ligibilit\u00e9 fix\u00e9es par le minist\u00e8re de la Culture dans le cadre des \u201cPrincipes d\u2019engagement de l\u2019\u00c9tat en faveur des festivals\u201d et remplit les crit\u00e8res d\u2019intervention pr\u00e9vus par ce texte peut solliciter une aide financi\u00e8re.<\/p>\n<p>Pour solliciter le soutien du minist\u00e8re de la Culture, un festival doit r\u00e9pondre \u00e0 la d\u00e9finition suivante :<\/p>\n<p>\u00eatre une manifestation circonscrite dans le temps et dans l\u2019espace ;<br \/>\nd\u00e9velopper un projet artistique et culturel dans une logique \u00e9ditoriale de programmation formant une unit\u00e9.<\/p>\n<h2>Pr\u00e9sentation du dispositif<\/h2>\n<p>Les crit\u00e8res d\u2019\u00e9ligibilit\u00e9, les modalit\u00e9s d\u2019attribution et d\u2019instruction, le calendrier\u2026 sont pr\u00e9sent\u00e9s sur la page nationale du dispositif\u00a0:<\/p>\n<h4>PR\u00c9SENTATION DU DISPOSITIF<\/h4>\n<p>Les crit\u00e8res d\u2019\u00e9ligibilit\u00e9, les modalit\u00e9s d\u2019attribution et d\u2019instruction, le calendrier\u2026 sont pr\u00e9sent\u00e9s sur la page nationale du dispositif\u00a0:<\/p>\n<h2>Calendrier<\/h2>\n<p>La date limite de d\u00e9p\u00f4t est le 31 ao\u00fbt 2022 (23h59, heure de Paris)<\/p>\n<h2>D\u00e9poser une demande<\/h2>\n<p>Le formulaire de d\u00e9p\u00f4t de demande est disponible sur le site \u00ab<a href=\"https:\/\/www.demarches-simplifiees.fr\/commencer\/soutien-festivals\">\u00a0demarches-simplifies<\/a>\u00a0\u00bb<\/p>\n<p>Pour r\u00e9pondre aux besoins de d\u00e9veloppement et de structuration des festivals, accompagner leurs transitions et encourager leurs innovations et prises de risques artistiques, le minist\u00e8re de la Culture leur apporte une aide financi\u00e8re \u00e0 certaines conditions.<\/p>\n<h2>Pr\u00e9sentation du dispositif<\/h2>\n<h4>Qu\u2019est-ce qu\u2019un festival ?<\/h4>\n<p>Est entendu par festival, une manifestation circonscrite dans le temps et dans l\u2019espace, qui d\u00e9veloppe un projet artistique et culturel dans une logique \u00e9ditoriale de programmation formant une unit\u00e9, reposant sur trois crit\u00e8res :<\/p>\n<p>La programmation d\u2019\u0153uvres artistiques et de cr\u00e9ations propos\u00e9e majoritairement par des professionnels ;<br \/>\nUne dur\u00e9e d\u00e9finie et une r\u00e9currence dans le temps, qu\u2019elle soit annuelle, biennale, etc. ;<br \/>\nUn ancrage territorial.<\/p>\n<h4>Qu\u2019est-ce que le soutien aux festivals dans le champ de la cr\u00e9ation artistique ?<\/h4>\n<p>Tout organisateur de festival dans le champ de la cr\u00e9ation (spectacle vivant et arts visuels) qui r\u00e9pond aux conditions d\u2019\u00e9ligibilit\u00e9 fix\u00e9es par le minist\u00e8re de la Culture dans le cadre des \u201cPrincipes d\u2019engagement de l\u2019\u00c9tat en faveur des festivals\u201d et remplit les crit\u00e8res d\u2019intervention pr\u00e9vus par ce texte peut solliciter une aide financi\u00e8re en renseignant ce formulaire.<\/p>\n<p>Trois types d\u2019aide sont pr\u00e9vues : une aide ponctuelle, une aide triennale et une aide transversale. Afin de pouvoir en b\u00e9n\u00e9ficier, un festival doit obligatoirement r\u00e9pondre \u00e0 des crit\u00e8res d\u2019\u00e9ligibilit\u00e9 et contribuer \u00e0 au moins deux enjeux dans chacun des champs suivants : artistique, coop\u00e9ration et structuration des fili\u00e8res professionnelles, inscription territoriale et d\u2019accessibilit\u00e9 et ouverture aux publics.<\/p>\n<p>Aucune demande n\u2019ouvre un droit automatique \u00e0 une subvention. Il est, en outre, demand\u00e9 au porteur de projet de b\u00e9n\u00e9ficier d\u2019au moins un autre financement public. Chaque DRAC ou DAC territorialement comp\u00e9tente est en charge de l\u2019instruction et du suivi des demandes, selon les modalit\u00e9s qu\u2019elle d\u00e9termine.<\/p>\n<h4>Suis-je concern\u00e9(e) par cette d\u00e9marche ?<\/h4>\n<p>Pour solliciter le soutien du minist\u00e8re de la Culture, un festival doit r\u00e9pondre \u00e0 la d\u00e9finition suivante : \u00eatre une manifestation circonscrite dans le temps et dans l\u2019espace, qui d\u00e9veloppe un projet artistique et culturel dans une logique \u00e9ditoriale de programmation formant une unit\u00e9.<\/p>\n<h2>Crit\u00e8res d\u2019\u00e9ligibilit\u00e9 du demandeur<\/h2>\n<p>Le festival doit \u00e9galement r\u00e9pondre \u00e0\u00a0trois crit\u00e8res principaux :<\/p>\n<p>La programmation d\u2019\u0153uvres artistiques et de cr\u00e9ations propos\u00e9e majoritairement par des professionnels ;<br \/>\nUne dur\u00e9e d\u00e9finie et une r\u00e9currence dans le temps, qu\u2019elle soit annuelle, biennale, etc. ;<br \/>\nUn ancrage territorial.<\/p>\n<p>Et r\u00e9pondre \u00e0 l\u2019ensemble des conditions suivantes :<\/p>\n<p>Pr\u00e9senter un projet artistique et culturel d\u2019int\u00e9r\u00eat g\u00e9n\u00e9ral<br \/>\nAvoir r\u00e9alis\u00e9 au moins deux \u00e9ditions pr\u00e9alablement<br \/>\nD\u00e9velopper une programmation dont l\u2019ind\u00e9pendance et la libert\u00e9 de cr\u00e9ation et de programmation sont garanties, par une direction artistique assurant la gestion autonome d\u2019un budget d\u00e9di\u00e9<br \/>\nRespecter la r\u00e9glementation en mati\u00e8re d\u2019emploi et de droit du travail, de s\u00e9curit\u00e9 et de sant\u00e9, d\u2019environnement, et ce, pour toute personne concourant \u00e0 la r\u00e9alisation de la manifestation, salari\u00e9e ou b\u00e9n\u00e9vole, et quel que soit son statut<br \/>\nGarantir une juste r\u00e9mun\u00e9ration des artistes et des auteurs, ainsi que le respect du droit de la propri\u00e9t\u00e9 intellectuelle<br \/>\nFavoriser l\u2019\u00e9gal acc\u00e8s des femmes et des hommes aux programmations artistiques ainsi qu\u2019aux moyens de soutien \u00e0 la cr\u00e9ation<br \/>\nAvoir engag\u00e9 une d\u00e9marche de pr\u00e9vention et de lutte contre les violences sexistes et sexuelles conform\u00e9ment aux plans d\u00e9velopp\u00e9s par le minist\u00e8re de la Culture et ses op\u00e9rateurs<br \/>\nPromouvoir la diversit\u00e9, l\u2019\u00e9galit\u00e9 et la lutte contre les discriminations<br \/>\nRespecter les principes de la \u00ab Charte de d\u00e9veloppement durable pour les festivals \u00bb annex\u00e9e \u00e0 ce texte, par la mise en place d\u2019actions durables et responsables pour lesquelles l\u2019\u00c9tat peut apporter son soutien.<\/p>\n<p>Par ailleurs, l\u2019engagement du minist\u00e8re de la Culture concernant le soutien aux festivals organis\u00e9s dans les territoires ultramarins prendra en compte :<\/p>\n<p>La situation g\u00e9ographique de ces territoires dont l\u2019\u00e9loignement g\u00e9n\u00e8re des co\u00fbts de transport suppl\u00e9mentaires pour les artistes, ainsi qu\u2019une \u00e9conomie particuli\u00e8re<br \/>\nLes manifestations sp\u00e9cifiques telles que les carnavals ou les \u00e9v\u00e8nements artistiques qui mettent en valeur les formes artistiques contemporaines du patrimoine culturel immat\u00e9riel<\/p>\n<h4>Festivals de musique et de vari\u00e9t\u00e9 :<\/h4>\n<p>Les DRAC et DAC peuvent apporter leur aide aux festivals de musique\u00a0hors champ de la taxe, au titre des aides ponctuelles ou triennales, sous r\u00e9serve d\u2019\u00e9ligibilit\u00e9 en r\u00e9f\u00e9rence aux Principes d\u2019engagement de l\u2019\u00c9tat.<br \/>\nPar ailleurs, les DRAC et DAC peuvent soutenir certains festivals entrant dans le champ de la taxe d\u00e8s lors que ce soutien est justifi\u00e9 au regard du r\u00f4le structurant, jou\u00e9 par la manifestation, en termes artistiques et\/ou de relation aux populations, en application des Principes d\u2019engagement de l\u2019\u00c9tat au sein du territoire consid\u00e9r\u00e9.<\/p>\n<p>Le Centre national de la Musique (CNM) peut apporter son aide aux festivals\u00a0relevant de la taxe sur les spectacles\u00a0selon les modalit\u00e9s pr\u00e9vues dans son r\u00e8glement g\u00e9n\u00e9ral des aides. Cette \u00ab aide aux festivals \u00bb, encadr\u00e9e par l\u2019article 26 de ce r\u00e8glement, vise \u00e0 soutenir les festivals \u00e9voluant dans un cadre professionnel, contribuant \u00e0 l\u2019int\u00e9r\u00eat g\u00e9n\u00e9ral de la profession et pr\u00e9sentant une certaine prise de risque artistique et \u00e9conomique :\u00a0https:\/\/cnm.fr\/aides\/spectacle-vivant\/aide-aux-festivals\/.<br \/>\nPar ailleurs, le CNM peut soutenir l\u2019ensemble des festivals de musique au titre des aides transversales\u00a0pr\u00e9vues par les Principes d\u2019engagement de l\u2019\u00c9tat en faveur des festivals. En 2022, les aides d\u00e9velopp\u00e9es par l\u2019\u00e9tablissement concernent l\u2019\u00e9galit\u00e9 femmes-hommes, la transition num\u00e9rique, la transition \u00e9cologique (juillet 2022) et, pour les festivals dans le champ de la taxe, la mise en place d\u2019un bonus RSE (deuxi\u00e8me semestre 2022) :\u00a0https:\/\/cnm.fr\/aides\/aides-transversales-dinteret-general\/.<\/p>\n<p>L\u2019ensemble des aides apport\u00e9es aux festivals de musique fait l\u2019objet d\u2019un\u00a0dialogue approfondi\u00a0entre le CNM et les DRAC et DAC.<\/p>\n<h2>Crit\u00e8res de non-\u00e9ligibilit\u00e9<\/h2>\n<p>Avoir r\u00e9alis\u00e9 moins de deux \u00e9ditions pr\u00e9alablement au d\u00e9p\u00f4t de la demande<br \/>\nNe pas justifier du soutien d\u2019au moins un autre partenaire public<br \/>\nNe pas respecter les engagements pris en mati\u00e8re de lutte contre les VHSS, condition n\u00e9cessaire \u00e0 la recevabilit\u00e9 de la demande. Cette condition est examin\u00e9e au moment du d\u00e9p\u00f4t de la demande de subvention, dans le cadre de l\u2019instruction par les services de la DRAC ou de la DAC, \u00e0 l\u2019appui de la pr\u00e9sentation du dispositif existant mis en place par la structure pour pr\u00e9venir et traiter les VHSS et du formulaire d\u2019engagement sur l\u2019honneur de la structure demandeuse.<br \/>\nPour les festivals de musique et de vari\u00e9t\u00e9, se reporter aux crit\u00e8res d\u2019\u00e9ligibilit\u00e9<\/p>\n<h2>Proc\u00e9dure<\/h2>\n<p>Modalit\u00e9s d\u2019attribution de la subvention<br \/>\nLa subvention est vers\u00e9e par la DRAC ou la DAC territorialement comp\u00e9tente. Chaque DRAC ou DAC \u00e9tablit son calendrier et ses modalit\u00e9s d\u2019instruction et de s\u00e9lection des dossiers ainsi que de versement des aides.<\/p>\n<h2>Calendrier<\/h2>\n<p>Date limite de d\u00e9p\u00f4t des demandes : 31 ao\u00fbt 2022, \u00e0 23h59 (heure de Paris).\u00a0Aucun dossier ne pourra \u00eatre pris en compte pass\u00e9 cette date.<br \/>\nDate d\u2019annonce des r\u00e9sultats : Se reporter au site de la DRAC ou de la DAC concern\u00e9e.<br \/>\nMode de communication des r\u00e9sultats : Les r\u00e9sultats seront communiqu\u00e9s par la DRAC ou la DAC comp\u00e9tente.<\/p>\n<h2>Comment d\u00e9poser un dossier ?<\/h2>\n<p>Pour acc\u00e9der au formulaire en ligne, cliquez sur le bouton \u201cAcc\u00e9der au formulaire\u201d en bas de page.<br \/>\nConnectez-vous ou cr\u00e9ez un compte, puis laissez-vous guider.<\/p>\n<h2>Une question ?<\/h2>\n<p>Pour toute question sur les\u00a0modalit\u00e9s de d\u00e9p\u00f4t\u00a0de votre dossier, vous \u00eates invit\u00e9s \u00e0 vous adresser \u00e0 votre DRAC\/DAC, dont les coordonn\u00e9es figurent ci-dessous.<\/p>\n<h4>Grand Est<\/h4>\n<p>Nous vous remercions de bien vouloir adresser vos \u00e9ventuelles questions sur le fonds de soutien aux festivals en Grand Est \u00e0\u00a0peggy.rougeaux@culture.gouv.fr\u00a0;\u00a0anne.iacuzzo@culture.gouv.fr\u00a0ou\u00a0marie-claude.nicolas@culture.gouv.fr.<\/p>\n<p>L\u2019article <a href=\"https:\/\/popburo.fr\/soutien-aux-festivals-2022\/\">Soutien aux festivals 2022<\/a> est apparu en premier sur <a href=\"https:\/\/popburo.fr\/\">POP B\u00dcRO<\/a>.<\/p>\n","protected":false},"excerpt":{"rendered":"<p>Vous avez jusqu\u2019au 31 ao\u00fbt 2022 pour remplir le dossier de demande d\u2019aide de soutien au festival \u00e0 l\u2019aide du formulaire national disponible sur l\u2019application \u201cd\u00e9marches simplifi\u00e9es\u201d. Soutien au festival dans le champ de la cr\u00e9ation (spectacle vivant et arts visuels) 2022 La DRAC Grand Est instruit les dossiers pour les festivals de la r\u00e9gion et est \u00e0 votre disposition pour r\u00e9pondre aux \u00e9ventuelles questions. Trois types d\u2019aides sont possibles : une aide ponctuelle ; une aide triennale ; une [&hellip;]<\/p>\n","protected":false},"author":0,"featured_media":0,"comment_status":"closed","ping_status":"open","sticky":false,"template":"","format":"standard","meta":{"footnotes":""},"categories":[1],"tags":[],"class_list":["post-2520","post","type-post","status-publish","format-standard","hentry","category-non-classe"],"yoast_head":"<!-- This site is optimized with the Yoast SEO plugin v27.4 - https:\/\/yoast.com\/product\/yoast-seo-wordpress\/ -->\n<title>Soutien aux festivals 2022 - HIERO STRASBOURG<\/title>\n<meta name=\"robots\" content=\"index, follow, max-snippet:-1, max-image-preview:large, max-video-preview:-1\" \/>\n<link rel=\"canonical\" href=\"https:\/\/hierostrasbourg.com\/index.php\/2022\/05\/10\/soutien-aux-festivals-2022\/\" \/>\n<meta property=\"og:locale\" content=\"fr_FR\" \/>\n<meta property=\"og:type\" content=\"article\" \/>\n<meta property=\"og:title\" content=\"Soutien aux festivals 2022 - HIERO STRASBOURG\" \/>\n<meta property=\"og:description\" content=\"Vous avez jusqu\u2019au 31 ao\u00fbt 2022 pour remplir le dossier de demande d\u2019aide de soutien au festival \u00e0 l\u2019aide du formulaire national disponible sur l\u2019application \u201cd\u00e9marches simplifi\u00e9es\u201d. Soutien au festival dans le champ de la cr\u00e9ation (spectacle vivant et arts visuels) 2022 La DRAC Grand Est instruit les dossiers pour les festivals de la r\u00e9gion et est \u00e0 votre disposition pour r\u00e9pondre aux \u00e9ventuelles questions. Trois types d\u2019aides sont possibles : une aide ponctuelle ; une aide triennale ; une [&hellip;]\" \/>\n<meta property=\"og:url\" content=\"https:\/\/hierostrasbourg.com\/index.php\/2022\/05\/10\/soutien-aux-festivals-2022\/\" \/>\n<meta property=\"og:site_name\" content=\"HIERO STRASBOURG\" \/>\n<meta property=\"article:publisher\" content=\"https:\/\/www.facebook.com\/fedehierostrasbourg\" \/>\n<meta property=\"article:published_time\" content=\"2022-05-10T18:31:11+00:00\" \/>\n<meta name=\"twitter:card\" content=\"summary_large_image\" \/>\n<meta name=\"twitter:creator\" content=\"@hierostrasbourg\" \/>\n<meta name=\"twitter:site\" content=\"@hierostrasbourg\" \/>\n<meta name=\"twitter:label1\" content=\"Dur\u00e9e de lecture estim\u00e9e\" \/>\n\t<meta name=\"twitter:data1\" content=\"8 minutes\" \/>\n<script type=\"application\/ld+json\" class=\"yoast-schema-graph\">{\"@context\":\"https:\\\/\\\/schema.org\",\"@graph\":[{\"@type\":\"Article\",\"@id\":\"https:\\\/\\\/hierostrasbourg.com\\\/index.php\\\/2022\\\/05\\\/10\\\/soutien-aux-festivals-2022\\\/#article\",\"isPartOf\":{\"@id\":\"https:\\\/\\\/hierostrasbourg.com\\\/index.php\\\/2022\\\/05\\\/10\\\/soutien-aux-festivals-2022\\\/\"},\"author\":{\"name\":\"\",\"@id\":\"\"},\"headline\":\"Soutien aux festivals 2022\",\"datePublished\":\"2022-05-10T18:31:11+00:00\",\"mainEntityOfPage\":{\"@id\":\"https:\\\/\\\/hierostrasbourg.com\\\/index.php\\\/2022\\\/05\\\/10\\\/soutien-aux-festivals-2022\\\/\"},\"wordCount\":1678,\"publisher\":{\"@id\":\"https:\\\/\\\/hierostrasbourg.com\\\/#organization\"},\"inLanguage\":\"fr-FR\"},{\"@type\":\"WebPage\",\"@id\":\"https:\\\/\\\/hierostrasbourg.com\\\/index.php\\\/2022\\\/05\\\/10\\\/soutien-aux-festivals-2022\\\/\",\"url\":\"https:\\\/\\\/hierostrasbourg.com\\\/index.php\\\/2022\\\/05\\\/10\\\/soutien-aux-festivals-2022\\\/\",\"name\":\"Soutien aux festivals 2022 - HIERO STRASBOURG\",\"isPartOf\":{\"@id\":\"https:\\\/\\\/hierostrasbourg.com\\\/#website\"},\"datePublished\":\"2022-05-10T18:31:11+00:00\",\"breadcrumb\":{\"@id\":\"https:\\\/\\\/hierostrasbourg.com\\\/index.php\\\/2022\\\/05\\\/10\\\/soutien-aux-festivals-2022\\\/#breadcrumb\"},\"inLanguage\":\"fr-FR\",\"potentialAction\":[{\"@type\":\"ReadAction\",\"target\":[\"https:\\\/\\\/hierostrasbourg.com\\\/index.php\\\/2022\\\/05\\\/10\\\/soutien-aux-festivals-2022\\\/\"]}]},{\"@type\":\"BreadcrumbList\",\"@id\":\"https:\\\/\\\/hierostrasbourg.com\\\/index.php\\\/2022\\\/05\\\/10\\\/soutien-aux-festivals-2022\\\/#breadcrumb\",\"itemListElement\":[{\"@type\":\"ListItem\",\"position\":1,\"name\":\"Accueil\",\"item\":\"https:\\\/\\\/hierostrasbourg.com\\\/\"},{\"@type\":\"ListItem\",\"position\":2,\"name\":\"Soutien aux festivals 2022\"}]},{\"@type\":\"WebSite\",\"@id\":\"https:\\\/\\\/hierostrasbourg.com\\\/#website\",\"url\":\"https:\\\/\\\/hierostrasbourg.com\\\/\",\"name\":\"HIERO STRASBOURG\",\"description\":\"Centre de Ressources Musiques Actuelles\",\"publisher\":{\"@id\":\"https:\\\/\\\/hierostrasbourg.com\\\/#organization\"},\"potentialAction\":[{\"@type\":\"SearchAction\",\"target\":{\"@type\":\"EntryPoint\",\"urlTemplate\":\"https:\\\/\\\/hierostrasbourg.com\\\/?s={search_term_string}\"},\"query-input\":{\"@type\":\"PropertyValueSpecification\",\"valueRequired\":true,\"valueName\":\"search_term_string\"}}],\"inLanguage\":\"fr-FR\"},{\"@type\":\"Organization\",\"@id\":\"https:\\\/\\\/hierostrasbourg.com\\\/#organization\",\"name\":\"F\u00e9d\u00e9ration Hi\u00e9ro Strasbourg\",\"url\":\"https:\\\/\\\/hierostrasbourg.com\\\/\",\"logo\":{\"@type\":\"ImageObject\",\"inLanguage\":\"fr-FR\",\"@id\":\"https:\\\/\\\/hierostrasbourg.com\\\/#\\\/schema\\\/logo\\\/image\\\/\",\"url\":\"https:\\\/\\\/hierostrasbourg.com\\\/wp-content\\\/uploads\\\/2026\\\/04\\\/logo-hiero-strasbourg.jpg\",\"contentUrl\":\"https:\\\/\\\/hierostrasbourg.com\\\/wp-content\\\/uploads\\\/2026\\\/04\\\/logo-hiero-strasbourg.jpg\",\"width\":204,\"height\":192,\"caption\":\"F\u00e9d\u00e9ration Hi\u00e9ro Strasbourg\"},\"image\":{\"@id\":\"https:\\\/\\\/hierostrasbourg.com\\\/#\\\/schema\\\/logo\\\/image\\\/\"},\"sameAs\":[\"https:\\\/\\\/www.facebook.com\\\/fedehierostrasbourg\",\"https:\\\/\\\/x.com\\\/hierostrasbourg\"]}]}<\/script>\n<!-- \/ Yoast SEO plugin. -->","yoast_head_json":{"title":"Soutien aux festivals 2022 - HIERO STRASBOURG","robots":{"index":"index","follow":"follow","max-snippet":"max-snippet:-1","max-image-preview":"max-image-preview:large","max-video-preview":"max-video-preview:-1"},"canonical":"https:\/\/hierostrasbourg.com\/index.php\/2022\/05\/10\/soutien-aux-festivals-2022\/","og_locale":"fr_FR","og_type":"article","og_title":"Soutien aux festivals 2022 - HIERO STRASBOURG","og_description":"Vous avez jusqu\u2019au 31 ao\u00fbt 2022 pour remplir le dossier de demande d\u2019aide de soutien au festival \u00e0 l\u2019aide du formulaire national disponible sur l\u2019application \u201cd\u00e9marches simplifi\u00e9es\u201d. Soutien au festival dans le champ de la cr\u00e9ation (spectacle vivant et arts visuels) 2022 La DRAC Grand Est instruit les dossiers pour les festivals de la r\u00e9gion et est \u00e0 votre disposition pour r\u00e9pondre aux \u00e9ventuelles questions. Trois types d\u2019aides sont possibles : une aide ponctuelle ; une aide triennale ; une [&hellip;]","og_url":"https:\/\/hierostrasbourg.com\/index.php\/2022\/05\/10\/soutien-aux-festivals-2022\/","og_site_name":"HIERO STRASBOURG","article_publisher":"https:\/\/www.facebook.com\/fedehierostrasbourg","article_published_time":"2022-05-10T18:31:11+00:00","twitter_card":"summary_large_image","twitter_creator":"@hierostrasbourg","twitter_site":"@hierostrasbourg","twitter_misc":{"Dur\u00e9e de lecture estim\u00e9e":"8 minutes"},"schema":{"@context":"https:\/\/schema.org","@graph":[{"@type":"Article","@id":"https:\/\/hierostrasbourg.com\/index.php\/2022\/05\/10\/soutien-aux-festivals-2022\/#article","isPartOf":{"@id":"https:\/\/hierostrasbourg.com\/index.php\/2022\/05\/10\/soutien-aux-festivals-2022\/"},"author":{"name":"","@id":""},"headline":"Soutien aux festivals 2022","datePublished":"2022-05-10T18:31:11+00:00","mainEntityOfPage":{"@id":"https:\/\/hierostrasbourg.com\/index.php\/2022\/05\/10\/soutien-aux-festivals-2022\/"},"wordCount":1678,"publisher":{"@id":"https:\/\/hierostrasbourg.com\/#organization"},"inLanguage":"fr-FR"},{"@type":"WebPage","@id":"https:\/\/hierostrasbourg.com\/index.php\/2022\/05\/10\/soutien-aux-festivals-2022\/","url":"https:\/\/hierostrasbourg.com\/index.php\/2022\/05\/10\/soutien-aux-festivals-2022\/","name":"Soutien aux festivals 2022 - HIERO STRASBOURG","isPartOf":{"@id":"https:\/\/hierostrasbourg.com\/#website"},"datePublished":"2022-05-10T18:31:11+00:00","breadcrumb":{"@id":"https:\/\/hierostrasbourg.com\/index.php\/2022\/05\/10\/soutien-aux-festivals-2022\/#breadcrumb"},"inLanguage":"fr-FR","potentialAction":[{"@type":"ReadAction","target":["https:\/\/hierostrasbourg.com\/index.php\/2022\/05\/10\/soutien-aux-festivals-2022\/"]}]},{"@type":"BreadcrumbList","@id":"https:\/\/hierostrasbourg.com\/index.php\/2022\/05\/10\/soutien-aux-festivals-2022\/#breadcrumb","itemListElement":[{"@type":"ListItem","position":1,"name":"Accueil","item":"https:\/\/hierostrasbourg.com\/"},{"@type":"ListItem","position":2,"name":"Soutien aux festivals 2022"}]},{"@type":"WebSite","@id":"https:\/\/hierostrasbourg.com\/#website","url":"https:\/\/hierostrasbourg.com\/","name":"HIERO STRASBOURG","description":"Centre de Ressources Musiques Actuelles","publisher":{"@id":"https:\/\/hierostrasbourg.com\/#organization"},"potentialAction":[{"@type":"SearchAction","target":{"@type":"EntryPoint","urlTemplate":"https:\/\/hierostrasbourg.com\/?s={search_term_string}"},"query-input":{"@type":"PropertyValueSpecification","valueRequired":true,"valueName":"search_term_string"}}],"inLanguage":"fr-FR"},{"@type":"Organization","@id":"https:\/\/hierostrasbourg.com\/#organization","name":"F\u00e9d\u00e9ration Hi\u00e9ro Strasbourg","url":"https:\/\/hierostrasbourg.com\/","logo":{"@type":"ImageObject","inLanguage":"fr-FR","@id":"https:\/\/hierostrasbourg.com\/#\/schema\/logo\/image\/","url":"https:\/\/hierostrasbourg.com\/wp-content\/uploads\/2026\/04\/logo-hiero-strasbourg.jpg","contentUrl":"https:\/\/hierostrasbourg.com\/wp-content\/uploads\/2026\/04\/logo-hiero-strasbourg.jpg","width":204,"height":192,"caption":"F\u00e9d\u00e9ration Hi\u00e9ro Strasbourg"},"image":{"@id":"https:\/\/hierostrasbourg.com\/#\/schema\/logo\/image\/"},"sameAs":["https:\/\/www.facebook.com\/fedehierostrasbourg","https:\/\/x.com\/hierostrasbourg"]}]}},"_links":{"self":[{"href":"https:\/\/hierostrasbourg.com\/index.php\/wp-json\/wp\/v2\/posts\/2520","targetHints":{"allow":["GET"]}}],"collection":[{"href":"https:\/\/hierostrasbourg.com\/index.php\/wp-json\/wp\/v2\/posts"}],"about":[{"href":"https:\/\/hierostrasbourg.com\/index.php\/wp-json\/wp\/v2\/types\/post"}],"replies":[{"embeddable":true,"href":"https:\/\/hierostrasbourg.com\/index.php\/wp-json\/wp\/v2\/comments?post=2520"}],"version-history":[{"count":0,"href":"https:\/\/hierostrasbourg.com\/index.php\/wp-json\/wp\/v2\/posts\/2520\/revisions"}],"wp:attachment":[{"href":"https:\/\/hierostrasbourg.com\/index.php\/wp-json\/wp\/v2\/media?parent=2520"}],"wp:term":[{"taxonomy":"category","embeddable":true,"href":"https:\/\/hierostrasbourg.com\/index.php\/wp-json\/wp\/v2\/categories?post=2520"},{"taxonomy":"post_tag","embeddable":true,"href":"https:\/\/hierostrasbourg.com\/index.php\/wp-json\/wp\/v2\/tags?post=2520"}],"curies":[{"name":"wp","href":"https:\/\/api.w.org\/{rel}","templated":true}]}}