{"id":2518,"date":"2022-05-10T19:32:32","date_gmt":"2022-05-10T17:32:32","guid":{"rendered":"https:\/\/hierostrasbourg.com\/index.php\/2022\/05\/10\/la-ville-de-brumath-recrute-un-charge-de-developpement-culturel-et-vie-associative-f-h-2\/"},"modified":"2022-05-10T19:32:32","modified_gmt":"2022-05-10T17:32:32","slug":"la-ville-de-brumath-recrute-un-charge-de-developpement-culturel-et-vie-associative-f-h-2","status":"publish","type":"post","link":"https:\/\/hierostrasbourg.com\/index.php\/2022\/05\/10\/la-ville-de-brumath-recrute-un-charge-de-developpement-culturel-et-vie-associative-f-h-2\/","title":{"rendered":"LA VILLE DE BRUMATH recrute un charg\u00e9 de d\u00e9veloppement culturel et vie associative [F\/H]"},"content":{"rendered":"<p>Situ\u00e9e au Nord de l\u2019Alsace dans le D\u00e9partement du Bas-Rhin \u00e0 17 km de Strasbourg, la Ville de Brumath compte, selon l\u2019INSEE, plus de 10 000 habitants. Depuis le 1er janvier 2017, elle fait partie de la Communaut\u00e9 d\u2019Agglom\u00e9ration de Haguenau. Brumath est une ville dynamique qui a de nombreux projets en cours tels que la redynamisation de son centre-ville, le d\u00e9veloppement du quartier de la Scierie (construction de 500 logements, cr\u00e9ation d\u2019un \u00e9co-parc urbain, \u2026) et de la Smart City.<\/p>\n<p>Sous l\u2019autorit\u00e9 du Directeur de la Vie Associative du Sport et de la Culture et en liaison avec l\u2019Adjointe au Maire charg\u00e9e de la culture et de l\u2019animation, vous participez \u00e0 la mise en \u0153uvre strat\u00e9gique en mati\u00e8re de politique publique de la vie associative et des activit\u00e9s culturelles.<\/p>\n<h2>Missions<\/h2>\n<p>\u00a0Aide \u00e0 la d\u00e9finition des orientations strat\u00e9giques,<br \/>\nMise en \u0153uvre des orientations, \u00e9laboration et proposition de projets culturels et artistiques, animation et gestion de la politique culturelle,<br \/>\nContribution \u00e0 la d\u00e9finition et proposition des relations contractuelles et partenariales avec les acteurs culturels (conventions, chartes, r\u00e8glements),<br \/>\nMise en \u0153uvre, animation et \u00e9valuation des relations contractuelles et partenariales (r\u00e8gles et crit\u00e8res d\u2019attribution des subventions, aides directes et indirectes),<br \/>\nOrganisation, mise en \u0153uvre et valorisation des manifestations, \u00e9quipements, projets artistiques, culturels, patrimoniaux et territoriaux,<br \/>\nAccueil des artistes, des techniciens et partenaires, du public,<br \/>\nR\u00e9daction de la communication relative aux manifestations culturelles,<br \/>\nConseil et accompagnement des acteurs de la vie associative et des porteurs de projets,<br \/>\nPr\u00e9paration et suivi du budget en mati\u00e8re culturelle, pilotage des subventions financi\u00e8res vers\u00e9es aux associations culturelles,<br \/>\nMissions administratives au sein de la Direction de la Vie Associative, du Sport et de la Culture,<br \/>\nProgrammation et gestion de l\u2019utilisation des \u00e9quipements (d\u00e9finition et ma\u00eetrise de la programmation, optimisation de la gestion et de l\u2019utilisation des \u00e9quipements culturels, r\u00e9daction des contrats de location, facturation),<br \/>\nEtablissement du calendrier des manifestations culturelles, associatives de la collectivit\u00e9,<br \/>\nVeille juridique dans les secteurs culturel et associatif.<\/p>\n<h2>Profils recherch\u00e9s<\/h2>\n<p>Formation sup\u00e9rieure ou exp\u00e9rience \u00e9quivalente dans le domaine culturel ou d\u2019animation,<br \/>\nMa\u00eetrise de la r\u00e9glementation en la mati\u00e8re,<br \/>\nMa\u00eetrise de la conduite de projets, respect des \u00e9ch\u00e9ances et des objectifs fix\u00e9s,<br \/>\nCapacit\u00e9 d\u2019innovation, force de proposition,<br \/>\nCapacit\u00e9 r\u00e9dactionnelle,<br \/>\nGrande disponibilit\u00e9, r\u00e9activit\u00e9, organisation et rigueur,<br \/>\nConnaissances en mati\u00e8re de r\u00e9gies techniques (son, lumi\u00e8re,\u2026) seront appr\u00e9ci\u00e9es,<br \/>\nBon relationnel (\u00e9lus, Direction G\u00e9n\u00e9rale, ensemble des services, associations et population),<br \/>\nAvoir le sens du service public.<\/p>\n<p>Horaires d\u00e9cal\u00e9s en cas de manifestations (soirs \/ week-end).<br \/>\nD\u00e9placements \u00e0 pr\u00e9voir sur le territoire de Brumath.<br \/>\nTemps de travail. :35h00 hebdomadaire<br \/>\nR\u00e9mun\u00e9ration statutaire, r\u00e9gime indemnitaire, prime de fin d\u2019ann\u00e9e, CNAS\/GAS.<br \/>\nParticipation employeur au financement de la sant\u00e9 et de la pr\u00e9voyance.<\/p>\n<p>Poste \u00e0 pourvoir le 01\/07\/2022<br \/>\nDate limite de candidature 30\/05\/2022<\/p>\n<p>Merci d\u2019adresser lettre de motivation + CV \u00e0 l\u2019adresse suivante : Monsieur le Maire de la Ville de Brumath \u2013 4, rue Jacques Kabl\u00e9 \u2013 67171 BRUMATH Cedex ou par messagerie : rh@brumath.fr.<\/p>\n<p>L\u2019article <a href=\"https:\/\/popburo.fr\/la-ville-de-brumath-recrute-un-charge-de-developpement-culturel-et-vie-associative-f-h\/\">LA VILLE DE BRUMATH recrute un charg\u00e9 de d\u00e9veloppement culturel et vie associative [F\/H]<\/a> est apparu en premier sur <a href=\"https:\/\/popburo.fr\/\">POP B\u00dcRO<\/a>.<\/p>\n","protected":false},"excerpt":{"rendered":"<p>Situ\u00e9e au Nord de l\u2019Alsace dans le D\u00e9partement du Bas-Rhin \u00e0 17 km de Strasbourg, la Ville de Brumath compte, selon l\u2019INSEE, plus de 10 000 habitants. Depuis le 1er janvier 2017, elle fait partie de la Communaut\u00e9 d\u2019Agglom\u00e9ration de Haguenau. Brumath est une ville dynamique qui a de nombreux projets en cours tels que la redynamisation de son centre-ville, le d\u00e9veloppement du quartier de la Scierie (construction de 500 logements, cr\u00e9ation d\u2019un \u00e9co-parc urbain, \u2026) et de la Smart [&hellip;]<\/p>\n","protected":false},"author":0,"featured_media":0,"comment_status":"closed","ping_status":"open","sticky":false,"template":"","format":"standard","meta":{"footnotes":""},"categories":[1],"tags":[],"class_list":["post-2518","post","type-post","status-publish","format-standard","hentry","category-non-classe"],"yoast_head":"<!-- This site is optimized with the Yoast SEO plugin v27.4 - https:\/\/yoast.com\/product\/yoast-seo-wordpress\/ -->\n<title>LA VILLE DE BRUMATH recrute un charg\u00e9 de d\u00e9veloppement culturel et vie associative [F\/H] - HIERO STRASBOURG<\/title>\n<meta name=\"robots\" content=\"index, follow, max-snippet:-1, max-image-preview:large, max-video-preview:-1\" \/>\n<link rel=\"canonical\" href=\"https:\/\/hierostrasbourg.com\/index.php\/2022\/05\/10\/la-ville-de-brumath-recrute-un-charge-de-developpement-culturel-et-vie-associative-f-h-2\/\" \/>\n<meta property=\"og:locale\" content=\"fr_FR\" \/>\n<meta property=\"og:type\" content=\"article\" \/>\n<meta property=\"og:title\" content=\"LA VILLE DE BRUMATH recrute un charg\u00e9 de d\u00e9veloppement culturel et vie associative [F\/H] - HIERO STRASBOURG\" \/>\n<meta property=\"og:description\" content=\"Situ\u00e9e au Nord de l\u2019Alsace dans le D\u00e9partement du Bas-Rhin \u00e0 17 km de Strasbourg, la Ville de Brumath compte, selon l\u2019INSEE, plus de 10 000 habitants. Depuis le 1er janvier 2017, elle fait partie de la Communaut\u00e9 d\u2019Agglom\u00e9ration de Haguenau. Brumath est une ville dynamique qui a de nombreux projets en cours tels que la redynamisation de son centre-ville, le d\u00e9veloppement du quartier de la Scierie (construction de 500 logements, cr\u00e9ation d\u2019un \u00e9co-parc urbain, \u2026) et de la Smart [&hellip;]\" \/>\n<meta property=\"og:url\" content=\"https:\/\/hierostrasbourg.com\/index.php\/2022\/05\/10\/la-ville-de-brumath-recrute-un-charge-de-developpement-culturel-et-vie-associative-f-h-2\/\" \/>\n<meta property=\"og:site_name\" content=\"HIERO STRASBOURG\" \/>\n<meta property=\"article:publisher\" content=\"https:\/\/www.facebook.com\/fedehierostrasbourg\" \/>\n<meta property=\"article:published_time\" content=\"2022-05-10T17:32:32+00:00\" \/>\n<meta name=\"twitter:card\" content=\"summary_large_image\" \/>\n<meta name=\"twitter:creator\" content=\"@hierostrasbourg\" \/>\n<meta name=\"twitter:site\" content=\"@hierostrasbourg\" \/>\n<meta name=\"twitter:label1\" content=\"Dur\u00e9e de lecture estim\u00e9e\" \/>\n\t<meta name=\"twitter:data1\" content=\"3 minutes\" \/>\n<script type=\"application\/ld+json\" class=\"yoast-schema-graph\">{\"@context\":\"https:\\\/\\\/schema.org\",\"@graph\":[{\"@type\":\"Article\",\"@id\":\"https:\\\/\\\/hierostrasbourg.com\\\/index.php\\\/2022\\\/05\\\/10\\\/la-ville-de-brumath-recrute-un-charge-de-developpement-culturel-et-vie-associative-f-h-2\\\/#article\",\"isPartOf\":{\"@id\":\"https:\\\/\\\/hierostrasbourg.com\\\/index.php\\\/2022\\\/05\\\/10\\\/la-ville-de-brumath-recrute-un-charge-de-developpement-culturel-et-vie-associative-f-h-2\\\/\"},\"author\":{\"name\":\"\",\"@id\":\"\"},\"headline\":\"LA VILLE DE BRUMATH recrute un charg\u00e9 de d\u00e9veloppement culturel et vie associative [F\\\/H]\",\"datePublished\":\"2022-05-10T17:32:32+00:00\",\"mainEntityOfPage\":{\"@id\":\"https:\\\/\\\/hierostrasbourg.com\\\/index.php\\\/2022\\\/05\\\/10\\\/la-ville-de-brumath-recrute-un-charge-de-developpement-culturel-et-vie-associative-f-h-2\\\/\"},\"wordCount\":568,\"publisher\":{\"@id\":\"https:\\\/\\\/hierostrasbourg.com\\\/#organization\"},\"inLanguage\":\"fr-FR\"},{\"@type\":\"WebPage\",\"@id\":\"https:\\\/\\\/hierostrasbourg.com\\\/index.php\\\/2022\\\/05\\\/10\\\/la-ville-de-brumath-recrute-un-charge-de-developpement-culturel-et-vie-associative-f-h-2\\\/\",\"url\":\"https:\\\/\\\/hierostrasbourg.com\\\/index.php\\\/2022\\\/05\\\/10\\\/la-ville-de-brumath-recrute-un-charge-de-developpement-culturel-et-vie-associative-f-h-2\\\/\",\"name\":\"LA VILLE DE BRUMATH recrute un charg\u00e9 de d\u00e9veloppement culturel et vie associative [F\\\/H] - HIERO STRASBOURG\",\"isPartOf\":{\"@id\":\"https:\\\/\\\/hierostrasbourg.com\\\/#website\"},\"datePublished\":\"2022-05-10T17:32:32+00:00\",\"breadcrumb\":{\"@id\":\"https:\\\/\\\/hierostrasbourg.com\\\/index.php\\\/2022\\\/05\\\/10\\\/la-ville-de-brumath-recrute-un-charge-de-developpement-culturel-et-vie-associative-f-h-2\\\/#breadcrumb\"},\"inLanguage\":\"fr-FR\",\"potentialAction\":[{\"@type\":\"ReadAction\",\"target\":[\"https:\\\/\\\/hierostrasbourg.com\\\/index.php\\\/2022\\\/05\\\/10\\\/la-ville-de-brumath-recrute-un-charge-de-developpement-culturel-et-vie-associative-f-h-2\\\/\"]}]},{\"@type\":\"BreadcrumbList\",\"@id\":\"https:\\\/\\\/hierostrasbourg.com\\\/index.php\\\/2022\\\/05\\\/10\\\/la-ville-de-brumath-recrute-un-charge-de-developpement-culturel-et-vie-associative-f-h-2\\\/#breadcrumb\",\"itemListElement\":[{\"@type\":\"ListItem\",\"position\":1,\"name\":\"Accueil\",\"item\":\"https:\\\/\\\/hierostrasbourg.com\\\/\"},{\"@type\":\"ListItem\",\"position\":2,\"name\":\"LA VILLE DE BRUMATH recrute un charg\u00e9 de d\u00e9veloppement culturel et vie associative [F\\\/H]\"}]},{\"@type\":\"WebSite\",\"@id\":\"https:\\\/\\\/hierostrasbourg.com\\\/#website\",\"url\":\"https:\\\/\\\/hierostrasbourg.com\\\/\",\"name\":\"HIERO STRASBOURG\",\"description\":\"Centre de Ressources Musiques Actuelles\",\"publisher\":{\"@id\":\"https:\\\/\\\/hierostrasbourg.com\\\/#organization\"},\"potentialAction\":[{\"@type\":\"SearchAction\",\"target\":{\"@type\":\"EntryPoint\",\"urlTemplate\":\"https:\\\/\\\/hierostrasbourg.com\\\/?s={search_term_string}\"},\"query-input\":{\"@type\":\"PropertyValueSpecification\",\"valueRequired\":true,\"valueName\":\"search_term_string\"}}],\"inLanguage\":\"fr-FR\"},{\"@type\":\"Organization\",\"@id\":\"https:\\\/\\\/hierostrasbourg.com\\\/#organization\",\"name\":\"F\u00e9d\u00e9ration Hi\u00e9ro Strasbourg\",\"url\":\"https:\\\/\\\/hierostrasbourg.com\\\/\",\"logo\":{\"@type\":\"ImageObject\",\"inLanguage\":\"fr-FR\",\"@id\":\"https:\\\/\\\/hierostrasbourg.com\\\/#\\\/schema\\\/logo\\\/image\\\/\",\"url\":\"https:\\\/\\\/hierostrasbourg.com\\\/wp-content\\\/uploads\\\/2026\\\/04\\\/logo-hiero-strasbourg.jpg\",\"contentUrl\":\"https:\\\/\\\/hierostrasbourg.com\\\/wp-content\\\/uploads\\\/2026\\\/04\\\/logo-hiero-strasbourg.jpg\",\"width\":204,\"height\":192,\"caption\":\"F\u00e9d\u00e9ration Hi\u00e9ro Strasbourg\"},\"image\":{\"@id\":\"https:\\\/\\\/hierostrasbourg.com\\\/#\\\/schema\\\/logo\\\/image\\\/\"},\"sameAs\":[\"https:\\\/\\\/www.facebook.com\\\/fedehierostrasbourg\",\"https:\\\/\\\/x.com\\\/hierostrasbourg\"]}]}<\/script>\n<!-- \/ Yoast SEO plugin. -->","yoast_head_json":{"title":"LA VILLE DE BRUMATH recrute un charg\u00e9 de d\u00e9veloppement culturel et vie associative [F\/H] - HIERO STRASBOURG","robots":{"index":"index","follow":"follow","max-snippet":"max-snippet:-1","max-image-preview":"max-image-preview:large","max-video-preview":"max-video-preview:-1"},"canonical":"https:\/\/hierostrasbourg.com\/index.php\/2022\/05\/10\/la-ville-de-brumath-recrute-un-charge-de-developpement-culturel-et-vie-associative-f-h-2\/","og_locale":"fr_FR","og_type":"article","og_title":"LA VILLE DE BRUMATH recrute un charg\u00e9 de d\u00e9veloppement culturel et vie associative [F\/H] - HIERO STRASBOURG","og_description":"Situ\u00e9e au Nord de l\u2019Alsace dans le D\u00e9partement du Bas-Rhin \u00e0 17 km de Strasbourg, la Ville de Brumath compte, selon l\u2019INSEE, plus de 10 000 habitants. Depuis le 1er janvier 2017, elle fait partie de la Communaut\u00e9 d\u2019Agglom\u00e9ration de Haguenau. Brumath est une ville dynamique qui a de nombreux projets en cours tels que la redynamisation de son centre-ville, le d\u00e9veloppement du quartier de la Scierie (construction de 500 logements, cr\u00e9ation d\u2019un \u00e9co-parc urbain, \u2026) et de la Smart [&hellip;]","og_url":"https:\/\/hierostrasbourg.com\/index.php\/2022\/05\/10\/la-ville-de-brumath-recrute-un-charge-de-developpement-culturel-et-vie-associative-f-h-2\/","og_site_name":"HIERO STRASBOURG","article_publisher":"https:\/\/www.facebook.com\/fedehierostrasbourg","article_published_time":"2022-05-10T17:32:32+00:00","twitter_card":"summary_large_image","twitter_creator":"@hierostrasbourg","twitter_site":"@hierostrasbourg","twitter_misc":{"Dur\u00e9e de lecture estim\u00e9e":"3 minutes"},"schema":{"@context":"https:\/\/schema.org","@graph":[{"@type":"Article","@id":"https:\/\/hierostrasbourg.com\/index.php\/2022\/05\/10\/la-ville-de-brumath-recrute-un-charge-de-developpement-culturel-et-vie-associative-f-h-2\/#article","isPartOf":{"@id":"https:\/\/hierostrasbourg.com\/index.php\/2022\/05\/10\/la-ville-de-brumath-recrute-un-charge-de-developpement-culturel-et-vie-associative-f-h-2\/"},"author":{"name":"","@id":""},"headline":"LA VILLE DE BRUMATH recrute un charg\u00e9 de d\u00e9veloppement culturel et vie associative [F\/H]","datePublished":"2022-05-10T17:32:32+00:00","mainEntityOfPage":{"@id":"https:\/\/hierostrasbourg.com\/index.php\/2022\/05\/10\/la-ville-de-brumath-recrute-un-charge-de-developpement-culturel-et-vie-associative-f-h-2\/"},"wordCount":568,"publisher":{"@id":"https:\/\/hierostrasbourg.com\/#organization"},"inLanguage":"fr-FR"},{"@type":"WebPage","@id":"https:\/\/hierostrasbourg.com\/index.php\/2022\/05\/10\/la-ville-de-brumath-recrute-un-charge-de-developpement-culturel-et-vie-associative-f-h-2\/","url":"https:\/\/hierostrasbourg.com\/index.php\/2022\/05\/10\/la-ville-de-brumath-recrute-un-charge-de-developpement-culturel-et-vie-associative-f-h-2\/","name":"LA VILLE DE BRUMATH recrute un charg\u00e9 de d\u00e9veloppement culturel et vie associative [F\/H] - HIERO STRASBOURG","isPartOf":{"@id":"https:\/\/hierostrasbourg.com\/#website"},"datePublished":"2022-05-10T17:32:32+00:00","breadcrumb":{"@id":"https:\/\/hierostrasbourg.com\/index.php\/2022\/05\/10\/la-ville-de-brumath-recrute-un-charge-de-developpement-culturel-et-vie-associative-f-h-2\/#breadcrumb"},"inLanguage":"fr-FR","potentialAction":[{"@type":"ReadAction","target":["https:\/\/hierostrasbourg.com\/index.php\/2022\/05\/10\/la-ville-de-brumath-recrute-un-charge-de-developpement-culturel-et-vie-associative-f-h-2\/"]}]},{"@type":"BreadcrumbList","@id":"https:\/\/hierostrasbourg.com\/index.php\/2022\/05\/10\/la-ville-de-brumath-recrute-un-charge-de-developpement-culturel-et-vie-associative-f-h-2\/#breadcrumb","itemListElement":[{"@type":"ListItem","position":1,"name":"Accueil","item":"https:\/\/hierostrasbourg.com\/"},{"@type":"ListItem","position":2,"name":"LA VILLE DE BRUMATH recrute un charg\u00e9 de d\u00e9veloppement culturel et vie associative [F\/H]"}]},{"@type":"WebSite","@id":"https:\/\/hierostrasbourg.com\/#website","url":"https:\/\/hierostrasbourg.com\/","name":"HIERO STRASBOURG","description":"Centre de Ressources Musiques Actuelles","publisher":{"@id":"https:\/\/hierostrasbourg.com\/#organization"},"potentialAction":[{"@type":"SearchAction","target":{"@type":"EntryPoint","urlTemplate":"https:\/\/hierostrasbourg.com\/?s={search_term_string}"},"query-input":{"@type":"PropertyValueSpecification","valueRequired":true,"valueName":"search_term_string"}}],"inLanguage":"fr-FR"},{"@type":"Organization","@id":"https:\/\/hierostrasbourg.com\/#organization","name":"F\u00e9d\u00e9ration Hi\u00e9ro Strasbourg","url":"https:\/\/hierostrasbourg.com\/","logo":{"@type":"ImageObject","inLanguage":"fr-FR","@id":"https:\/\/hierostrasbourg.com\/#\/schema\/logo\/image\/","url":"https:\/\/hierostrasbourg.com\/wp-content\/uploads\/2026\/04\/logo-hiero-strasbourg.jpg","contentUrl":"https:\/\/hierostrasbourg.com\/wp-content\/uploads\/2026\/04\/logo-hiero-strasbourg.jpg","width":204,"height":192,"caption":"F\u00e9d\u00e9ration Hi\u00e9ro Strasbourg"},"image":{"@id":"https:\/\/hierostrasbourg.com\/#\/schema\/logo\/image\/"},"sameAs":["https:\/\/www.facebook.com\/fedehierostrasbourg","https:\/\/x.com\/hierostrasbourg"]}]}},"_links":{"self":[{"href":"https:\/\/hierostrasbourg.com\/index.php\/wp-json\/wp\/v2\/posts\/2518","targetHints":{"allow":["GET"]}}],"collection":[{"href":"https:\/\/hierostrasbourg.com\/index.php\/wp-json\/wp\/v2\/posts"}],"about":[{"href":"https:\/\/hierostrasbourg.com\/index.php\/wp-json\/wp\/v2\/types\/post"}],"replies":[{"embeddable":true,"href":"https:\/\/hierostrasbourg.com\/index.php\/wp-json\/wp\/v2\/comments?post=2518"}],"version-history":[{"count":0,"href":"https:\/\/hierostrasbourg.com\/index.php\/wp-json\/wp\/v2\/posts\/2518\/revisions"}],"wp:attachment":[{"href":"https:\/\/hierostrasbourg.com\/index.php\/wp-json\/wp\/v2\/media?parent=2518"}],"wp:term":[{"taxonomy":"category","embeddable":true,"href":"https:\/\/hierostrasbourg.com\/index.php\/wp-json\/wp\/v2\/categories?post=2518"},{"taxonomy":"post_tag","embeddable":true,"href":"https:\/\/hierostrasbourg.com\/index.php\/wp-json\/wp\/v2\/tags?post=2518"}],"curies":[{"name":"wp","href":"https:\/\/api.w.org\/{rel}","templated":true}]}}