{"id":2496,"date":"2022-05-08T16:30:46","date_gmt":"2022-05-08T14:30:46","guid":{"rendered":"https:\/\/hierostrasbourg.com\/index.php\/2022\/05\/08\/le-nouveau-ministre-de-la-culture-va-entrer-en-scene-et-le-secteur-lattend-de-pied-ferme\/"},"modified":"2022-05-08T16:30:46","modified_gmt":"2022-05-08T14:30:46","slug":"le-nouveau-ministre-de-la-culture-va-entrer-en-scene-et-le-secteur-lattend-de-pied-ferme","status":"publish","type":"post","link":"https:\/\/hierostrasbourg.com\/index.php\/2022\/05\/08\/le-nouveau-ministre-de-la-culture-va-entrer-en-scene-et-le-secteur-lattend-de-pied-ferme\/","title":{"rendered":"Le nouveau ministre de la culture va entrer en sc\u00e8ne, et le secteur l\u2019attend de pied ferme"},"content":{"rendered":"<p><em>Alors qu\u2019on devrait bient\u00f4t conna\u00eetre celui ou celle qui succ\u00e9dera \u00e0 Roselyne Bachelot au poste de ministre de la Culture, on a interrog\u00e9 les professionnels du secteur sur leurs attentes.<\/em><\/p>\n<p>Source \/ Lire la suite : <a href=\"https:\/\/www.huffingtonpost.fr\/entry\/le-nouveau-ministre-de-la-culture-va-entrer-en-scene-et-le-secteur-lattend-de-pied-ferme_fr_6272364be4b0cca6755be98b?fbclid=IwAR0MwUuvxOZgahWoYJ_P-on2Lly5dD8_xebWu5BS0eDbpCLmZ6ZPt4PYyCw\" target=\"_blank\" rel=\"noopener\">Le nouveau ministre de la culture va entrer en sc\u00e8ne, et le secteur l\u2019attend de pied ferme<\/a><\/p>\n<p>L\u2019article <a href=\"https:\/\/popburo.fr\/le-nouveau-ministre-de-la-culture-va-entrer-en-scene-et-le-secteur-lattend-de-pied-ferme\/\">Le nouveau ministre de la culture va entrer en sc\u00e8ne, et le secteur l\u2019attend de pied ferme<\/a> est apparu en premier sur <a href=\"https:\/\/popburo.fr\/\">POP B\u00dcRO<\/a>.<\/p>\n","protected":false},"excerpt":{"rendered":"<p>Alors qu\u2019on devrait bient\u00f4t conna\u00eetre celui ou celle qui succ\u00e9dera \u00e0 Roselyne Bachelot au poste de ministre de la Culture, on a interrog\u00e9 les professionnels du secteur sur leurs attentes. Source \/ Lire la suite : Le nouveau ministre de la culture va entrer en sc\u00e8ne, et le secteur l\u2019attend de pied ferme L\u2019article Le nouveau ministre de la culture va entrer en sc\u00e8ne, et le secteur l\u2019attend de pied ferme est apparu en premier sur POP B\u00dcRO.<\/p>\n","protected":false},"author":0,"featured_media":0,"comment_status":"closed","ping_status":"open","sticky":false,"template":"","format":"standard","meta":{"footnotes":""},"categories":[1],"tags":[],"class_list":["post-2496","post","type-post","status-publish","format-standard","hentry","category-non-classe"],"yoast_head":"<!-- This site is optimized with the Yoast SEO plugin v27.4 - https:\/\/yoast.com\/product\/yoast-seo-wordpress\/ -->\n<title>Le nouveau ministre de la culture va entrer en sc\u00e8ne, et le secteur l\u2019attend de pied ferme - HIERO STRASBOURG<\/title>\n<meta name=\"robots\" content=\"index, follow, max-snippet:-1, max-image-preview:large, max-video-preview:-1\" \/>\n<link rel=\"canonical\" href=\"https:\/\/hierostrasbourg.com\/index.php\/2022\/05\/08\/le-nouveau-ministre-de-la-culture-va-entrer-en-scene-et-le-secteur-lattend-de-pied-ferme\/\" \/>\n<meta property=\"og:locale\" content=\"fr_FR\" \/>\n<meta property=\"og:type\" content=\"article\" \/>\n<meta property=\"og:title\" content=\"Le nouveau ministre de la culture va entrer en sc\u00e8ne, et le secteur l\u2019attend de pied ferme - HIERO STRASBOURG\" \/>\n<meta property=\"og:description\" content=\"Alors qu\u2019on devrait bient\u00f4t conna\u00eetre celui ou celle qui succ\u00e9dera \u00e0 Roselyne Bachelot au poste de ministre de la Culture, on a interrog\u00e9 les professionnels du secteur sur leurs attentes. Source \/ Lire la suite : Le nouveau ministre de la culture va entrer en sc\u00e8ne, et le secteur l\u2019attend de pied ferme L\u2019article Le nouveau ministre de la culture va entrer en sc\u00e8ne, et le secteur l\u2019attend de pied ferme est apparu en premier sur POP B\u00dcRO.\" \/>\n<meta property=\"og:url\" content=\"https:\/\/hierostrasbourg.com\/index.php\/2022\/05\/08\/le-nouveau-ministre-de-la-culture-va-entrer-en-scene-et-le-secteur-lattend-de-pied-ferme\/\" \/>\n<meta property=\"og:site_name\" content=\"HIERO STRASBOURG\" \/>\n<meta property=\"article:publisher\" content=\"https:\/\/www.facebook.com\/fedehierostrasbourg\" \/>\n<meta property=\"article:published_time\" content=\"2022-05-08T14:30:46+00:00\" \/>\n<meta name=\"twitter:card\" content=\"summary_large_image\" \/>\n<meta name=\"twitter:creator\" content=\"@hierostrasbourg\" \/>\n<meta name=\"twitter:site\" content=\"@hierostrasbourg\" \/>\n<script type=\"application\/ld+json\" class=\"yoast-schema-graph\">{\"@context\":\"https:\\\/\\\/schema.org\",\"@graph\":[{\"@type\":\"Article\",\"@id\":\"https:\\\/\\\/hierostrasbourg.com\\\/index.php\\\/2022\\\/05\\\/08\\\/le-nouveau-ministre-de-la-culture-va-entrer-en-scene-et-le-secteur-lattend-de-pied-ferme\\\/#article\",\"isPartOf\":{\"@id\":\"https:\\\/\\\/hierostrasbourg.com\\\/index.php\\\/2022\\\/05\\\/08\\\/le-nouveau-ministre-de-la-culture-va-entrer-en-scene-et-le-secteur-lattend-de-pied-ferme\\\/\"},\"author\":{\"name\":\"\",\"@id\":\"\"},\"headline\":\"Le nouveau ministre de la culture va entrer en sc\u00e8ne, et le secteur l\u2019attend de pied ferme\",\"datePublished\":\"2022-05-08T14:30:46+00:00\",\"mainEntityOfPage\":{\"@id\":\"https:\\\/\\\/hierostrasbourg.com\\\/index.php\\\/2022\\\/05\\\/08\\\/le-nouveau-ministre-de-la-culture-va-entrer-en-scene-et-le-secteur-lattend-de-pied-ferme\\\/\"},\"wordCount\":104,\"publisher\":{\"@id\":\"https:\\\/\\\/hierostrasbourg.com\\\/#organization\"},\"inLanguage\":\"fr-FR\"},{\"@type\":\"WebPage\",\"@id\":\"https:\\\/\\\/hierostrasbourg.com\\\/index.php\\\/2022\\\/05\\\/08\\\/le-nouveau-ministre-de-la-culture-va-entrer-en-scene-et-le-secteur-lattend-de-pied-ferme\\\/\",\"url\":\"https:\\\/\\\/hierostrasbourg.com\\\/index.php\\\/2022\\\/05\\\/08\\\/le-nouveau-ministre-de-la-culture-va-entrer-en-scene-et-le-secteur-lattend-de-pied-ferme\\\/\",\"name\":\"Le nouveau ministre de la culture va entrer en sc\u00e8ne, et le secteur l\u2019attend de pied ferme - HIERO STRASBOURG\",\"isPartOf\":{\"@id\":\"https:\\\/\\\/hierostrasbourg.com\\\/#website\"},\"datePublished\":\"2022-05-08T14:30:46+00:00\",\"breadcrumb\":{\"@id\":\"https:\\\/\\\/hierostrasbourg.com\\\/index.php\\\/2022\\\/05\\\/08\\\/le-nouveau-ministre-de-la-culture-va-entrer-en-scene-et-le-secteur-lattend-de-pied-ferme\\\/#breadcrumb\"},\"inLanguage\":\"fr-FR\",\"potentialAction\":[{\"@type\":\"ReadAction\",\"target\":[\"https:\\\/\\\/hierostrasbourg.com\\\/index.php\\\/2022\\\/05\\\/08\\\/le-nouveau-ministre-de-la-culture-va-entrer-en-scene-et-le-secteur-lattend-de-pied-ferme\\\/\"]}]},{\"@type\":\"BreadcrumbList\",\"@id\":\"https:\\\/\\\/hierostrasbourg.com\\\/index.php\\\/2022\\\/05\\\/08\\\/le-nouveau-ministre-de-la-culture-va-entrer-en-scene-et-le-secteur-lattend-de-pied-ferme\\\/#breadcrumb\",\"itemListElement\":[{\"@type\":\"ListItem\",\"position\":1,\"name\":\"Accueil\",\"item\":\"https:\\\/\\\/hierostrasbourg.com\\\/\"},{\"@type\":\"ListItem\",\"position\":2,\"name\":\"Le nouveau ministre de la culture va entrer en sc\u00e8ne, et le secteur l\u2019attend de pied ferme\"}]},{\"@type\":\"WebSite\",\"@id\":\"https:\\\/\\\/hierostrasbourg.com\\\/#website\",\"url\":\"https:\\\/\\\/hierostrasbourg.com\\\/\",\"name\":\"HIERO STRASBOURG\",\"description\":\"Centre de Ressources Musiques Actuelles\",\"publisher\":{\"@id\":\"https:\\\/\\\/hierostrasbourg.com\\\/#organization\"},\"potentialAction\":[{\"@type\":\"SearchAction\",\"target\":{\"@type\":\"EntryPoint\",\"urlTemplate\":\"https:\\\/\\\/hierostrasbourg.com\\\/?s={search_term_string}\"},\"query-input\":{\"@type\":\"PropertyValueSpecification\",\"valueRequired\":true,\"valueName\":\"search_term_string\"}}],\"inLanguage\":\"fr-FR\"},{\"@type\":\"Organization\",\"@id\":\"https:\\\/\\\/hierostrasbourg.com\\\/#organization\",\"name\":\"F\u00e9d\u00e9ration Hi\u00e9ro Strasbourg\",\"url\":\"https:\\\/\\\/hierostrasbourg.com\\\/\",\"logo\":{\"@type\":\"ImageObject\",\"inLanguage\":\"fr-FR\",\"@id\":\"https:\\\/\\\/hierostrasbourg.com\\\/#\\\/schema\\\/logo\\\/image\\\/\",\"url\":\"https:\\\/\\\/hierostrasbourg.com\\\/wp-content\\\/uploads\\\/2026\\\/04\\\/logo-hiero-strasbourg.jpg\",\"contentUrl\":\"https:\\\/\\\/hierostrasbourg.com\\\/wp-content\\\/uploads\\\/2026\\\/04\\\/logo-hiero-strasbourg.jpg\",\"width\":204,\"height\":192,\"caption\":\"F\u00e9d\u00e9ration Hi\u00e9ro Strasbourg\"},\"image\":{\"@id\":\"https:\\\/\\\/hierostrasbourg.com\\\/#\\\/schema\\\/logo\\\/image\\\/\"},\"sameAs\":[\"https:\\\/\\\/www.facebook.com\\\/fedehierostrasbourg\",\"https:\\\/\\\/x.com\\\/hierostrasbourg\"]}]}<\/script>\n<!-- \/ Yoast SEO plugin. -->","yoast_head_json":{"title":"Le nouveau ministre de la culture va entrer en sc\u00e8ne, et le secteur l\u2019attend de pied ferme - HIERO STRASBOURG","robots":{"index":"index","follow":"follow","max-snippet":"max-snippet:-1","max-image-preview":"max-image-preview:large","max-video-preview":"max-video-preview:-1"},"canonical":"https:\/\/hierostrasbourg.com\/index.php\/2022\/05\/08\/le-nouveau-ministre-de-la-culture-va-entrer-en-scene-et-le-secteur-lattend-de-pied-ferme\/","og_locale":"fr_FR","og_type":"article","og_title":"Le nouveau ministre de la culture va entrer en sc\u00e8ne, et le secteur l\u2019attend de pied ferme - HIERO STRASBOURG","og_description":"Alors qu\u2019on devrait bient\u00f4t conna\u00eetre celui ou celle qui succ\u00e9dera \u00e0 Roselyne Bachelot au poste de ministre de la Culture, on a interrog\u00e9 les professionnels du secteur sur leurs attentes. Source \/ Lire la suite : Le nouveau ministre de la culture va entrer en sc\u00e8ne, et le secteur l\u2019attend de pied ferme L\u2019article Le nouveau ministre de la culture va entrer en sc\u00e8ne, et le secteur l\u2019attend de pied ferme est apparu en premier sur POP B\u00dcRO.","og_url":"https:\/\/hierostrasbourg.com\/index.php\/2022\/05\/08\/le-nouveau-ministre-de-la-culture-va-entrer-en-scene-et-le-secteur-lattend-de-pied-ferme\/","og_site_name":"HIERO STRASBOURG","article_publisher":"https:\/\/www.facebook.com\/fedehierostrasbourg","article_published_time":"2022-05-08T14:30:46+00:00","twitter_card":"summary_large_image","twitter_creator":"@hierostrasbourg","twitter_site":"@hierostrasbourg","schema":{"@context":"https:\/\/schema.org","@graph":[{"@type":"Article","@id":"https:\/\/hierostrasbourg.com\/index.php\/2022\/05\/08\/le-nouveau-ministre-de-la-culture-va-entrer-en-scene-et-le-secteur-lattend-de-pied-ferme\/#article","isPartOf":{"@id":"https:\/\/hierostrasbourg.com\/index.php\/2022\/05\/08\/le-nouveau-ministre-de-la-culture-va-entrer-en-scene-et-le-secteur-lattend-de-pied-ferme\/"},"author":{"name":"","@id":""},"headline":"Le nouveau ministre de la culture va entrer en sc\u00e8ne, et le secteur l\u2019attend de pied ferme","datePublished":"2022-05-08T14:30:46+00:00","mainEntityOfPage":{"@id":"https:\/\/hierostrasbourg.com\/index.php\/2022\/05\/08\/le-nouveau-ministre-de-la-culture-va-entrer-en-scene-et-le-secteur-lattend-de-pied-ferme\/"},"wordCount":104,"publisher":{"@id":"https:\/\/hierostrasbourg.com\/#organization"},"inLanguage":"fr-FR"},{"@type":"WebPage","@id":"https:\/\/hierostrasbourg.com\/index.php\/2022\/05\/08\/le-nouveau-ministre-de-la-culture-va-entrer-en-scene-et-le-secteur-lattend-de-pied-ferme\/","url":"https:\/\/hierostrasbourg.com\/index.php\/2022\/05\/08\/le-nouveau-ministre-de-la-culture-va-entrer-en-scene-et-le-secteur-lattend-de-pied-ferme\/","name":"Le nouveau ministre de la culture va entrer en sc\u00e8ne, et le secteur l\u2019attend de pied ferme - HIERO STRASBOURG","isPartOf":{"@id":"https:\/\/hierostrasbourg.com\/#website"},"datePublished":"2022-05-08T14:30:46+00:00","breadcrumb":{"@id":"https:\/\/hierostrasbourg.com\/index.php\/2022\/05\/08\/le-nouveau-ministre-de-la-culture-va-entrer-en-scene-et-le-secteur-lattend-de-pied-ferme\/#breadcrumb"},"inLanguage":"fr-FR","potentialAction":[{"@type":"ReadAction","target":["https:\/\/hierostrasbourg.com\/index.php\/2022\/05\/08\/le-nouveau-ministre-de-la-culture-va-entrer-en-scene-et-le-secteur-lattend-de-pied-ferme\/"]}]},{"@type":"BreadcrumbList","@id":"https:\/\/hierostrasbourg.com\/index.php\/2022\/05\/08\/le-nouveau-ministre-de-la-culture-va-entrer-en-scene-et-le-secteur-lattend-de-pied-ferme\/#breadcrumb","itemListElement":[{"@type":"ListItem","position":1,"name":"Accueil","item":"https:\/\/hierostrasbourg.com\/"},{"@type":"ListItem","position":2,"name":"Le nouveau ministre de la culture va entrer en sc\u00e8ne, et le secteur l\u2019attend de pied ferme"}]},{"@type":"WebSite","@id":"https:\/\/hierostrasbourg.com\/#website","url":"https:\/\/hierostrasbourg.com\/","name":"HIERO STRASBOURG","description":"Centre de Ressources Musiques Actuelles","publisher":{"@id":"https:\/\/hierostrasbourg.com\/#organization"},"potentialAction":[{"@type":"SearchAction","target":{"@type":"EntryPoint","urlTemplate":"https:\/\/hierostrasbourg.com\/?s={search_term_string}"},"query-input":{"@type":"PropertyValueSpecification","valueRequired":true,"valueName":"search_term_string"}}],"inLanguage":"fr-FR"},{"@type":"Organization","@id":"https:\/\/hierostrasbourg.com\/#organization","name":"F\u00e9d\u00e9ration Hi\u00e9ro Strasbourg","url":"https:\/\/hierostrasbourg.com\/","logo":{"@type":"ImageObject","inLanguage":"fr-FR","@id":"https:\/\/hierostrasbourg.com\/#\/schema\/logo\/image\/","url":"https:\/\/hierostrasbourg.com\/wp-content\/uploads\/2026\/04\/logo-hiero-strasbourg.jpg","contentUrl":"https:\/\/hierostrasbourg.com\/wp-content\/uploads\/2026\/04\/logo-hiero-strasbourg.jpg","width":204,"height":192,"caption":"F\u00e9d\u00e9ration Hi\u00e9ro Strasbourg"},"image":{"@id":"https:\/\/hierostrasbourg.com\/#\/schema\/logo\/image\/"},"sameAs":["https:\/\/www.facebook.com\/fedehierostrasbourg","https:\/\/x.com\/hierostrasbourg"]}]}},"_links":{"self":[{"href":"https:\/\/hierostrasbourg.com\/index.php\/wp-json\/wp\/v2\/posts\/2496","targetHints":{"allow":["GET"]}}],"collection":[{"href":"https:\/\/hierostrasbourg.com\/index.php\/wp-json\/wp\/v2\/posts"}],"about":[{"href":"https:\/\/hierostrasbourg.com\/index.php\/wp-json\/wp\/v2\/types\/post"}],"replies":[{"embeddable":true,"href":"https:\/\/hierostrasbourg.com\/index.php\/wp-json\/wp\/v2\/comments?post=2496"}],"version-history":[{"count":0,"href":"https:\/\/hierostrasbourg.com\/index.php\/wp-json\/wp\/v2\/posts\/2496\/revisions"}],"wp:attachment":[{"href":"https:\/\/hierostrasbourg.com\/index.php\/wp-json\/wp\/v2\/media?parent=2496"}],"wp:term":[{"taxonomy":"category","embeddable":true,"href":"https:\/\/hierostrasbourg.com\/index.php\/wp-json\/wp\/v2\/categories?post=2496"},{"taxonomy":"post_tag","embeddable":true,"href":"https:\/\/hierostrasbourg.com\/index.php\/wp-json\/wp\/v2\/tags?post=2496"}],"curies":[{"name":"wp","href":"https:\/\/api.w.org\/{rel}","templated":true}]}}