{"id":2405,"date":"2022-04-29T21:32:16","date_gmt":"2022-04-29T19:32:16","guid":{"rendered":"https:\/\/hierostrasbourg.com\/index.php\/2022\/04\/29\/une-carte-professionnelle-temporaire-pour-la-surveillance-des-grands-evenements-sportifs-et-culturels\/"},"modified":"2022-04-29T21:32:16","modified_gmt":"2022-04-29T19:32:16","slug":"une-carte-professionnelle-temporaire-pour-la-surveillance-des-grands-evenements-sportifs-et-culturels","status":"publish","type":"post","link":"https:\/\/hierostrasbourg.com\/index.php\/2022\/04\/29\/une-carte-professionnelle-temporaire-pour-la-surveillance-des-grands-evenements-sportifs-et-culturels\/","title":{"rendered":"Une carte professionnelle temporaire pour la surveillance des grands \u00e9v\u00e9nements sportifs et culturels"},"content":{"rendered":"<p>Un d\u00e9cret du 20 avril 2022 cr\u00e9e une carte professionnelle pour permettre l\u2019exercice d\u2019une activit\u00e9 de surveillance et de gardiennage dans le cadre de manifestations sportives, r\u00e9cr\u00e9atives, culturelles et \u00e9conomiques rassemblant plus de trois cents personnes. Autrement dit, une sp\u00e9cialit\u00e9 \u201csurveillance de grands \u00e9v\u00e9nements\u201d. Source \/ Lire la suite : Une carte professionnelle temporaire pour la surveillance des grands \u00e9v\u00e9nements sportifs et culturels<\/p>\n<p>L\u2019article <a href=\"https:\/\/musiquesactuelles.alsace\/une-carte-professionnelle-temporaire-pour-la-surveillance-des-grands-evenements-sportifs-et-culturels\/\">Une carte professionnelle temporaire pour la surveillance des grands \u00e9v\u00e9nements sportifs et culturels<\/a> est apparu en premier sur <a href=\"https:\/\/musiquesactuelles.alsace\/\">Musiques Actuelles en Alsace<\/a>.<\/p>\n<p>L\u2019article <a href=\"https:\/\/popburo.fr\/une-carte-professionnelle-temporaire-pour-la-surveillance-des-grands-evenements-sportifs-et-culturels-2\/\">Une carte professionnelle temporaire pour la surveillance des grands \u00e9v\u00e9nements sportifs et culturels<\/a> est apparu en premier sur <a href=\"https:\/\/popburo.fr\/\">POP B\u00dcRO<\/a>.<\/p>\n","protected":false},"excerpt":{"rendered":"<p>Un d\u00e9cret du 20 avril 2022 cr\u00e9e une carte professionnelle pour permettre l\u2019exercice d\u2019une activit\u00e9 de surveillance et de gardiennage dans le cadre de manifestations sportives, r\u00e9cr\u00e9atives, culturelles et \u00e9conomiques rassemblant plus de trois cents personnes. Autrement dit, une sp\u00e9cialit\u00e9 \u201csurveillance de grands \u00e9v\u00e9nements\u201d. Source \/ Lire la suite : Une carte professionnelle temporaire pour la surveillance des grands \u00e9v\u00e9nements sportifs et culturels L\u2019article Une carte professionnelle temporaire pour la surveillance des grands \u00e9v\u00e9nements sportifs et culturels est apparu en [&hellip;]<\/p>\n","protected":false},"author":0,"featured_media":0,"comment_status":"closed","ping_status":"open","sticky":false,"template":"","format":"standard","meta":{"footnotes":""},"categories":[1],"tags":[],"class_list":["post-2405","post","type-post","status-publish","format-standard","hentry","category-non-classe"],"yoast_head":"<!-- This site is optimized with the Yoast SEO plugin v27.4 - https:\/\/yoast.com\/product\/yoast-seo-wordpress\/ -->\n<title>Une carte professionnelle temporaire pour la surveillance des grands \u00e9v\u00e9nements sportifs et culturels - HIERO STRASBOURG<\/title>\n<meta name=\"robots\" content=\"index, follow, max-snippet:-1, max-image-preview:large, max-video-preview:-1\" \/>\n<link rel=\"canonical\" href=\"https:\/\/hierostrasbourg.com\/index.php\/2022\/04\/29\/une-carte-professionnelle-temporaire-pour-la-surveillance-des-grands-evenements-sportifs-et-culturels\/\" \/>\n<meta property=\"og:locale\" content=\"fr_FR\" \/>\n<meta property=\"og:type\" content=\"article\" \/>\n<meta property=\"og:title\" content=\"Une carte professionnelle temporaire pour la surveillance des grands \u00e9v\u00e9nements sportifs et culturels - HIERO STRASBOURG\" \/>\n<meta property=\"og:description\" content=\"Un d\u00e9cret du 20 avril 2022 cr\u00e9e une carte professionnelle pour permettre l\u2019exercice d\u2019une activit\u00e9 de surveillance et de gardiennage dans le cadre de manifestations sportives, r\u00e9cr\u00e9atives, culturelles et \u00e9conomiques rassemblant plus de trois cents personnes. Autrement dit, une sp\u00e9cialit\u00e9 \u201csurveillance de grands \u00e9v\u00e9nements\u201d. Source \/ Lire la suite : Une carte professionnelle temporaire pour la surveillance des grands \u00e9v\u00e9nements sportifs et culturels L\u2019article Une carte professionnelle temporaire pour la surveillance des grands \u00e9v\u00e9nements sportifs et culturels est apparu en [&hellip;]\" \/>\n<meta property=\"og:url\" content=\"https:\/\/hierostrasbourg.com\/index.php\/2022\/04\/29\/une-carte-professionnelle-temporaire-pour-la-surveillance-des-grands-evenements-sportifs-et-culturels\/\" \/>\n<meta property=\"og:site_name\" content=\"HIERO STRASBOURG\" \/>\n<meta property=\"article:publisher\" content=\"https:\/\/www.facebook.com\/fedehierostrasbourg\" \/>\n<meta property=\"article:published_time\" content=\"2022-04-29T19:32:16+00:00\" \/>\n<meta name=\"twitter:card\" content=\"summary_large_image\" \/>\n<meta name=\"twitter:creator\" content=\"@hierostrasbourg\" \/>\n<meta name=\"twitter:site\" content=\"@hierostrasbourg\" \/>\n<meta name=\"twitter:label1\" content=\"Dur\u00e9e de lecture estim\u00e9e\" \/>\n\t<meta name=\"twitter:data1\" content=\"1 minute\" \/>\n<script type=\"application\/ld+json\" class=\"yoast-schema-graph\">{\"@context\":\"https:\\\/\\\/schema.org\",\"@graph\":[{\"@type\":\"Article\",\"@id\":\"https:\\\/\\\/hierostrasbourg.com\\\/index.php\\\/2022\\\/04\\\/29\\\/une-carte-professionnelle-temporaire-pour-la-surveillance-des-grands-evenements-sportifs-et-culturels\\\/#article\",\"isPartOf\":{\"@id\":\"https:\\\/\\\/hierostrasbourg.com\\\/index.php\\\/2022\\\/04\\\/29\\\/une-carte-professionnelle-temporaire-pour-la-surveillance-des-grands-evenements-sportifs-et-culturels\\\/\"},\"author\":{\"name\":\"\",\"@id\":\"\"},\"headline\":\"Une carte professionnelle temporaire pour la surveillance des grands \u00e9v\u00e9nements sportifs et culturels\",\"datePublished\":\"2022-04-29T19:32:16+00:00\",\"mainEntityOfPage\":{\"@id\":\"https:\\\/\\\/hierostrasbourg.com\\\/index.php\\\/2022\\\/04\\\/29\\\/une-carte-professionnelle-temporaire-pour-la-surveillance-des-grands-evenements-sportifs-et-culturels\\\/\"},\"wordCount\":131,\"publisher\":{\"@id\":\"https:\\\/\\\/hierostrasbourg.com\\\/#organization\"},\"inLanguage\":\"fr-FR\"},{\"@type\":\"WebPage\",\"@id\":\"https:\\\/\\\/hierostrasbourg.com\\\/index.php\\\/2022\\\/04\\\/29\\\/une-carte-professionnelle-temporaire-pour-la-surveillance-des-grands-evenements-sportifs-et-culturels\\\/\",\"url\":\"https:\\\/\\\/hierostrasbourg.com\\\/index.php\\\/2022\\\/04\\\/29\\\/une-carte-professionnelle-temporaire-pour-la-surveillance-des-grands-evenements-sportifs-et-culturels\\\/\",\"name\":\"Une carte professionnelle temporaire pour la surveillance des grands \u00e9v\u00e9nements sportifs et culturels - HIERO STRASBOURG\",\"isPartOf\":{\"@id\":\"https:\\\/\\\/hierostrasbourg.com\\\/#website\"},\"datePublished\":\"2022-04-29T19:32:16+00:00\",\"breadcrumb\":{\"@id\":\"https:\\\/\\\/hierostrasbourg.com\\\/index.php\\\/2022\\\/04\\\/29\\\/une-carte-professionnelle-temporaire-pour-la-surveillance-des-grands-evenements-sportifs-et-culturels\\\/#breadcrumb\"},\"inLanguage\":\"fr-FR\",\"potentialAction\":[{\"@type\":\"ReadAction\",\"target\":[\"https:\\\/\\\/hierostrasbourg.com\\\/index.php\\\/2022\\\/04\\\/29\\\/une-carte-professionnelle-temporaire-pour-la-surveillance-des-grands-evenements-sportifs-et-culturels\\\/\"]}]},{\"@type\":\"BreadcrumbList\",\"@id\":\"https:\\\/\\\/hierostrasbourg.com\\\/index.php\\\/2022\\\/04\\\/29\\\/une-carte-professionnelle-temporaire-pour-la-surveillance-des-grands-evenements-sportifs-et-culturels\\\/#breadcrumb\",\"itemListElement\":[{\"@type\":\"ListItem\",\"position\":1,\"name\":\"Accueil\",\"item\":\"https:\\\/\\\/hierostrasbourg.com\\\/\"},{\"@type\":\"ListItem\",\"position\":2,\"name\":\"Une carte professionnelle temporaire pour la surveillance des grands \u00e9v\u00e9nements sportifs et culturels\"}]},{\"@type\":\"WebSite\",\"@id\":\"https:\\\/\\\/hierostrasbourg.com\\\/#website\",\"url\":\"https:\\\/\\\/hierostrasbourg.com\\\/\",\"name\":\"HIERO STRASBOURG\",\"description\":\"Centre de Ressources Musiques Actuelles\",\"publisher\":{\"@id\":\"https:\\\/\\\/hierostrasbourg.com\\\/#organization\"},\"potentialAction\":[{\"@type\":\"SearchAction\",\"target\":{\"@type\":\"EntryPoint\",\"urlTemplate\":\"https:\\\/\\\/hierostrasbourg.com\\\/?s={search_term_string}\"},\"query-input\":{\"@type\":\"PropertyValueSpecification\",\"valueRequired\":true,\"valueName\":\"search_term_string\"}}],\"inLanguage\":\"fr-FR\"},{\"@type\":\"Organization\",\"@id\":\"https:\\\/\\\/hierostrasbourg.com\\\/#organization\",\"name\":\"F\u00e9d\u00e9ration Hi\u00e9ro Strasbourg\",\"url\":\"https:\\\/\\\/hierostrasbourg.com\\\/\",\"logo\":{\"@type\":\"ImageObject\",\"inLanguage\":\"fr-FR\",\"@id\":\"https:\\\/\\\/hierostrasbourg.com\\\/#\\\/schema\\\/logo\\\/image\\\/\",\"url\":\"https:\\\/\\\/hierostrasbourg.com\\\/wp-content\\\/uploads\\\/2026\\\/04\\\/logo-hiero-strasbourg.jpg\",\"contentUrl\":\"https:\\\/\\\/hierostrasbourg.com\\\/wp-content\\\/uploads\\\/2026\\\/04\\\/logo-hiero-strasbourg.jpg\",\"width\":204,\"height\":192,\"caption\":\"F\u00e9d\u00e9ration Hi\u00e9ro Strasbourg\"},\"image\":{\"@id\":\"https:\\\/\\\/hierostrasbourg.com\\\/#\\\/schema\\\/logo\\\/image\\\/\"},\"sameAs\":[\"https:\\\/\\\/www.facebook.com\\\/fedehierostrasbourg\",\"https:\\\/\\\/x.com\\\/hierostrasbourg\"]}]}<\/script>\n<!-- \/ Yoast SEO plugin. -->","yoast_head_json":{"title":"Une carte professionnelle temporaire pour la surveillance des grands \u00e9v\u00e9nements sportifs et culturels - HIERO STRASBOURG","robots":{"index":"index","follow":"follow","max-snippet":"max-snippet:-1","max-image-preview":"max-image-preview:large","max-video-preview":"max-video-preview:-1"},"canonical":"https:\/\/hierostrasbourg.com\/index.php\/2022\/04\/29\/une-carte-professionnelle-temporaire-pour-la-surveillance-des-grands-evenements-sportifs-et-culturels\/","og_locale":"fr_FR","og_type":"article","og_title":"Une carte professionnelle temporaire pour la surveillance des grands \u00e9v\u00e9nements sportifs et culturels - HIERO STRASBOURG","og_description":"Un d\u00e9cret du 20 avril 2022 cr\u00e9e une carte professionnelle pour permettre l\u2019exercice d\u2019une activit\u00e9 de surveillance et de gardiennage dans le cadre de manifestations sportives, r\u00e9cr\u00e9atives, culturelles et \u00e9conomiques rassemblant plus de trois cents personnes. Autrement dit, une sp\u00e9cialit\u00e9 \u201csurveillance de grands \u00e9v\u00e9nements\u201d. Source \/ Lire la suite : Une carte professionnelle temporaire pour la surveillance des grands \u00e9v\u00e9nements sportifs et culturels L\u2019article Une carte professionnelle temporaire pour la surveillance des grands \u00e9v\u00e9nements sportifs et culturels est apparu en [&hellip;]","og_url":"https:\/\/hierostrasbourg.com\/index.php\/2022\/04\/29\/une-carte-professionnelle-temporaire-pour-la-surveillance-des-grands-evenements-sportifs-et-culturels\/","og_site_name":"HIERO STRASBOURG","article_publisher":"https:\/\/www.facebook.com\/fedehierostrasbourg","article_published_time":"2022-04-29T19:32:16+00:00","twitter_card":"summary_large_image","twitter_creator":"@hierostrasbourg","twitter_site":"@hierostrasbourg","twitter_misc":{"Dur\u00e9e de lecture estim\u00e9e":"1 minute"},"schema":{"@context":"https:\/\/schema.org","@graph":[{"@type":"Article","@id":"https:\/\/hierostrasbourg.com\/index.php\/2022\/04\/29\/une-carte-professionnelle-temporaire-pour-la-surveillance-des-grands-evenements-sportifs-et-culturels\/#article","isPartOf":{"@id":"https:\/\/hierostrasbourg.com\/index.php\/2022\/04\/29\/une-carte-professionnelle-temporaire-pour-la-surveillance-des-grands-evenements-sportifs-et-culturels\/"},"author":{"name":"","@id":""},"headline":"Une carte professionnelle temporaire pour la surveillance des grands \u00e9v\u00e9nements sportifs et culturels","datePublished":"2022-04-29T19:32:16+00:00","mainEntityOfPage":{"@id":"https:\/\/hierostrasbourg.com\/index.php\/2022\/04\/29\/une-carte-professionnelle-temporaire-pour-la-surveillance-des-grands-evenements-sportifs-et-culturels\/"},"wordCount":131,"publisher":{"@id":"https:\/\/hierostrasbourg.com\/#organization"},"inLanguage":"fr-FR"},{"@type":"WebPage","@id":"https:\/\/hierostrasbourg.com\/index.php\/2022\/04\/29\/une-carte-professionnelle-temporaire-pour-la-surveillance-des-grands-evenements-sportifs-et-culturels\/","url":"https:\/\/hierostrasbourg.com\/index.php\/2022\/04\/29\/une-carte-professionnelle-temporaire-pour-la-surveillance-des-grands-evenements-sportifs-et-culturels\/","name":"Une carte professionnelle temporaire pour la surveillance des grands \u00e9v\u00e9nements sportifs et culturels - HIERO STRASBOURG","isPartOf":{"@id":"https:\/\/hierostrasbourg.com\/#website"},"datePublished":"2022-04-29T19:32:16+00:00","breadcrumb":{"@id":"https:\/\/hierostrasbourg.com\/index.php\/2022\/04\/29\/une-carte-professionnelle-temporaire-pour-la-surveillance-des-grands-evenements-sportifs-et-culturels\/#breadcrumb"},"inLanguage":"fr-FR","potentialAction":[{"@type":"ReadAction","target":["https:\/\/hierostrasbourg.com\/index.php\/2022\/04\/29\/une-carte-professionnelle-temporaire-pour-la-surveillance-des-grands-evenements-sportifs-et-culturels\/"]}]},{"@type":"BreadcrumbList","@id":"https:\/\/hierostrasbourg.com\/index.php\/2022\/04\/29\/une-carte-professionnelle-temporaire-pour-la-surveillance-des-grands-evenements-sportifs-et-culturels\/#breadcrumb","itemListElement":[{"@type":"ListItem","position":1,"name":"Accueil","item":"https:\/\/hierostrasbourg.com\/"},{"@type":"ListItem","position":2,"name":"Une carte professionnelle temporaire pour la surveillance des grands \u00e9v\u00e9nements sportifs et culturels"}]},{"@type":"WebSite","@id":"https:\/\/hierostrasbourg.com\/#website","url":"https:\/\/hierostrasbourg.com\/","name":"HIERO STRASBOURG","description":"Centre de Ressources Musiques Actuelles","publisher":{"@id":"https:\/\/hierostrasbourg.com\/#organization"},"potentialAction":[{"@type":"SearchAction","target":{"@type":"EntryPoint","urlTemplate":"https:\/\/hierostrasbourg.com\/?s={search_term_string}"},"query-input":{"@type":"PropertyValueSpecification","valueRequired":true,"valueName":"search_term_string"}}],"inLanguage":"fr-FR"},{"@type":"Organization","@id":"https:\/\/hierostrasbourg.com\/#organization","name":"F\u00e9d\u00e9ration Hi\u00e9ro Strasbourg","url":"https:\/\/hierostrasbourg.com\/","logo":{"@type":"ImageObject","inLanguage":"fr-FR","@id":"https:\/\/hierostrasbourg.com\/#\/schema\/logo\/image\/","url":"https:\/\/hierostrasbourg.com\/wp-content\/uploads\/2026\/04\/logo-hiero-strasbourg.jpg","contentUrl":"https:\/\/hierostrasbourg.com\/wp-content\/uploads\/2026\/04\/logo-hiero-strasbourg.jpg","width":204,"height":192,"caption":"F\u00e9d\u00e9ration Hi\u00e9ro Strasbourg"},"image":{"@id":"https:\/\/hierostrasbourg.com\/#\/schema\/logo\/image\/"},"sameAs":["https:\/\/www.facebook.com\/fedehierostrasbourg","https:\/\/x.com\/hierostrasbourg"]}]}},"_links":{"self":[{"href":"https:\/\/hierostrasbourg.com\/index.php\/wp-json\/wp\/v2\/posts\/2405","targetHints":{"allow":["GET"]}}],"collection":[{"href":"https:\/\/hierostrasbourg.com\/index.php\/wp-json\/wp\/v2\/posts"}],"about":[{"href":"https:\/\/hierostrasbourg.com\/index.php\/wp-json\/wp\/v2\/types\/post"}],"replies":[{"embeddable":true,"href":"https:\/\/hierostrasbourg.com\/index.php\/wp-json\/wp\/v2\/comments?post=2405"}],"version-history":[{"count":0,"href":"https:\/\/hierostrasbourg.com\/index.php\/wp-json\/wp\/v2\/posts\/2405\/revisions"}],"wp:attachment":[{"href":"https:\/\/hierostrasbourg.com\/index.php\/wp-json\/wp\/v2\/media?parent=2405"}],"wp:term":[{"taxonomy":"category","embeddable":true,"href":"https:\/\/hierostrasbourg.com\/index.php\/wp-json\/wp\/v2\/categories?post=2405"},{"taxonomy":"post_tag","embeddable":true,"href":"https:\/\/hierostrasbourg.com\/index.php\/wp-json\/wp\/v2\/tags?post=2405"}],"curies":[{"name":"wp","href":"https:\/\/api.w.org\/{rel}","templated":true}]}}