{"id":2403,"date":"2022-04-29T16:30:49","date_gmt":"2022-04-29T14:30:49","guid":{"rendered":"https:\/\/hierostrasbourg.com\/index.php\/2022\/04\/29\/le-conservatoire-de-colmar-recrute-un-responsable-scolarite-et-administration-f-h-2\/"},"modified":"2022-04-29T16:30:49","modified_gmt":"2022-04-29T14:30:49","slug":"le-conservatoire-de-colmar-recrute-un-responsable-scolarite-et-administration-f-h-2","status":"publish","type":"post","link":"https:\/\/hierostrasbourg.com\/index.php\/2022\/04\/29\/le-conservatoire-de-colmar-recrute-un-responsable-scolarite-et-administration-f-h-2\/","title":{"rendered":"LE CONSERVATOIRE DE COLMAR recrute un responsable scolarit\u00e9 et administration [F\/H]"},"content":{"rendered":"<p>Sous l\u2019autorit\u00e9 du directeur du conservatoire et de la hi\u00e9rarchie administrative, vous serez\u00a0:<\/p>\n<p>Responsable de la scolarit\u00e9, de l\u2019administration et de la comptabilit\u00e9 mutualis\u00e9es pour les deux \u00e9tablissements d\u2019enseignement artistique municipaux (Conservatoire \u00e0 rayonnement d\u00e9partemental et Ecole d\u2019arts plastiques)<br \/>\nEn charge d\u2019encadrer 3 agents du Conservatoire<\/p>\n<h2>Activit\u00e9s principales<\/h2>\n<h4>Domaine d\u2019activit\u00e9 1 : Scolarit\u00e9<\/h4>\n<p>Organisation et suivi des inscriptions<br \/>\nFacturation trimestrielle des frais d\u2019\u00e9colage<br \/>\nCollecte des \u00e9l\u00e9ments pour les rapports d\u2019activit\u00e9s et statistiques<\/p>\n<h4>Domaine d\u2019activit\u00e9 2 : Administration et comptabilit\u00e9<\/h4>\n<p>Antenne comptable des deux \u00e9tablissements d\u2019enseignement artistique<br \/>\nPr\u00e9paration budg\u00e9taire, suivi de l\u2019ex\u00e9cution budg\u00e9taire<br \/>\nManagement de 3 agents\u00a0: une charg\u00e9e d\u2019administration, une assistante scolarit\u00e9 et communication et un(e) charg\u00e9(e) d\u2019accueil<\/p>\n<h4>Activit\u00e9 compl\u00e9mentaire<\/h4>\n<p>Peut \u00eatre amen\u00e9 \u00e0 participer \u00e0 d\u2019autres aspects de la vie de l\u2019\u00e9tablissement selon les besoins<\/p>\n<p>Liste des activit\u00e9s non exhaustive qui peut varier fonction des besoins et des obligations du service<\/p>\n<h2>Profil<\/h2>\n<p>Cadre d\u2019emplois des r\u00e9dacteurs (cat. B)<br \/>\nBAC +2 dans le domaine administratif ou comptable<br \/>\nMa\u00eetrise d\u2019outils bureautiques (Word, Excel, DUONET (scolarit\u00e9), DECALOG (partoth\u00e8que))<br \/>\nPermis B obligatoire<\/p>\n<h4>Savoirs et savoir-faire<\/h4>\n<p>Ma\u00eetrise de l\u2019outil informatique, r\u00e8gles de comptabilit\u00e9, environnement territorial, techniques de management, bonnes capacit\u00e9s r\u00e9dactionnelles<\/p>\n<h4>Qualit\u00e9s<\/h4>\n<p>Polyvalence, autonomie, m\u00e9thode, rigueur, capacit\u00e9 d\u2019anticipation des besoins, bon contact avec le public, les professeurs et les \u00e9l\u00e8ves.<\/p>\n<h2>Contraintes, astreintes<\/h2>\n<p>Cong\u00e9s et RTT \u00e0 prendre en priorit\u00e9 pendant les vacances scolaires<br \/>\nPr\u00e9sence obligatoire le mercredi<br \/>\nExceptionnellement travail en soir\u00e9e et week-end en fonction des manifestations<\/p>\n<h2>Conditions de travail :<\/h2>\n<p>Temps complet sur 5 jours travaill\u00e9s avec RTT<\/p>\n<p>Les candidatures accompagn\u00e9es d\u2019un curriculum vitae sont \u00e0 adresser au plus tard le 25\/05\/2022<br \/>\nsur la <strong><a href=\"https:\/\/eservices.portail.colmar.fr\/\">plateforme Colmar &amp; Moi\u00a0<\/a><\/strong><\/p>\n<p>L\u2019article <a href=\"https:\/\/popburo.fr\/le-conservatoire-de-colmar-recrute-un-responsable-scolarite-et-administration-f-h\/\">LE CONSERVATOIRE DE COLMAR recrute un responsable scolarit\u00e9 et administration [F\/H]<\/a> est apparu en premier sur <a href=\"https:\/\/popburo.fr\/\">POP B\u00dcRO<\/a>.<\/p>\n","protected":false},"excerpt":{"rendered":"<p>Sous l\u2019autorit\u00e9 du directeur du conservatoire et de la hi\u00e9rarchie administrative, vous serez\u00a0: Responsable de la scolarit\u00e9, de l\u2019administration et de la comptabilit\u00e9 mutualis\u00e9es pour les deux \u00e9tablissements d\u2019enseignement artistique municipaux (Conservatoire \u00e0 rayonnement d\u00e9partemental et Ecole d\u2019arts plastiques) En charge d\u2019encadrer 3 agents du Conservatoire Activit\u00e9s principales Domaine d\u2019activit\u00e9 1 : Scolarit\u00e9 Organisation et suivi des inscriptions Facturation trimestrielle des frais d\u2019\u00e9colage Collecte des \u00e9l\u00e9ments pour les rapports d\u2019activit\u00e9s et statistiques Domaine d\u2019activit\u00e9 2 : Administration et comptabilit\u00e9 Antenne [&hellip;]<\/p>\n","protected":false},"author":0,"featured_media":0,"comment_status":"closed","ping_status":"open","sticky":false,"template":"","format":"standard","meta":{"footnotes":""},"categories":[1],"tags":[],"class_list":["post-2403","post","type-post","status-publish","format-standard","hentry","category-non-classe"],"yoast_head":"<!-- This site is optimized with the Yoast SEO plugin v27.4 - https:\/\/yoast.com\/product\/yoast-seo-wordpress\/ -->\n<title>LE CONSERVATOIRE DE COLMAR recrute un responsable scolarit\u00e9 et administration [F\/H] - HIERO STRASBOURG<\/title>\n<meta name=\"robots\" content=\"index, follow, max-snippet:-1, max-image-preview:large, max-video-preview:-1\" \/>\n<link rel=\"canonical\" href=\"https:\/\/hierostrasbourg.com\/index.php\/2022\/04\/29\/le-conservatoire-de-colmar-recrute-un-responsable-scolarite-et-administration-f-h-2\/\" \/>\n<meta property=\"og:locale\" content=\"fr_FR\" \/>\n<meta property=\"og:type\" content=\"article\" \/>\n<meta property=\"og:title\" content=\"LE CONSERVATOIRE DE COLMAR recrute un responsable scolarit\u00e9 et administration [F\/H] - HIERO STRASBOURG\" \/>\n<meta property=\"og:description\" content=\"Sous l\u2019autorit\u00e9 du directeur du conservatoire et de la hi\u00e9rarchie administrative, vous serez\u00a0: Responsable de la scolarit\u00e9, de l\u2019administration et de la comptabilit\u00e9 mutualis\u00e9es pour les deux \u00e9tablissements d\u2019enseignement artistique municipaux (Conservatoire \u00e0 rayonnement d\u00e9partemental et Ecole d\u2019arts plastiques) En charge d\u2019encadrer 3 agents du Conservatoire Activit\u00e9s principales Domaine d\u2019activit\u00e9 1 : Scolarit\u00e9 Organisation et suivi des inscriptions Facturation trimestrielle des frais d\u2019\u00e9colage Collecte des \u00e9l\u00e9ments pour les rapports d\u2019activit\u00e9s et statistiques Domaine d\u2019activit\u00e9 2 : Administration et comptabilit\u00e9 Antenne [&hellip;]\" \/>\n<meta property=\"og:url\" content=\"https:\/\/hierostrasbourg.com\/index.php\/2022\/04\/29\/le-conservatoire-de-colmar-recrute-un-responsable-scolarite-et-administration-f-h-2\/\" \/>\n<meta property=\"og:site_name\" content=\"HIERO STRASBOURG\" \/>\n<meta property=\"article:publisher\" content=\"https:\/\/www.facebook.com\/fedehierostrasbourg\" \/>\n<meta property=\"article:published_time\" content=\"2022-04-29T14:30:49+00:00\" \/>\n<meta name=\"twitter:card\" content=\"summary_large_image\" \/>\n<meta name=\"twitter:creator\" content=\"@hierostrasbourg\" \/>\n<meta name=\"twitter:site\" content=\"@hierostrasbourg\" \/>\n<meta name=\"twitter:label1\" content=\"Dur\u00e9e de lecture estim\u00e9e\" \/>\n\t<meta name=\"twitter:data1\" content=\"2 minutes\" \/>\n<script type=\"application\/ld+json\" class=\"yoast-schema-graph\">{\"@context\":\"https:\\\/\\\/schema.org\",\"@graph\":[{\"@type\":\"Article\",\"@id\":\"https:\\\/\\\/hierostrasbourg.com\\\/index.php\\\/2022\\\/04\\\/29\\\/le-conservatoire-de-colmar-recrute-un-responsable-scolarite-et-administration-f-h-2\\\/#article\",\"isPartOf\":{\"@id\":\"https:\\\/\\\/hierostrasbourg.com\\\/index.php\\\/2022\\\/04\\\/29\\\/le-conservatoire-de-colmar-recrute-un-responsable-scolarite-et-administration-f-h-2\\\/\"},\"author\":{\"name\":\"\",\"@id\":\"\"},\"headline\":\"LE CONSERVATOIRE DE COLMAR recrute un responsable scolarit\u00e9 et administration [F\\\/H]\",\"datePublished\":\"2022-04-29T14:30:49+00:00\",\"mainEntityOfPage\":{\"@id\":\"https:\\\/\\\/hierostrasbourg.com\\\/index.php\\\/2022\\\/04\\\/29\\\/le-conservatoire-de-colmar-recrute-un-responsable-scolarite-et-administration-f-h-2\\\/\"},\"wordCount\":334,\"publisher\":{\"@id\":\"https:\\\/\\\/hierostrasbourg.com\\\/#organization\"},\"inLanguage\":\"fr-FR\"},{\"@type\":\"WebPage\",\"@id\":\"https:\\\/\\\/hierostrasbourg.com\\\/index.php\\\/2022\\\/04\\\/29\\\/le-conservatoire-de-colmar-recrute-un-responsable-scolarite-et-administration-f-h-2\\\/\",\"url\":\"https:\\\/\\\/hierostrasbourg.com\\\/index.php\\\/2022\\\/04\\\/29\\\/le-conservatoire-de-colmar-recrute-un-responsable-scolarite-et-administration-f-h-2\\\/\",\"name\":\"LE CONSERVATOIRE DE COLMAR recrute un responsable scolarit\u00e9 et administration [F\\\/H] - HIERO STRASBOURG\",\"isPartOf\":{\"@id\":\"https:\\\/\\\/hierostrasbourg.com\\\/#website\"},\"datePublished\":\"2022-04-29T14:30:49+00:00\",\"breadcrumb\":{\"@id\":\"https:\\\/\\\/hierostrasbourg.com\\\/index.php\\\/2022\\\/04\\\/29\\\/le-conservatoire-de-colmar-recrute-un-responsable-scolarite-et-administration-f-h-2\\\/#breadcrumb\"},\"inLanguage\":\"fr-FR\",\"potentialAction\":[{\"@type\":\"ReadAction\",\"target\":[\"https:\\\/\\\/hierostrasbourg.com\\\/index.php\\\/2022\\\/04\\\/29\\\/le-conservatoire-de-colmar-recrute-un-responsable-scolarite-et-administration-f-h-2\\\/\"]}]},{\"@type\":\"BreadcrumbList\",\"@id\":\"https:\\\/\\\/hierostrasbourg.com\\\/index.php\\\/2022\\\/04\\\/29\\\/le-conservatoire-de-colmar-recrute-un-responsable-scolarite-et-administration-f-h-2\\\/#breadcrumb\",\"itemListElement\":[{\"@type\":\"ListItem\",\"position\":1,\"name\":\"Accueil\",\"item\":\"https:\\\/\\\/hierostrasbourg.com\\\/\"},{\"@type\":\"ListItem\",\"position\":2,\"name\":\"LE CONSERVATOIRE DE COLMAR recrute un responsable scolarit\u00e9 et administration [F\\\/H]\"}]},{\"@type\":\"WebSite\",\"@id\":\"https:\\\/\\\/hierostrasbourg.com\\\/#website\",\"url\":\"https:\\\/\\\/hierostrasbourg.com\\\/\",\"name\":\"HIERO STRASBOURG\",\"description\":\"Centre de Ressources Musiques Actuelles\",\"publisher\":{\"@id\":\"https:\\\/\\\/hierostrasbourg.com\\\/#organization\"},\"potentialAction\":[{\"@type\":\"SearchAction\",\"target\":{\"@type\":\"EntryPoint\",\"urlTemplate\":\"https:\\\/\\\/hierostrasbourg.com\\\/?s={search_term_string}\"},\"query-input\":{\"@type\":\"PropertyValueSpecification\",\"valueRequired\":true,\"valueName\":\"search_term_string\"}}],\"inLanguage\":\"fr-FR\"},{\"@type\":\"Organization\",\"@id\":\"https:\\\/\\\/hierostrasbourg.com\\\/#organization\",\"name\":\"F\u00e9d\u00e9ration Hi\u00e9ro Strasbourg\",\"url\":\"https:\\\/\\\/hierostrasbourg.com\\\/\",\"logo\":{\"@type\":\"ImageObject\",\"inLanguage\":\"fr-FR\",\"@id\":\"https:\\\/\\\/hierostrasbourg.com\\\/#\\\/schema\\\/logo\\\/image\\\/\",\"url\":\"https:\\\/\\\/hierostrasbourg.com\\\/wp-content\\\/uploads\\\/2026\\\/04\\\/logo-hiero-strasbourg.jpg\",\"contentUrl\":\"https:\\\/\\\/hierostrasbourg.com\\\/wp-content\\\/uploads\\\/2026\\\/04\\\/logo-hiero-strasbourg.jpg\",\"width\":204,\"height\":192,\"caption\":\"F\u00e9d\u00e9ration Hi\u00e9ro Strasbourg\"},\"image\":{\"@id\":\"https:\\\/\\\/hierostrasbourg.com\\\/#\\\/schema\\\/logo\\\/image\\\/\"},\"sameAs\":[\"https:\\\/\\\/www.facebook.com\\\/fedehierostrasbourg\",\"https:\\\/\\\/x.com\\\/hierostrasbourg\"]}]}<\/script>\n<!-- \/ Yoast SEO plugin. -->","yoast_head_json":{"title":"LE CONSERVATOIRE DE COLMAR recrute un responsable scolarit\u00e9 et administration [F\/H] - HIERO STRASBOURG","robots":{"index":"index","follow":"follow","max-snippet":"max-snippet:-1","max-image-preview":"max-image-preview:large","max-video-preview":"max-video-preview:-1"},"canonical":"https:\/\/hierostrasbourg.com\/index.php\/2022\/04\/29\/le-conservatoire-de-colmar-recrute-un-responsable-scolarite-et-administration-f-h-2\/","og_locale":"fr_FR","og_type":"article","og_title":"LE CONSERVATOIRE DE COLMAR recrute un responsable scolarit\u00e9 et administration [F\/H] - HIERO STRASBOURG","og_description":"Sous l\u2019autorit\u00e9 du directeur du conservatoire et de la hi\u00e9rarchie administrative, vous serez\u00a0: Responsable de la scolarit\u00e9, de l\u2019administration et de la comptabilit\u00e9 mutualis\u00e9es pour les deux \u00e9tablissements d\u2019enseignement artistique municipaux (Conservatoire \u00e0 rayonnement d\u00e9partemental et Ecole d\u2019arts plastiques) En charge d\u2019encadrer 3 agents du Conservatoire Activit\u00e9s principales Domaine d\u2019activit\u00e9 1 : Scolarit\u00e9 Organisation et suivi des inscriptions Facturation trimestrielle des frais d\u2019\u00e9colage Collecte des \u00e9l\u00e9ments pour les rapports d\u2019activit\u00e9s et statistiques Domaine d\u2019activit\u00e9 2 : Administration et comptabilit\u00e9 Antenne [&hellip;]","og_url":"https:\/\/hierostrasbourg.com\/index.php\/2022\/04\/29\/le-conservatoire-de-colmar-recrute-un-responsable-scolarite-et-administration-f-h-2\/","og_site_name":"HIERO STRASBOURG","article_publisher":"https:\/\/www.facebook.com\/fedehierostrasbourg","article_published_time":"2022-04-29T14:30:49+00:00","twitter_card":"summary_large_image","twitter_creator":"@hierostrasbourg","twitter_site":"@hierostrasbourg","twitter_misc":{"Dur\u00e9e de lecture estim\u00e9e":"2 minutes"},"schema":{"@context":"https:\/\/schema.org","@graph":[{"@type":"Article","@id":"https:\/\/hierostrasbourg.com\/index.php\/2022\/04\/29\/le-conservatoire-de-colmar-recrute-un-responsable-scolarite-et-administration-f-h-2\/#article","isPartOf":{"@id":"https:\/\/hierostrasbourg.com\/index.php\/2022\/04\/29\/le-conservatoire-de-colmar-recrute-un-responsable-scolarite-et-administration-f-h-2\/"},"author":{"name":"","@id":""},"headline":"LE CONSERVATOIRE DE COLMAR recrute un responsable scolarit\u00e9 et administration [F\/H]","datePublished":"2022-04-29T14:30:49+00:00","mainEntityOfPage":{"@id":"https:\/\/hierostrasbourg.com\/index.php\/2022\/04\/29\/le-conservatoire-de-colmar-recrute-un-responsable-scolarite-et-administration-f-h-2\/"},"wordCount":334,"publisher":{"@id":"https:\/\/hierostrasbourg.com\/#organization"},"inLanguage":"fr-FR"},{"@type":"WebPage","@id":"https:\/\/hierostrasbourg.com\/index.php\/2022\/04\/29\/le-conservatoire-de-colmar-recrute-un-responsable-scolarite-et-administration-f-h-2\/","url":"https:\/\/hierostrasbourg.com\/index.php\/2022\/04\/29\/le-conservatoire-de-colmar-recrute-un-responsable-scolarite-et-administration-f-h-2\/","name":"LE CONSERVATOIRE DE COLMAR recrute un responsable scolarit\u00e9 et administration [F\/H] - HIERO STRASBOURG","isPartOf":{"@id":"https:\/\/hierostrasbourg.com\/#website"},"datePublished":"2022-04-29T14:30:49+00:00","breadcrumb":{"@id":"https:\/\/hierostrasbourg.com\/index.php\/2022\/04\/29\/le-conservatoire-de-colmar-recrute-un-responsable-scolarite-et-administration-f-h-2\/#breadcrumb"},"inLanguage":"fr-FR","potentialAction":[{"@type":"ReadAction","target":["https:\/\/hierostrasbourg.com\/index.php\/2022\/04\/29\/le-conservatoire-de-colmar-recrute-un-responsable-scolarite-et-administration-f-h-2\/"]}]},{"@type":"BreadcrumbList","@id":"https:\/\/hierostrasbourg.com\/index.php\/2022\/04\/29\/le-conservatoire-de-colmar-recrute-un-responsable-scolarite-et-administration-f-h-2\/#breadcrumb","itemListElement":[{"@type":"ListItem","position":1,"name":"Accueil","item":"https:\/\/hierostrasbourg.com\/"},{"@type":"ListItem","position":2,"name":"LE CONSERVATOIRE DE COLMAR recrute un responsable scolarit\u00e9 et administration [F\/H]"}]},{"@type":"WebSite","@id":"https:\/\/hierostrasbourg.com\/#website","url":"https:\/\/hierostrasbourg.com\/","name":"HIERO STRASBOURG","description":"Centre de Ressources Musiques Actuelles","publisher":{"@id":"https:\/\/hierostrasbourg.com\/#organization"},"potentialAction":[{"@type":"SearchAction","target":{"@type":"EntryPoint","urlTemplate":"https:\/\/hierostrasbourg.com\/?s={search_term_string}"},"query-input":{"@type":"PropertyValueSpecification","valueRequired":true,"valueName":"search_term_string"}}],"inLanguage":"fr-FR"},{"@type":"Organization","@id":"https:\/\/hierostrasbourg.com\/#organization","name":"F\u00e9d\u00e9ration Hi\u00e9ro Strasbourg","url":"https:\/\/hierostrasbourg.com\/","logo":{"@type":"ImageObject","inLanguage":"fr-FR","@id":"https:\/\/hierostrasbourg.com\/#\/schema\/logo\/image\/","url":"https:\/\/hierostrasbourg.com\/wp-content\/uploads\/2026\/04\/logo-hiero-strasbourg.jpg","contentUrl":"https:\/\/hierostrasbourg.com\/wp-content\/uploads\/2026\/04\/logo-hiero-strasbourg.jpg","width":204,"height":192,"caption":"F\u00e9d\u00e9ration Hi\u00e9ro Strasbourg"},"image":{"@id":"https:\/\/hierostrasbourg.com\/#\/schema\/logo\/image\/"},"sameAs":["https:\/\/www.facebook.com\/fedehierostrasbourg","https:\/\/x.com\/hierostrasbourg"]}]}},"_links":{"self":[{"href":"https:\/\/hierostrasbourg.com\/index.php\/wp-json\/wp\/v2\/posts\/2403","targetHints":{"allow":["GET"]}}],"collection":[{"href":"https:\/\/hierostrasbourg.com\/index.php\/wp-json\/wp\/v2\/posts"}],"about":[{"href":"https:\/\/hierostrasbourg.com\/index.php\/wp-json\/wp\/v2\/types\/post"}],"replies":[{"embeddable":true,"href":"https:\/\/hierostrasbourg.com\/index.php\/wp-json\/wp\/v2\/comments?post=2403"}],"version-history":[{"count":0,"href":"https:\/\/hierostrasbourg.com\/index.php\/wp-json\/wp\/v2\/posts\/2403\/revisions"}],"wp:attachment":[{"href":"https:\/\/hierostrasbourg.com\/index.php\/wp-json\/wp\/v2\/media?parent=2403"}],"wp:term":[{"taxonomy":"category","embeddable":true,"href":"https:\/\/hierostrasbourg.com\/index.php\/wp-json\/wp\/v2\/categories?post=2403"},{"taxonomy":"post_tag","embeddable":true,"href":"https:\/\/hierostrasbourg.com\/index.php\/wp-json\/wp\/v2\/tags?post=2403"}],"curies":[{"name":"wp","href":"https:\/\/api.w.org\/{rel}","templated":true}]}}