{"id":2375,"date":"2022-04-26T22:34:05","date_gmt":"2022-04-26T20:34:05","guid":{"rendered":"https:\/\/hierostrasbourg.com\/index.php\/2022\/04\/26\/sturm-productions-strasbourg-recrute-un-charge-de-communication-en-contrat-dapprentissage-f-h\/"},"modified":"2022-04-26T22:34:05","modified_gmt":"2022-04-26T20:34:05","slug":"sturm-productions-strasbourg-recrute-un-charge-de-communication-en-contrat-dapprentissage-f-h","status":"publish","type":"post","link":"https:\/\/hierostrasbourg.com\/index.php\/2022\/04\/26\/sturm-productions-strasbourg-recrute-un-charge-de-communication-en-contrat-dapprentissage-f-h\/","title":{"rendered":"STURM PRODUCTIONS [Strasbourg] recrute un charg\u00e9 de communication en contrat d\u2019apprentissage [F\/H]"},"content":{"rendered":"<p>La Sturm Production est une association de droit local, cr\u00e9\u00e9e en septembre 2020 \u00e0 Strasbourg en r\u00e9ponse \u00e0 la crise. Elle organise le festival Jazz \u00e0 la Petite France en juillet \u00e0 Strasbourg, et d\u00e9ploie une saison musicale au f\u00e9minin, avec concerts, r\u00e9sidences de cr\u00e9ation, conf\u00e9rences et rencontres, afin de valoriser le matrimoine musical dans diverses esth\u00e9tiques. Elle accompagne deux groupes d\u2019artistes dans leur d\u00e9veloppement : Far Est Unlimited (jazz world) et Melissa Weikart (jazz exp\u00e9rimental). www.sturmprod.com Missions Sous la [\u2026]<\/p>\n<p>L\u2019article <a href=\"https:\/\/musiquesactuelles.alsace\/sturm-productions-strasbourg-recrute-un-charge-de-communication-en-contrat-dapprentissage-f-h\/\">STURM PRODUCTIONS [Strasbourg] recrute un charg\u00e9 de communication en contrat d\u2019apprentissage [F\/H]<\/a> est apparu en premier sur <a href=\"https:\/\/musiquesactuelles.alsace\/\">Musiques Actuelles en Alsace<\/a>.<\/p>\n<p>L\u2019article <a href=\"https:\/\/popburo.fr\/sturm-productions-strasbourg-recrute-un-charge-de-communication-en-contrat-dapprentissage-f-h-2\/\">STURM PRODUCTIONS [Strasbourg] recrute un charg\u00e9 de communication en contrat d\u2019apprentissage [F\/H]<\/a> est apparu en premier sur <a href=\"https:\/\/popburo.fr\/\">POP B\u00dcRO<\/a>.<\/p>\n","protected":false},"excerpt":{"rendered":"<p>La Sturm Production est une association de droit local, cr\u00e9\u00e9e en septembre 2020 \u00e0 Strasbourg en r\u00e9ponse \u00e0 la crise. Elle organise le festival Jazz \u00e0 la Petite France en juillet \u00e0 Strasbourg, et d\u00e9ploie une saison musicale au f\u00e9minin, avec concerts, r\u00e9sidences de cr\u00e9ation, conf\u00e9rences et rencontres, afin de valoriser le matrimoine musical dans diverses esth\u00e9tiques. Elle accompagne deux groupes d\u2019artistes dans leur d\u00e9veloppement : Far Est Unlimited (jazz world) et Melissa Weikart (jazz exp\u00e9rimental). www.sturmprod.com Missions Sous la [&hellip;]<\/p>\n","protected":false},"author":0,"featured_media":0,"comment_status":"closed","ping_status":"open","sticky":false,"template":"","format":"standard","meta":{"footnotes":""},"categories":[1],"tags":[],"class_list":["post-2375","post","type-post","status-publish","format-standard","hentry","category-non-classe"],"yoast_head":"<!-- This site is optimized with the Yoast SEO plugin v27.4 - https:\/\/yoast.com\/product\/yoast-seo-wordpress\/ -->\n<title>STURM PRODUCTIONS [Strasbourg] recrute un charg\u00e9 de communication en contrat d\u2019apprentissage [F\/H] - HIERO STRASBOURG<\/title>\n<meta name=\"robots\" content=\"index, follow, max-snippet:-1, max-image-preview:large, max-video-preview:-1\" \/>\n<link rel=\"canonical\" href=\"https:\/\/hierostrasbourg.com\/index.php\/2022\/04\/26\/sturm-productions-strasbourg-recrute-un-charge-de-communication-en-contrat-dapprentissage-f-h\/\" \/>\n<meta property=\"og:locale\" content=\"fr_FR\" \/>\n<meta property=\"og:type\" content=\"article\" \/>\n<meta property=\"og:title\" content=\"STURM PRODUCTIONS [Strasbourg] recrute un charg\u00e9 de communication en contrat d\u2019apprentissage [F\/H] - HIERO STRASBOURG\" \/>\n<meta property=\"og:description\" content=\"La Sturm Production est une association de droit local, cr\u00e9\u00e9e en septembre 2020 \u00e0 Strasbourg en r\u00e9ponse \u00e0 la crise. Elle organise le festival Jazz \u00e0 la Petite France en juillet \u00e0 Strasbourg, et d\u00e9ploie une saison musicale au f\u00e9minin, avec concerts, r\u00e9sidences de cr\u00e9ation, conf\u00e9rences et rencontres, afin de valoriser le matrimoine musical dans diverses esth\u00e9tiques. Elle accompagne deux groupes d\u2019artistes dans leur d\u00e9veloppement : Far Est Unlimited (jazz world) et Melissa Weikart (jazz exp\u00e9rimental). www.sturmprod.com Missions Sous la [&hellip;]\" \/>\n<meta property=\"og:url\" content=\"https:\/\/hierostrasbourg.com\/index.php\/2022\/04\/26\/sturm-productions-strasbourg-recrute-un-charge-de-communication-en-contrat-dapprentissage-f-h\/\" \/>\n<meta property=\"og:site_name\" content=\"HIERO STRASBOURG\" \/>\n<meta property=\"article:publisher\" content=\"https:\/\/www.facebook.com\/fedehierostrasbourg\" \/>\n<meta property=\"article:published_time\" content=\"2022-04-26T20:34:05+00:00\" \/>\n<meta name=\"twitter:card\" content=\"summary_large_image\" \/>\n<meta name=\"twitter:creator\" content=\"@hierostrasbourg\" \/>\n<meta name=\"twitter:site\" content=\"@hierostrasbourg\" \/>\n<meta name=\"twitter:label1\" content=\"Dur\u00e9e de lecture estim\u00e9e\" \/>\n\t<meta name=\"twitter:data1\" content=\"1 minute\" \/>\n<script type=\"application\/ld+json\" class=\"yoast-schema-graph\">{\"@context\":\"https:\\\/\\\/schema.org\",\"@graph\":[{\"@type\":\"Article\",\"@id\":\"https:\\\/\\\/hierostrasbourg.com\\\/index.php\\\/2022\\\/04\\\/26\\\/sturm-productions-strasbourg-recrute-un-charge-de-communication-en-contrat-dapprentissage-f-h\\\/#article\",\"isPartOf\":{\"@id\":\"https:\\\/\\\/hierostrasbourg.com\\\/index.php\\\/2022\\\/04\\\/26\\\/sturm-productions-strasbourg-recrute-un-charge-de-communication-en-contrat-dapprentissage-f-h\\\/\"},\"author\":{\"name\":\"\",\"@id\":\"\"},\"headline\":\"STURM PRODUCTIONS [Strasbourg] recrute un charg\u00e9 de communication en contrat d\u2019apprentissage [F\\\/H]\",\"datePublished\":\"2022-04-26T20:34:05+00:00\",\"mainEntityOfPage\":{\"@id\":\"https:\\\/\\\/hierostrasbourg.com\\\/index.php\\\/2022\\\/04\\\/26\\\/sturm-productions-strasbourg-recrute-un-charge-de-communication-en-contrat-dapprentissage-f-h\\\/\"},\"wordCount\":150,\"publisher\":{\"@id\":\"https:\\\/\\\/hierostrasbourg.com\\\/#organization\"},\"inLanguage\":\"fr-FR\"},{\"@type\":\"WebPage\",\"@id\":\"https:\\\/\\\/hierostrasbourg.com\\\/index.php\\\/2022\\\/04\\\/26\\\/sturm-productions-strasbourg-recrute-un-charge-de-communication-en-contrat-dapprentissage-f-h\\\/\",\"url\":\"https:\\\/\\\/hierostrasbourg.com\\\/index.php\\\/2022\\\/04\\\/26\\\/sturm-productions-strasbourg-recrute-un-charge-de-communication-en-contrat-dapprentissage-f-h\\\/\",\"name\":\"STURM PRODUCTIONS [Strasbourg] recrute un charg\u00e9 de communication en contrat d\u2019apprentissage [F\\\/H] - HIERO STRASBOURG\",\"isPartOf\":{\"@id\":\"https:\\\/\\\/hierostrasbourg.com\\\/#website\"},\"datePublished\":\"2022-04-26T20:34:05+00:00\",\"breadcrumb\":{\"@id\":\"https:\\\/\\\/hierostrasbourg.com\\\/index.php\\\/2022\\\/04\\\/26\\\/sturm-productions-strasbourg-recrute-un-charge-de-communication-en-contrat-dapprentissage-f-h\\\/#breadcrumb\"},\"inLanguage\":\"fr-FR\",\"potentialAction\":[{\"@type\":\"ReadAction\",\"target\":[\"https:\\\/\\\/hierostrasbourg.com\\\/index.php\\\/2022\\\/04\\\/26\\\/sturm-productions-strasbourg-recrute-un-charge-de-communication-en-contrat-dapprentissage-f-h\\\/\"]}]},{\"@type\":\"BreadcrumbList\",\"@id\":\"https:\\\/\\\/hierostrasbourg.com\\\/index.php\\\/2022\\\/04\\\/26\\\/sturm-productions-strasbourg-recrute-un-charge-de-communication-en-contrat-dapprentissage-f-h\\\/#breadcrumb\",\"itemListElement\":[{\"@type\":\"ListItem\",\"position\":1,\"name\":\"Accueil\",\"item\":\"https:\\\/\\\/hierostrasbourg.com\\\/\"},{\"@type\":\"ListItem\",\"position\":2,\"name\":\"STURM PRODUCTIONS [Strasbourg] recrute un charg\u00e9 de communication en contrat d\u2019apprentissage [F\\\/H]\"}]},{\"@type\":\"WebSite\",\"@id\":\"https:\\\/\\\/hierostrasbourg.com\\\/#website\",\"url\":\"https:\\\/\\\/hierostrasbourg.com\\\/\",\"name\":\"HIERO STRASBOURG\",\"description\":\"Centre de Ressources Musiques Actuelles\",\"publisher\":{\"@id\":\"https:\\\/\\\/hierostrasbourg.com\\\/#organization\"},\"potentialAction\":[{\"@type\":\"SearchAction\",\"target\":{\"@type\":\"EntryPoint\",\"urlTemplate\":\"https:\\\/\\\/hierostrasbourg.com\\\/?s={search_term_string}\"},\"query-input\":{\"@type\":\"PropertyValueSpecification\",\"valueRequired\":true,\"valueName\":\"search_term_string\"}}],\"inLanguage\":\"fr-FR\"},{\"@type\":\"Organization\",\"@id\":\"https:\\\/\\\/hierostrasbourg.com\\\/#organization\",\"name\":\"F\u00e9d\u00e9ration Hi\u00e9ro Strasbourg\",\"url\":\"https:\\\/\\\/hierostrasbourg.com\\\/\",\"logo\":{\"@type\":\"ImageObject\",\"inLanguage\":\"fr-FR\",\"@id\":\"https:\\\/\\\/hierostrasbourg.com\\\/#\\\/schema\\\/logo\\\/image\\\/\",\"url\":\"https:\\\/\\\/hierostrasbourg.com\\\/wp-content\\\/uploads\\\/2026\\\/04\\\/logo-hiero-strasbourg.jpg\",\"contentUrl\":\"https:\\\/\\\/hierostrasbourg.com\\\/wp-content\\\/uploads\\\/2026\\\/04\\\/logo-hiero-strasbourg.jpg\",\"width\":204,\"height\":192,\"caption\":\"F\u00e9d\u00e9ration Hi\u00e9ro Strasbourg\"},\"image\":{\"@id\":\"https:\\\/\\\/hierostrasbourg.com\\\/#\\\/schema\\\/logo\\\/image\\\/\"},\"sameAs\":[\"https:\\\/\\\/www.facebook.com\\\/fedehierostrasbourg\",\"https:\\\/\\\/x.com\\\/hierostrasbourg\"]}]}<\/script>\n<!-- \/ Yoast SEO plugin. -->","yoast_head_json":{"title":"STURM PRODUCTIONS [Strasbourg] recrute un charg\u00e9 de communication en contrat d\u2019apprentissage [F\/H] - HIERO STRASBOURG","robots":{"index":"index","follow":"follow","max-snippet":"max-snippet:-1","max-image-preview":"max-image-preview:large","max-video-preview":"max-video-preview:-1"},"canonical":"https:\/\/hierostrasbourg.com\/index.php\/2022\/04\/26\/sturm-productions-strasbourg-recrute-un-charge-de-communication-en-contrat-dapprentissage-f-h\/","og_locale":"fr_FR","og_type":"article","og_title":"STURM PRODUCTIONS [Strasbourg] recrute un charg\u00e9 de communication en contrat d\u2019apprentissage [F\/H] - HIERO STRASBOURG","og_description":"La Sturm Production est une association de droit local, cr\u00e9\u00e9e en septembre 2020 \u00e0 Strasbourg en r\u00e9ponse \u00e0 la crise. Elle organise le festival Jazz \u00e0 la Petite France en juillet \u00e0 Strasbourg, et d\u00e9ploie une saison musicale au f\u00e9minin, avec concerts, r\u00e9sidences de cr\u00e9ation, conf\u00e9rences et rencontres, afin de valoriser le matrimoine musical dans diverses esth\u00e9tiques. Elle accompagne deux groupes d\u2019artistes dans leur d\u00e9veloppement : Far Est Unlimited (jazz world) et Melissa Weikart (jazz exp\u00e9rimental). www.sturmprod.com Missions Sous la [&hellip;]","og_url":"https:\/\/hierostrasbourg.com\/index.php\/2022\/04\/26\/sturm-productions-strasbourg-recrute-un-charge-de-communication-en-contrat-dapprentissage-f-h\/","og_site_name":"HIERO STRASBOURG","article_publisher":"https:\/\/www.facebook.com\/fedehierostrasbourg","article_published_time":"2022-04-26T20:34:05+00:00","twitter_card":"summary_large_image","twitter_creator":"@hierostrasbourg","twitter_site":"@hierostrasbourg","twitter_misc":{"Dur\u00e9e de lecture estim\u00e9e":"1 minute"},"schema":{"@context":"https:\/\/schema.org","@graph":[{"@type":"Article","@id":"https:\/\/hierostrasbourg.com\/index.php\/2022\/04\/26\/sturm-productions-strasbourg-recrute-un-charge-de-communication-en-contrat-dapprentissage-f-h\/#article","isPartOf":{"@id":"https:\/\/hierostrasbourg.com\/index.php\/2022\/04\/26\/sturm-productions-strasbourg-recrute-un-charge-de-communication-en-contrat-dapprentissage-f-h\/"},"author":{"name":"","@id":""},"headline":"STURM PRODUCTIONS [Strasbourg] recrute un charg\u00e9 de communication en contrat d\u2019apprentissage [F\/H]","datePublished":"2022-04-26T20:34:05+00:00","mainEntityOfPage":{"@id":"https:\/\/hierostrasbourg.com\/index.php\/2022\/04\/26\/sturm-productions-strasbourg-recrute-un-charge-de-communication-en-contrat-dapprentissage-f-h\/"},"wordCount":150,"publisher":{"@id":"https:\/\/hierostrasbourg.com\/#organization"},"inLanguage":"fr-FR"},{"@type":"WebPage","@id":"https:\/\/hierostrasbourg.com\/index.php\/2022\/04\/26\/sturm-productions-strasbourg-recrute-un-charge-de-communication-en-contrat-dapprentissage-f-h\/","url":"https:\/\/hierostrasbourg.com\/index.php\/2022\/04\/26\/sturm-productions-strasbourg-recrute-un-charge-de-communication-en-contrat-dapprentissage-f-h\/","name":"STURM PRODUCTIONS [Strasbourg] recrute un charg\u00e9 de communication en contrat d\u2019apprentissage [F\/H] - HIERO STRASBOURG","isPartOf":{"@id":"https:\/\/hierostrasbourg.com\/#website"},"datePublished":"2022-04-26T20:34:05+00:00","breadcrumb":{"@id":"https:\/\/hierostrasbourg.com\/index.php\/2022\/04\/26\/sturm-productions-strasbourg-recrute-un-charge-de-communication-en-contrat-dapprentissage-f-h\/#breadcrumb"},"inLanguage":"fr-FR","potentialAction":[{"@type":"ReadAction","target":["https:\/\/hierostrasbourg.com\/index.php\/2022\/04\/26\/sturm-productions-strasbourg-recrute-un-charge-de-communication-en-contrat-dapprentissage-f-h\/"]}]},{"@type":"BreadcrumbList","@id":"https:\/\/hierostrasbourg.com\/index.php\/2022\/04\/26\/sturm-productions-strasbourg-recrute-un-charge-de-communication-en-contrat-dapprentissage-f-h\/#breadcrumb","itemListElement":[{"@type":"ListItem","position":1,"name":"Accueil","item":"https:\/\/hierostrasbourg.com\/"},{"@type":"ListItem","position":2,"name":"STURM PRODUCTIONS [Strasbourg] recrute un charg\u00e9 de communication en contrat d\u2019apprentissage [F\/H]"}]},{"@type":"WebSite","@id":"https:\/\/hierostrasbourg.com\/#website","url":"https:\/\/hierostrasbourg.com\/","name":"HIERO STRASBOURG","description":"Centre de Ressources Musiques Actuelles","publisher":{"@id":"https:\/\/hierostrasbourg.com\/#organization"},"potentialAction":[{"@type":"SearchAction","target":{"@type":"EntryPoint","urlTemplate":"https:\/\/hierostrasbourg.com\/?s={search_term_string}"},"query-input":{"@type":"PropertyValueSpecification","valueRequired":true,"valueName":"search_term_string"}}],"inLanguage":"fr-FR"},{"@type":"Organization","@id":"https:\/\/hierostrasbourg.com\/#organization","name":"F\u00e9d\u00e9ration Hi\u00e9ro Strasbourg","url":"https:\/\/hierostrasbourg.com\/","logo":{"@type":"ImageObject","inLanguage":"fr-FR","@id":"https:\/\/hierostrasbourg.com\/#\/schema\/logo\/image\/","url":"https:\/\/hierostrasbourg.com\/wp-content\/uploads\/2026\/04\/logo-hiero-strasbourg.jpg","contentUrl":"https:\/\/hierostrasbourg.com\/wp-content\/uploads\/2026\/04\/logo-hiero-strasbourg.jpg","width":204,"height":192,"caption":"F\u00e9d\u00e9ration Hi\u00e9ro Strasbourg"},"image":{"@id":"https:\/\/hierostrasbourg.com\/#\/schema\/logo\/image\/"},"sameAs":["https:\/\/www.facebook.com\/fedehierostrasbourg","https:\/\/x.com\/hierostrasbourg"]}]}},"_links":{"self":[{"href":"https:\/\/hierostrasbourg.com\/index.php\/wp-json\/wp\/v2\/posts\/2375","targetHints":{"allow":["GET"]}}],"collection":[{"href":"https:\/\/hierostrasbourg.com\/index.php\/wp-json\/wp\/v2\/posts"}],"about":[{"href":"https:\/\/hierostrasbourg.com\/index.php\/wp-json\/wp\/v2\/types\/post"}],"replies":[{"embeddable":true,"href":"https:\/\/hierostrasbourg.com\/index.php\/wp-json\/wp\/v2\/comments?post=2375"}],"version-history":[{"count":0,"href":"https:\/\/hierostrasbourg.com\/index.php\/wp-json\/wp\/v2\/posts\/2375\/revisions"}],"wp:attachment":[{"href":"https:\/\/hierostrasbourg.com\/index.php\/wp-json\/wp\/v2\/media?parent=2375"}],"wp:term":[{"taxonomy":"category","embeddable":true,"href":"https:\/\/hierostrasbourg.com\/index.php\/wp-json\/wp\/v2\/categories?post=2375"},{"taxonomy":"post_tag","embeddable":true,"href":"https:\/\/hierostrasbourg.com\/index.php\/wp-json\/wp\/v2\/tags?post=2375"}],"curies":[{"name":"wp","href":"https:\/\/api.w.org\/{rel}","templated":true}]}}