{"id":2369,"date":"2022-04-26T19:31:02","date_gmt":"2022-04-26T17:31:02","guid":{"rendered":"https:\/\/hierostrasbourg.com\/index.php\/2022\/04\/26\/agi-son-publie-son-barometre-des-publics-de-concerts-2021-2\/"},"modified":"2022-04-26T19:31:02","modified_gmt":"2022-04-26T17:31:02","slug":"agi-son-publie-son-barometre-des-publics-de-concerts-2021-2","status":"publish","type":"post","link":"https:\/\/hierostrasbourg.com\/index.php\/2022\/04\/26\/agi-son-publie-son-barometre-des-publics-de-concerts-2021-2\/","title":{"rendered":"AGI-SON publie son barom\u00e8tre des publics de concerts 2021"},"content":{"rendered":"<p><span>communiqu\u00e9<\/span><\/p>\n<p><em>Le Barom\u00e8tre sur le public de concerts en France, propos\u00e9 chaque ann\u00e9e par AGI-SON, apporte des connaissances mises \u00e0 jour concernant les profils socio-d\u00e9mographiques (\u00e2ge, lieu de vie, dipl\u00f4me, CSP), les go\u00fbts musicaux, les habitudes de sorties, la percep\u00adtion des niveaux sonores dans les salles et festivals, la survenue de troubles auditifs, la r\u00e9ception des messages de pr\u00e9vention et la r\u00e9alit\u00e9 des comportements de protection face \u00e0 ces risques. Le tout en \u00e9valuant l\u2019impact de la\u00a0campagne HEIN?!\u00a0diffus\u00e9e via des affiches, tracts, sous-bocks, cartes de pr\u00e9vention et bouchons d\u2019oreille en mousse dans les salles de concert sur le territoire national.<\/em><br \/><em>Compar\u00e9es ann\u00e9e apr\u00e8s ann\u00e9e, les donn\u00e9es sur les pratiques du public permettent aux acteurs de la fili\u00e8re musicale et de la sant\u00e9 de saisir objectivement les \u00e9volutions en cours. Les r\u00e9sultats permettent en outre d\u2019adapter et d\u2019am\u00e9liorer les actions de pr\u00e9\u00advention. Le barom\u00e8tre 2020-2021, r\u00e9alis\u00e9 par le\u00a0Opale\u00a0pour AGI-SON repose sur les r\u00e9\u00adponses de plus de 1000 spectateur\u00b7rices de concerts en France.<\/em><\/p>\n<div class=\"ead-preview\">\n<div class=\"ead-document\">\n<div class=\"ead-iframe-wrapper\"><\/div>\n<div class=\"ead-document-loading\">\n<div class=\"ead-loading-wrap\">\n<div class=\"ead-loading-main\">\n<div class=\"ead-loading\">\n\t\t\t\t\t\t\t<span>En cours de chargement\u2026<\/span>\n\t\t\t\t\t\t<\/div>\n<\/p><\/div>\n<div class=\"ead-loading-foot\">\n<div class=\"ead-loading-foot-title\">\n\t\t\t\t\t\t\t<span>Cela prend trop de temps\u00a0?<\/span>\n\t\t\t\t\t\t<\/div>\n<\/p>\n<div class=\"ead-document-btn ead-reload-btn\">\n\t\t\t\t\t\t\t\t Recharger le document\t\t\t\t\t\t\t<\/div>\n<p>\t\t\t\t\t\t\t<span>|<\/span><br \/>\n\t\t\t\t\t\t\t<a href=\"https:\/\/musiquesactuelles.net\/wp-content\/uploads\/2021\/03\/synthese-barometre-concert-et-risques-auditifs-2021-agi-son.pdf\" class=\"ead-document-btn\" target=\"_blank\" rel=\"noopener\"><br \/>\n\t\t\t\t\t\t\t\t Ouvrir dans un nouvel onglet\t\t\t\t\t\t\t<\/a>\n\t\t\t\t\t<\/div>\n<\/p><\/div>\n<\/p><\/div>\n<\/p><\/div>\n<p class=\"embed_download\"><a href=\"https:\/\/musiquesactuelles.net\/wp-content\/uploads\/2021\/03\/synthese-barometre-concert-et-risques-auditifs-2021-agi-son.pdf\">\ufeffT\u00e9l\u00e9charger [1.96 MB] <\/a><\/p>\n<\/div>\n<div class=\"ead-preview\">\n<div class=\"ead-document\">\n<div class=\"ead-iframe-wrapper\"><\/div>\n<div class=\"ead-document-loading\">\n<div class=\"ead-loading-wrap\">\n<div class=\"ead-loading-main\">\n<div class=\"ead-loading\">\n\t\t\t\t\t\t\t<span>En cours de chargement\u2026<\/span>\n\t\t\t\t\t\t<\/div>\n<\/p><\/div>\n<div class=\"ead-loading-foot\">\n<div class=\"ead-loading-foot-title\">\n\t\t\t\t\t\t\t<span>Cela prend trop de temps\u00a0?<\/span>\n\t\t\t\t\t\t<\/div>\n<\/p>\n<div class=\"ead-document-btn ead-reload-btn\">\n\t\t\t\t\t\t\t\t Recharger le document\t\t\t\t\t\t\t<\/div>\n<p>\t\t\t\t\t\t\t<span>|<\/span><br \/>\n\t\t\t\t\t\t\t<a href=\"https:\/\/musiquesactuelles.net\/wp-content\/uploads\/2021\/03\/barometre-publics-de-concerts-2021-agi-son.pdf\" class=\"ead-document-btn\" target=\"_blank\" rel=\"noopener\"><br \/>\n\t\t\t\t\t\t\t\t Ouvrir dans un nouvel onglet\t\t\t\t\t\t\t<\/a>\n\t\t\t\t\t<\/div>\n<\/p><\/div>\n<\/p><\/div>\n<\/p><\/div>\n<p class=\"embed_download\"><a href=\"https:\/\/musiquesactuelles.net\/wp-content\/uploads\/2021\/03\/barometre-publics-de-concerts-2021-agi-son.pdf\">\ufeffT\u00e9l\u00e9charger [4.92 MB] <\/a><\/p>\n<\/div>\n<p>\u00a0<\/p>\n<p>L\u2019article <a href=\"https:\/\/popburo.fr\/agi-son-publie-son-barometre-des-publics-de-concerts-2021\/\">AGI-SON publie son barom\u00e8tre des publics de concerts 2021<\/a> est apparu en premier sur <a href=\"https:\/\/popburo.fr\/\">POP B\u00dcRO<\/a>.<\/p>\n","protected":false},"excerpt":{"rendered":"<p>communiqu\u00e9 Le Barom\u00e8tre sur le public de concerts en France, propos\u00e9 chaque ann\u00e9e par AGI-SON, apporte des connaissances mises \u00e0 jour concernant les profils socio-d\u00e9mographiques (\u00e2ge, lieu de vie, dipl\u00f4me, CSP), les go\u00fbts musicaux, les habitudes de sorties, la percep\u00adtion des niveaux sonores dans les salles et festivals, la survenue de troubles auditifs, la r\u00e9ception des messages de pr\u00e9vention et la r\u00e9alit\u00e9 des comportements de protection face \u00e0 ces risques. Le tout en \u00e9valuant l\u2019impact de la\u00a0campagne HEIN?!\u00a0diffus\u00e9e via des [&hellip;]<\/p>\n","protected":false},"author":0,"featured_media":0,"comment_status":"closed","ping_status":"open","sticky":false,"template":"","format":"standard","meta":{"footnotes":""},"categories":[1],"tags":[],"class_list":["post-2369","post","type-post","status-publish","format-standard","hentry","category-non-classe"],"yoast_head":"<!-- This site is optimized with the Yoast SEO plugin v27.4 - https:\/\/yoast.com\/product\/yoast-seo-wordpress\/ -->\n<title>AGI-SON publie son barom\u00e8tre des publics de concerts 2021 - HIERO STRASBOURG<\/title>\n<meta name=\"robots\" content=\"index, follow, max-snippet:-1, max-image-preview:large, max-video-preview:-1\" \/>\n<link rel=\"canonical\" href=\"https:\/\/hierostrasbourg.com\/index.php\/2022\/04\/26\/agi-son-publie-son-barometre-des-publics-de-concerts-2021-2\/\" \/>\n<meta property=\"og:locale\" content=\"fr_FR\" \/>\n<meta property=\"og:type\" content=\"article\" \/>\n<meta property=\"og:title\" content=\"AGI-SON publie son barom\u00e8tre des publics de concerts 2021 - HIERO STRASBOURG\" \/>\n<meta property=\"og:description\" content=\"communiqu\u00e9 Le Barom\u00e8tre sur le public de concerts en France, propos\u00e9 chaque ann\u00e9e par AGI-SON, apporte des connaissances mises \u00e0 jour concernant les profils socio-d\u00e9mographiques (\u00e2ge, lieu de vie, dipl\u00f4me, CSP), les go\u00fbts musicaux, les habitudes de sorties, la percep\u00adtion des niveaux sonores dans les salles et festivals, la survenue de troubles auditifs, la r\u00e9ception des messages de pr\u00e9vention et la r\u00e9alit\u00e9 des comportements de protection face \u00e0 ces risques. Le tout en \u00e9valuant l\u2019impact de la\u00a0campagne HEIN?!\u00a0diffus\u00e9e via des [&hellip;]\" \/>\n<meta property=\"og:url\" content=\"https:\/\/hierostrasbourg.com\/index.php\/2022\/04\/26\/agi-son-publie-son-barometre-des-publics-de-concerts-2021-2\/\" \/>\n<meta property=\"og:site_name\" content=\"HIERO STRASBOURG\" \/>\n<meta property=\"article:publisher\" content=\"https:\/\/www.facebook.com\/fedehierostrasbourg\" \/>\n<meta property=\"article:published_time\" content=\"2022-04-26T17:31:02+00:00\" \/>\n<meta name=\"twitter:card\" content=\"summary_large_image\" \/>\n<meta name=\"twitter:creator\" content=\"@hierostrasbourg\" \/>\n<meta name=\"twitter:site\" content=\"@hierostrasbourg\" \/>\n<meta name=\"twitter:label1\" content=\"Dur\u00e9e de lecture estim\u00e9e\" \/>\n\t<meta name=\"twitter:data1\" content=\"1 minute\" \/>\n<script type=\"application\/ld+json\" class=\"yoast-schema-graph\">{\"@context\":\"https:\\\/\\\/schema.org\",\"@graph\":[{\"@type\":\"Article\",\"@id\":\"https:\\\/\\\/hierostrasbourg.com\\\/index.php\\\/2022\\\/04\\\/26\\\/agi-son-publie-son-barometre-des-publics-de-concerts-2021-2\\\/#article\",\"isPartOf\":{\"@id\":\"https:\\\/\\\/hierostrasbourg.com\\\/index.php\\\/2022\\\/04\\\/26\\\/agi-son-publie-son-barometre-des-publics-de-concerts-2021-2\\\/\"},\"author\":{\"name\":\"\",\"@id\":\"\"},\"headline\":\"AGI-SON publie son barom\u00e8tre des publics de concerts 2021\",\"datePublished\":\"2022-04-26T17:31:02+00:00\",\"mainEntityOfPage\":{\"@id\":\"https:\\\/\\\/hierostrasbourg.com\\\/index.php\\\/2022\\\/04\\\/26\\\/agi-son-publie-son-barometre-des-publics-de-concerts-2021-2\\\/\"},\"wordCount\":260,\"publisher\":{\"@id\":\"https:\\\/\\\/hierostrasbourg.com\\\/#organization\"},\"inLanguage\":\"fr-FR\"},{\"@type\":\"WebPage\",\"@id\":\"https:\\\/\\\/hierostrasbourg.com\\\/index.php\\\/2022\\\/04\\\/26\\\/agi-son-publie-son-barometre-des-publics-de-concerts-2021-2\\\/\",\"url\":\"https:\\\/\\\/hierostrasbourg.com\\\/index.php\\\/2022\\\/04\\\/26\\\/agi-son-publie-son-barometre-des-publics-de-concerts-2021-2\\\/\",\"name\":\"AGI-SON publie son barom\u00e8tre des publics de concerts 2021 - HIERO STRASBOURG\",\"isPartOf\":{\"@id\":\"https:\\\/\\\/hierostrasbourg.com\\\/#website\"},\"datePublished\":\"2022-04-26T17:31:02+00:00\",\"breadcrumb\":{\"@id\":\"https:\\\/\\\/hierostrasbourg.com\\\/index.php\\\/2022\\\/04\\\/26\\\/agi-son-publie-son-barometre-des-publics-de-concerts-2021-2\\\/#breadcrumb\"},\"inLanguage\":\"fr-FR\",\"potentialAction\":[{\"@type\":\"ReadAction\",\"target\":[\"https:\\\/\\\/hierostrasbourg.com\\\/index.php\\\/2022\\\/04\\\/26\\\/agi-son-publie-son-barometre-des-publics-de-concerts-2021-2\\\/\"]}]},{\"@type\":\"BreadcrumbList\",\"@id\":\"https:\\\/\\\/hierostrasbourg.com\\\/index.php\\\/2022\\\/04\\\/26\\\/agi-son-publie-son-barometre-des-publics-de-concerts-2021-2\\\/#breadcrumb\",\"itemListElement\":[{\"@type\":\"ListItem\",\"position\":1,\"name\":\"Accueil\",\"item\":\"https:\\\/\\\/hierostrasbourg.com\\\/\"},{\"@type\":\"ListItem\",\"position\":2,\"name\":\"AGI-SON publie son barom\u00e8tre des publics de concerts 2021\"}]},{\"@type\":\"WebSite\",\"@id\":\"https:\\\/\\\/hierostrasbourg.com\\\/#website\",\"url\":\"https:\\\/\\\/hierostrasbourg.com\\\/\",\"name\":\"HIERO STRASBOURG\",\"description\":\"Centre de Ressources Musiques Actuelles\",\"publisher\":{\"@id\":\"https:\\\/\\\/hierostrasbourg.com\\\/#organization\"},\"potentialAction\":[{\"@type\":\"SearchAction\",\"target\":{\"@type\":\"EntryPoint\",\"urlTemplate\":\"https:\\\/\\\/hierostrasbourg.com\\\/?s={search_term_string}\"},\"query-input\":{\"@type\":\"PropertyValueSpecification\",\"valueRequired\":true,\"valueName\":\"search_term_string\"}}],\"inLanguage\":\"fr-FR\"},{\"@type\":\"Organization\",\"@id\":\"https:\\\/\\\/hierostrasbourg.com\\\/#organization\",\"name\":\"F\u00e9d\u00e9ration Hi\u00e9ro Strasbourg\",\"url\":\"https:\\\/\\\/hierostrasbourg.com\\\/\",\"logo\":{\"@type\":\"ImageObject\",\"inLanguage\":\"fr-FR\",\"@id\":\"https:\\\/\\\/hierostrasbourg.com\\\/#\\\/schema\\\/logo\\\/image\\\/\",\"url\":\"https:\\\/\\\/hierostrasbourg.com\\\/wp-content\\\/uploads\\\/2026\\\/04\\\/logo-hiero-strasbourg.jpg\",\"contentUrl\":\"https:\\\/\\\/hierostrasbourg.com\\\/wp-content\\\/uploads\\\/2026\\\/04\\\/logo-hiero-strasbourg.jpg\",\"width\":204,\"height\":192,\"caption\":\"F\u00e9d\u00e9ration Hi\u00e9ro Strasbourg\"},\"image\":{\"@id\":\"https:\\\/\\\/hierostrasbourg.com\\\/#\\\/schema\\\/logo\\\/image\\\/\"},\"sameAs\":[\"https:\\\/\\\/www.facebook.com\\\/fedehierostrasbourg\",\"https:\\\/\\\/x.com\\\/hierostrasbourg\"]}]}<\/script>\n<!-- \/ Yoast SEO plugin. -->","yoast_head_json":{"title":"AGI-SON publie son barom\u00e8tre des publics de concerts 2021 - HIERO STRASBOURG","robots":{"index":"index","follow":"follow","max-snippet":"max-snippet:-1","max-image-preview":"max-image-preview:large","max-video-preview":"max-video-preview:-1"},"canonical":"https:\/\/hierostrasbourg.com\/index.php\/2022\/04\/26\/agi-son-publie-son-barometre-des-publics-de-concerts-2021-2\/","og_locale":"fr_FR","og_type":"article","og_title":"AGI-SON publie son barom\u00e8tre des publics de concerts 2021 - HIERO STRASBOURG","og_description":"communiqu\u00e9 Le Barom\u00e8tre sur le public de concerts en France, propos\u00e9 chaque ann\u00e9e par AGI-SON, apporte des connaissances mises \u00e0 jour concernant les profils socio-d\u00e9mographiques (\u00e2ge, lieu de vie, dipl\u00f4me, CSP), les go\u00fbts musicaux, les habitudes de sorties, la percep\u00adtion des niveaux sonores dans les salles et festivals, la survenue de troubles auditifs, la r\u00e9ception des messages de pr\u00e9vention et la r\u00e9alit\u00e9 des comportements de protection face \u00e0 ces risques. Le tout en \u00e9valuant l\u2019impact de la\u00a0campagne HEIN?!\u00a0diffus\u00e9e via des [&hellip;]","og_url":"https:\/\/hierostrasbourg.com\/index.php\/2022\/04\/26\/agi-son-publie-son-barometre-des-publics-de-concerts-2021-2\/","og_site_name":"HIERO STRASBOURG","article_publisher":"https:\/\/www.facebook.com\/fedehierostrasbourg","article_published_time":"2022-04-26T17:31:02+00:00","twitter_card":"summary_large_image","twitter_creator":"@hierostrasbourg","twitter_site":"@hierostrasbourg","twitter_misc":{"Dur\u00e9e de lecture estim\u00e9e":"1 minute"},"schema":{"@context":"https:\/\/schema.org","@graph":[{"@type":"Article","@id":"https:\/\/hierostrasbourg.com\/index.php\/2022\/04\/26\/agi-son-publie-son-barometre-des-publics-de-concerts-2021-2\/#article","isPartOf":{"@id":"https:\/\/hierostrasbourg.com\/index.php\/2022\/04\/26\/agi-son-publie-son-barometre-des-publics-de-concerts-2021-2\/"},"author":{"name":"","@id":""},"headline":"AGI-SON publie son barom\u00e8tre des publics de concerts 2021","datePublished":"2022-04-26T17:31:02+00:00","mainEntityOfPage":{"@id":"https:\/\/hierostrasbourg.com\/index.php\/2022\/04\/26\/agi-son-publie-son-barometre-des-publics-de-concerts-2021-2\/"},"wordCount":260,"publisher":{"@id":"https:\/\/hierostrasbourg.com\/#organization"},"inLanguage":"fr-FR"},{"@type":"WebPage","@id":"https:\/\/hierostrasbourg.com\/index.php\/2022\/04\/26\/agi-son-publie-son-barometre-des-publics-de-concerts-2021-2\/","url":"https:\/\/hierostrasbourg.com\/index.php\/2022\/04\/26\/agi-son-publie-son-barometre-des-publics-de-concerts-2021-2\/","name":"AGI-SON publie son barom\u00e8tre des publics de concerts 2021 - HIERO STRASBOURG","isPartOf":{"@id":"https:\/\/hierostrasbourg.com\/#website"},"datePublished":"2022-04-26T17:31:02+00:00","breadcrumb":{"@id":"https:\/\/hierostrasbourg.com\/index.php\/2022\/04\/26\/agi-son-publie-son-barometre-des-publics-de-concerts-2021-2\/#breadcrumb"},"inLanguage":"fr-FR","potentialAction":[{"@type":"ReadAction","target":["https:\/\/hierostrasbourg.com\/index.php\/2022\/04\/26\/agi-son-publie-son-barometre-des-publics-de-concerts-2021-2\/"]}]},{"@type":"BreadcrumbList","@id":"https:\/\/hierostrasbourg.com\/index.php\/2022\/04\/26\/agi-son-publie-son-barometre-des-publics-de-concerts-2021-2\/#breadcrumb","itemListElement":[{"@type":"ListItem","position":1,"name":"Accueil","item":"https:\/\/hierostrasbourg.com\/"},{"@type":"ListItem","position":2,"name":"AGI-SON publie son barom\u00e8tre des publics de concerts 2021"}]},{"@type":"WebSite","@id":"https:\/\/hierostrasbourg.com\/#website","url":"https:\/\/hierostrasbourg.com\/","name":"HIERO STRASBOURG","description":"Centre de Ressources Musiques Actuelles","publisher":{"@id":"https:\/\/hierostrasbourg.com\/#organization"},"potentialAction":[{"@type":"SearchAction","target":{"@type":"EntryPoint","urlTemplate":"https:\/\/hierostrasbourg.com\/?s={search_term_string}"},"query-input":{"@type":"PropertyValueSpecification","valueRequired":true,"valueName":"search_term_string"}}],"inLanguage":"fr-FR"},{"@type":"Organization","@id":"https:\/\/hierostrasbourg.com\/#organization","name":"F\u00e9d\u00e9ration Hi\u00e9ro Strasbourg","url":"https:\/\/hierostrasbourg.com\/","logo":{"@type":"ImageObject","inLanguage":"fr-FR","@id":"https:\/\/hierostrasbourg.com\/#\/schema\/logo\/image\/","url":"https:\/\/hierostrasbourg.com\/wp-content\/uploads\/2026\/04\/logo-hiero-strasbourg.jpg","contentUrl":"https:\/\/hierostrasbourg.com\/wp-content\/uploads\/2026\/04\/logo-hiero-strasbourg.jpg","width":204,"height":192,"caption":"F\u00e9d\u00e9ration Hi\u00e9ro Strasbourg"},"image":{"@id":"https:\/\/hierostrasbourg.com\/#\/schema\/logo\/image\/"},"sameAs":["https:\/\/www.facebook.com\/fedehierostrasbourg","https:\/\/x.com\/hierostrasbourg"]}]}},"_links":{"self":[{"href":"https:\/\/hierostrasbourg.com\/index.php\/wp-json\/wp\/v2\/posts\/2369","targetHints":{"allow":["GET"]}}],"collection":[{"href":"https:\/\/hierostrasbourg.com\/index.php\/wp-json\/wp\/v2\/posts"}],"about":[{"href":"https:\/\/hierostrasbourg.com\/index.php\/wp-json\/wp\/v2\/types\/post"}],"replies":[{"embeddable":true,"href":"https:\/\/hierostrasbourg.com\/index.php\/wp-json\/wp\/v2\/comments?post=2369"}],"version-history":[{"count":0,"href":"https:\/\/hierostrasbourg.com\/index.php\/wp-json\/wp\/v2\/posts\/2369\/revisions"}],"wp:attachment":[{"href":"https:\/\/hierostrasbourg.com\/index.php\/wp-json\/wp\/v2\/media?parent=2369"}],"wp:term":[{"taxonomy":"category","embeddable":true,"href":"https:\/\/hierostrasbourg.com\/index.php\/wp-json\/wp\/v2\/categories?post=2369"},{"taxonomy":"post_tag","embeddable":true,"href":"https:\/\/hierostrasbourg.com\/index.php\/wp-json\/wp\/v2\/tags?post=2369"}],"curies":[{"name":"wp","href":"https:\/\/api.w.org\/{rel}","templated":true}]}}