{"id":2366,"date":"2022-04-26T19:31:01","date_gmt":"2022-04-26T17:31:01","guid":{"rendered":"https:\/\/hierostrasbourg.com\/index.php\/2022\/04\/26\/ils-nen-ont-que-pour-la-guitare-electrique-les-virtuoses-des-fanfares-face-a-la-defiance-des-jeunes-generations-2\/"},"modified":"2022-04-26T19:31:01","modified_gmt":"2022-04-26T17:31:01","slug":"ils-nen-ont-que-pour-la-guitare-electrique-les-virtuoses-des-fanfares-face-a-la-defiance-des-jeunes-generations-2","status":"publish","type":"post","link":"https:\/\/hierostrasbourg.com\/index.php\/2022\/04\/26\/ils-nen-ont-que-pour-la-guitare-electrique-les-virtuoses-des-fanfares-face-a-la-defiance-des-jeunes-generations-2\/","title":{"rendered":"\u00ab Ils n\u2019en ont que pour la guitare \u00e9lectrique \u00bb : les virtuoses des fanfares face \u00e0 la d\u00e9fiance des jeunes g\u00e9n\u00e9rations"},"content":{"rendered":"<p>L\u2019harmonie de Mauz\u00e9-sur-le-Mignon, dans les Deux-S\u00e8vres, est l\u2019une des derni\u00e8res formations musicales de la r\u00e9gion niortaise, t\u00e9moin de la crise des vocations que traversent les fanfares et orchestres amateurs\u00a0: leur nombre a diminu\u00e9 de moiti\u00e9 depuis les ann\u00e9es 1970, et la moyenne d\u2019\u00e2ge des musiciens ne cesse d\u2019augmenter. Source \/ Lire la suite : \u00ab\u00a0Ils n\u2019en ont que pour la guitare \u00e9lectrique\u00a0\u00bb\u00a0: les virtuoses des fanfares face \u00e0 la d\u00e9fiance des jeunes g\u00e9n\u00e9rations \u00a0<\/p>\n<p>L\u2019article <a href=\"https:\/\/musiquesactuelles.alsace\/ils-nen-ont-que-pour-la-guitare-electrique-les-virtuoses-des-fanfares-face-a-la-defiance-des-jeunes-generations\/\">\u00ab Ils n\u2019en ont que pour la guitare \u00e9lectrique \u00bb : les virtuoses des fanfares face \u00e0 la d\u00e9fiance des jeunes g\u00e9n\u00e9rations<\/a> est apparu en premier sur <a href=\"https:\/\/musiquesactuelles.alsace\/\">Musiques Actuelles en Alsace<\/a>.<\/p>\n<p>L\u2019article <a href=\"https:\/\/popburo.fr\/ils-nen-ont-que-pour-la-guitare-electrique-les-virtuoses-des-fanfares-face-a-la-defiance-des-jeunes-generations-2\/\">\u00ab Ils n\u2019en ont que pour la guitare \u00e9lectrique \u00bb : les virtuoses des fanfares face \u00e0 la d\u00e9fiance des jeunes g\u00e9n\u00e9rations<\/a> est apparu en premier sur <a href=\"https:\/\/popburo.fr\/\">POP B\u00dcRO<\/a>.<\/p>\n","protected":false},"excerpt":{"rendered":"<p>L\u2019harmonie de Mauz\u00e9-sur-le-Mignon, dans les Deux-S\u00e8vres, est l\u2019une des derni\u00e8res formations musicales de la r\u00e9gion niortaise, t\u00e9moin de la crise des vocations que traversent les fanfares et orchestres amateurs\u00a0: leur nombre a diminu\u00e9 de moiti\u00e9 depuis les ann\u00e9es 1970, et la moyenne d\u2019\u00e2ge des musiciens ne cesse d\u2019augmenter. Source \/ Lire la suite : \u00ab\u00a0Ils n\u2019en ont que pour la guitare \u00e9lectrique\u00a0\u00bb\u00a0: les virtuoses des fanfares face \u00e0 la d\u00e9fiance des jeunes g\u00e9n\u00e9rations \u00a0 L\u2019article \u00ab Ils n\u2019en ont que [&hellip;]<\/p>\n","protected":false},"author":0,"featured_media":0,"comment_status":"closed","ping_status":"open","sticky":false,"template":"","format":"standard","meta":{"footnotes":""},"categories":[1],"tags":[],"class_list":["post-2366","post","type-post","status-publish","format-standard","hentry","category-non-classe"],"yoast_head":"<!-- This site is optimized with the Yoast SEO plugin v27.4 - https:\/\/yoast.com\/product\/yoast-seo-wordpress\/ -->\n<title>\u00ab Ils n\u2019en ont que pour la guitare \u00e9lectrique \u00bb : les virtuoses des fanfares face \u00e0 la d\u00e9fiance des jeunes g\u00e9n\u00e9rations - HIERO STRASBOURG<\/title>\n<meta name=\"robots\" content=\"index, follow, max-snippet:-1, max-image-preview:large, max-video-preview:-1\" \/>\n<link rel=\"canonical\" href=\"https:\/\/hierostrasbourg.com\/index.php\/2022\/04\/26\/ils-nen-ont-que-pour-la-guitare-electrique-les-virtuoses-des-fanfares-face-a-la-defiance-des-jeunes-generations-2\/\" \/>\n<meta property=\"og:locale\" content=\"fr_FR\" \/>\n<meta property=\"og:type\" content=\"article\" \/>\n<meta property=\"og:title\" content=\"\u00ab Ils n\u2019en ont que pour la guitare \u00e9lectrique \u00bb : les virtuoses des fanfares face \u00e0 la d\u00e9fiance des jeunes g\u00e9n\u00e9rations - HIERO STRASBOURG\" \/>\n<meta property=\"og:description\" content=\"L\u2019harmonie de Mauz\u00e9-sur-le-Mignon, dans les Deux-S\u00e8vres, est l\u2019une des derni\u00e8res formations musicales de la r\u00e9gion niortaise, t\u00e9moin de la crise des vocations que traversent les fanfares et orchestres amateurs\u00a0: leur nombre a diminu\u00e9 de moiti\u00e9 depuis les ann\u00e9es 1970, et la moyenne d\u2019\u00e2ge des musiciens ne cesse d\u2019augmenter. Source \/ Lire la suite : \u00ab\u00a0Ils n\u2019en ont que pour la guitare \u00e9lectrique\u00a0\u00bb\u00a0: les virtuoses des fanfares face \u00e0 la d\u00e9fiance des jeunes g\u00e9n\u00e9rations \u00a0 L\u2019article \u00ab Ils n\u2019en ont que [&hellip;]\" \/>\n<meta property=\"og:url\" content=\"https:\/\/hierostrasbourg.com\/index.php\/2022\/04\/26\/ils-nen-ont-que-pour-la-guitare-electrique-les-virtuoses-des-fanfares-face-a-la-defiance-des-jeunes-generations-2\/\" \/>\n<meta property=\"og:site_name\" content=\"HIERO STRASBOURG\" \/>\n<meta property=\"article:publisher\" content=\"https:\/\/www.facebook.com\/fedehierostrasbourg\" \/>\n<meta property=\"article:published_time\" content=\"2022-04-26T17:31:01+00:00\" \/>\n<meta name=\"twitter:card\" content=\"summary_large_image\" \/>\n<meta name=\"twitter:creator\" content=\"@hierostrasbourg\" \/>\n<meta name=\"twitter:site\" content=\"@hierostrasbourg\" \/>\n<meta name=\"twitter:label1\" content=\"Dur\u00e9e de lecture estim\u00e9e\" \/>\n\t<meta name=\"twitter:data1\" content=\"1 minute\" \/>\n<script type=\"application\/ld+json\" class=\"yoast-schema-graph\">{\"@context\":\"https:\\\/\\\/schema.org\",\"@graph\":[{\"@type\":\"Article\",\"@id\":\"https:\\\/\\\/hierostrasbourg.com\\\/index.php\\\/2022\\\/04\\\/26\\\/ils-nen-ont-que-pour-la-guitare-electrique-les-virtuoses-des-fanfares-face-a-la-defiance-des-jeunes-generations-2\\\/#article\",\"isPartOf\":{\"@id\":\"https:\\\/\\\/hierostrasbourg.com\\\/index.php\\\/2022\\\/04\\\/26\\\/ils-nen-ont-que-pour-la-guitare-electrique-les-virtuoses-des-fanfares-face-a-la-defiance-des-jeunes-generations-2\\\/\"},\"author\":{\"name\":\"\",\"@id\":\"\"},\"headline\":\"\u00ab Ils n\u2019en ont que pour la guitare \u00e9lectrique \u00bb : les virtuoses des fanfares face \u00e0 la d\u00e9fiance des jeunes g\u00e9n\u00e9rations\",\"datePublished\":\"2022-04-26T17:31:01+00:00\",\"mainEntityOfPage\":{\"@id\":\"https:\\\/\\\/hierostrasbourg.com\\\/index.php\\\/2022\\\/04\\\/26\\\/ils-nen-ont-que-pour-la-guitare-electrique-les-virtuoses-des-fanfares-face-a-la-defiance-des-jeunes-generations-2\\\/\"},\"wordCount\":170,\"publisher\":{\"@id\":\"https:\\\/\\\/hierostrasbourg.com\\\/#organization\"},\"inLanguage\":\"fr-FR\"},{\"@type\":\"WebPage\",\"@id\":\"https:\\\/\\\/hierostrasbourg.com\\\/index.php\\\/2022\\\/04\\\/26\\\/ils-nen-ont-que-pour-la-guitare-electrique-les-virtuoses-des-fanfares-face-a-la-defiance-des-jeunes-generations-2\\\/\",\"url\":\"https:\\\/\\\/hierostrasbourg.com\\\/index.php\\\/2022\\\/04\\\/26\\\/ils-nen-ont-que-pour-la-guitare-electrique-les-virtuoses-des-fanfares-face-a-la-defiance-des-jeunes-generations-2\\\/\",\"name\":\"\u00ab Ils n\u2019en ont que pour la guitare \u00e9lectrique \u00bb : les virtuoses des fanfares face \u00e0 la d\u00e9fiance des jeunes g\u00e9n\u00e9rations - HIERO STRASBOURG\",\"isPartOf\":{\"@id\":\"https:\\\/\\\/hierostrasbourg.com\\\/#website\"},\"datePublished\":\"2022-04-26T17:31:01+00:00\",\"breadcrumb\":{\"@id\":\"https:\\\/\\\/hierostrasbourg.com\\\/index.php\\\/2022\\\/04\\\/26\\\/ils-nen-ont-que-pour-la-guitare-electrique-les-virtuoses-des-fanfares-face-a-la-defiance-des-jeunes-generations-2\\\/#breadcrumb\"},\"inLanguage\":\"fr-FR\",\"potentialAction\":[{\"@type\":\"ReadAction\",\"target\":[\"https:\\\/\\\/hierostrasbourg.com\\\/index.php\\\/2022\\\/04\\\/26\\\/ils-nen-ont-que-pour-la-guitare-electrique-les-virtuoses-des-fanfares-face-a-la-defiance-des-jeunes-generations-2\\\/\"]}]},{\"@type\":\"BreadcrumbList\",\"@id\":\"https:\\\/\\\/hierostrasbourg.com\\\/index.php\\\/2022\\\/04\\\/26\\\/ils-nen-ont-que-pour-la-guitare-electrique-les-virtuoses-des-fanfares-face-a-la-defiance-des-jeunes-generations-2\\\/#breadcrumb\",\"itemListElement\":[{\"@type\":\"ListItem\",\"position\":1,\"name\":\"Accueil\",\"item\":\"https:\\\/\\\/hierostrasbourg.com\\\/\"},{\"@type\":\"ListItem\",\"position\":2,\"name\":\"\u00ab Ils n\u2019en ont que pour la guitare \u00e9lectrique \u00bb : les virtuoses des fanfares face \u00e0 la d\u00e9fiance des jeunes g\u00e9n\u00e9rations\"}]},{\"@type\":\"WebSite\",\"@id\":\"https:\\\/\\\/hierostrasbourg.com\\\/#website\",\"url\":\"https:\\\/\\\/hierostrasbourg.com\\\/\",\"name\":\"HIERO STRASBOURG\",\"description\":\"Centre de Ressources Musiques Actuelles\",\"publisher\":{\"@id\":\"https:\\\/\\\/hierostrasbourg.com\\\/#organization\"},\"potentialAction\":[{\"@type\":\"SearchAction\",\"target\":{\"@type\":\"EntryPoint\",\"urlTemplate\":\"https:\\\/\\\/hierostrasbourg.com\\\/?s={search_term_string}\"},\"query-input\":{\"@type\":\"PropertyValueSpecification\",\"valueRequired\":true,\"valueName\":\"search_term_string\"}}],\"inLanguage\":\"fr-FR\"},{\"@type\":\"Organization\",\"@id\":\"https:\\\/\\\/hierostrasbourg.com\\\/#organization\",\"name\":\"F\u00e9d\u00e9ration Hi\u00e9ro Strasbourg\",\"url\":\"https:\\\/\\\/hierostrasbourg.com\\\/\",\"logo\":{\"@type\":\"ImageObject\",\"inLanguage\":\"fr-FR\",\"@id\":\"https:\\\/\\\/hierostrasbourg.com\\\/#\\\/schema\\\/logo\\\/image\\\/\",\"url\":\"https:\\\/\\\/hierostrasbourg.com\\\/wp-content\\\/uploads\\\/2026\\\/04\\\/logo-hiero-strasbourg.jpg\",\"contentUrl\":\"https:\\\/\\\/hierostrasbourg.com\\\/wp-content\\\/uploads\\\/2026\\\/04\\\/logo-hiero-strasbourg.jpg\",\"width\":204,\"height\":192,\"caption\":\"F\u00e9d\u00e9ration Hi\u00e9ro Strasbourg\"},\"image\":{\"@id\":\"https:\\\/\\\/hierostrasbourg.com\\\/#\\\/schema\\\/logo\\\/image\\\/\"},\"sameAs\":[\"https:\\\/\\\/www.facebook.com\\\/fedehierostrasbourg\",\"https:\\\/\\\/x.com\\\/hierostrasbourg\"]}]}<\/script>\n<!-- \/ Yoast SEO plugin. -->","yoast_head_json":{"title":"\u00ab Ils n\u2019en ont que pour la guitare \u00e9lectrique \u00bb : les virtuoses des fanfares face \u00e0 la d\u00e9fiance des jeunes g\u00e9n\u00e9rations - HIERO STRASBOURG","robots":{"index":"index","follow":"follow","max-snippet":"max-snippet:-1","max-image-preview":"max-image-preview:large","max-video-preview":"max-video-preview:-1"},"canonical":"https:\/\/hierostrasbourg.com\/index.php\/2022\/04\/26\/ils-nen-ont-que-pour-la-guitare-electrique-les-virtuoses-des-fanfares-face-a-la-defiance-des-jeunes-generations-2\/","og_locale":"fr_FR","og_type":"article","og_title":"\u00ab Ils n\u2019en ont que pour la guitare \u00e9lectrique \u00bb : les virtuoses des fanfares face \u00e0 la d\u00e9fiance des jeunes g\u00e9n\u00e9rations - HIERO STRASBOURG","og_description":"L\u2019harmonie de Mauz\u00e9-sur-le-Mignon, dans les Deux-S\u00e8vres, est l\u2019une des derni\u00e8res formations musicales de la r\u00e9gion niortaise, t\u00e9moin de la crise des vocations que traversent les fanfares et orchestres amateurs\u00a0: leur nombre a diminu\u00e9 de moiti\u00e9 depuis les ann\u00e9es 1970, et la moyenne d\u2019\u00e2ge des musiciens ne cesse d\u2019augmenter. Source \/ Lire la suite : \u00ab\u00a0Ils n\u2019en ont que pour la guitare \u00e9lectrique\u00a0\u00bb\u00a0: les virtuoses des fanfares face \u00e0 la d\u00e9fiance des jeunes g\u00e9n\u00e9rations \u00a0 L\u2019article \u00ab Ils n\u2019en ont que [&hellip;]","og_url":"https:\/\/hierostrasbourg.com\/index.php\/2022\/04\/26\/ils-nen-ont-que-pour-la-guitare-electrique-les-virtuoses-des-fanfares-face-a-la-defiance-des-jeunes-generations-2\/","og_site_name":"HIERO STRASBOURG","article_publisher":"https:\/\/www.facebook.com\/fedehierostrasbourg","article_published_time":"2022-04-26T17:31:01+00:00","twitter_card":"summary_large_image","twitter_creator":"@hierostrasbourg","twitter_site":"@hierostrasbourg","twitter_misc":{"Dur\u00e9e de lecture estim\u00e9e":"1 minute"},"schema":{"@context":"https:\/\/schema.org","@graph":[{"@type":"Article","@id":"https:\/\/hierostrasbourg.com\/index.php\/2022\/04\/26\/ils-nen-ont-que-pour-la-guitare-electrique-les-virtuoses-des-fanfares-face-a-la-defiance-des-jeunes-generations-2\/#article","isPartOf":{"@id":"https:\/\/hierostrasbourg.com\/index.php\/2022\/04\/26\/ils-nen-ont-que-pour-la-guitare-electrique-les-virtuoses-des-fanfares-face-a-la-defiance-des-jeunes-generations-2\/"},"author":{"name":"","@id":""},"headline":"\u00ab Ils n\u2019en ont que pour la guitare \u00e9lectrique \u00bb : les virtuoses des fanfares face \u00e0 la d\u00e9fiance des jeunes g\u00e9n\u00e9rations","datePublished":"2022-04-26T17:31:01+00:00","mainEntityOfPage":{"@id":"https:\/\/hierostrasbourg.com\/index.php\/2022\/04\/26\/ils-nen-ont-que-pour-la-guitare-electrique-les-virtuoses-des-fanfares-face-a-la-defiance-des-jeunes-generations-2\/"},"wordCount":170,"publisher":{"@id":"https:\/\/hierostrasbourg.com\/#organization"},"inLanguage":"fr-FR"},{"@type":"WebPage","@id":"https:\/\/hierostrasbourg.com\/index.php\/2022\/04\/26\/ils-nen-ont-que-pour-la-guitare-electrique-les-virtuoses-des-fanfares-face-a-la-defiance-des-jeunes-generations-2\/","url":"https:\/\/hierostrasbourg.com\/index.php\/2022\/04\/26\/ils-nen-ont-que-pour-la-guitare-electrique-les-virtuoses-des-fanfares-face-a-la-defiance-des-jeunes-generations-2\/","name":"\u00ab Ils n\u2019en ont que pour la guitare \u00e9lectrique \u00bb : les virtuoses des fanfares face \u00e0 la d\u00e9fiance des jeunes g\u00e9n\u00e9rations - HIERO STRASBOURG","isPartOf":{"@id":"https:\/\/hierostrasbourg.com\/#website"},"datePublished":"2022-04-26T17:31:01+00:00","breadcrumb":{"@id":"https:\/\/hierostrasbourg.com\/index.php\/2022\/04\/26\/ils-nen-ont-que-pour-la-guitare-electrique-les-virtuoses-des-fanfares-face-a-la-defiance-des-jeunes-generations-2\/#breadcrumb"},"inLanguage":"fr-FR","potentialAction":[{"@type":"ReadAction","target":["https:\/\/hierostrasbourg.com\/index.php\/2022\/04\/26\/ils-nen-ont-que-pour-la-guitare-electrique-les-virtuoses-des-fanfares-face-a-la-defiance-des-jeunes-generations-2\/"]}]},{"@type":"BreadcrumbList","@id":"https:\/\/hierostrasbourg.com\/index.php\/2022\/04\/26\/ils-nen-ont-que-pour-la-guitare-electrique-les-virtuoses-des-fanfares-face-a-la-defiance-des-jeunes-generations-2\/#breadcrumb","itemListElement":[{"@type":"ListItem","position":1,"name":"Accueil","item":"https:\/\/hierostrasbourg.com\/"},{"@type":"ListItem","position":2,"name":"\u00ab Ils n\u2019en ont que pour la guitare \u00e9lectrique \u00bb : les virtuoses des fanfares face \u00e0 la d\u00e9fiance des jeunes g\u00e9n\u00e9rations"}]},{"@type":"WebSite","@id":"https:\/\/hierostrasbourg.com\/#website","url":"https:\/\/hierostrasbourg.com\/","name":"HIERO STRASBOURG","description":"Centre de Ressources Musiques Actuelles","publisher":{"@id":"https:\/\/hierostrasbourg.com\/#organization"},"potentialAction":[{"@type":"SearchAction","target":{"@type":"EntryPoint","urlTemplate":"https:\/\/hierostrasbourg.com\/?s={search_term_string}"},"query-input":{"@type":"PropertyValueSpecification","valueRequired":true,"valueName":"search_term_string"}}],"inLanguage":"fr-FR"},{"@type":"Organization","@id":"https:\/\/hierostrasbourg.com\/#organization","name":"F\u00e9d\u00e9ration Hi\u00e9ro Strasbourg","url":"https:\/\/hierostrasbourg.com\/","logo":{"@type":"ImageObject","inLanguage":"fr-FR","@id":"https:\/\/hierostrasbourg.com\/#\/schema\/logo\/image\/","url":"https:\/\/hierostrasbourg.com\/wp-content\/uploads\/2026\/04\/logo-hiero-strasbourg.jpg","contentUrl":"https:\/\/hierostrasbourg.com\/wp-content\/uploads\/2026\/04\/logo-hiero-strasbourg.jpg","width":204,"height":192,"caption":"F\u00e9d\u00e9ration Hi\u00e9ro Strasbourg"},"image":{"@id":"https:\/\/hierostrasbourg.com\/#\/schema\/logo\/image\/"},"sameAs":["https:\/\/www.facebook.com\/fedehierostrasbourg","https:\/\/x.com\/hierostrasbourg"]}]}},"_links":{"self":[{"href":"https:\/\/hierostrasbourg.com\/index.php\/wp-json\/wp\/v2\/posts\/2366","targetHints":{"allow":["GET"]}}],"collection":[{"href":"https:\/\/hierostrasbourg.com\/index.php\/wp-json\/wp\/v2\/posts"}],"about":[{"href":"https:\/\/hierostrasbourg.com\/index.php\/wp-json\/wp\/v2\/types\/post"}],"replies":[{"embeddable":true,"href":"https:\/\/hierostrasbourg.com\/index.php\/wp-json\/wp\/v2\/comments?post=2366"}],"version-history":[{"count":0,"href":"https:\/\/hierostrasbourg.com\/index.php\/wp-json\/wp\/v2\/posts\/2366\/revisions"}],"wp:attachment":[{"href":"https:\/\/hierostrasbourg.com\/index.php\/wp-json\/wp\/v2\/media?parent=2366"}],"wp:term":[{"taxonomy":"category","embeddable":true,"href":"https:\/\/hierostrasbourg.com\/index.php\/wp-json\/wp\/v2\/categories?post=2366"},{"taxonomy":"post_tag","embeddable":true,"href":"https:\/\/hierostrasbourg.com\/index.php\/wp-json\/wp\/v2\/tags?post=2366"}],"curies":[{"name":"wp","href":"https:\/\/api.w.org\/{rel}","templated":true}]}}