{"id":2363,"date":"2022-04-26T18:32:32","date_gmt":"2022-04-26T16:32:32","guid":{"rendered":"https:\/\/hierostrasbourg.com\/index.php\/2022\/04\/26\/lopera-national-du-rhin-recrute-un-regisseur-coordinateur-de-lopera-studio-f-h\/"},"modified":"2022-04-26T18:32:32","modified_gmt":"2022-04-26T16:32:32","slug":"lopera-national-du-rhin-recrute-un-regisseur-coordinateur-de-lopera-studio-f-h","status":"publish","type":"post","link":"https:\/\/hierostrasbourg.com\/index.php\/2022\/04\/26\/lopera-national-du-rhin-recrute-un-regisseur-coordinateur-de-lopera-studio-f-h\/","title":{"rendered":"L\u2019OP\u00c9RA NATIONAL DU RHIN recrute un r\u00e9gisseur coordinateur de l\u2019Op\u00e9ra studio [F\/H]"},"content":{"rendered":"<p>L\u2019Op\u00e9ra national du Rhin, n\u00e9 de la volont\u00e9 des villes de Strasbourg, Mulhouse et Colmar, fait partie des cinq op\u00e9ras distingu\u00e9s par le label Op\u00e9ra national en r\u00e9gion, et de Centre Chor\u00e9graphique national.<br \/>\nInscrit dans un r\u00e9seau national et international de collaborations artistiques et culturelles, il constitue un p\u00f4le de d\u00e9veloppement lyrique et chor\u00e9graphique, avec des unit\u00e9s de cr\u00e9ation et diffusion r\u00e9parties dans les trois villes, et accueille pr\u00e8s de 120.000 spectateurs par an.<br \/>\nL\u2019Op\u00e9ra Studio de l\u2019Op\u00e9ra national du Rhin, implant\u00e9 \u00e0 Colmar, propose \u00e0 huit jeunes artistes lyriques, deux pianistes et un.e chef.fe d\u2019orchestre assistant.e une formation compl\u00e9mentaire afin de renforcer leurs comp\u00e9tences et d\u2019acc\u00e9l\u00e9rer l\u2019\u00e9volution de leur carri\u00e8re professionnelle naissante.<br \/>\nrecrute<br \/>\nun.e REGISSEUR COORDINATEUR DE L\u2019OPERA STUDIO<\/p>\n<h2>Missions<\/h2>\n<p>En charge de l\u2019administration, coordination et logistique de l\u2019ensemble des activit\u00e9s et actions de l\u2019Op\u00e9ra Studio, en lien avec notamment la Com\u00e9die de Colmar, lieu de r\u00e9sidence, et les diff\u00e9rents services de l\u2019Op\u00e9ra national du Rhin, sous la responsabilit\u00e9 directe de la Directrice musicale de l\u2019OS<\/p>\n<h4>Activit\u00e9s principales<\/h4>\n<p>En accord avec la Directrice musicale de l\u2019OS et selon ses indications, il\/elle sera plus particuli\u00e8rement charg\u00e9.e de :<\/p>\n<p>l\u2019accueil des artistes et des intervenants \u00e0 la Com\u00e9die de Colmar ;<br \/>\nsuivi des documents d\u2019information concernant l\u2019Op\u00e9ra studio (coordonn\u00e9es, dossiers individuels des chanteurs, r\u00e8glement int\u00e9rieur, dossier d\u2019accueil, etc.) et suivi administratif avec la DRH de l\u2019Op\u00e9ra ;<br \/>\ngestion des fiches de mesures, biographies et photos aupr\u00e8s des artistes OS et\/ou de leurs agents ;<br \/>\ncentralisation des demandes des metteurs en sc\u00e8ne pour les concerts mis en espace ;<br \/>\ncoordination organisationnelle et logistique et encadrement des concerts, prestations publiques, actions p\u00e9dagogiques et tourn\u00e9es de l\u2019OS<br \/>\nsuivi des demandes de salles \u00e0 la Com\u00e9die de Colmar, en lien avec la R\u00e9gie g\u00e9n\u00e9rale de l\u2019Op\u00e9ra ;<br \/>\norganisation des auditions de recrutement \u00e0 l\u2019Op\u00e9ra Studio (chanteurs\/ses, pianistes et chef.fe.s d\u2019orchestre) : r\u00e9ception et gestion des candidatures, convocation des candidats pour les auditions, pr\u00e9paration des fiches individuelles pour le jury, accueil, encadrement et organisation du passage des candidats, transmission des r\u00e9ponses aux candidats\u2026 ;<br \/>\norganisation et r\u00e9servation des voyages et de l\u2019h\u00e9bergement des artistes de l\u2019OS et intervenants ext\u00e9rieurs ;<br \/>\nr\u00e9daction des ordres de mission et \u00e9tats de frais de d\u00e9placement de l\u2019OS et des intervenants \u00e0 l\u2019OS, r\u00e9gie des d\u00e9fraiements (remise et comptabilisation), d\u00e9placements et h\u00e9bergement de l\u2019OS ;<br \/>\nsuivi des plannings de saison et de production, en lien avec la Directrice musicale et la Direction de la production artistique, les services techniques, et l\u2019\u00e9quipe artistique<br \/>\nr\u00e9daction du planning hebdomadaire en lien avec la Directrice musicale (cours, r\u00e9p\u00e9titions et prestations)<br \/>\naide \u00e0 la r\u00e9alisation du mat\u00e9riel musical n\u00e9cessaire et gestion du fonds musical et documentations de l\u2019OS<br \/>\nparticipation aux r\u00e9unions de r\u00e9gie<br \/>\norganisation et suivi des cours de langue<br \/>\ngestion des demandes de places et invitations des artistes de l\u2019OS ;<br \/>\nAssurer ponctuellement si besoin les services de direction lors des spectacles de l\u2019OS<br \/>\nAinsi que toutes autres t\u00e2ches administratives et logistiques n\u00e9cessaires aux missions de l\u2019OS (gestion du courrier par exemple), ou ponctuelles (transport et livraison de petit mat\u00e9riel de papeterie, bureautique, etc.).<\/p>\n<h2>Profil recherch\u00e9<\/h2>\n<h4>Comp\u00e9tences et qualit\u00e9s requises<\/h4>\n<p>formation sup\u00e9rieure, bac +2 minimum, en rapport avec l\u2019activit\u00e9 (gestion de projets culturels, charg\u00e9 de production, r\u00e9gie, administration, gestion dans le domaine du spectacle, etc)<br \/>\nconnaissance de l\u2019art lyrique, avec de pr\u00e9f\u00e9rence une premi\u00e8re exp\u00e9rience r\u00e9ussie dans le domaine ;<br \/>\nma\u00eetrise de deux langues \u00e9trang\u00e8res (anglais indispensable) ;<br \/>\nma\u00eetrise des outils de bureautiques : Word, Excel, etc. ;<br \/>\nbonnes capacit\u00e9s relationnelles ;<br \/>\ncapacit\u00e9 \u00e0 f\u00e9d\u00e9rer une \u00e9quipe artistique ;<br \/>\nsens de l\u2019organisation et r\u00e9activit\u00e9 ;<br \/>\ncapacit\u00e9 \u00e0 prendre des initiatives et \u00e0 \u00eatre force de proposition ;<br \/>\npermis B indispensable<\/p>\n<p>Date limite de candidature : 15 mai 2022<\/p>\n<p>Le poste suppose des horaires irr\u00e9guliers qui induisent flexibilit\u00e9 et souplesse dans le temps de travail.<br \/>\nLe poste est bas\u00e9 \u00e0 Colmar mais n\u00e9cessite des allers\/retours r\u00e9guliers \u00e0 Strasbourg, Mulhouse ou dans les autres villes dans lesquelles l\u2019OS intervient.<\/p>\n<p>Merci de faire parvenir votre candidature (lettre de motivation, curriculum vitae) pour le 15 MAI 2022<br \/>\n\u00e0 Monsieur le Directeur g\u00e9n\u00e9ral de l\u2019Op\u00e9ra national du Rhin<br \/>\nDirection des Ressources humaines<br \/>\n19, Place Broglie \u2013 67008 Strasbourg Cedex<\/p>\n<p><a href=\"https:\/\/www.operanationaldurhin.eu\/fr\">www.operanationaldurhin.eu<\/a><\/p>\n<p>L\u2019article <a href=\"https:\/\/popburo.fr\/lopera-national-du-rhin-recrute-un-regisseur-coordinateur-de-lopera-studio-f-h\/\">L\u2019OP\u00c9RA NATIONAL DU RHIN recrute un r\u00e9gisseur coordinateur de l\u2019Op\u00e9ra studio [F\/H]<\/a> est apparu en premier sur <a href=\"https:\/\/popburo.fr\/\">POP B\u00dcRO<\/a>.<\/p>\n","protected":false},"excerpt":{"rendered":"<p>L\u2019Op\u00e9ra national du Rhin, n\u00e9 de la volont\u00e9 des villes de Strasbourg, Mulhouse et Colmar, fait partie des cinq op\u00e9ras distingu\u00e9s par le label Op\u00e9ra national en r\u00e9gion, et de Centre Chor\u00e9graphique national. Inscrit dans un r\u00e9seau national et international de collaborations artistiques et culturelles, il constitue un p\u00f4le de d\u00e9veloppement lyrique et chor\u00e9graphique, avec des unit\u00e9s de cr\u00e9ation et diffusion r\u00e9parties dans les trois villes, et accueille pr\u00e8s de 120.000 spectateurs par an. L\u2019Op\u00e9ra Studio de l\u2019Op\u00e9ra national du [&hellip;]<\/p>\n","protected":false},"author":0,"featured_media":0,"comment_status":"closed","ping_status":"open","sticky":false,"template":"","format":"standard","meta":{"footnotes":""},"categories":[1],"tags":[],"class_list":["post-2363","post","type-post","status-publish","format-standard","hentry","category-non-classe"],"yoast_head":"<!-- This site is optimized with the Yoast SEO plugin v27.4 - https:\/\/yoast.com\/product\/yoast-seo-wordpress\/ -->\n<title>L\u2019OP\u00c9RA NATIONAL DU RHIN recrute un r\u00e9gisseur coordinateur de l\u2019Op\u00e9ra studio [F\/H] - HIERO STRASBOURG<\/title>\n<meta name=\"robots\" content=\"index, follow, max-snippet:-1, max-image-preview:large, max-video-preview:-1\" \/>\n<link rel=\"canonical\" href=\"https:\/\/hierostrasbourg.com\/index.php\/2022\/04\/26\/lopera-national-du-rhin-recrute-un-regisseur-coordinateur-de-lopera-studio-f-h\/\" \/>\n<meta property=\"og:locale\" content=\"fr_FR\" \/>\n<meta property=\"og:type\" content=\"article\" \/>\n<meta property=\"og:title\" content=\"L\u2019OP\u00c9RA NATIONAL DU RHIN recrute un r\u00e9gisseur coordinateur de l\u2019Op\u00e9ra studio [F\/H] - HIERO STRASBOURG\" \/>\n<meta property=\"og:description\" content=\"L\u2019Op\u00e9ra national du Rhin, n\u00e9 de la volont\u00e9 des villes de Strasbourg, Mulhouse et Colmar, fait partie des cinq op\u00e9ras distingu\u00e9s par le label Op\u00e9ra national en r\u00e9gion, et de Centre Chor\u00e9graphique national. Inscrit dans un r\u00e9seau national et international de collaborations artistiques et culturelles, il constitue un p\u00f4le de d\u00e9veloppement lyrique et chor\u00e9graphique, avec des unit\u00e9s de cr\u00e9ation et diffusion r\u00e9parties dans les trois villes, et accueille pr\u00e8s de 120.000 spectateurs par an. L\u2019Op\u00e9ra Studio de l\u2019Op\u00e9ra national du [&hellip;]\" \/>\n<meta property=\"og:url\" content=\"https:\/\/hierostrasbourg.com\/index.php\/2022\/04\/26\/lopera-national-du-rhin-recrute-un-regisseur-coordinateur-de-lopera-studio-f-h\/\" \/>\n<meta property=\"og:site_name\" content=\"HIERO STRASBOURG\" \/>\n<meta property=\"article:publisher\" content=\"https:\/\/www.facebook.com\/fedehierostrasbourg\" \/>\n<meta property=\"article:published_time\" content=\"2022-04-26T16:32:32+00:00\" \/>\n<meta name=\"twitter:card\" content=\"summary_large_image\" \/>\n<meta name=\"twitter:creator\" content=\"@hierostrasbourg\" \/>\n<meta name=\"twitter:site\" content=\"@hierostrasbourg\" \/>\n<meta name=\"twitter:label1\" content=\"Dur\u00e9e de lecture estim\u00e9e\" \/>\n\t<meta name=\"twitter:data1\" content=\"4 minutes\" \/>\n<script type=\"application\/ld+json\" class=\"yoast-schema-graph\">{\"@context\":\"https:\\\/\\\/schema.org\",\"@graph\":[{\"@type\":\"Article\",\"@id\":\"https:\\\/\\\/hierostrasbourg.com\\\/index.php\\\/2022\\\/04\\\/26\\\/lopera-national-du-rhin-recrute-un-regisseur-coordinateur-de-lopera-studio-f-h\\\/#article\",\"isPartOf\":{\"@id\":\"https:\\\/\\\/hierostrasbourg.com\\\/index.php\\\/2022\\\/04\\\/26\\\/lopera-national-du-rhin-recrute-un-regisseur-coordinateur-de-lopera-studio-f-h\\\/\"},\"author\":{\"name\":\"\",\"@id\":\"\"},\"headline\":\"L\u2019OP\u00c9RA NATIONAL DU RHIN recrute un r\u00e9gisseur coordinateur de l\u2019Op\u00e9ra studio [F\\\/H]\",\"datePublished\":\"2022-04-26T16:32:32+00:00\",\"mainEntityOfPage\":{\"@id\":\"https:\\\/\\\/hierostrasbourg.com\\\/index.php\\\/2022\\\/04\\\/26\\\/lopera-national-du-rhin-recrute-un-regisseur-coordinateur-de-lopera-studio-f-h\\\/\"},\"wordCount\":834,\"publisher\":{\"@id\":\"https:\\\/\\\/hierostrasbourg.com\\\/#organization\"},\"inLanguage\":\"fr-FR\"},{\"@type\":\"WebPage\",\"@id\":\"https:\\\/\\\/hierostrasbourg.com\\\/index.php\\\/2022\\\/04\\\/26\\\/lopera-national-du-rhin-recrute-un-regisseur-coordinateur-de-lopera-studio-f-h\\\/\",\"url\":\"https:\\\/\\\/hierostrasbourg.com\\\/index.php\\\/2022\\\/04\\\/26\\\/lopera-national-du-rhin-recrute-un-regisseur-coordinateur-de-lopera-studio-f-h\\\/\",\"name\":\"L\u2019OP\u00c9RA NATIONAL DU RHIN recrute un r\u00e9gisseur coordinateur de l\u2019Op\u00e9ra studio [F\\\/H] - HIERO STRASBOURG\",\"isPartOf\":{\"@id\":\"https:\\\/\\\/hierostrasbourg.com\\\/#website\"},\"datePublished\":\"2022-04-26T16:32:32+00:00\",\"breadcrumb\":{\"@id\":\"https:\\\/\\\/hierostrasbourg.com\\\/index.php\\\/2022\\\/04\\\/26\\\/lopera-national-du-rhin-recrute-un-regisseur-coordinateur-de-lopera-studio-f-h\\\/#breadcrumb\"},\"inLanguage\":\"fr-FR\",\"potentialAction\":[{\"@type\":\"ReadAction\",\"target\":[\"https:\\\/\\\/hierostrasbourg.com\\\/index.php\\\/2022\\\/04\\\/26\\\/lopera-national-du-rhin-recrute-un-regisseur-coordinateur-de-lopera-studio-f-h\\\/\"]}]},{\"@type\":\"BreadcrumbList\",\"@id\":\"https:\\\/\\\/hierostrasbourg.com\\\/index.php\\\/2022\\\/04\\\/26\\\/lopera-national-du-rhin-recrute-un-regisseur-coordinateur-de-lopera-studio-f-h\\\/#breadcrumb\",\"itemListElement\":[{\"@type\":\"ListItem\",\"position\":1,\"name\":\"Accueil\",\"item\":\"https:\\\/\\\/hierostrasbourg.com\\\/\"},{\"@type\":\"ListItem\",\"position\":2,\"name\":\"L\u2019OP\u00c9RA NATIONAL DU RHIN recrute un r\u00e9gisseur coordinateur de l\u2019Op\u00e9ra studio [F\\\/H]\"}]},{\"@type\":\"WebSite\",\"@id\":\"https:\\\/\\\/hierostrasbourg.com\\\/#website\",\"url\":\"https:\\\/\\\/hierostrasbourg.com\\\/\",\"name\":\"HIERO STRASBOURG\",\"description\":\"Centre de Ressources Musiques Actuelles\",\"publisher\":{\"@id\":\"https:\\\/\\\/hierostrasbourg.com\\\/#organization\"},\"potentialAction\":[{\"@type\":\"SearchAction\",\"target\":{\"@type\":\"EntryPoint\",\"urlTemplate\":\"https:\\\/\\\/hierostrasbourg.com\\\/?s={search_term_string}\"},\"query-input\":{\"@type\":\"PropertyValueSpecification\",\"valueRequired\":true,\"valueName\":\"search_term_string\"}}],\"inLanguage\":\"fr-FR\"},{\"@type\":\"Organization\",\"@id\":\"https:\\\/\\\/hierostrasbourg.com\\\/#organization\",\"name\":\"F\u00e9d\u00e9ration Hi\u00e9ro Strasbourg\",\"url\":\"https:\\\/\\\/hierostrasbourg.com\\\/\",\"logo\":{\"@type\":\"ImageObject\",\"inLanguage\":\"fr-FR\",\"@id\":\"https:\\\/\\\/hierostrasbourg.com\\\/#\\\/schema\\\/logo\\\/image\\\/\",\"url\":\"https:\\\/\\\/hierostrasbourg.com\\\/wp-content\\\/uploads\\\/2026\\\/04\\\/logo-hiero-strasbourg.jpg\",\"contentUrl\":\"https:\\\/\\\/hierostrasbourg.com\\\/wp-content\\\/uploads\\\/2026\\\/04\\\/logo-hiero-strasbourg.jpg\",\"width\":204,\"height\":192,\"caption\":\"F\u00e9d\u00e9ration Hi\u00e9ro Strasbourg\"},\"image\":{\"@id\":\"https:\\\/\\\/hierostrasbourg.com\\\/#\\\/schema\\\/logo\\\/image\\\/\"},\"sameAs\":[\"https:\\\/\\\/www.facebook.com\\\/fedehierostrasbourg\",\"https:\\\/\\\/x.com\\\/hierostrasbourg\"]}]}<\/script>\n<!-- \/ Yoast SEO plugin. -->","yoast_head_json":{"title":"L\u2019OP\u00c9RA NATIONAL DU RHIN recrute un r\u00e9gisseur coordinateur de l\u2019Op\u00e9ra studio [F\/H] - HIERO STRASBOURG","robots":{"index":"index","follow":"follow","max-snippet":"max-snippet:-1","max-image-preview":"max-image-preview:large","max-video-preview":"max-video-preview:-1"},"canonical":"https:\/\/hierostrasbourg.com\/index.php\/2022\/04\/26\/lopera-national-du-rhin-recrute-un-regisseur-coordinateur-de-lopera-studio-f-h\/","og_locale":"fr_FR","og_type":"article","og_title":"L\u2019OP\u00c9RA NATIONAL DU RHIN recrute un r\u00e9gisseur coordinateur de l\u2019Op\u00e9ra studio [F\/H] - HIERO STRASBOURG","og_description":"L\u2019Op\u00e9ra national du Rhin, n\u00e9 de la volont\u00e9 des villes de Strasbourg, Mulhouse et Colmar, fait partie des cinq op\u00e9ras distingu\u00e9s par le label Op\u00e9ra national en r\u00e9gion, et de Centre Chor\u00e9graphique national. Inscrit dans un r\u00e9seau national et international de collaborations artistiques et culturelles, il constitue un p\u00f4le de d\u00e9veloppement lyrique et chor\u00e9graphique, avec des unit\u00e9s de cr\u00e9ation et diffusion r\u00e9parties dans les trois villes, et accueille pr\u00e8s de 120.000 spectateurs par an. L\u2019Op\u00e9ra Studio de l\u2019Op\u00e9ra national du [&hellip;]","og_url":"https:\/\/hierostrasbourg.com\/index.php\/2022\/04\/26\/lopera-national-du-rhin-recrute-un-regisseur-coordinateur-de-lopera-studio-f-h\/","og_site_name":"HIERO STRASBOURG","article_publisher":"https:\/\/www.facebook.com\/fedehierostrasbourg","article_published_time":"2022-04-26T16:32:32+00:00","twitter_card":"summary_large_image","twitter_creator":"@hierostrasbourg","twitter_site":"@hierostrasbourg","twitter_misc":{"Dur\u00e9e de lecture estim\u00e9e":"4 minutes"},"schema":{"@context":"https:\/\/schema.org","@graph":[{"@type":"Article","@id":"https:\/\/hierostrasbourg.com\/index.php\/2022\/04\/26\/lopera-national-du-rhin-recrute-un-regisseur-coordinateur-de-lopera-studio-f-h\/#article","isPartOf":{"@id":"https:\/\/hierostrasbourg.com\/index.php\/2022\/04\/26\/lopera-national-du-rhin-recrute-un-regisseur-coordinateur-de-lopera-studio-f-h\/"},"author":{"name":"","@id":""},"headline":"L\u2019OP\u00c9RA NATIONAL DU RHIN recrute un r\u00e9gisseur coordinateur de l\u2019Op\u00e9ra studio [F\/H]","datePublished":"2022-04-26T16:32:32+00:00","mainEntityOfPage":{"@id":"https:\/\/hierostrasbourg.com\/index.php\/2022\/04\/26\/lopera-national-du-rhin-recrute-un-regisseur-coordinateur-de-lopera-studio-f-h\/"},"wordCount":834,"publisher":{"@id":"https:\/\/hierostrasbourg.com\/#organization"},"inLanguage":"fr-FR"},{"@type":"WebPage","@id":"https:\/\/hierostrasbourg.com\/index.php\/2022\/04\/26\/lopera-national-du-rhin-recrute-un-regisseur-coordinateur-de-lopera-studio-f-h\/","url":"https:\/\/hierostrasbourg.com\/index.php\/2022\/04\/26\/lopera-national-du-rhin-recrute-un-regisseur-coordinateur-de-lopera-studio-f-h\/","name":"L\u2019OP\u00c9RA NATIONAL DU RHIN recrute un r\u00e9gisseur coordinateur de l\u2019Op\u00e9ra studio [F\/H] - HIERO STRASBOURG","isPartOf":{"@id":"https:\/\/hierostrasbourg.com\/#website"},"datePublished":"2022-04-26T16:32:32+00:00","breadcrumb":{"@id":"https:\/\/hierostrasbourg.com\/index.php\/2022\/04\/26\/lopera-national-du-rhin-recrute-un-regisseur-coordinateur-de-lopera-studio-f-h\/#breadcrumb"},"inLanguage":"fr-FR","potentialAction":[{"@type":"ReadAction","target":["https:\/\/hierostrasbourg.com\/index.php\/2022\/04\/26\/lopera-national-du-rhin-recrute-un-regisseur-coordinateur-de-lopera-studio-f-h\/"]}]},{"@type":"BreadcrumbList","@id":"https:\/\/hierostrasbourg.com\/index.php\/2022\/04\/26\/lopera-national-du-rhin-recrute-un-regisseur-coordinateur-de-lopera-studio-f-h\/#breadcrumb","itemListElement":[{"@type":"ListItem","position":1,"name":"Accueil","item":"https:\/\/hierostrasbourg.com\/"},{"@type":"ListItem","position":2,"name":"L\u2019OP\u00c9RA NATIONAL DU RHIN recrute un r\u00e9gisseur coordinateur de l\u2019Op\u00e9ra studio [F\/H]"}]},{"@type":"WebSite","@id":"https:\/\/hierostrasbourg.com\/#website","url":"https:\/\/hierostrasbourg.com\/","name":"HIERO STRASBOURG","description":"Centre de Ressources Musiques Actuelles","publisher":{"@id":"https:\/\/hierostrasbourg.com\/#organization"},"potentialAction":[{"@type":"SearchAction","target":{"@type":"EntryPoint","urlTemplate":"https:\/\/hierostrasbourg.com\/?s={search_term_string}"},"query-input":{"@type":"PropertyValueSpecification","valueRequired":true,"valueName":"search_term_string"}}],"inLanguage":"fr-FR"},{"@type":"Organization","@id":"https:\/\/hierostrasbourg.com\/#organization","name":"F\u00e9d\u00e9ration Hi\u00e9ro Strasbourg","url":"https:\/\/hierostrasbourg.com\/","logo":{"@type":"ImageObject","inLanguage":"fr-FR","@id":"https:\/\/hierostrasbourg.com\/#\/schema\/logo\/image\/","url":"https:\/\/hierostrasbourg.com\/wp-content\/uploads\/2026\/04\/logo-hiero-strasbourg.jpg","contentUrl":"https:\/\/hierostrasbourg.com\/wp-content\/uploads\/2026\/04\/logo-hiero-strasbourg.jpg","width":204,"height":192,"caption":"F\u00e9d\u00e9ration Hi\u00e9ro Strasbourg"},"image":{"@id":"https:\/\/hierostrasbourg.com\/#\/schema\/logo\/image\/"},"sameAs":["https:\/\/www.facebook.com\/fedehierostrasbourg","https:\/\/x.com\/hierostrasbourg"]}]}},"_links":{"self":[{"href":"https:\/\/hierostrasbourg.com\/index.php\/wp-json\/wp\/v2\/posts\/2363","targetHints":{"allow":["GET"]}}],"collection":[{"href":"https:\/\/hierostrasbourg.com\/index.php\/wp-json\/wp\/v2\/posts"}],"about":[{"href":"https:\/\/hierostrasbourg.com\/index.php\/wp-json\/wp\/v2\/types\/post"}],"replies":[{"embeddable":true,"href":"https:\/\/hierostrasbourg.com\/index.php\/wp-json\/wp\/v2\/comments?post=2363"}],"version-history":[{"count":0,"href":"https:\/\/hierostrasbourg.com\/index.php\/wp-json\/wp\/v2\/posts\/2363\/revisions"}],"wp:attachment":[{"href":"https:\/\/hierostrasbourg.com\/index.php\/wp-json\/wp\/v2\/media?parent=2363"}],"wp:term":[{"taxonomy":"category","embeddable":true,"href":"https:\/\/hierostrasbourg.com\/index.php\/wp-json\/wp\/v2\/categories?post=2363"},{"taxonomy":"post_tag","embeddable":true,"href":"https:\/\/hierostrasbourg.com\/index.php\/wp-json\/wp\/v2\/tags?post=2363"}],"curies":[{"name":"wp","href":"https:\/\/api.w.org\/{rel}","templated":true}]}}