{"id":2352,"date":"2022-04-24T00:31:37","date_gmt":"2022-04-23T22:31:37","guid":{"rendered":"https:\/\/hierostrasbourg.com\/index.php\/2022\/04\/24\/disquaire-day-maintenant-je-trie-plus-jachete-moins-confie-un-amateur-de-vinyles-confronte-a-la-hausse-des-prix\/"},"modified":"2022-04-24T00:31:37","modified_gmt":"2022-04-23T22:31:37","slug":"disquaire-day-maintenant-je-trie-plus-jachete-moins-confie-un-amateur-de-vinyles-confronte-a-la-hausse-des-prix","status":"publish","type":"post","link":"https:\/\/hierostrasbourg.com\/index.php\/2022\/04\/24\/disquaire-day-maintenant-je-trie-plus-jachete-moins-confie-un-amateur-de-vinyles-confronte-a-la-hausse-des-prix\/","title":{"rendered":"Disquaire Day : \u201cMaintenant, je trie plus, j\u2019ach\u00e8te moins\u201d, confie un amateur de vinyles confront\u00e9 \u00e0 la hausse des prix"},"content":{"rendered":"<p><em>Ce samedi 23 avril marque la 12e \u00e9dition de cette grande f\u00eate annuelle du vinyle, r\u00e9unissant 220 disquaires ind\u00e9pendants en France. Une passion qui repr\u00e9sente un certain budget, surtout depuis que les prix ont flamb\u00e9 il y a quelques mois.<\/em><\/p>\n<p>Source \/ Lire la suite : <a href=\"https:\/\/www.francetvinfo.fr\/culture\/musique\/disquaire-day-maintenant-je-trie-plus-j-achete-moins-confie-un-amateur-de-vinyles-confronte-a-la-hausse-des-prix_5097907.html\" target=\"_blank\" rel=\"noopener\">Disquaire Day : \u201cMaintenant, je trie plus, j\u2019ach\u00e8te moins\u201d, confie un amateur de vinyles confront\u00e9 \u00e0 la hausse des prix<\/a><\/p>\n<p>L\u2019article <a href=\"https:\/\/popburo.fr\/disquaire-day-maintenant-je-trie-plus-jachete-moins-confie-un-amateur-de-vinyles-confronte-a-la-hausse-des-prix\/\">Disquaire Day : \u201cMaintenant, je trie plus, j\u2019ach\u00e8te moins\u201d, confie un amateur de vinyles confront\u00e9 \u00e0 la hausse des prix<\/a> est apparu en premier sur <a href=\"https:\/\/popburo.fr\/\">POP B\u00dcRO<\/a>.<\/p>\n","protected":false},"excerpt":{"rendered":"<p>Ce samedi 23 avril marque la 12e \u00e9dition de cette grande f\u00eate annuelle du vinyle, r\u00e9unissant 220 disquaires ind\u00e9pendants en France. Une passion qui repr\u00e9sente un certain budget, surtout depuis que les prix ont flamb\u00e9 il y a quelques mois. Source \/ Lire la suite : Disquaire Day : \u201cMaintenant, je trie plus, j\u2019ach\u00e8te moins\u201d, confie un amateur de vinyles confront\u00e9 \u00e0 la hausse des prix L\u2019article Disquaire Day : \u201cMaintenant, je trie plus, j\u2019ach\u00e8te moins\u201d, confie un amateur de [&hellip;]<\/p>\n","protected":false},"author":0,"featured_media":0,"comment_status":"closed","ping_status":"open","sticky":false,"template":"","format":"standard","meta":{"footnotes":""},"categories":[1],"tags":[],"class_list":["post-2352","post","type-post","status-publish","format-standard","hentry","category-non-classe"],"yoast_head":"<!-- This site is optimized with the Yoast SEO plugin v27.4 - https:\/\/yoast.com\/product\/yoast-seo-wordpress\/ -->\n<title>Disquaire Day : \u201cMaintenant, je trie plus, j\u2019ach\u00e8te moins\u201d, confie un amateur de vinyles confront\u00e9 \u00e0 la hausse des prix - HIERO STRASBOURG<\/title>\n<meta name=\"robots\" content=\"index, follow, max-snippet:-1, max-image-preview:large, max-video-preview:-1\" \/>\n<link rel=\"canonical\" href=\"https:\/\/hierostrasbourg.com\/index.php\/2022\/04\/24\/disquaire-day-maintenant-je-trie-plus-jachete-moins-confie-un-amateur-de-vinyles-confronte-a-la-hausse-des-prix\/\" \/>\n<meta property=\"og:locale\" content=\"fr_FR\" \/>\n<meta property=\"og:type\" content=\"article\" \/>\n<meta property=\"og:title\" content=\"Disquaire Day : \u201cMaintenant, je trie plus, j\u2019ach\u00e8te moins\u201d, confie un amateur de vinyles confront\u00e9 \u00e0 la hausse des prix - HIERO STRASBOURG\" \/>\n<meta property=\"og:description\" content=\"Ce samedi 23 avril marque la 12e \u00e9dition de cette grande f\u00eate annuelle du vinyle, r\u00e9unissant 220 disquaires ind\u00e9pendants en France. Une passion qui repr\u00e9sente un certain budget, surtout depuis que les prix ont flamb\u00e9 il y a quelques mois. Source \/ Lire la suite : Disquaire Day : \u201cMaintenant, je trie plus, j\u2019ach\u00e8te moins\u201d, confie un amateur de vinyles confront\u00e9 \u00e0 la hausse des prix L\u2019article Disquaire Day : \u201cMaintenant, je trie plus, j\u2019ach\u00e8te moins\u201d, confie un amateur de [&hellip;]\" \/>\n<meta property=\"og:url\" content=\"https:\/\/hierostrasbourg.com\/index.php\/2022\/04\/24\/disquaire-day-maintenant-je-trie-plus-jachete-moins-confie-un-amateur-de-vinyles-confronte-a-la-hausse-des-prix\/\" \/>\n<meta property=\"og:site_name\" content=\"HIERO STRASBOURG\" \/>\n<meta property=\"article:publisher\" content=\"https:\/\/www.facebook.com\/fedehierostrasbourg\" \/>\n<meta property=\"article:published_time\" content=\"2022-04-23T22:31:37+00:00\" \/>\n<meta name=\"twitter:card\" content=\"summary_large_image\" \/>\n<meta name=\"twitter:creator\" content=\"@hierostrasbourg\" \/>\n<meta name=\"twitter:site\" content=\"@hierostrasbourg\" \/>\n<script type=\"application\/ld+json\" class=\"yoast-schema-graph\">{\"@context\":\"https:\\\/\\\/schema.org\",\"@graph\":[{\"@type\":\"Article\",\"@id\":\"https:\\\/\\\/hierostrasbourg.com\\\/index.php\\\/2022\\\/04\\\/24\\\/disquaire-day-maintenant-je-trie-plus-jachete-moins-confie-un-amateur-de-vinyles-confronte-a-la-hausse-des-prix\\\/#article\",\"isPartOf\":{\"@id\":\"https:\\\/\\\/hierostrasbourg.com\\\/index.php\\\/2022\\\/04\\\/24\\\/disquaire-day-maintenant-je-trie-plus-jachete-moins-confie-un-amateur-de-vinyles-confronte-a-la-hausse-des-prix\\\/\"},\"author\":{\"name\":\"\",\"@id\":\"\"},\"headline\":\"Disquaire Day : \u201cMaintenant, je trie plus, j\u2019ach\u00e8te moins\u201d, confie un amateur de vinyles confront\u00e9 \u00e0 la hausse des prix\",\"datePublished\":\"2022-04-23T22:31:37+00:00\",\"mainEntityOfPage\":{\"@id\":\"https:\\\/\\\/hierostrasbourg.com\\\/index.php\\\/2022\\\/04\\\/24\\\/disquaire-day-maintenant-je-trie-plus-jachete-moins-confie-un-amateur-de-vinyles-confronte-a-la-hausse-des-prix\\\/\"},\"wordCount\":116,\"publisher\":{\"@id\":\"https:\\\/\\\/hierostrasbourg.com\\\/#organization\"},\"inLanguage\":\"fr-FR\"},{\"@type\":\"WebPage\",\"@id\":\"https:\\\/\\\/hierostrasbourg.com\\\/index.php\\\/2022\\\/04\\\/24\\\/disquaire-day-maintenant-je-trie-plus-jachete-moins-confie-un-amateur-de-vinyles-confronte-a-la-hausse-des-prix\\\/\",\"url\":\"https:\\\/\\\/hierostrasbourg.com\\\/index.php\\\/2022\\\/04\\\/24\\\/disquaire-day-maintenant-je-trie-plus-jachete-moins-confie-un-amateur-de-vinyles-confronte-a-la-hausse-des-prix\\\/\",\"name\":\"Disquaire Day : \u201cMaintenant, je trie plus, j\u2019ach\u00e8te moins\u201d, confie un amateur de vinyles confront\u00e9 \u00e0 la hausse des prix - HIERO STRASBOURG\",\"isPartOf\":{\"@id\":\"https:\\\/\\\/hierostrasbourg.com\\\/#website\"},\"datePublished\":\"2022-04-23T22:31:37+00:00\",\"breadcrumb\":{\"@id\":\"https:\\\/\\\/hierostrasbourg.com\\\/index.php\\\/2022\\\/04\\\/24\\\/disquaire-day-maintenant-je-trie-plus-jachete-moins-confie-un-amateur-de-vinyles-confronte-a-la-hausse-des-prix\\\/#breadcrumb\"},\"inLanguage\":\"fr-FR\",\"potentialAction\":[{\"@type\":\"ReadAction\",\"target\":[\"https:\\\/\\\/hierostrasbourg.com\\\/index.php\\\/2022\\\/04\\\/24\\\/disquaire-day-maintenant-je-trie-plus-jachete-moins-confie-un-amateur-de-vinyles-confronte-a-la-hausse-des-prix\\\/\"]}]},{\"@type\":\"BreadcrumbList\",\"@id\":\"https:\\\/\\\/hierostrasbourg.com\\\/index.php\\\/2022\\\/04\\\/24\\\/disquaire-day-maintenant-je-trie-plus-jachete-moins-confie-un-amateur-de-vinyles-confronte-a-la-hausse-des-prix\\\/#breadcrumb\",\"itemListElement\":[{\"@type\":\"ListItem\",\"position\":1,\"name\":\"Accueil\",\"item\":\"https:\\\/\\\/hierostrasbourg.com\\\/\"},{\"@type\":\"ListItem\",\"position\":2,\"name\":\"Disquaire Day : \u201cMaintenant, je trie plus, j\u2019ach\u00e8te moins\u201d, confie un amateur de vinyles confront\u00e9 \u00e0 la hausse des prix\"}]},{\"@type\":\"WebSite\",\"@id\":\"https:\\\/\\\/hierostrasbourg.com\\\/#website\",\"url\":\"https:\\\/\\\/hierostrasbourg.com\\\/\",\"name\":\"HIERO STRASBOURG\",\"description\":\"Centre de Ressources Musiques Actuelles\",\"publisher\":{\"@id\":\"https:\\\/\\\/hierostrasbourg.com\\\/#organization\"},\"potentialAction\":[{\"@type\":\"SearchAction\",\"target\":{\"@type\":\"EntryPoint\",\"urlTemplate\":\"https:\\\/\\\/hierostrasbourg.com\\\/?s={search_term_string}\"},\"query-input\":{\"@type\":\"PropertyValueSpecification\",\"valueRequired\":true,\"valueName\":\"search_term_string\"}}],\"inLanguage\":\"fr-FR\"},{\"@type\":\"Organization\",\"@id\":\"https:\\\/\\\/hierostrasbourg.com\\\/#organization\",\"name\":\"F\u00e9d\u00e9ration Hi\u00e9ro Strasbourg\",\"url\":\"https:\\\/\\\/hierostrasbourg.com\\\/\",\"logo\":{\"@type\":\"ImageObject\",\"inLanguage\":\"fr-FR\",\"@id\":\"https:\\\/\\\/hierostrasbourg.com\\\/#\\\/schema\\\/logo\\\/image\\\/\",\"url\":\"https:\\\/\\\/hierostrasbourg.com\\\/wp-content\\\/uploads\\\/2026\\\/04\\\/logo-hiero-strasbourg.jpg\",\"contentUrl\":\"https:\\\/\\\/hierostrasbourg.com\\\/wp-content\\\/uploads\\\/2026\\\/04\\\/logo-hiero-strasbourg.jpg\",\"width\":204,\"height\":192,\"caption\":\"F\u00e9d\u00e9ration Hi\u00e9ro Strasbourg\"},\"image\":{\"@id\":\"https:\\\/\\\/hierostrasbourg.com\\\/#\\\/schema\\\/logo\\\/image\\\/\"},\"sameAs\":[\"https:\\\/\\\/www.facebook.com\\\/fedehierostrasbourg\",\"https:\\\/\\\/x.com\\\/hierostrasbourg\"]}]}<\/script>\n<!-- \/ Yoast SEO plugin. -->","yoast_head_json":{"title":"Disquaire Day : \u201cMaintenant, je trie plus, j\u2019ach\u00e8te moins\u201d, confie un amateur de vinyles confront\u00e9 \u00e0 la hausse des prix - HIERO STRASBOURG","robots":{"index":"index","follow":"follow","max-snippet":"max-snippet:-1","max-image-preview":"max-image-preview:large","max-video-preview":"max-video-preview:-1"},"canonical":"https:\/\/hierostrasbourg.com\/index.php\/2022\/04\/24\/disquaire-day-maintenant-je-trie-plus-jachete-moins-confie-un-amateur-de-vinyles-confronte-a-la-hausse-des-prix\/","og_locale":"fr_FR","og_type":"article","og_title":"Disquaire Day : \u201cMaintenant, je trie plus, j\u2019ach\u00e8te moins\u201d, confie un amateur de vinyles confront\u00e9 \u00e0 la hausse des prix - HIERO STRASBOURG","og_description":"Ce samedi 23 avril marque la 12e \u00e9dition de cette grande f\u00eate annuelle du vinyle, r\u00e9unissant 220 disquaires ind\u00e9pendants en France. Une passion qui repr\u00e9sente un certain budget, surtout depuis que les prix ont flamb\u00e9 il y a quelques mois. Source \/ Lire la suite : Disquaire Day : \u201cMaintenant, je trie plus, j\u2019ach\u00e8te moins\u201d, confie un amateur de vinyles confront\u00e9 \u00e0 la hausse des prix L\u2019article Disquaire Day : \u201cMaintenant, je trie plus, j\u2019ach\u00e8te moins\u201d, confie un amateur de [&hellip;]","og_url":"https:\/\/hierostrasbourg.com\/index.php\/2022\/04\/24\/disquaire-day-maintenant-je-trie-plus-jachete-moins-confie-un-amateur-de-vinyles-confronte-a-la-hausse-des-prix\/","og_site_name":"HIERO STRASBOURG","article_publisher":"https:\/\/www.facebook.com\/fedehierostrasbourg","article_published_time":"2022-04-23T22:31:37+00:00","twitter_card":"summary_large_image","twitter_creator":"@hierostrasbourg","twitter_site":"@hierostrasbourg","schema":{"@context":"https:\/\/schema.org","@graph":[{"@type":"Article","@id":"https:\/\/hierostrasbourg.com\/index.php\/2022\/04\/24\/disquaire-day-maintenant-je-trie-plus-jachete-moins-confie-un-amateur-de-vinyles-confronte-a-la-hausse-des-prix\/#article","isPartOf":{"@id":"https:\/\/hierostrasbourg.com\/index.php\/2022\/04\/24\/disquaire-day-maintenant-je-trie-plus-jachete-moins-confie-un-amateur-de-vinyles-confronte-a-la-hausse-des-prix\/"},"author":{"name":"","@id":""},"headline":"Disquaire Day : \u201cMaintenant, je trie plus, j\u2019ach\u00e8te moins\u201d, confie un amateur de vinyles confront\u00e9 \u00e0 la hausse des prix","datePublished":"2022-04-23T22:31:37+00:00","mainEntityOfPage":{"@id":"https:\/\/hierostrasbourg.com\/index.php\/2022\/04\/24\/disquaire-day-maintenant-je-trie-plus-jachete-moins-confie-un-amateur-de-vinyles-confronte-a-la-hausse-des-prix\/"},"wordCount":116,"publisher":{"@id":"https:\/\/hierostrasbourg.com\/#organization"},"inLanguage":"fr-FR"},{"@type":"WebPage","@id":"https:\/\/hierostrasbourg.com\/index.php\/2022\/04\/24\/disquaire-day-maintenant-je-trie-plus-jachete-moins-confie-un-amateur-de-vinyles-confronte-a-la-hausse-des-prix\/","url":"https:\/\/hierostrasbourg.com\/index.php\/2022\/04\/24\/disquaire-day-maintenant-je-trie-plus-jachete-moins-confie-un-amateur-de-vinyles-confronte-a-la-hausse-des-prix\/","name":"Disquaire Day : \u201cMaintenant, je trie plus, j\u2019ach\u00e8te moins\u201d, confie un amateur de vinyles confront\u00e9 \u00e0 la hausse des prix - HIERO STRASBOURG","isPartOf":{"@id":"https:\/\/hierostrasbourg.com\/#website"},"datePublished":"2022-04-23T22:31:37+00:00","breadcrumb":{"@id":"https:\/\/hierostrasbourg.com\/index.php\/2022\/04\/24\/disquaire-day-maintenant-je-trie-plus-jachete-moins-confie-un-amateur-de-vinyles-confronte-a-la-hausse-des-prix\/#breadcrumb"},"inLanguage":"fr-FR","potentialAction":[{"@type":"ReadAction","target":["https:\/\/hierostrasbourg.com\/index.php\/2022\/04\/24\/disquaire-day-maintenant-je-trie-plus-jachete-moins-confie-un-amateur-de-vinyles-confronte-a-la-hausse-des-prix\/"]}]},{"@type":"BreadcrumbList","@id":"https:\/\/hierostrasbourg.com\/index.php\/2022\/04\/24\/disquaire-day-maintenant-je-trie-plus-jachete-moins-confie-un-amateur-de-vinyles-confronte-a-la-hausse-des-prix\/#breadcrumb","itemListElement":[{"@type":"ListItem","position":1,"name":"Accueil","item":"https:\/\/hierostrasbourg.com\/"},{"@type":"ListItem","position":2,"name":"Disquaire Day : \u201cMaintenant, je trie plus, j\u2019ach\u00e8te moins\u201d, confie un amateur de vinyles confront\u00e9 \u00e0 la hausse des prix"}]},{"@type":"WebSite","@id":"https:\/\/hierostrasbourg.com\/#website","url":"https:\/\/hierostrasbourg.com\/","name":"HIERO STRASBOURG","description":"Centre de Ressources Musiques Actuelles","publisher":{"@id":"https:\/\/hierostrasbourg.com\/#organization"},"potentialAction":[{"@type":"SearchAction","target":{"@type":"EntryPoint","urlTemplate":"https:\/\/hierostrasbourg.com\/?s={search_term_string}"},"query-input":{"@type":"PropertyValueSpecification","valueRequired":true,"valueName":"search_term_string"}}],"inLanguage":"fr-FR"},{"@type":"Organization","@id":"https:\/\/hierostrasbourg.com\/#organization","name":"F\u00e9d\u00e9ration Hi\u00e9ro Strasbourg","url":"https:\/\/hierostrasbourg.com\/","logo":{"@type":"ImageObject","inLanguage":"fr-FR","@id":"https:\/\/hierostrasbourg.com\/#\/schema\/logo\/image\/","url":"https:\/\/hierostrasbourg.com\/wp-content\/uploads\/2026\/04\/logo-hiero-strasbourg.jpg","contentUrl":"https:\/\/hierostrasbourg.com\/wp-content\/uploads\/2026\/04\/logo-hiero-strasbourg.jpg","width":204,"height":192,"caption":"F\u00e9d\u00e9ration Hi\u00e9ro Strasbourg"},"image":{"@id":"https:\/\/hierostrasbourg.com\/#\/schema\/logo\/image\/"},"sameAs":["https:\/\/www.facebook.com\/fedehierostrasbourg","https:\/\/x.com\/hierostrasbourg"]}]}},"_links":{"self":[{"href":"https:\/\/hierostrasbourg.com\/index.php\/wp-json\/wp\/v2\/posts\/2352","targetHints":{"allow":["GET"]}}],"collection":[{"href":"https:\/\/hierostrasbourg.com\/index.php\/wp-json\/wp\/v2\/posts"}],"about":[{"href":"https:\/\/hierostrasbourg.com\/index.php\/wp-json\/wp\/v2\/types\/post"}],"replies":[{"embeddable":true,"href":"https:\/\/hierostrasbourg.com\/index.php\/wp-json\/wp\/v2\/comments?post=2352"}],"version-history":[{"count":0,"href":"https:\/\/hierostrasbourg.com\/index.php\/wp-json\/wp\/v2\/posts\/2352\/revisions"}],"wp:attachment":[{"href":"https:\/\/hierostrasbourg.com\/index.php\/wp-json\/wp\/v2\/media?parent=2352"}],"wp:term":[{"taxonomy":"category","embeddable":true,"href":"https:\/\/hierostrasbourg.com\/index.php\/wp-json\/wp\/v2\/categories?post=2352"},{"taxonomy":"post_tag","embeddable":true,"href":"https:\/\/hierostrasbourg.com\/index.php\/wp-json\/wp\/v2\/tags?post=2352"}],"curies":[{"name":"wp","href":"https:\/\/api.w.org\/{rel}","templated":true}]}}