{"id":2346,"date":"2022-04-23T14:32:31","date_gmt":"2022-04-23T12:32:31","guid":{"rendered":"https:\/\/hierostrasbourg.com\/index.php\/2022\/04\/23\/serie-les-metiers-de-la-musique-ledition-musicale-2\/"},"modified":"2022-04-23T14:32:31","modified_gmt":"2022-04-23T12:32:31","slug":"serie-les-metiers-de-la-musique-ledition-musicale-2","status":"publish","type":"post","link":"https:\/\/hierostrasbourg.com\/index.php\/2022\/04\/23\/serie-les-metiers-de-la-musique-ledition-musicale-2\/","title":{"rendered":"S\u00e9rie \u00ab Les m\u00e9tiers de la musique \u00bb: l\u2019\u00e9dition musicale"},"content":{"rendered":"<p><em>Rolling Stone vous propose chaque mois une s\u00e9rie de portraits sur les m\u00e9tiers de la musique. Troisi\u00e8me rencontre cette semaine avec Juliette Metz, Directrice des \u00c9ditions Encore Merci et pr\u00e9sidente de la Chambre syndicale de l\u2019\u00e9dition musicale.<\/em><\/p>\n<p>Source \/ Lire la suite : <a href=\"https:\/\/www.rollingstone.fr\/serie-les-metiers-de-la-musique-edition-musicale-ep-3\/\" target=\"_blank\" rel=\"noopener\">S\u00e9rie \u00ab Les m\u00e9tiers de la musique \u00bb: l\u2019\u00e9dition musicale<\/a><\/p>\n<p>L\u2019article <a href=\"https:\/\/popburo.fr\/serie-les-metiers-de-la-musique-ledition-musicale\/\">S\u00e9rie \u00ab Les m\u00e9tiers de la musique \u00bb: l\u2019\u00e9dition musicale<\/a> est apparu en premier sur <a href=\"https:\/\/popburo.fr\/\">POP B\u00dcRO<\/a>.<\/p>\n","protected":false},"excerpt":{"rendered":"<p>Rolling Stone vous propose chaque mois une s\u00e9rie de portraits sur les m\u00e9tiers de la musique. Troisi\u00e8me rencontre cette semaine avec Juliette Metz, Directrice des \u00c9ditions Encore Merci et pr\u00e9sidente de la Chambre syndicale de l\u2019\u00e9dition musicale. Source \/ Lire la suite : S\u00e9rie \u00ab Les m\u00e9tiers de la musique \u00bb: l\u2019\u00e9dition musicale L\u2019article S\u00e9rie \u00ab Les m\u00e9tiers de la musique \u00bb: l\u2019\u00e9dition musicale est apparu en premier sur POP B\u00dcRO.<\/p>\n","protected":false},"author":0,"featured_media":0,"comment_status":"closed","ping_status":"open","sticky":false,"template":"","format":"standard","meta":{"footnotes":""},"categories":[1],"tags":[],"class_list":["post-2346","post","type-post","status-publish","format-standard","hentry","category-non-classe"],"yoast_head":"<!-- This site is optimized with the Yoast SEO plugin v27.4 - https:\/\/yoast.com\/product\/yoast-seo-wordpress\/ -->\n<title>S\u00e9rie \u00ab Les m\u00e9tiers de la musique \u00bb: l\u2019\u00e9dition musicale - HIERO STRASBOURG<\/title>\n<meta name=\"robots\" content=\"index, follow, max-snippet:-1, max-image-preview:large, max-video-preview:-1\" \/>\n<link rel=\"canonical\" href=\"https:\/\/hierostrasbourg.com\/index.php\/2022\/04\/23\/serie-les-metiers-de-la-musique-ledition-musicale-2\/\" \/>\n<meta property=\"og:locale\" content=\"fr_FR\" \/>\n<meta property=\"og:type\" content=\"article\" \/>\n<meta property=\"og:title\" content=\"S\u00e9rie \u00ab Les m\u00e9tiers de la musique \u00bb: l\u2019\u00e9dition musicale - HIERO STRASBOURG\" \/>\n<meta property=\"og:description\" content=\"Rolling Stone vous propose chaque mois une s\u00e9rie de portraits sur les m\u00e9tiers de la musique. Troisi\u00e8me rencontre cette semaine avec Juliette Metz, Directrice des \u00c9ditions Encore Merci et pr\u00e9sidente de la Chambre syndicale de l\u2019\u00e9dition musicale. Source \/ Lire la suite : S\u00e9rie \u00ab Les m\u00e9tiers de la musique \u00bb: l\u2019\u00e9dition musicale L\u2019article S\u00e9rie \u00ab Les m\u00e9tiers de la musique \u00bb: l\u2019\u00e9dition musicale est apparu en premier sur POP B\u00dcRO.\" \/>\n<meta property=\"og:url\" content=\"https:\/\/hierostrasbourg.com\/index.php\/2022\/04\/23\/serie-les-metiers-de-la-musique-ledition-musicale-2\/\" \/>\n<meta property=\"og:site_name\" content=\"HIERO STRASBOURG\" \/>\n<meta property=\"article:publisher\" content=\"https:\/\/www.facebook.com\/fedehierostrasbourg\" \/>\n<meta property=\"article:published_time\" content=\"2022-04-23T12:32:31+00:00\" \/>\n<meta name=\"twitter:card\" content=\"summary_large_image\" \/>\n<meta name=\"twitter:creator\" content=\"@hierostrasbourg\" \/>\n<meta name=\"twitter:site\" content=\"@hierostrasbourg\" \/>\n<script type=\"application\/ld+json\" class=\"yoast-schema-graph\">{\"@context\":\"https:\\\/\\\/schema.org\",\"@graph\":[{\"@type\":\"Article\",\"@id\":\"https:\\\/\\\/hierostrasbourg.com\\\/index.php\\\/2022\\\/04\\\/23\\\/serie-les-metiers-de-la-musique-ledition-musicale-2\\\/#article\",\"isPartOf\":{\"@id\":\"https:\\\/\\\/hierostrasbourg.com\\\/index.php\\\/2022\\\/04\\\/23\\\/serie-les-metiers-de-la-musique-ledition-musicale-2\\\/\"},\"author\":{\"name\":\"\",\"@id\":\"\"},\"headline\":\"S\u00e9rie \u00ab Les m\u00e9tiers de la musique \u00bb: l\u2019\u00e9dition musicale\",\"datePublished\":\"2022-04-23T12:32:31+00:00\",\"mainEntityOfPage\":{\"@id\":\"https:\\\/\\\/hierostrasbourg.com\\\/index.php\\\/2022\\\/04\\\/23\\\/serie-les-metiers-de-la-musique-ledition-musicale-2\\\/\"},\"wordCount\":89,\"publisher\":{\"@id\":\"https:\\\/\\\/hierostrasbourg.com\\\/#organization\"},\"inLanguage\":\"fr-FR\"},{\"@type\":\"WebPage\",\"@id\":\"https:\\\/\\\/hierostrasbourg.com\\\/index.php\\\/2022\\\/04\\\/23\\\/serie-les-metiers-de-la-musique-ledition-musicale-2\\\/\",\"url\":\"https:\\\/\\\/hierostrasbourg.com\\\/index.php\\\/2022\\\/04\\\/23\\\/serie-les-metiers-de-la-musique-ledition-musicale-2\\\/\",\"name\":\"S\u00e9rie \u00ab Les m\u00e9tiers de la musique \u00bb: l\u2019\u00e9dition musicale - HIERO STRASBOURG\",\"isPartOf\":{\"@id\":\"https:\\\/\\\/hierostrasbourg.com\\\/#website\"},\"datePublished\":\"2022-04-23T12:32:31+00:00\",\"breadcrumb\":{\"@id\":\"https:\\\/\\\/hierostrasbourg.com\\\/index.php\\\/2022\\\/04\\\/23\\\/serie-les-metiers-de-la-musique-ledition-musicale-2\\\/#breadcrumb\"},\"inLanguage\":\"fr-FR\",\"potentialAction\":[{\"@type\":\"ReadAction\",\"target\":[\"https:\\\/\\\/hierostrasbourg.com\\\/index.php\\\/2022\\\/04\\\/23\\\/serie-les-metiers-de-la-musique-ledition-musicale-2\\\/\"]}]},{\"@type\":\"BreadcrumbList\",\"@id\":\"https:\\\/\\\/hierostrasbourg.com\\\/index.php\\\/2022\\\/04\\\/23\\\/serie-les-metiers-de-la-musique-ledition-musicale-2\\\/#breadcrumb\",\"itemListElement\":[{\"@type\":\"ListItem\",\"position\":1,\"name\":\"Accueil\",\"item\":\"https:\\\/\\\/hierostrasbourg.com\\\/\"},{\"@type\":\"ListItem\",\"position\":2,\"name\":\"S\u00e9rie \u00ab Les m\u00e9tiers de la musique \u00bb: l\u2019\u00e9dition musicale\"}]},{\"@type\":\"WebSite\",\"@id\":\"https:\\\/\\\/hierostrasbourg.com\\\/#website\",\"url\":\"https:\\\/\\\/hierostrasbourg.com\\\/\",\"name\":\"HIERO STRASBOURG\",\"description\":\"Centre de Ressources Musiques Actuelles\",\"publisher\":{\"@id\":\"https:\\\/\\\/hierostrasbourg.com\\\/#organization\"},\"potentialAction\":[{\"@type\":\"SearchAction\",\"target\":{\"@type\":\"EntryPoint\",\"urlTemplate\":\"https:\\\/\\\/hierostrasbourg.com\\\/?s={search_term_string}\"},\"query-input\":{\"@type\":\"PropertyValueSpecification\",\"valueRequired\":true,\"valueName\":\"search_term_string\"}}],\"inLanguage\":\"fr-FR\"},{\"@type\":\"Organization\",\"@id\":\"https:\\\/\\\/hierostrasbourg.com\\\/#organization\",\"name\":\"F\u00e9d\u00e9ration Hi\u00e9ro Strasbourg\",\"url\":\"https:\\\/\\\/hierostrasbourg.com\\\/\",\"logo\":{\"@type\":\"ImageObject\",\"inLanguage\":\"fr-FR\",\"@id\":\"https:\\\/\\\/hierostrasbourg.com\\\/#\\\/schema\\\/logo\\\/image\\\/\",\"url\":\"https:\\\/\\\/hierostrasbourg.com\\\/wp-content\\\/uploads\\\/2026\\\/04\\\/logo-hiero-strasbourg.jpg\",\"contentUrl\":\"https:\\\/\\\/hierostrasbourg.com\\\/wp-content\\\/uploads\\\/2026\\\/04\\\/logo-hiero-strasbourg.jpg\",\"width\":204,\"height\":192,\"caption\":\"F\u00e9d\u00e9ration Hi\u00e9ro Strasbourg\"},\"image\":{\"@id\":\"https:\\\/\\\/hierostrasbourg.com\\\/#\\\/schema\\\/logo\\\/image\\\/\"},\"sameAs\":[\"https:\\\/\\\/www.facebook.com\\\/fedehierostrasbourg\",\"https:\\\/\\\/x.com\\\/hierostrasbourg\"]}]}<\/script>\n<!-- \/ Yoast SEO plugin. -->","yoast_head_json":{"title":"S\u00e9rie \u00ab Les m\u00e9tiers de la musique \u00bb: l\u2019\u00e9dition musicale - HIERO STRASBOURG","robots":{"index":"index","follow":"follow","max-snippet":"max-snippet:-1","max-image-preview":"max-image-preview:large","max-video-preview":"max-video-preview:-1"},"canonical":"https:\/\/hierostrasbourg.com\/index.php\/2022\/04\/23\/serie-les-metiers-de-la-musique-ledition-musicale-2\/","og_locale":"fr_FR","og_type":"article","og_title":"S\u00e9rie \u00ab Les m\u00e9tiers de la musique \u00bb: l\u2019\u00e9dition musicale - HIERO STRASBOURG","og_description":"Rolling Stone vous propose chaque mois une s\u00e9rie de portraits sur les m\u00e9tiers de la musique. Troisi\u00e8me rencontre cette semaine avec Juliette Metz, Directrice des \u00c9ditions Encore Merci et pr\u00e9sidente de la Chambre syndicale de l\u2019\u00e9dition musicale. Source \/ Lire la suite : S\u00e9rie \u00ab Les m\u00e9tiers de la musique \u00bb: l\u2019\u00e9dition musicale L\u2019article S\u00e9rie \u00ab Les m\u00e9tiers de la musique \u00bb: l\u2019\u00e9dition musicale est apparu en premier sur POP B\u00dcRO.","og_url":"https:\/\/hierostrasbourg.com\/index.php\/2022\/04\/23\/serie-les-metiers-de-la-musique-ledition-musicale-2\/","og_site_name":"HIERO STRASBOURG","article_publisher":"https:\/\/www.facebook.com\/fedehierostrasbourg","article_published_time":"2022-04-23T12:32:31+00:00","twitter_card":"summary_large_image","twitter_creator":"@hierostrasbourg","twitter_site":"@hierostrasbourg","schema":{"@context":"https:\/\/schema.org","@graph":[{"@type":"Article","@id":"https:\/\/hierostrasbourg.com\/index.php\/2022\/04\/23\/serie-les-metiers-de-la-musique-ledition-musicale-2\/#article","isPartOf":{"@id":"https:\/\/hierostrasbourg.com\/index.php\/2022\/04\/23\/serie-les-metiers-de-la-musique-ledition-musicale-2\/"},"author":{"name":"","@id":""},"headline":"S\u00e9rie \u00ab Les m\u00e9tiers de la musique \u00bb: l\u2019\u00e9dition musicale","datePublished":"2022-04-23T12:32:31+00:00","mainEntityOfPage":{"@id":"https:\/\/hierostrasbourg.com\/index.php\/2022\/04\/23\/serie-les-metiers-de-la-musique-ledition-musicale-2\/"},"wordCount":89,"publisher":{"@id":"https:\/\/hierostrasbourg.com\/#organization"},"inLanguage":"fr-FR"},{"@type":"WebPage","@id":"https:\/\/hierostrasbourg.com\/index.php\/2022\/04\/23\/serie-les-metiers-de-la-musique-ledition-musicale-2\/","url":"https:\/\/hierostrasbourg.com\/index.php\/2022\/04\/23\/serie-les-metiers-de-la-musique-ledition-musicale-2\/","name":"S\u00e9rie \u00ab Les m\u00e9tiers de la musique \u00bb: l\u2019\u00e9dition musicale - HIERO STRASBOURG","isPartOf":{"@id":"https:\/\/hierostrasbourg.com\/#website"},"datePublished":"2022-04-23T12:32:31+00:00","breadcrumb":{"@id":"https:\/\/hierostrasbourg.com\/index.php\/2022\/04\/23\/serie-les-metiers-de-la-musique-ledition-musicale-2\/#breadcrumb"},"inLanguage":"fr-FR","potentialAction":[{"@type":"ReadAction","target":["https:\/\/hierostrasbourg.com\/index.php\/2022\/04\/23\/serie-les-metiers-de-la-musique-ledition-musicale-2\/"]}]},{"@type":"BreadcrumbList","@id":"https:\/\/hierostrasbourg.com\/index.php\/2022\/04\/23\/serie-les-metiers-de-la-musique-ledition-musicale-2\/#breadcrumb","itemListElement":[{"@type":"ListItem","position":1,"name":"Accueil","item":"https:\/\/hierostrasbourg.com\/"},{"@type":"ListItem","position":2,"name":"S\u00e9rie \u00ab Les m\u00e9tiers de la musique \u00bb: l\u2019\u00e9dition musicale"}]},{"@type":"WebSite","@id":"https:\/\/hierostrasbourg.com\/#website","url":"https:\/\/hierostrasbourg.com\/","name":"HIERO STRASBOURG","description":"Centre de Ressources Musiques Actuelles","publisher":{"@id":"https:\/\/hierostrasbourg.com\/#organization"},"potentialAction":[{"@type":"SearchAction","target":{"@type":"EntryPoint","urlTemplate":"https:\/\/hierostrasbourg.com\/?s={search_term_string}"},"query-input":{"@type":"PropertyValueSpecification","valueRequired":true,"valueName":"search_term_string"}}],"inLanguage":"fr-FR"},{"@type":"Organization","@id":"https:\/\/hierostrasbourg.com\/#organization","name":"F\u00e9d\u00e9ration Hi\u00e9ro Strasbourg","url":"https:\/\/hierostrasbourg.com\/","logo":{"@type":"ImageObject","inLanguage":"fr-FR","@id":"https:\/\/hierostrasbourg.com\/#\/schema\/logo\/image\/","url":"https:\/\/hierostrasbourg.com\/wp-content\/uploads\/2026\/04\/logo-hiero-strasbourg.jpg","contentUrl":"https:\/\/hierostrasbourg.com\/wp-content\/uploads\/2026\/04\/logo-hiero-strasbourg.jpg","width":204,"height":192,"caption":"F\u00e9d\u00e9ration Hi\u00e9ro Strasbourg"},"image":{"@id":"https:\/\/hierostrasbourg.com\/#\/schema\/logo\/image\/"},"sameAs":["https:\/\/www.facebook.com\/fedehierostrasbourg","https:\/\/x.com\/hierostrasbourg"]}]}},"_links":{"self":[{"href":"https:\/\/hierostrasbourg.com\/index.php\/wp-json\/wp\/v2\/posts\/2346","targetHints":{"allow":["GET"]}}],"collection":[{"href":"https:\/\/hierostrasbourg.com\/index.php\/wp-json\/wp\/v2\/posts"}],"about":[{"href":"https:\/\/hierostrasbourg.com\/index.php\/wp-json\/wp\/v2\/types\/post"}],"replies":[{"embeddable":true,"href":"https:\/\/hierostrasbourg.com\/index.php\/wp-json\/wp\/v2\/comments?post=2346"}],"version-history":[{"count":0,"href":"https:\/\/hierostrasbourg.com\/index.php\/wp-json\/wp\/v2\/posts\/2346\/revisions"}],"wp:attachment":[{"href":"https:\/\/hierostrasbourg.com\/index.php\/wp-json\/wp\/v2\/media?parent=2346"}],"wp:term":[{"taxonomy":"category","embeddable":true,"href":"https:\/\/hierostrasbourg.com\/index.php\/wp-json\/wp\/v2\/categories?post=2346"},{"taxonomy":"post_tag","embeddable":true,"href":"https:\/\/hierostrasbourg.com\/index.php\/wp-json\/wp\/v2\/tags?post=2346"}],"curies":[{"name":"wp","href":"https:\/\/api.w.org\/{rel}","templated":true}]}}