{"id":2333,"date":"2022-04-23T10:33:46","date_gmt":"2022-04-23T08:33:46","guid":{"rendered":"https:\/\/hierostrasbourg.com\/index.php\/2022\/04\/23\/les-conservatoires-vent-debout-contre-le-diplome-national-2\/"},"modified":"2022-04-23T10:33:46","modified_gmt":"2022-04-23T08:33:46","slug":"les-conservatoires-vent-debout-contre-le-diplome-national-2","status":"publish","type":"post","link":"https:\/\/hierostrasbourg.com\/index.php\/2022\/04\/23\/les-conservatoires-vent-debout-contre-le-diplome-national-2\/","title":{"rendered":"Les conservatoires vent debout contre le Dipl\u00f4me national"},"content":{"rendered":"<p><em>Dans un courrier adress\u00e9 \u00e0 Roselyne Bachelot, quatre organismes (Aned, Conservatoires de France, FFEA et FNADAC) font part leurs inqui\u00e9tudes dans l\u2019actualisation du sch\u00e9ma d\u2019orientation p\u00e9dagogique. Nous reproduisons ici ce courrier.<\/em><\/p>\n<p>Source \/ Lire la suie : <a href=\"https:\/\/lalettredumusicien.fr\/article\/les-conservatoires-vent-debout-contre-le-diplome-national-7423\">Les conservatoires vent debout contre le Dipl\u00f4me national<\/a><\/p>\n<p>L\u2019article <a href=\"https:\/\/popburo.fr\/les-conservatoires-vent-debout-contre-le-diplome-national\/\">Les conservatoires vent debout contre le Dipl\u00f4me national<\/a> est apparu en premier sur <a href=\"https:\/\/popburo.fr\/\">POP B\u00dcRO<\/a>.<\/p>\n","protected":false},"excerpt":{"rendered":"<p>Dans un courrier adress\u00e9 \u00e0 Roselyne Bachelot, quatre organismes (Aned, Conservatoires de France, FFEA et FNADAC) font part leurs inqui\u00e9tudes dans l\u2019actualisation du sch\u00e9ma d\u2019orientation p\u00e9dagogique. Nous reproduisons ici ce courrier. Source \/ Lire la suie : Les conservatoires vent debout contre le Dipl\u00f4me national L\u2019article Les conservatoires vent debout contre le Dipl\u00f4me national est apparu en premier sur POP B\u00dcRO.<\/p>\n","protected":false},"author":0,"featured_media":0,"comment_status":"closed","ping_status":"open","sticky":false,"template":"","format":"standard","meta":{"footnotes":""},"categories":[1],"tags":[],"class_list":["post-2333","post","type-post","status-publish","format-standard","hentry","category-non-classe"],"yoast_head":"<!-- This site is optimized with the Yoast SEO plugin v27.4 - https:\/\/yoast.com\/product\/yoast-seo-wordpress\/ -->\n<title>Les conservatoires vent debout contre le Dipl\u00f4me national - HIERO STRASBOURG<\/title>\n<meta name=\"robots\" content=\"index, follow, max-snippet:-1, max-image-preview:large, max-video-preview:-1\" \/>\n<link rel=\"canonical\" href=\"https:\/\/hierostrasbourg.com\/index.php\/2022\/04\/23\/les-conservatoires-vent-debout-contre-le-diplome-national-2\/\" \/>\n<meta property=\"og:locale\" content=\"fr_FR\" \/>\n<meta property=\"og:type\" content=\"article\" \/>\n<meta property=\"og:title\" content=\"Les conservatoires vent debout contre le Dipl\u00f4me national - HIERO STRASBOURG\" \/>\n<meta property=\"og:description\" content=\"Dans un courrier adress\u00e9 \u00e0 Roselyne Bachelot, quatre organismes (Aned, Conservatoires de France, FFEA et FNADAC) font part leurs inqui\u00e9tudes dans l\u2019actualisation du sch\u00e9ma d\u2019orientation p\u00e9dagogique. Nous reproduisons ici ce courrier. Source \/ Lire la suie : Les conservatoires vent debout contre le Dipl\u00f4me national L\u2019article Les conservatoires vent debout contre le Dipl\u00f4me national est apparu en premier sur POP B\u00dcRO.\" \/>\n<meta property=\"og:url\" content=\"https:\/\/hierostrasbourg.com\/index.php\/2022\/04\/23\/les-conservatoires-vent-debout-contre-le-diplome-national-2\/\" \/>\n<meta property=\"og:site_name\" content=\"HIERO STRASBOURG\" \/>\n<meta property=\"article:publisher\" content=\"https:\/\/www.facebook.com\/fedehierostrasbourg\" \/>\n<meta property=\"article:published_time\" content=\"2022-04-23T08:33:46+00:00\" \/>\n<meta name=\"twitter:card\" content=\"summary_large_image\" \/>\n<meta name=\"twitter:creator\" content=\"@hierostrasbourg\" \/>\n<meta name=\"twitter:site\" content=\"@hierostrasbourg\" \/>\n<script type=\"application\/ld+json\" class=\"yoast-schema-graph\">{\"@context\":\"https:\\\/\\\/schema.org\",\"@graph\":[{\"@type\":\"Article\",\"@id\":\"https:\\\/\\\/hierostrasbourg.com\\\/index.php\\\/2022\\\/04\\\/23\\\/les-conservatoires-vent-debout-contre-le-diplome-national-2\\\/#article\",\"isPartOf\":{\"@id\":\"https:\\\/\\\/hierostrasbourg.com\\\/index.php\\\/2022\\\/04\\\/23\\\/les-conservatoires-vent-debout-contre-le-diplome-national-2\\\/\"},\"author\":{\"name\":\"\",\"@id\":\"\"},\"headline\":\"Les conservatoires vent debout contre le Dipl\u00f4me national\",\"datePublished\":\"2022-04-23T08:33:46+00:00\",\"mainEntityOfPage\":{\"@id\":\"https:\\\/\\\/hierostrasbourg.com\\\/index.php\\\/2022\\\/04\\\/23\\\/les-conservatoires-vent-debout-contre-le-diplome-national-2\\\/\"},\"wordCount\":76,\"publisher\":{\"@id\":\"https:\\\/\\\/hierostrasbourg.com\\\/#organization\"},\"inLanguage\":\"fr-FR\"},{\"@type\":\"WebPage\",\"@id\":\"https:\\\/\\\/hierostrasbourg.com\\\/index.php\\\/2022\\\/04\\\/23\\\/les-conservatoires-vent-debout-contre-le-diplome-national-2\\\/\",\"url\":\"https:\\\/\\\/hierostrasbourg.com\\\/index.php\\\/2022\\\/04\\\/23\\\/les-conservatoires-vent-debout-contre-le-diplome-national-2\\\/\",\"name\":\"Les conservatoires vent debout contre le Dipl\u00f4me national - HIERO STRASBOURG\",\"isPartOf\":{\"@id\":\"https:\\\/\\\/hierostrasbourg.com\\\/#website\"},\"datePublished\":\"2022-04-23T08:33:46+00:00\",\"breadcrumb\":{\"@id\":\"https:\\\/\\\/hierostrasbourg.com\\\/index.php\\\/2022\\\/04\\\/23\\\/les-conservatoires-vent-debout-contre-le-diplome-national-2\\\/#breadcrumb\"},\"inLanguage\":\"fr-FR\",\"potentialAction\":[{\"@type\":\"ReadAction\",\"target\":[\"https:\\\/\\\/hierostrasbourg.com\\\/index.php\\\/2022\\\/04\\\/23\\\/les-conservatoires-vent-debout-contre-le-diplome-national-2\\\/\"]}]},{\"@type\":\"BreadcrumbList\",\"@id\":\"https:\\\/\\\/hierostrasbourg.com\\\/index.php\\\/2022\\\/04\\\/23\\\/les-conservatoires-vent-debout-contre-le-diplome-national-2\\\/#breadcrumb\",\"itemListElement\":[{\"@type\":\"ListItem\",\"position\":1,\"name\":\"Accueil\",\"item\":\"https:\\\/\\\/hierostrasbourg.com\\\/\"},{\"@type\":\"ListItem\",\"position\":2,\"name\":\"Les conservatoires vent debout contre le Dipl\u00f4me national\"}]},{\"@type\":\"WebSite\",\"@id\":\"https:\\\/\\\/hierostrasbourg.com\\\/#website\",\"url\":\"https:\\\/\\\/hierostrasbourg.com\\\/\",\"name\":\"HIERO STRASBOURG\",\"description\":\"Centre de Ressources Musiques Actuelles\",\"publisher\":{\"@id\":\"https:\\\/\\\/hierostrasbourg.com\\\/#organization\"},\"potentialAction\":[{\"@type\":\"SearchAction\",\"target\":{\"@type\":\"EntryPoint\",\"urlTemplate\":\"https:\\\/\\\/hierostrasbourg.com\\\/?s={search_term_string}\"},\"query-input\":{\"@type\":\"PropertyValueSpecification\",\"valueRequired\":true,\"valueName\":\"search_term_string\"}}],\"inLanguage\":\"fr-FR\"},{\"@type\":\"Organization\",\"@id\":\"https:\\\/\\\/hierostrasbourg.com\\\/#organization\",\"name\":\"F\u00e9d\u00e9ration Hi\u00e9ro Strasbourg\",\"url\":\"https:\\\/\\\/hierostrasbourg.com\\\/\",\"logo\":{\"@type\":\"ImageObject\",\"inLanguage\":\"fr-FR\",\"@id\":\"https:\\\/\\\/hierostrasbourg.com\\\/#\\\/schema\\\/logo\\\/image\\\/\",\"url\":\"https:\\\/\\\/hierostrasbourg.com\\\/wp-content\\\/uploads\\\/2026\\\/04\\\/logo-hiero-strasbourg.jpg\",\"contentUrl\":\"https:\\\/\\\/hierostrasbourg.com\\\/wp-content\\\/uploads\\\/2026\\\/04\\\/logo-hiero-strasbourg.jpg\",\"width\":204,\"height\":192,\"caption\":\"F\u00e9d\u00e9ration Hi\u00e9ro Strasbourg\"},\"image\":{\"@id\":\"https:\\\/\\\/hierostrasbourg.com\\\/#\\\/schema\\\/logo\\\/image\\\/\"},\"sameAs\":[\"https:\\\/\\\/www.facebook.com\\\/fedehierostrasbourg\",\"https:\\\/\\\/x.com\\\/hierostrasbourg\"]}]}<\/script>\n<!-- \/ Yoast SEO plugin. -->","yoast_head_json":{"title":"Les conservatoires vent debout contre le Dipl\u00f4me national - HIERO STRASBOURG","robots":{"index":"index","follow":"follow","max-snippet":"max-snippet:-1","max-image-preview":"max-image-preview:large","max-video-preview":"max-video-preview:-1"},"canonical":"https:\/\/hierostrasbourg.com\/index.php\/2022\/04\/23\/les-conservatoires-vent-debout-contre-le-diplome-national-2\/","og_locale":"fr_FR","og_type":"article","og_title":"Les conservatoires vent debout contre le Dipl\u00f4me national - HIERO STRASBOURG","og_description":"Dans un courrier adress\u00e9 \u00e0 Roselyne Bachelot, quatre organismes (Aned, Conservatoires de France, FFEA et FNADAC) font part leurs inqui\u00e9tudes dans l\u2019actualisation du sch\u00e9ma d\u2019orientation p\u00e9dagogique. Nous reproduisons ici ce courrier. Source \/ Lire la suie : Les conservatoires vent debout contre le Dipl\u00f4me national L\u2019article Les conservatoires vent debout contre le Dipl\u00f4me national est apparu en premier sur POP B\u00dcRO.","og_url":"https:\/\/hierostrasbourg.com\/index.php\/2022\/04\/23\/les-conservatoires-vent-debout-contre-le-diplome-national-2\/","og_site_name":"HIERO STRASBOURG","article_publisher":"https:\/\/www.facebook.com\/fedehierostrasbourg","article_published_time":"2022-04-23T08:33:46+00:00","twitter_card":"summary_large_image","twitter_creator":"@hierostrasbourg","twitter_site":"@hierostrasbourg","schema":{"@context":"https:\/\/schema.org","@graph":[{"@type":"Article","@id":"https:\/\/hierostrasbourg.com\/index.php\/2022\/04\/23\/les-conservatoires-vent-debout-contre-le-diplome-national-2\/#article","isPartOf":{"@id":"https:\/\/hierostrasbourg.com\/index.php\/2022\/04\/23\/les-conservatoires-vent-debout-contre-le-diplome-national-2\/"},"author":{"name":"","@id":""},"headline":"Les conservatoires vent debout contre le Dipl\u00f4me national","datePublished":"2022-04-23T08:33:46+00:00","mainEntityOfPage":{"@id":"https:\/\/hierostrasbourg.com\/index.php\/2022\/04\/23\/les-conservatoires-vent-debout-contre-le-diplome-national-2\/"},"wordCount":76,"publisher":{"@id":"https:\/\/hierostrasbourg.com\/#organization"},"inLanguage":"fr-FR"},{"@type":"WebPage","@id":"https:\/\/hierostrasbourg.com\/index.php\/2022\/04\/23\/les-conservatoires-vent-debout-contre-le-diplome-national-2\/","url":"https:\/\/hierostrasbourg.com\/index.php\/2022\/04\/23\/les-conservatoires-vent-debout-contre-le-diplome-national-2\/","name":"Les conservatoires vent debout contre le Dipl\u00f4me national - HIERO STRASBOURG","isPartOf":{"@id":"https:\/\/hierostrasbourg.com\/#website"},"datePublished":"2022-04-23T08:33:46+00:00","breadcrumb":{"@id":"https:\/\/hierostrasbourg.com\/index.php\/2022\/04\/23\/les-conservatoires-vent-debout-contre-le-diplome-national-2\/#breadcrumb"},"inLanguage":"fr-FR","potentialAction":[{"@type":"ReadAction","target":["https:\/\/hierostrasbourg.com\/index.php\/2022\/04\/23\/les-conservatoires-vent-debout-contre-le-diplome-national-2\/"]}]},{"@type":"BreadcrumbList","@id":"https:\/\/hierostrasbourg.com\/index.php\/2022\/04\/23\/les-conservatoires-vent-debout-contre-le-diplome-national-2\/#breadcrumb","itemListElement":[{"@type":"ListItem","position":1,"name":"Accueil","item":"https:\/\/hierostrasbourg.com\/"},{"@type":"ListItem","position":2,"name":"Les conservatoires vent debout contre le Dipl\u00f4me national"}]},{"@type":"WebSite","@id":"https:\/\/hierostrasbourg.com\/#website","url":"https:\/\/hierostrasbourg.com\/","name":"HIERO STRASBOURG","description":"Centre de Ressources Musiques Actuelles","publisher":{"@id":"https:\/\/hierostrasbourg.com\/#organization"},"potentialAction":[{"@type":"SearchAction","target":{"@type":"EntryPoint","urlTemplate":"https:\/\/hierostrasbourg.com\/?s={search_term_string}"},"query-input":{"@type":"PropertyValueSpecification","valueRequired":true,"valueName":"search_term_string"}}],"inLanguage":"fr-FR"},{"@type":"Organization","@id":"https:\/\/hierostrasbourg.com\/#organization","name":"F\u00e9d\u00e9ration Hi\u00e9ro Strasbourg","url":"https:\/\/hierostrasbourg.com\/","logo":{"@type":"ImageObject","inLanguage":"fr-FR","@id":"https:\/\/hierostrasbourg.com\/#\/schema\/logo\/image\/","url":"https:\/\/hierostrasbourg.com\/wp-content\/uploads\/2026\/04\/logo-hiero-strasbourg.jpg","contentUrl":"https:\/\/hierostrasbourg.com\/wp-content\/uploads\/2026\/04\/logo-hiero-strasbourg.jpg","width":204,"height":192,"caption":"F\u00e9d\u00e9ration Hi\u00e9ro Strasbourg"},"image":{"@id":"https:\/\/hierostrasbourg.com\/#\/schema\/logo\/image\/"},"sameAs":["https:\/\/www.facebook.com\/fedehierostrasbourg","https:\/\/x.com\/hierostrasbourg"]}]}},"_links":{"self":[{"href":"https:\/\/hierostrasbourg.com\/index.php\/wp-json\/wp\/v2\/posts\/2333","targetHints":{"allow":["GET"]}}],"collection":[{"href":"https:\/\/hierostrasbourg.com\/index.php\/wp-json\/wp\/v2\/posts"}],"about":[{"href":"https:\/\/hierostrasbourg.com\/index.php\/wp-json\/wp\/v2\/types\/post"}],"replies":[{"embeddable":true,"href":"https:\/\/hierostrasbourg.com\/index.php\/wp-json\/wp\/v2\/comments?post=2333"}],"version-history":[{"count":0,"href":"https:\/\/hierostrasbourg.com\/index.php\/wp-json\/wp\/v2\/posts\/2333\/revisions"}],"wp:attachment":[{"href":"https:\/\/hierostrasbourg.com\/index.php\/wp-json\/wp\/v2\/media?parent=2333"}],"wp:term":[{"taxonomy":"category","embeddable":true,"href":"https:\/\/hierostrasbourg.com\/index.php\/wp-json\/wp\/v2\/categories?post=2333"},{"taxonomy":"post_tag","embeddable":true,"href":"https:\/\/hierostrasbourg.com\/index.php\/wp-json\/wp\/v2\/tags?post=2333"}],"curies":[{"name":"wp","href":"https:\/\/api.w.org\/{rel}","templated":true}]}}