{"id":2329,"date":"2022-04-23T10:33:46","date_gmt":"2022-04-23T08:33:46","guid":{"rendered":"https:\/\/hierostrasbourg.com\/index.php\/2022\/04\/23\/festivals-une-nouvelle-circulaire-sur-lindemnisation-des-forces-de-lordre-qui-ne-regle-pas-les-problemes\/"},"modified":"2022-04-23T10:33:46","modified_gmt":"2022-04-23T08:33:46","slug":"festivals-une-nouvelle-circulaire-sur-lindemnisation-des-forces-de-lordre-qui-ne-regle-pas-les-problemes","status":"publish","type":"post","link":"https:\/\/hierostrasbourg.com\/index.php\/2022\/04\/23\/festivals-une-nouvelle-circulaire-sur-lindemnisation-des-forces-de-lordre-qui-ne-regle-pas-les-problemes\/","title":{"rendered":"Festivals : une nouvelle circulaire sur l\u2019indemnisation des forces de l\u2019ordre qui ne r\u00e8gle pas les probl\u00e8mes"},"content":{"rendered":"<p>Le ministre de l\u2019Int\u00e9rieur a publi\u00e9 une circulaire red\u00e9finissant, \u00e0 la marge, les r\u00e8gles d\u2019indemnisation des services d\u2019ordre dans les manifestations sportives, culturelles ou les festivals. Les nouvelles conditions sont un peu plus souples que les pr\u00e9c\u00e9dentes, sans que le gouvernement revienne sur les points les plus probl\u00e9matiques. Source \/ Lire la suite : Festivals : une nouvelle circulaire sur l\u2019indemnisation des forces de l\u2019ordre qui ne r\u00e8gle pas les probl\u00e8mes<\/p>\n<p>L\u2019article <a href=\"https:\/\/musiquesactuelles.alsace\/festivals-une-nouvelle-circulaire-sur-lindemnisation-des-forces-de-lordre-qui-ne-regle-pas-les-problemes\/\">Festivals : une nouvelle circulaire sur l\u2019indemnisation des forces de l\u2019ordre qui ne r\u00e8gle pas les probl\u00e8mes<\/a> est apparu en premier sur <a href=\"https:\/\/musiquesactuelles.alsace\/\">Musiques Actuelles en Alsace<\/a>.<\/p>\n<p>L\u2019article <a href=\"https:\/\/popburo.fr\/festivals-une-nouvelle-circulaire-sur-lindemnisation-des-forces-de-lordre-qui-ne-regle-pas-les-problemes-2\/\">Festivals : une nouvelle circulaire sur l\u2019indemnisation des forces de l\u2019ordre qui ne r\u00e8gle pas les probl\u00e8mes<\/a> est apparu en premier sur <a href=\"https:\/\/popburo.fr\/\">POP B\u00dcRO<\/a>.<\/p>\n","protected":false},"excerpt":{"rendered":"<p>Le ministre de l\u2019Int\u00e9rieur a publi\u00e9 une circulaire red\u00e9finissant, \u00e0 la marge, les r\u00e8gles d\u2019indemnisation des services d\u2019ordre dans les manifestations sportives, culturelles ou les festivals. Les nouvelles conditions sont un peu plus souples que les pr\u00e9c\u00e9dentes, sans que le gouvernement revienne sur les points les plus probl\u00e9matiques. Source \/ Lire la suite : Festivals : une nouvelle circulaire sur l\u2019indemnisation des forces de l\u2019ordre qui ne r\u00e8gle pas les probl\u00e8mes L\u2019article Festivals : une nouvelle circulaire sur l\u2019indemnisation des [&hellip;]<\/p>\n","protected":false},"author":0,"featured_media":0,"comment_status":"closed","ping_status":"open","sticky":false,"template":"","format":"standard","meta":{"footnotes":""},"categories":[1],"tags":[],"class_list":["post-2329","post","type-post","status-publish","format-standard","hentry","category-non-classe"],"yoast_head":"<!-- This site is optimized with the Yoast SEO plugin v27.4 - https:\/\/yoast.com\/product\/yoast-seo-wordpress\/ -->\n<title>Festivals : une nouvelle circulaire sur l\u2019indemnisation des forces de l\u2019ordre qui ne r\u00e8gle pas les probl\u00e8mes - HIERO STRASBOURG<\/title>\n<meta name=\"robots\" content=\"index, follow, max-snippet:-1, max-image-preview:large, max-video-preview:-1\" \/>\n<link rel=\"canonical\" href=\"https:\/\/hierostrasbourg.com\/index.php\/2022\/04\/23\/festivals-une-nouvelle-circulaire-sur-lindemnisation-des-forces-de-lordre-qui-ne-regle-pas-les-problemes\/\" \/>\n<meta property=\"og:locale\" content=\"fr_FR\" \/>\n<meta property=\"og:type\" content=\"article\" \/>\n<meta property=\"og:title\" content=\"Festivals : une nouvelle circulaire sur l\u2019indemnisation des forces de l\u2019ordre qui ne r\u00e8gle pas les probl\u00e8mes - HIERO STRASBOURG\" \/>\n<meta property=\"og:description\" content=\"Le ministre de l\u2019Int\u00e9rieur a publi\u00e9 une circulaire red\u00e9finissant, \u00e0 la marge, les r\u00e8gles d\u2019indemnisation des services d\u2019ordre dans les manifestations sportives, culturelles ou les festivals. Les nouvelles conditions sont un peu plus souples que les pr\u00e9c\u00e9dentes, sans que le gouvernement revienne sur les points les plus probl\u00e9matiques. Source \/ Lire la suite : Festivals : une nouvelle circulaire sur l\u2019indemnisation des forces de l\u2019ordre qui ne r\u00e8gle pas les probl\u00e8mes L\u2019article Festivals : une nouvelle circulaire sur l\u2019indemnisation des [&hellip;]\" \/>\n<meta property=\"og:url\" content=\"https:\/\/hierostrasbourg.com\/index.php\/2022\/04\/23\/festivals-une-nouvelle-circulaire-sur-lindemnisation-des-forces-de-lordre-qui-ne-regle-pas-les-problemes\/\" \/>\n<meta property=\"og:site_name\" content=\"HIERO STRASBOURG\" \/>\n<meta property=\"article:publisher\" content=\"https:\/\/www.facebook.com\/fedehierostrasbourg\" \/>\n<meta property=\"article:published_time\" content=\"2022-04-23T08:33:46+00:00\" \/>\n<meta name=\"twitter:card\" content=\"summary_large_image\" \/>\n<meta name=\"twitter:creator\" content=\"@hierostrasbourg\" \/>\n<meta name=\"twitter:site\" content=\"@hierostrasbourg\" \/>\n<meta name=\"twitter:label1\" content=\"Dur\u00e9e de lecture estim\u00e9e\" \/>\n\t<meta name=\"twitter:data1\" content=\"1 minute\" \/>\n<script type=\"application\/ld+json\" class=\"yoast-schema-graph\">{\"@context\":\"https:\\\/\\\/schema.org\",\"@graph\":[{\"@type\":\"Article\",\"@id\":\"https:\\\/\\\/hierostrasbourg.com\\\/index.php\\\/2022\\\/04\\\/23\\\/festivals-une-nouvelle-circulaire-sur-lindemnisation-des-forces-de-lordre-qui-ne-regle-pas-les-problemes\\\/#article\",\"isPartOf\":{\"@id\":\"https:\\\/\\\/hierostrasbourg.com\\\/index.php\\\/2022\\\/04\\\/23\\\/festivals-une-nouvelle-circulaire-sur-lindemnisation-des-forces-de-lordre-qui-ne-regle-pas-les-problemes\\\/\"},\"author\":{\"name\":\"\",\"@id\":\"\"},\"headline\":\"Festivals : une nouvelle circulaire sur l\u2019indemnisation des forces de l\u2019ordre qui ne r\u00e8gle pas les probl\u00e8mes\",\"datePublished\":\"2022-04-23T08:33:46+00:00\",\"mainEntityOfPage\":{\"@id\":\"https:\\\/\\\/hierostrasbourg.com\\\/index.php\\\/2022\\\/04\\\/23\\\/festivals-une-nouvelle-circulaire-sur-lindemnisation-des-forces-de-lordre-qui-ne-regle-pas-les-problemes\\\/\"},\"wordCount\":161,\"publisher\":{\"@id\":\"https:\\\/\\\/hierostrasbourg.com\\\/#organization\"},\"inLanguage\":\"fr-FR\"},{\"@type\":\"WebPage\",\"@id\":\"https:\\\/\\\/hierostrasbourg.com\\\/index.php\\\/2022\\\/04\\\/23\\\/festivals-une-nouvelle-circulaire-sur-lindemnisation-des-forces-de-lordre-qui-ne-regle-pas-les-problemes\\\/\",\"url\":\"https:\\\/\\\/hierostrasbourg.com\\\/index.php\\\/2022\\\/04\\\/23\\\/festivals-une-nouvelle-circulaire-sur-lindemnisation-des-forces-de-lordre-qui-ne-regle-pas-les-problemes\\\/\",\"name\":\"Festivals : une nouvelle circulaire sur l\u2019indemnisation des forces de l\u2019ordre qui ne r\u00e8gle pas les probl\u00e8mes - HIERO STRASBOURG\",\"isPartOf\":{\"@id\":\"https:\\\/\\\/hierostrasbourg.com\\\/#website\"},\"datePublished\":\"2022-04-23T08:33:46+00:00\",\"breadcrumb\":{\"@id\":\"https:\\\/\\\/hierostrasbourg.com\\\/index.php\\\/2022\\\/04\\\/23\\\/festivals-une-nouvelle-circulaire-sur-lindemnisation-des-forces-de-lordre-qui-ne-regle-pas-les-problemes\\\/#breadcrumb\"},\"inLanguage\":\"fr-FR\",\"potentialAction\":[{\"@type\":\"ReadAction\",\"target\":[\"https:\\\/\\\/hierostrasbourg.com\\\/index.php\\\/2022\\\/04\\\/23\\\/festivals-une-nouvelle-circulaire-sur-lindemnisation-des-forces-de-lordre-qui-ne-regle-pas-les-problemes\\\/\"]}]},{\"@type\":\"BreadcrumbList\",\"@id\":\"https:\\\/\\\/hierostrasbourg.com\\\/index.php\\\/2022\\\/04\\\/23\\\/festivals-une-nouvelle-circulaire-sur-lindemnisation-des-forces-de-lordre-qui-ne-regle-pas-les-problemes\\\/#breadcrumb\",\"itemListElement\":[{\"@type\":\"ListItem\",\"position\":1,\"name\":\"Accueil\",\"item\":\"https:\\\/\\\/hierostrasbourg.com\\\/\"},{\"@type\":\"ListItem\",\"position\":2,\"name\":\"Festivals : une nouvelle circulaire sur l\u2019indemnisation des forces de l\u2019ordre qui ne r\u00e8gle pas les probl\u00e8mes\"}]},{\"@type\":\"WebSite\",\"@id\":\"https:\\\/\\\/hierostrasbourg.com\\\/#website\",\"url\":\"https:\\\/\\\/hierostrasbourg.com\\\/\",\"name\":\"HIERO STRASBOURG\",\"description\":\"Centre de Ressources Musiques Actuelles\",\"publisher\":{\"@id\":\"https:\\\/\\\/hierostrasbourg.com\\\/#organization\"},\"potentialAction\":[{\"@type\":\"SearchAction\",\"target\":{\"@type\":\"EntryPoint\",\"urlTemplate\":\"https:\\\/\\\/hierostrasbourg.com\\\/?s={search_term_string}\"},\"query-input\":{\"@type\":\"PropertyValueSpecification\",\"valueRequired\":true,\"valueName\":\"search_term_string\"}}],\"inLanguage\":\"fr-FR\"},{\"@type\":\"Organization\",\"@id\":\"https:\\\/\\\/hierostrasbourg.com\\\/#organization\",\"name\":\"F\u00e9d\u00e9ration Hi\u00e9ro Strasbourg\",\"url\":\"https:\\\/\\\/hierostrasbourg.com\\\/\",\"logo\":{\"@type\":\"ImageObject\",\"inLanguage\":\"fr-FR\",\"@id\":\"https:\\\/\\\/hierostrasbourg.com\\\/#\\\/schema\\\/logo\\\/image\\\/\",\"url\":\"https:\\\/\\\/hierostrasbourg.com\\\/wp-content\\\/uploads\\\/2026\\\/04\\\/logo-hiero-strasbourg.jpg\",\"contentUrl\":\"https:\\\/\\\/hierostrasbourg.com\\\/wp-content\\\/uploads\\\/2026\\\/04\\\/logo-hiero-strasbourg.jpg\",\"width\":204,\"height\":192,\"caption\":\"F\u00e9d\u00e9ration Hi\u00e9ro Strasbourg\"},\"image\":{\"@id\":\"https:\\\/\\\/hierostrasbourg.com\\\/#\\\/schema\\\/logo\\\/image\\\/\"},\"sameAs\":[\"https:\\\/\\\/www.facebook.com\\\/fedehierostrasbourg\",\"https:\\\/\\\/x.com\\\/hierostrasbourg\"]}]}<\/script>\n<!-- \/ Yoast SEO plugin. -->","yoast_head_json":{"title":"Festivals : une nouvelle circulaire sur l\u2019indemnisation des forces de l\u2019ordre qui ne r\u00e8gle pas les probl\u00e8mes - HIERO STRASBOURG","robots":{"index":"index","follow":"follow","max-snippet":"max-snippet:-1","max-image-preview":"max-image-preview:large","max-video-preview":"max-video-preview:-1"},"canonical":"https:\/\/hierostrasbourg.com\/index.php\/2022\/04\/23\/festivals-une-nouvelle-circulaire-sur-lindemnisation-des-forces-de-lordre-qui-ne-regle-pas-les-problemes\/","og_locale":"fr_FR","og_type":"article","og_title":"Festivals : une nouvelle circulaire sur l\u2019indemnisation des forces de l\u2019ordre qui ne r\u00e8gle pas les probl\u00e8mes - HIERO STRASBOURG","og_description":"Le ministre de l\u2019Int\u00e9rieur a publi\u00e9 une circulaire red\u00e9finissant, \u00e0 la marge, les r\u00e8gles d\u2019indemnisation des services d\u2019ordre dans les manifestations sportives, culturelles ou les festivals. Les nouvelles conditions sont un peu plus souples que les pr\u00e9c\u00e9dentes, sans que le gouvernement revienne sur les points les plus probl\u00e9matiques. Source \/ Lire la suite : Festivals : une nouvelle circulaire sur l\u2019indemnisation des forces de l\u2019ordre qui ne r\u00e8gle pas les probl\u00e8mes L\u2019article Festivals : une nouvelle circulaire sur l\u2019indemnisation des [&hellip;]","og_url":"https:\/\/hierostrasbourg.com\/index.php\/2022\/04\/23\/festivals-une-nouvelle-circulaire-sur-lindemnisation-des-forces-de-lordre-qui-ne-regle-pas-les-problemes\/","og_site_name":"HIERO STRASBOURG","article_publisher":"https:\/\/www.facebook.com\/fedehierostrasbourg","article_published_time":"2022-04-23T08:33:46+00:00","twitter_card":"summary_large_image","twitter_creator":"@hierostrasbourg","twitter_site":"@hierostrasbourg","twitter_misc":{"Dur\u00e9e de lecture estim\u00e9e":"1 minute"},"schema":{"@context":"https:\/\/schema.org","@graph":[{"@type":"Article","@id":"https:\/\/hierostrasbourg.com\/index.php\/2022\/04\/23\/festivals-une-nouvelle-circulaire-sur-lindemnisation-des-forces-de-lordre-qui-ne-regle-pas-les-problemes\/#article","isPartOf":{"@id":"https:\/\/hierostrasbourg.com\/index.php\/2022\/04\/23\/festivals-une-nouvelle-circulaire-sur-lindemnisation-des-forces-de-lordre-qui-ne-regle-pas-les-problemes\/"},"author":{"name":"","@id":""},"headline":"Festivals : une nouvelle circulaire sur l\u2019indemnisation des forces de l\u2019ordre qui ne r\u00e8gle pas les probl\u00e8mes","datePublished":"2022-04-23T08:33:46+00:00","mainEntityOfPage":{"@id":"https:\/\/hierostrasbourg.com\/index.php\/2022\/04\/23\/festivals-une-nouvelle-circulaire-sur-lindemnisation-des-forces-de-lordre-qui-ne-regle-pas-les-problemes\/"},"wordCount":161,"publisher":{"@id":"https:\/\/hierostrasbourg.com\/#organization"},"inLanguage":"fr-FR"},{"@type":"WebPage","@id":"https:\/\/hierostrasbourg.com\/index.php\/2022\/04\/23\/festivals-une-nouvelle-circulaire-sur-lindemnisation-des-forces-de-lordre-qui-ne-regle-pas-les-problemes\/","url":"https:\/\/hierostrasbourg.com\/index.php\/2022\/04\/23\/festivals-une-nouvelle-circulaire-sur-lindemnisation-des-forces-de-lordre-qui-ne-regle-pas-les-problemes\/","name":"Festivals : une nouvelle circulaire sur l\u2019indemnisation des forces de l\u2019ordre qui ne r\u00e8gle pas les probl\u00e8mes - HIERO STRASBOURG","isPartOf":{"@id":"https:\/\/hierostrasbourg.com\/#website"},"datePublished":"2022-04-23T08:33:46+00:00","breadcrumb":{"@id":"https:\/\/hierostrasbourg.com\/index.php\/2022\/04\/23\/festivals-une-nouvelle-circulaire-sur-lindemnisation-des-forces-de-lordre-qui-ne-regle-pas-les-problemes\/#breadcrumb"},"inLanguage":"fr-FR","potentialAction":[{"@type":"ReadAction","target":["https:\/\/hierostrasbourg.com\/index.php\/2022\/04\/23\/festivals-une-nouvelle-circulaire-sur-lindemnisation-des-forces-de-lordre-qui-ne-regle-pas-les-problemes\/"]}]},{"@type":"BreadcrumbList","@id":"https:\/\/hierostrasbourg.com\/index.php\/2022\/04\/23\/festivals-une-nouvelle-circulaire-sur-lindemnisation-des-forces-de-lordre-qui-ne-regle-pas-les-problemes\/#breadcrumb","itemListElement":[{"@type":"ListItem","position":1,"name":"Accueil","item":"https:\/\/hierostrasbourg.com\/"},{"@type":"ListItem","position":2,"name":"Festivals : une nouvelle circulaire sur l\u2019indemnisation des forces de l\u2019ordre qui ne r\u00e8gle pas les probl\u00e8mes"}]},{"@type":"WebSite","@id":"https:\/\/hierostrasbourg.com\/#website","url":"https:\/\/hierostrasbourg.com\/","name":"HIERO STRASBOURG","description":"Centre de Ressources Musiques Actuelles","publisher":{"@id":"https:\/\/hierostrasbourg.com\/#organization"},"potentialAction":[{"@type":"SearchAction","target":{"@type":"EntryPoint","urlTemplate":"https:\/\/hierostrasbourg.com\/?s={search_term_string}"},"query-input":{"@type":"PropertyValueSpecification","valueRequired":true,"valueName":"search_term_string"}}],"inLanguage":"fr-FR"},{"@type":"Organization","@id":"https:\/\/hierostrasbourg.com\/#organization","name":"F\u00e9d\u00e9ration Hi\u00e9ro Strasbourg","url":"https:\/\/hierostrasbourg.com\/","logo":{"@type":"ImageObject","inLanguage":"fr-FR","@id":"https:\/\/hierostrasbourg.com\/#\/schema\/logo\/image\/","url":"https:\/\/hierostrasbourg.com\/wp-content\/uploads\/2026\/04\/logo-hiero-strasbourg.jpg","contentUrl":"https:\/\/hierostrasbourg.com\/wp-content\/uploads\/2026\/04\/logo-hiero-strasbourg.jpg","width":204,"height":192,"caption":"F\u00e9d\u00e9ration Hi\u00e9ro Strasbourg"},"image":{"@id":"https:\/\/hierostrasbourg.com\/#\/schema\/logo\/image\/"},"sameAs":["https:\/\/www.facebook.com\/fedehierostrasbourg","https:\/\/x.com\/hierostrasbourg"]}]}},"_links":{"self":[{"href":"https:\/\/hierostrasbourg.com\/index.php\/wp-json\/wp\/v2\/posts\/2329","targetHints":{"allow":["GET"]}}],"collection":[{"href":"https:\/\/hierostrasbourg.com\/index.php\/wp-json\/wp\/v2\/posts"}],"about":[{"href":"https:\/\/hierostrasbourg.com\/index.php\/wp-json\/wp\/v2\/types\/post"}],"replies":[{"embeddable":true,"href":"https:\/\/hierostrasbourg.com\/index.php\/wp-json\/wp\/v2\/comments?post=2329"}],"version-history":[{"count":0,"href":"https:\/\/hierostrasbourg.com\/index.php\/wp-json\/wp\/v2\/posts\/2329\/revisions"}],"wp:attachment":[{"href":"https:\/\/hierostrasbourg.com\/index.php\/wp-json\/wp\/v2\/media?parent=2329"}],"wp:term":[{"taxonomy":"category","embeddable":true,"href":"https:\/\/hierostrasbourg.com\/index.php\/wp-json\/wp\/v2\/categories?post=2329"},{"taxonomy":"post_tag","embeddable":true,"href":"https:\/\/hierostrasbourg.com\/index.php\/wp-json\/wp\/v2\/tags?post=2329"}],"curies":[{"name":"wp","href":"https:\/\/api.w.org\/{rel}","templated":true}]}}