{"id":2319,"date":"2022-04-22T19:31:15","date_gmt":"2022-04-22T17:31:15","guid":{"rendered":"https:\/\/hierostrasbourg.com\/index.php\/2022\/04\/22\/pour-que-les-tiers-lieux-culturels-ne-restent-pas-des-coquilles-vides-2\/"},"modified":"2022-04-22T19:31:15","modified_gmt":"2022-04-22T17:31:15","slug":"pour-que-les-tiers-lieux-culturels-ne-restent-pas-des-coquilles-vides-2","status":"publish","type":"post","link":"https:\/\/hierostrasbourg.com\/index.php\/2022\/04\/22\/pour-que-les-tiers-lieux-culturels-ne-restent-pas-des-coquilles-vides-2\/","title":{"rendered":"Pour que les tiers-lieux culturels ne restent pas des coquilles vides"},"content":{"rendered":"<p>Ma\u00eetre de conf\u00e9rence en sociologie \u00e0 l\u2019Universit\u00e9 de Picardie Jules Verne, Fabrice Raffin analyse le d\u00e9veloppement des tiers lieux culturels et leur positionnement par rapport aux lieux de culture traditionnellement soutenus par la puissance publique. Il cerne le r\u00f4le qu\u2019ils doivent remplir pour ne pas rester de simples coquilles vides, ce qui leur est souvent reproch\u00e9. Source \/ Lire la suite : Pour que les tiers-lieux culturels ne restent pas des coquilles vides<\/p>\n<p>L\u2019article <a href=\"https:\/\/musiquesactuelles.alsace\/pour-que-les-tiers-lieux-culturels-ne-restent-pas-des-coquilles-vides\/\">Pour que les tiers-lieux culturels ne restent pas des coquilles vides<\/a> est apparu en premier sur <a href=\"https:\/\/musiquesactuelles.alsace\/\">Musiques Actuelles en Alsace<\/a>.<\/p>\n<p>L\u2019article <a href=\"https:\/\/popburo.fr\/pour-que-les-tiers-lieux-culturels-ne-restent-pas-des-coquilles-vides-2\/\">Pour que les tiers-lieux culturels ne restent pas des coquilles vides<\/a> est apparu en premier sur <a href=\"https:\/\/popburo.fr\/\">POP B\u00dcRO<\/a>.<\/p>\n","protected":false},"excerpt":{"rendered":"<p>Ma\u00eetre de conf\u00e9rence en sociologie \u00e0 l\u2019Universit\u00e9 de Picardie Jules Verne, Fabrice Raffin analyse le d\u00e9veloppement des tiers lieux culturels et leur positionnement par rapport aux lieux de culture traditionnellement soutenus par la puissance publique. Il cerne le r\u00f4le qu\u2019ils doivent remplir pour ne pas rester de simples coquilles vides, ce qui leur est souvent reproch\u00e9. Source \/ Lire la suite : Pour que les tiers-lieux culturels ne restent pas des coquilles vides L\u2019article Pour que les tiers-lieux culturels ne [&hellip;]<\/p>\n","protected":false},"author":0,"featured_media":0,"comment_status":"closed","ping_status":"open","sticky":false,"template":"","format":"standard","meta":{"footnotes":""},"categories":[1],"tags":[],"class_list":["post-2319","post","type-post","status-publish","format-standard","hentry","category-non-classe"],"yoast_head":"<!-- This site is optimized with the Yoast SEO plugin v27.4 - https:\/\/yoast.com\/product\/yoast-seo-wordpress\/ -->\n<title>Pour que les tiers-lieux culturels ne restent pas des coquilles vides - HIERO STRASBOURG<\/title>\n<meta name=\"robots\" content=\"index, follow, max-snippet:-1, max-image-preview:large, max-video-preview:-1\" \/>\n<link rel=\"canonical\" href=\"https:\/\/hierostrasbourg.com\/index.php\/2022\/04\/22\/pour-que-les-tiers-lieux-culturels-ne-restent-pas-des-coquilles-vides-2\/\" \/>\n<meta property=\"og:locale\" content=\"fr_FR\" \/>\n<meta property=\"og:type\" content=\"article\" \/>\n<meta property=\"og:title\" content=\"Pour que les tiers-lieux culturels ne restent pas des coquilles vides - HIERO STRASBOURG\" \/>\n<meta property=\"og:description\" content=\"Ma\u00eetre de conf\u00e9rence en sociologie \u00e0 l\u2019Universit\u00e9 de Picardie Jules Verne, Fabrice Raffin analyse le d\u00e9veloppement des tiers lieux culturels et leur positionnement par rapport aux lieux de culture traditionnellement soutenus par la puissance publique. Il cerne le r\u00f4le qu\u2019ils doivent remplir pour ne pas rester de simples coquilles vides, ce qui leur est souvent reproch\u00e9. Source \/ Lire la suite : Pour que les tiers-lieux culturels ne restent pas des coquilles vides L\u2019article Pour que les tiers-lieux culturels ne [&hellip;]\" \/>\n<meta property=\"og:url\" content=\"https:\/\/hierostrasbourg.com\/index.php\/2022\/04\/22\/pour-que-les-tiers-lieux-culturels-ne-restent-pas-des-coquilles-vides-2\/\" \/>\n<meta property=\"og:site_name\" content=\"HIERO STRASBOURG\" \/>\n<meta property=\"article:publisher\" content=\"https:\/\/www.facebook.com\/fedehierostrasbourg\" \/>\n<meta property=\"article:published_time\" content=\"2022-04-22T17:31:15+00:00\" \/>\n<meta name=\"twitter:card\" content=\"summary_large_image\" \/>\n<meta name=\"twitter:creator\" content=\"@hierostrasbourg\" \/>\n<meta name=\"twitter:site\" content=\"@hierostrasbourg\" \/>\n<meta name=\"twitter:label1\" content=\"Dur\u00e9e de lecture estim\u00e9e\" \/>\n\t<meta name=\"twitter:data1\" content=\"1 minute\" \/>\n<script type=\"application\/ld+json\" class=\"yoast-schema-graph\">{\"@context\":\"https:\\\/\\\/schema.org\",\"@graph\":[{\"@type\":\"Article\",\"@id\":\"https:\\\/\\\/hierostrasbourg.com\\\/index.php\\\/2022\\\/04\\\/22\\\/pour-que-les-tiers-lieux-culturels-ne-restent-pas-des-coquilles-vides-2\\\/#article\",\"isPartOf\":{\"@id\":\"https:\\\/\\\/hierostrasbourg.com\\\/index.php\\\/2022\\\/04\\\/22\\\/pour-que-les-tiers-lieux-culturels-ne-restent-pas-des-coquilles-vides-2\\\/\"},\"author\":{\"name\":\"\",\"@id\":\"\"},\"headline\":\"Pour que les tiers-lieux culturels ne restent pas des coquilles vides\",\"datePublished\":\"2022-04-22T17:31:15+00:00\",\"mainEntityOfPage\":{\"@id\":\"https:\\\/\\\/hierostrasbourg.com\\\/index.php\\\/2022\\\/04\\\/22\\\/pour-que-les-tiers-lieux-culturels-ne-restent-pas-des-coquilles-vides-2\\\/\"},\"wordCount\":130,\"publisher\":{\"@id\":\"https:\\\/\\\/hierostrasbourg.com\\\/#organization\"},\"inLanguage\":\"fr-FR\"},{\"@type\":\"WebPage\",\"@id\":\"https:\\\/\\\/hierostrasbourg.com\\\/index.php\\\/2022\\\/04\\\/22\\\/pour-que-les-tiers-lieux-culturels-ne-restent-pas-des-coquilles-vides-2\\\/\",\"url\":\"https:\\\/\\\/hierostrasbourg.com\\\/index.php\\\/2022\\\/04\\\/22\\\/pour-que-les-tiers-lieux-culturels-ne-restent-pas-des-coquilles-vides-2\\\/\",\"name\":\"Pour que les tiers-lieux culturels ne restent pas des coquilles vides - HIERO STRASBOURG\",\"isPartOf\":{\"@id\":\"https:\\\/\\\/hierostrasbourg.com\\\/#website\"},\"datePublished\":\"2022-04-22T17:31:15+00:00\",\"breadcrumb\":{\"@id\":\"https:\\\/\\\/hierostrasbourg.com\\\/index.php\\\/2022\\\/04\\\/22\\\/pour-que-les-tiers-lieux-culturels-ne-restent-pas-des-coquilles-vides-2\\\/#breadcrumb\"},\"inLanguage\":\"fr-FR\",\"potentialAction\":[{\"@type\":\"ReadAction\",\"target\":[\"https:\\\/\\\/hierostrasbourg.com\\\/index.php\\\/2022\\\/04\\\/22\\\/pour-que-les-tiers-lieux-culturels-ne-restent-pas-des-coquilles-vides-2\\\/\"]}]},{\"@type\":\"BreadcrumbList\",\"@id\":\"https:\\\/\\\/hierostrasbourg.com\\\/index.php\\\/2022\\\/04\\\/22\\\/pour-que-les-tiers-lieux-culturels-ne-restent-pas-des-coquilles-vides-2\\\/#breadcrumb\",\"itemListElement\":[{\"@type\":\"ListItem\",\"position\":1,\"name\":\"Accueil\",\"item\":\"https:\\\/\\\/hierostrasbourg.com\\\/\"},{\"@type\":\"ListItem\",\"position\":2,\"name\":\"Pour que les tiers-lieux culturels ne restent pas des coquilles vides\"}]},{\"@type\":\"WebSite\",\"@id\":\"https:\\\/\\\/hierostrasbourg.com\\\/#website\",\"url\":\"https:\\\/\\\/hierostrasbourg.com\\\/\",\"name\":\"HIERO STRASBOURG\",\"description\":\"Centre de Ressources Musiques Actuelles\",\"publisher\":{\"@id\":\"https:\\\/\\\/hierostrasbourg.com\\\/#organization\"},\"potentialAction\":[{\"@type\":\"SearchAction\",\"target\":{\"@type\":\"EntryPoint\",\"urlTemplate\":\"https:\\\/\\\/hierostrasbourg.com\\\/?s={search_term_string}\"},\"query-input\":{\"@type\":\"PropertyValueSpecification\",\"valueRequired\":true,\"valueName\":\"search_term_string\"}}],\"inLanguage\":\"fr-FR\"},{\"@type\":\"Organization\",\"@id\":\"https:\\\/\\\/hierostrasbourg.com\\\/#organization\",\"name\":\"F\u00e9d\u00e9ration Hi\u00e9ro Strasbourg\",\"url\":\"https:\\\/\\\/hierostrasbourg.com\\\/\",\"logo\":{\"@type\":\"ImageObject\",\"inLanguage\":\"fr-FR\",\"@id\":\"https:\\\/\\\/hierostrasbourg.com\\\/#\\\/schema\\\/logo\\\/image\\\/\",\"url\":\"https:\\\/\\\/hierostrasbourg.com\\\/wp-content\\\/uploads\\\/2026\\\/04\\\/logo-hiero-strasbourg.jpg\",\"contentUrl\":\"https:\\\/\\\/hierostrasbourg.com\\\/wp-content\\\/uploads\\\/2026\\\/04\\\/logo-hiero-strasbourg.jpg\",\"width\":204,\"height\":192,\"caption\":\"F\u00e9d\u00e9ration Hi\u00e9ro Strasbourg\"},\"image\":{\"@id\":\"https:\\\/\\\/hierostrasbourg.com\\\/#\\\/schema\\\/logo\\\/image\\\/\"},\"sameAs\":[\"https:\\\/\\\/www.facebook.com\\\/fedehierostrasbourg\",\"https:\\\/\\\/x.com\\\/hierostrasbourg\"]}]}<\/script>\n<!-- \/ Yoast SEO plugin. -->","yoast_head_json":{"title":"Pour que les tiers-lieux culturels ne restent pas des coquilles vides - HIERO STRASBOURG","robots":{"index":"index","follow":"follow","max-snippet":"max-snippet:-1","max-image-preview":"max-image-preview:large","max-video-preview":"max-video-preview:-1"},"canonical":"https:\/\/hierostrasbourg.com\/index.php\/2022\/04\/22\/pour-que-les-tiers-lieux-culturels-ne-restent-pas-des-coquilles-vides-2\/","og_locale":"fr_FR","og_type":"article","og_title":"Pour que les tiers-lieux culturels ne restent pas des coquilles vides - HIERO STRASBOURG","og_description":"Ma\u00eetre de conf\u00e9rence en sociologie \u00e0 l\u2019Universit\u00e9 de Picardie Jules Verne, Fabrice Raffin analyse le d\u00e9veloppement des tiers lieux culturels et leur positionnement par rapport aux lieux de culture traditionnellement soutenus par la puissance publique. Il cerne le r\u00f4le qu\u2019ils doivent remplir pour ne pas rester de simples coquilles vides, ce qui leur est souvent reproch\u00e9. Source \/ Lire la suite : Pour que les tiers-lieux culturels ne restent pas des coquilles vides L\u2019article Pour que les tiers-lieux culturels ne [&hellip;]","og_url":"https:\/\/hierostrasbourg.com\/index.php\/2022\/04\/22\/pour-que-les-tiers-lieux-culturels-ne-restent-pas-des-coquilles-vides-2\/","og_site_name":"HIERO STRASBOURG","article_publisher":"https:\/\/www.facebook.com\/fedehierostrasbourg","article_published_time":"2022-04-22T17:31:15+00:00","twitter_card":"summary_large_image","twitter_creator":"@hierostrasbourg","twitter_site":"@hierostrasbourg","twitter_misc":{"Dur\u00e9e de lecture estim\u00e9e":"1 minute"},"schema":{"@context":"https:\/\/schema.org","@graph":[{"@type":"Article","@id":"https:\/\/hierostrasbourg.com\/index.php\/2022\/04\/22\/pour-que-les-tiers-lieux-culturels-ne-restent-pas-des-coquilles-vides-2\/#article","isPartOf":{"@id":"https:\/\/hierostrasbourg.com\/index.php\/2022\/04\/22\/pour-que-les-tiers-lieux-culturels-ne-restent-pas-des-coquilles-vides-2\/"},"author":{"name":"","@id":""},"headline":"Pour que les tiers-lieux culturels ne restent pas des coquilles vides","datePublished":"2022-04-22T17:31:15+00:00","mainEntityOfPage":{"@id":"https:\/\/hierostrasbourg.com\/index.php\/2022\/04\/22\/pour-que-les-tiers-lieux-culturels-ne-restent-pas-des-coquilles-vides-2\/"},"wordCount":130,"publisher":{"@id":"https:\/\/hierostrasbourg.com\/#organization"},"inLanguage":"fr-FR"},{"@type":"WebPage","@id":"https:\/\/hierostrasbourg.com\/index.php\/2022\/04\/22\/pour-que-les-tiers-lieux-culturels-ne-restent-pas-des-coquilles-vides-2\/","url":"https:\/\/hierostrasbourg.com\/index.php\/2022\/04\/22\/pour-que-les-tiers-lieux-culturels-ne-restent-pas-des-coquilles-vides-2\/","name":"Pour que les tiers-lieux culturels ne restent pas des coquilles vides - HIERO STRASBOURG","isPartOf":{"@id":"https:\/\/hierostrasbourg.com\/#website"},"datePublished":"2022-04-22T17:31:15+00:00","breadcrumb":{"@id":"https:\/\/hierostrasbourg.com\/index.php\/2022\/04\/22\/pour-que-les-tiers-lieux-culturels-ne-restent-pas-des-coquilles-vides-2\/#breadcrumb"},"inLanguage":"fr-FR","potentialAction":[{"@type":"ReadAction","target":["https:\/\/hierostrasbourg.com\/index.php\/2022\/04\/22\/pour-que-les-tiers-lieux-culturels-ne-restent-pas-des-coquilles-vides-2\/"]}]},{"@type":"BreadcrumbList","@id":"https:\/\/hierostrasbourg.com\/index.php\/2022\/04\/22\/pour-que-les-tiers-lieux-culturels-ne-restent-pas-des-coquilles-vides-2\/#breadcrumb","itemListElement":[{"@type":"ListItem","position":1,"name":"Accueil","item":"https:\/\/hierostrasbourg.com\/"},{"@type":"ListItem","position":2,"name":"Pour que les tiers-lieux culturels ne restent pas des coquilles vides"}]},{"@type":"WebSite","@id":"https:\/\/hierostrasbourg.com\/#website","url":"https:\/\/hierostrasbourg.com\/","name":"HIERO STRASBOURG","description":"Centre de Ressources Musiques Actuelles","publisher":{"@id":"https:\/\/hierostrasbourg.com\/#organization"},"potentialAction":[{"@type":"SearchAction","target":{"@type":"EntryPoint","urlTemplate":"https:\/\/hierostrasbourg.com\/?s={search_term_string}"},"query-input":{"@type":"PropertyValueSpecification","valueRequired":true,"valueName":"search_term_string"}}],"inLanguage":"fr-FR"},{"@type":"Organization","@id":"https:\/\/hierostrasbourg.com\/#organization","name":"F\u00e9d\u00e9ration Hi\u00e9ro Strasbourg","url":"https:\/\/hierostrasbourg.com\/","logo":{"@type":"ImageObject","inLanguage":"fr-FR","@id":"https:\/\/hierostrasbourg.com\/#\/schema\/logo\/image\/","url":"https:\/\/hierostrasbourg.com\/wp-content\/uploads\/2026\/04\/logo-hiero-strasbourg.jpg","contentUrl":"https:\/\/hierostrasbourg.com\/wp-content\/uploads\/2026\/04\/logo-hiero-strasbourg.jpg","width":204,"height":192,"caption":"F\u00e9d\u00e9ration Hi\u00e9ro Strasbourg"},"image":{"@id":"https:\/\/hierostrasbourg.com\/#\/schema\/logo\/image\/"},"sameAs":["https:\/\/www.facebook.com\/fedehierostrasbourg","https:\/\/x.com\/hierostrasbourg"]}]}},"_links":{"self":[{"href":"https:\/\/hierostrasbourg.com\/index.php\/wp-json\/wp\/v2\/posts\/2319","targetHints":{"allow":["GET"]}}],"collection":[{"href":"https:\/\/hierostrasbourg.com\/index.php\/wp-json\/wp\/v2\/posts"}],"about":[{"href":"https:\/\/hierostrasbourg.com\/index.php\/wp-json\/wp\/v2\/types\/post"}],"replies":[{"embeddable":true,"href":"https:\/\/hierostrasbourg.com\/index.php\/wp-json\/wp\/v2\/comments?post=2319"}],"version-history":[{"count":0,"href":"https:\/\/hierostrasbourg.com\/index.php\/wp-json\/wp\/v2\/posts\/2319\/revisions"}],"wp:attachment":[{"href":"https:\/\/hierostrasbourg.com\/index.php\/wp-json\/wp\/v2\/media?parent=2319"}],"wp:term":[{"taxonomy":"category","embeddable":true,"href":"https:\/\/hierostrasbourg.com\/index.php\/wp-json\/wp\/v2\/categories?post=2319"},{"taxonomy":"post_tag","embeddable":true,"href":"https:\/\/hierostrasbourg.com\/index.php\/wp-json\/wp\/v2\/tags?post=2319"}],"curies":[{"name":"wp","href":"https:\/\/api.w.org\/{rel}","templated":true}]}}