{"id":2316,"date":"2022-04-22T16:33:17","date_gmt":"2022-04-22T14:33:17","guid":{"rendered":"https:\/\/hierostrasbourg.com\/index.php\/2022\/04\/22\/la-ville-de-schiltigheim-recrute-un-coordinateur-du-pole-musique-f-h-2\/"},"modified":"2022-04-22T16:33:17","modified_gmt":"2022-04-22T14:33:17","slug":"la-ville-de-schiltigheim-recrute-un-coordinateur-du-pole-musique-f-h-2","status":"publish","type":"post","link":"https:\/\/hierostrasbourg.com\/index.php\/2022\/04\/22\/la-ville-de-schiltigheim-recrute-un-coordinateur-du-pole-musique-f-h-2\/","title":{"rendered":"LA VILLE DE SCHILTIGHEIM recrute un coordinateur du p\u00f4le musique [F\/H]"},"content":{"rendered":"<p>Ville de 34 000 habitants, 2\u00e8me ville de l\u2019Eurom\u00e9tropole de Strasbourg, Schiltigheim est une ville en mutation. Engag\u00e9e dans la transition \u00e9cologique et sociale, signataire du pacte pour la transition, Schiltigheim veut \u00eatre une ville durable et apais\u00e9e o\u00f9 l\u2019expertise d\u2019usage est prise en compte dans les projets d\u2019am\u00e9nagement des espaces publics. Les transitions \u00e9nerg\u00e9tiques, environnementales, num\u00e9riques et sociales sont des d\u00e9fis majeurs que la ville veut relever.<\/p>\n<p>Le projet culturel port\u00e9 par la Ville de Schiltigheim s\u2019articule autour de trois axes structurants : une saison culturelle, un salon de l\u2019illustration et du livre jeunesse, et une \u00c9cole des Arts.<br \/>\nL\u2019\u00c9cole des Arts est compos\u00e9e de 4 p\u00f4les \u2013 musique, danse, th\u00e9\u00e2tre et arts plastiques \u2013 r\u00e9partis sur 8 sites d\u2019enseignement et accueille chaque ann\u00e9e environ 750 \u00e9l\u00e8ves dont 450 \u00e9l\u00e8ves musiciens.<\/p>\n<p>La construction d\u2019un nouvel \u00e9quipement \u00e0 l\u2019horizon 2025 traduit la volont\u00e9 de la ville de d\u00e9velopper les pratiques artistiques et culturelles. Il permettra par ailleurs de d\u00e9velopper de nouveaux projets p\u00e9dagogiques et artistiques, et d\u2019accueillir de nouveaux \u00e9l\u00e8ves dans des conditions privil\u00e9gi\u00e9es.<\/p>\n<p>Le P\u00f4le Musique propose actuellement de l\u2019\u00e9veil, de l\u2019initiation, l\u2019enseignement d\u2019une dizaine d\u2019instruments, de nombreuses pratiques collectives et un programme d\u2019actions culturelles dense.<br \/>\nLa personne charg\u00e9e de la coordination du P\u00f4le Musique encadrera environ 25 enseignants et sera plac\u00e9e sous l\u2019autorit\u00e9 directe de la directrice de l\u2019\u00e9tablissement.<\/p>\n<h2>Missions<\/h2>\n<p>\u00c9laborer et mettre en \u0153uvre le projet p\u00e9dagogique du P\u00f4le Musique dans le cadre du projet d\u2019\u00e9tablissement et en collaboration avec l\u2019\u00e9quipe p\u00e9dagogique, l\u2019\u00e9quipe administrative et la direction<br \/>\nAssurer l\u2019animation et la coordination de l\u2019\u00e9quipe enseignante du P\u00f4le Musique au sujet des restitutions publiques, des actions culturelles, des \u00e9valuations, des questions p\u00e9dagogiques et faire l\u2019interface avec la direction<br \/>\nAssurer le lien avec les usagers du P\u00f4le Musique sur les questions relatives \u00e0 la p\u00e9dagogie<\/p>\n<h2>Profils recherch\u00e9s<\/h2>\n<h4>Formation \/ Habilitation<\/h4>\n<p>Titulaire d\u2019un CA ou d\u2019un DE dans une sp\u00e9cialit\u00e9 musicale ou du DUMI ou dipl\u00f4me \u00e9quivalent<br \/>\nTitulaire du permis B<\/p>\n<h4>Savoir faire<\/h4>\n<p>Justifier d\u2019une riche pratique artistique et p\u00e9dagogique musicale<br \/>\nConna\u00eetre les textes cadres et sch\u00e9mas d\u2019orientation p\u00e9dagogique nationaux<br \/>\nManagement et encadrement d\u2019\u00e9quipe<br \/>\nMa\u00eetriser les techniques de coordination et de gestion de projets<br \/>\nConnaissance du fonctionnement d\u2019une collectivit\u00e9 territoriale<br \/>\nMa\u00eetriser l\u2019outil informatique<br \/>\nBonnes capacit\u00e9s r\u00e9dactionnelles<br \/>\nConnaissance des r\u00e9seaux culturels et artistiques locaux<\/p>\n<h4>Savoir \u00eatre<\/h4>\n<p>\u00a0Sens des relations humaines et du travail en \u00e9quipe<br \/>\nAutonomie et rigueur<br \/>\nOuverture aux diff\u00e9rentes esth\u00e9tiques artistiques et courants musicaux<br \/>\nOuverture aux diff\u00e9rentes disciplines artistiques connexes et aux projets communs<br \/>\nForce de proposition<\/p>\n<p>Temps de travail ; 10h00 hebdomadaire<br \/>\nPoste \u00e0 pourvoir le 01\/09\/2022<br \/>\nDate limite de candidature 05\/06\/2022<\/p>\n<p>Type de recrutement : Permanent. Fonctionnaire ou \u00e0 d\u00e9faut contractuel de droit public<br \/>\nDur\u00e9e hebdomadaire de service : 10h<br \/>\nSp\u00e9cificit\u00e9s du poste : travail occasionnel le weekend et en soir\u00e9e dans le cadre des restitutions publiques ou des actions culturelles, r\u00e9unions r\u00e9guli\u00e8res, lien avec les familles et les \u00e9l\u00e8ves<\/p>\n<p>R\u00e9mun\u00e9ration statutaire. Avantages li\u00e9s au poste (proratisation \u00e0 la DHS) : R\u00e9gime indemnitaire, Prime de fin d\u2019ann\u00e9e, Participation employeur tickets restaurant, mutuelle, pr\u00e9voyance et frais d\u2019abonnement transport en commun<\/p>\n<p>Informations sur le poste : Mme Sarah BRAUN \u2013 Directrice de l\u2019Ecole des Arts \u2013 sarah.braun@ville-schiltigheim.fr<br \/>\n03 88 18 86 59<\/p>\n<p>MAIRIE DE SCHILTIGHEIM<br \/>\n110, route de Bischwiller \u2013 B.P. 98<br \/>\n67302 SCHILTIGHEIM<\/p>\n<p>L\u2019article <a href=\"https:\/\/popburo.fr\/la-ville-de-schiltigheim-recrute-un-coordinateur-du-pole-musique-f-h\/\">LA VILLE DE SCHILTIGHEIM recrute un coordinateur du p\u00f4le musique [F\/H]<\/a> est apparu en premier sur <a href=\"https:\/\/popburo.fr\/\">POP B\u00dcRO<\/a>.<\/p>\n","protected":false},"excerpt":{"rendered":"<p>Ville de 34 000 habitants, 2\u00e8me ville de l\u2019Eurom\u00e9tropole de Strasbourg, Schiltigheim est une ville en mutation. Engag\u00e9e dans la transition \u00e9cologique et sociale, signataire du pacte pour la transition, Schiltigheim veut \u00eatre une ville durable et apais\u00e9e o\u00f9 l\u2019expertise d\u2019usage est prise en compte dans les projets d\u2019am\u00e9nagement des espaces publics. Les transitions \u00e9nerg\u00e9tiques, environnementales, num\u00e9riques et sociales sont des d\u00e9fis majeurs que la ville veut relever. Le projet culturel port\u00e9 par la Ville de Schiltigheim s\u2019articule autour de [&hellip;]<\/p>\n","protected":false},"author":0,"featured_media":0,"comment_status":"closed","ping_status":"open","sticky":false,"template":"","format":"standard","meta":{"footnotes":""},"categories":[1],"tags":[],"class_list":["post-2316","post","type-post","status-publish","format-standard","hentry","category-non-classe"],"yoast_head":"<!-- This site is optimized with the Yoast SEO plugin v27.4 - https:\/\/yoast.com\/product\/yoast-seo-wordpress\/ -->\n<title>LA VILLE DE SCHILTIGHEIM recrute un coordinateur du p\u00f4le musique [F\/H] - HIERO STRASBOURG<\/title>\n<meta name=\"robots\" content=\"index, follow, max-snippet:-1, max-image-preview:large, max-video-preview:-1\" \/>\n<link rel=\"canonical\" href=\"https:\/\/hierostrasbourg.com\/index.php\/2022\/04\/22\/la-ville-de-schiltigheim-recrute-un-coordinateur-du-pole-musique-f-h-2\/\" \/>\n<meta property=\"og:locale\" content=\"fr_FR\" \/>\n<meta property=\"og:type\" content=\"article\" \/>\n<meta property=\"og:title\" content=\"LA VILLE DE SCHILTIGHEIM recrute un coordinateur du p\u00f4le musique [F\/H] - HIERO STRASBOURG\" \/>\n<meta property=\"og:description\" content=\"Ville de 34 000 habitants, 2\u00e8me ville de l\u2019Eurom\u00e9tropole de Strasbourg, Schiltigheim est une ville en mutation. Engag\u00e9e dans la transition \u00e9cologique et sociale, signataire du pacte pour la transition, Schiltigheim veut \u00eatre une ville durable et apais\u00e9e o\u00f9 l\u2019expertise d\u2019usage est prise en compte dans les projets d\u2019am\u00e9nagement des espaces publics. Les transitions \u00e9nerg\u00e9tiques, environnementales, num\u00e9riques et sociales sont des d\u00e9fis majeurs que la ville veut relever. Le projet culturel port\u00e9 par la Ville de Schiltigheim s\u2019articule autour de [&hellip;]\" \/>\n<meta property=\"og:url\" content=\"https:\/\/hierostrasbourg.com\/index.php\/2022\/04\/22\/la-ville-de-schiltigheim-recrute-un-coordinateur-du-pole-musique-f-h-2\/\" \/>\n<meta property=\"og:site_name\" content=\"HIERO STRASBOURG\" \/>\n<meta property=\"article:publisher\" content=\"https:\/\/www.facebook.com\/fedehierostrasbourg\" \/>\n<meta property=\"article:published_time\" content=\"2022-04-22T14:33:17+00:00\" \/>\n<meta name=\"twitter:card\" content=\"summary_large_image\" \/>\n<meta name=\"twitter:creator\" content=\"@hierostrasbourg\" \/>\n<meta name=\"twitter:site\" content=\"@hierostrasbourg\" \/>\n<meta name=\"twitter:label1\" content=\"Dur\u00e9e de lecture estim\u00e9e\" \/>\n\t<meta name=\"twitter:data1\" content=\"3 minutes\" \/>\n<script type=\"application\/ld+json\" class=\"yoast-schema-graph\">{\"@context\":\"https:\\\/\\\/schema.org\",\"@graph\":[{\"@type\":\"Article\",\"@id\":\"https:\\\/\\\/hierostrasbourg.com\\\/index.php\\\/2022\\\/04\\\/22\\\/la-ville-de-schiltigheim-recrute-un-coordinateur-du-pole-musique-f-h-2\\\/#article\",\"isPartOf\":{\"@id\":\"https:\\\/\\\/hierostrasbourg.com\\\/index.php\\\/2022\\\/04\\\/22\\\/la-ville-de-schiltigheim-recrute-un-coordinateur-du-pole-musique-f-h-2\\\/\"},\"author\":{\"name\":\"\",\"@id\":\"\"},\"headline\":\"LA VILLE DE SCHILTIGHEIM recrute un coordinateur du p\u00f4le musique [F\\\/H]\",\"datePublished\":\"2022-04-22T14:33:17+00:00\",\"mainEntityOfPage\":{\"@id\":\"https:\\\/\\\/hierostrasbourg.com\\\/index.php\\\/2022\\\/04\\\/22\\\/la-ville-de-schiltigheim-recrute-un-coordinateur-du-pole-musique-f-h-2\\\/\"},\"wordCount\":635,\"publisher\":{\"@id\":\"https:\\\/\\\/hierostrasbourg.com\\\/#organization\"},\"inLanguage\":\"fr-FR\"},{\"@type\":\"WebPage\",\"@id\":\"https:\\\/\\\/hierostrasbourg.com\\\/index.php\\\/2022\\\/04\\\/22\\\/la-ville-de-schiltigheim-recrute-un-coordinateur-du-pole-musique-f-h-2\\\/\",\"url\":\"https:\\\/\\\/hierostrasbourg.com\\\/index.php\\\/2022\\\/04\\\/22\\\/la-ville-de-schiltigheim-recrute-un-coordinateur-du-pole-musique-f-h-2\\\/\",\"name\":\"LA VILLE DE SCHILTIGHEIM recrute un coordinateur du p\u00f4le musique [F\\\/H] - HIERO STRASBOURG\",\"isPartOf\":{\"@id\":\"https:\\\/\\\/hierostrasbourg.com\\\/#website\"},\"datePublished\":\"2022-04-22T14:33:17+00:00\",\"breadcrumb\":{\"@id\":\"https:\\\/\\\/hierostrasbourg.com\\\/index.php\\\/2022\\\/04\\\/22\\\/la-ville-de-schiltigheim-recrute-un-coordinateur-du-pole-musique-f-h-2\\\/#breadcrumb\"},\"inLanguage\":\"fr-FR\",\"potentialAction\":[{\"@type\":\"ReadAction\",\"target\":[\"https:\\\/\\\/hierostrasbourg.com\\\/index.php\\\/2022\\\/04\\\/22\\\/la-ville-de-schiltigheim-recrute-un-coordinateur-du-pole-musique-f-h-2\\\/\"]}]},{\"@type\":\"BreadcrumbList\",\"@id\":\"https:\\\/\\\/hierostrasbourg.com\\\/index.php\\\/2022\\\/04\\\/22\\\/la-ville-de-schiltigheim-recrute-un-coordinateur-du-pole-musique-f-h-2\\\/#breadcrumb\",\"itemListElement\":[{\"@type\":\"ListItem\",\"position\":1,\"name\":\"Accueil\",\"item\":\"https:\\\/\\\/hierostrasbourg.com\\\/\"},{\"@type\":\"ListItem\",\"position\":2,\"name\":\"LA VILLE DE SCHILTIGHEIM recrute un coordinateur du p\u00f4le musique [F\\\/H]\"}]},{\"@type\":\"WebSite\",\"@id\":\"https:\\\/\\\/hierostrasbourg.com\\\/#website\",\"url\":\"https:\\\/\\\/hierostrasbourg.com\\\/\",\"name\":\"HIERO STRASBOURG\",\"description\":\"Centre de Ressources Musiques Actuelles\",\"publisher\":{\"@id\":\"https:\\\/\\\/hierostrasbourg.com\\\/#organization\"},\"potentialAction\":[{\"@type\":\"SearchAction\",\"target\":{\"@type\":\"EntryPoint\",\"urlTemplate\":\"https:\\\/\\\/hierostrasbourg.com\\\/?s={search_term_string}\"},\"query-input\":{\"@type\":\"PropertyValueSpecification\",\"valueRequired\":true,\"valueName\":\"search_term_string\"}}],\"inLanguage\":\"fr-FR\"},{\"@type\":\"Organization\",\"@id\":\"https:\\\/\\\/hierostrasbourg.com\\\/#organization\",\"name\":\"F\u00e9d\u00e9ration Hi\u00e9ro Strasbourg\",\"url\":\"https:\\\/\\\/hierostrasbourg.com\\\/\",\"logo\":{\"@type\":\"ImageObject\",\"inLanguage\":\"fr-FR\",\"@id\":\"https:\\\/\\\/hierostrasbourg.com\\\/#\\\/schema\\\/logo\\\/image\\\/\",\"url\":\"https:\\\/\\\/hierostrasbourg.com\\\/wp-content\\\/uploads\\\/2026\\\/04\\\/logo-hiero-strasbourg.jpg\",\"contentUrl\":\"https:\\\/\\\/hierostrasbourg.com\\\/wp-content\\\/uploads\\\/2026\\\/04\\\/logo-hiero-strasbourg.jpg\",\"width\":204,\"height\":192,\"caption\":\"F\u00e9d\u00e9ration Hi\u00e9ro Strasbourg\"},\"image\":{\"@id\":\"https:\\\/\\\/hierostrasbourg.com\\\/#\\\/schema\\\/logo\\\/image\\\/\"},\"sameAs\":[\"https:\\\/\\\/www.facebook.com\\\/fedehierostrasbourg\",\"https:\\\/\\\/x.com\\\/hierostrasbourg\"]}]}<\/script>\n<!-- \/ Yoast SEO plugin. -->","yoast_head_json":{"title":"LA VILLE DE SCHILTIGHEIM recrute un coordinateur du p\u00f4le musique [F\/H] - HIERO STRASBOURG","robots":{"index":"index","follow":"follow","max-snippet":"max-snippet:-1","max-image-preview":"max-image-preview:large","max-video-preview":"max-video-preview:-1"},"canonical":"https:\/\/hierostrasbourg.com\/index.php\/2022\/04\/22\/la-ville-de-schiltigheim-recrute-un-coordinateur-du-pole-musique-f-h-2\/","og_locale":"fr_FR","og_type":"article","og_title":"LA VILLE DE SCHILTIGHEIM recrute un coordinateur du p\u00f4le musique [F\/H] - HIERO STRASBOURG","og_description":"Ville de 34 000 habitants, 2\u00e8me ville de l\u2019Eurom\u00e9tropole de Strasbourg, Schiltigheim est une ville en mutation. Engag\u00e9e dans la transition \u00e9cologique et sociale, signataire du pacte pour la transition, Schiltigheim veut \u00eatre une ville durable et apais\u00e9e o\u00f9 l\u2019expertise d\u2019usage est prise en compte dans les projets d\u2019am\u00e9nagement des espaces publics. Les transitions \u00e9nerg\u00e9tiques, environnementales, num\u00e9riques et sociales sont des d\u00e9fis majeurs que la ville veut relever. Le projet culturel port\u00e9 par la Ville de Schiltigheim s\u2019articule autour de [&hellip;]","og_url":"https:\/\/hierostrasbourg.com\/index.php\/2022\/04\/22\/la-ville-de-schiltigheim-recrute-un-coordinateur-du-pole-musique-f-h-2\/","og_site_name":"HIERO STRASBOURG","article_publisher":"https:\/\/www.facebook.com\/fedehierostrasbourg","article_published_time":"2022-04-22T14:33:17+00:00","twitter_card":"summary_large_image","twitter_creator":"@hierostrasbourg","twitter_site":"@hierostrasbourg","twitter_misc":{"Dur\u00e9e de lecture estim\u00e9e":"3 minutes"},"schema":{"@context":"https:\/\/schema.org","@graph":[{"@type":"Article","@id":"https:\/\/hierostrasbourg.com\/index.php\/2022\/04\/22\/la-ville-de-schiltigheim-recrute-un-coordinateur-du-pole-musique-f-h-2\/#article","isPartOf":{"@id":"https:\/\/hierostrasbourg.com\/index.php\/2022\/04\/22\/la-ville-de-schiltigheim-recrute-un-coordinateur-du-pole-musique-f-h-2\/"},"author":{"name":"","@id":""},"headline":"LA VILLE DE SCHILTIGHEIM recrute un coordinateur du p\u00f4le musique [F\/H]","datePublished":"2022-04-22T14:33:17+00:00","mainEntityOfPage":{"@id":"https:\/\/hierostrasbourg.com\/index.php\/2022\/04\/22\/la-ville-de-schiltigheim-recrute-un-coordinateur-du-pole-musique-f-h-2\/"},"wordCount":635,"publisher":{"@id":"https:\/\/hierostrasbourg.com\/#organization"},"inLanguage":"fr-FR"},{"@type":"WebPage","@id":"https:\/\/hierostrasbourg.com\/index.php\/2022\/04\/22\/la-ville-de-schiltigheim-recrute-un-coordinateur-du-pole-musique-f-h-2\/","url":"https:\/\/hierostrasbourg.com\/index.php\/2022\/04\/22\/la-ville-de-schiltigheim-recrute-un-coordinateur-du-pole-musique-f-h-2\/","name":"LA VILLE DE SCHILTIGHEIM recrute un coordinateur du p\u00f4le musique [F\/H] - HIERO STRASBOURG","isPartOf":{"@id":"https:\/\/hierostrasbourg.com\/#website"},"datePublished":"2022-04-22T14:33:17+00:00","breadcrumb":{"@id":"https:\/\/hierostrasbourg.com\/index.php\/2022\/04\/22\/la-ville-de-schiltigheim-recrute-un-coordinateur-du-pole-musique-f-h-2\/#breadcrumb"},"inLanguage":"fr-FR","potentialAction":[{"@type":"ReadAction","target":["https:\/\/hierostrasbourg.com\/index.php\/2022\/04\/22\/la-ville-de-schiltigheim-recrute-un-coordinateur-du-pole-musique-f-h-2\/"]}]},{"@type":"BreadcrumbList","@id":"https:\/\/hierostrasbourg.com\/index.php\/2022\/04\/22\/la-ville-de-schiltigheim-recrute-un-coordinateur-du-pole-musique-f-h-2\/#breadcrumb","itemListElement":[{"@type":"ListItem","position":1,"name":"Accueil","item":"https:\/\/hierostrasbourg.com\/"},{"@type":"ListItem","position":2,"name":"LA VILLE DE SCHILTIGHEIM recrute un coordinateur du p\u00f4le musique [F\/H]"}]},{"@type":"WebSite","@id":"https:\/\/hierostrasbourg.com\/#website","url":"https:\/\/hierostrasbourg.com\/","name":"HIERO STRASBOURG","description":"Centre de Ressources Musiques Actuelles","publisher":{"@id":"https:\/\/hierostrasbourg.com\/#organization"},"potentialAction":[{"@type":"SearchAction","target":{"@type":"EntryPoint","urlTemplate":"https:\/\/hierostrasbourg.com\/?s={search_term_string}"},"query-input":{"@type":"PropertyValueSpecification","valueRequired":true,"valueName":"search_term_string"}}],"inLanguage":"fr-FR"},{"@type":"Organization","@id":"https:\/\/hierostrasbourg.com\/#organization","name":"F\u00e9d\u00e9ration Hi\u00e9ro Strasbourg","url":"https:\/\/hierostrasbourg.com\/","logo":{"@type":"ImageObject","inLanguage":"fr-FR","@id":"https:\/\/hierostrasbourg.com\/#\/schema\/logo\/image\/","url":"https:\/\/hierostrasbourg.com\/wp-content\/uploads\/2026\/04\/logo-hiero-strasbourg.jpg","contentUrl":"https:\/\/hierostrasbourg.com\/wp-content\/uploads\/2026\/04\/logo-hiero-strasbourg.jpg","width":204,"height":192,"caption":"F\u00e9d\u00e9ration Hi\u00e9ro Strasbourg"},"image":{"@id":"https:\/\/hierostrasbourg.com\/#\/schema\/logo\/image\/"},"sameAs":["https:\/\/www.facebook.com\/fedehierostrasbourg","https:\/\/x.com\/hierostrasbourg"]}]}},"_links":{"self":[{"href":"https:\/\/hierostrasbourg.com\/index.php\/wp-json\/wp\/v2\/posts\/2316","targetHints":{"allow":["GET"]}}],"collection":[{"href":"https:\/\/hierostrasbourg.com\/index.php\/wp-json\/wp\/v2\/posts"}],"about":[{"href":"https:\/\/hierostrasbourg.com\/index.php\/wp-json\/wp\/v2\/types\/post"}],"replies":[{"embeddable":true,"href":"https:\/\/hierostrasbourg.com\/index.php\/wp-json\/wp\/v2\/comments?post=2316"}],"version-history":[{"count":0,"href":"https:\/\/hierostrasbourg.com\/index.php\/wp-json\/wp\/v2\/posts\/2316\/revisions"}],"wp:attachment":[{"href":"https:\/\/hierostrasbourg.com\/index.php\/wp-json\/wp\/v2\/media?parent=2316"}],"wp:term":[{"taxonomy":"category","embeddable":true,"href":"https:\/\/hierostrasbourg.com\/index.php\/wp-json\/wp\/v2\/categories?post=2316"},{"taxonomy":"post_tag","embeddable":true,"href":"https:\/\/hierostrasbourg.com\/index.php\/wp-json\/wp\/v2\/tags?post=2316"}],"curies":[{"name":"wp","href":"https:\/\/api.w.org\/{rel}","templated":true}]}}