{"id":2303,"date":"2022-04-22T14:31:35","date_gmt":"2022-04-22T12:31:35","guid":{"rendered":"https:\/\/hierostrasbourg.com\/index.php\/2022\/04\/22\/lancement-de-la-feuille-de-route-du-centre-national-de-la-musique-dediee-a-la-transition-ecologique\/"},"modified":"2022-04-22T14:31:35","modified_gmt":"2022-04-22T12:31:35","slug":"lancement-de-la-feuille-de-route-du-centre-national-de-la-musique-dediee-a-la-transition-ecologique","status":"publish","type":"post","link":"https:\/\/hierostrasbourg.com\/index.php\/2022\/04\/22\/lancement-de-la-feuille-de-route-du-centre-national-de-la-musique-dediee-a-la-transition-ecologique\/","title":{"rendered":"Lancement de la feuille de route du Centre national de la musique d\u00e9di\u00e9e \u00e0 la transition \u00e9cologique"},"content":{"rendered":"<p><em>Le Centre national de la musique (CNM) d\u00e9voile sa feuille de route d\u00e9di\u00e9e \u00e0 la transition \u00e9cologique, lance sa page transition \u00e9cologique regroupant ressources et veille informative et lance un programme d\u2019accompagnement financier dans le but d\u2019accompagner au plus pr\u00e8s les professionnels de la musique et des vari\u00e9t\u00e9s.<\/em><\/p>\n<p>Source \/ Lire la suite : <a href=\"https:\/\/cnm.fr\/lancement-de-la-feuille-de-route-du-centre-national-de-la-musique-dediee-a-la-transition-ecologique\/\">Lancement de la feuille de route du Centre national de la musique d\u00e9di\u00e9e \u00e0 la transition \u00e9cologique<\/a><\/p>\n<p>L\u2019article <a href=\"https:\/\/popburo.fr\/lancement-de-la-feuille-de-route-du-centre-national-de-la-musique-dediee-a-la-transition-ecologique\/\">Lancement de la feuille de route du Centre national de la musique d\u00e9di\u00e9e \u00e0 la transition \u00e9cologique<\/a> est apparu en premier sur <a href=\"https:\/\/popburo.fr\/\">POP B\u00dcRO<\/a>.<\/p>\n","protected":false},"excerpt":{"rendered":"<p>Le Centre national de la musique (CNM) d\u00e9voile sa feuille de route d\u00e9di\u00e9e \u00e0 la transition \u00e9cologique, lance sa page transition \u00e9cologique regroupant ressources et veille informative et lance un programme d\u2019accompagnement financier dans le but d\u2019accompagner au plus pr\u00e8s les professionnels de la musique et des vari\u00e9t\u00e9s. Source \/ Lire la suite : Lancement de la feuille de route du Centre national de la musique d\u00e9di\u00e9e \u00e0 la transition \u00e9cologique L\u2019article Lancement de la feuille de route du Centre [&hellip;]<\/p>\n","protected":false},"author":0,"featured_media":0,"comment_status":"closed","ping_status":"open","sticky":false,"template":"","format":"standard","meta":{"footnotes":""},"categories":[1],"tags":[],"class_list":["post-2303","post","type-post","status-publish","format-standard","hentry","category-non-classe"],"yoast_head":"<!-- This site is optimized with the Yoast SEO plugin v27.4 - https:\/\/yoast.com\/product\/yoast-seo-wordpress\/ -->\n<title>Lancement de la feuille de route du Centre national de la musique d\u00e9di\u00e9e \u00e0 la transition \u00e9cologique - HIERO STRASBOURG<\/title>\n<meta name=\"robots\" content=\"index, follow, max-snippet:-1, max-image-preview:large, max-video-preview:-1\" \/>\n<link rel=\"canonical\" href=\"https:\/\/hierostrasbourg.com\/index.php\/2022\/04\/22\/lancement-de-la-feuille-de-route-du-centre-national-de-la-musique-dediee-a-la-transition-ecologique\/\" \/>\n<meta property=\"og:locale\" content=\"fr_FR\" \/>\n<meta property=\"og:type\" content=\"article\" \/>\n<meta property=\"og:title\" content=\"Lancement de la feuille de route du Centre national de la musique d\u00e9di\u00e9e \u00e0 la transition \u00e9cologique - HIERO STRASBOURG\" \/>\n<meta property=\"og:description\" content=\"Le Centre national de la musique (CNM) d\u00e9voile sa feuille de route d\u00e9di\u00e9e \u00e0 la transition \u00e9cologique, lance sa page transition \u00e9cologique regroupant ressources et veille informative et lance un programme d\u2019accompagnement financier dans le but d\u2019accompagner au plus pr\u00e8s les professionnels de la musique et des vari\u00e9t\u00e9s. Source \/ Lire la suite : Lancement de la feuille de route du Centre national de la musique d\u00e9di\u00e9e \u00e0 la transition \u00e9cologique L\u2019article Lancement de la feuille de route du Centre [&hellip;]\" \/>\n<meta property=\"og:url\" content=\"https:\/\/hierostrasbourg.com\/index.php\/2022\/04\/22\/lancement-de-la-feuille-de-route-du-centre-national-de-la-musique-dediee-a-la-transition-ecologique\/\" \/>\n<meta property=\"og:site_name\" content=\"HIERO STRASBOURG\" \/>\n<meta property=\"article:publisher\" content=\"https:\/\/www.facebook.com\/fedehierostrasbourg\" \/>\n<meta property=\"article:published_time\" content=\"2022-04-22T12:31:35+00:00\" \/>\n<meta name=\"twitter:card\" content=\"summary_large_image\" \/>\n<meta name=\"twitter:creator\" content=\"@hierostrasbourg\" \/>\n<meta name=\"twitter:site\" content=\"@hierostrasbourg\" \/>\n<meta name=\"twitter:label1\" content=\"Dur\u00e9e de lecture estim\u00e9e\" \/>\n\t<meta name=\"twitter:data1\" content=\"1 minute\" \/>\n<script type=\"application\/ld+json\" class=\"yoast-schema-graph\">{\"@context\":\"https:\\\/\\\/schema.org\",\"@graph\":[{\"@type\":\"Article\",\"@id\":\"https:\\\/\\\/hierostrasbourg.com\\\/index.php\\\/2022\\\/04\\\/22\\\/lancement-de-la-feuille-de-route-du-centre-national-de-la-musique-dediee-a-la-transition-ecologique\\\/#article\",\"isPartOf\":{\"@id\":\"https:\\\/\\\/hierostrasbourg.com\\\/index.php\\\/2022\\\/04\\\/22\\\/lancement-de-la-feuille-de-route-du-centre-national-de-la-musique-dediee-a-la-transition-ecologique\\\/\"},\"author\":{\"name\":\"\",\"@id\":\"\"},\"headline\":\"Lancement de la feuille de route du Centre national de la musique d\u00e9di\u00e9e \u00e0 la transition \u00e9cologique\",\"datePublished\":\"2022-04-22T12:31:35+00:00\",\"mainEntityOfPage\":{\"@id\":\"https:\\\/\\\/hierostrasbourg.com\\\/index.php\\\/2022\\\/04\\\/22\\\/lancement-de-la-feuille-de-route-du-centre-national-de-la-musique-dediee-a-la-transition-ecologique\\\/\"},\"wordCount\":123,\"publisher\":{\"@id\":\"https:\\\/\\\/hierostrasbourg.com\\\/#organization\"},\"inLanguage\":\"fr-FR\"},{\"@type\":\"WebPage\",\"@id\":\"https:\\\/\\\/hierostrasbourg.com\\\/index.php\\\/2022\\\/04\\\/22\\\/lancement-de-la-feuille-de-route-du-centre-national-de-la-musique-dediee-a-la-transition-ecologique\\\/\",\"url\":\"https:\\\/\\\/hierostrasbourg.com\\\/index.php\\\/2022\\\/04\\\/22\\\/lancement-de-la-feuille-de-route-du-centre-national-de-la-musique-dediee-a-la-transition-ecologique\\\/\",\"name\":\"Lancement de la feuille de route du Centre national de la musique d\u00e9di\u00e9e \u00e0 la transition \u00e9cologique - HIERO STRASBOURG\",\"isPartOf\":{\"@id\":\"https:\\\/\\\/hierostrasbourg.com\\\/#website\"},\"datePublished\":\"2022-04-22T12:31:35+00:00\",\"breadcrumb\":{\"@id\":\"https:\\\/\\\/hierostrasbourg.com\\\/index.php\\\/2022\\\/04\\\/22\\\/lancement-de-la-feuille-de-route-du-centre-national-de-la-musique-dediee-a-la-transition-ecologique\\\/#breadcrumb\"},\"inLanguage\":\"fr-FR\",\"potentialAction\":[{\"@type\":\"ReadAction\",\"target\":[\"https:\\\/\\\/hierostrasbourg.com\\\/index.php\\\/2022\\\/04\\\/22\\\/lancement-de-la-feuille-de-route-du-centre-national-de-la-musique-dediee-a-la-transition-ecologique\\\/\"]}]},{\"@type\":\"BreadcrumbList\",\"@id\":\"https:\\\/\\\/hierostrasbourg.com\\\/index.php\\\/2022\\\/04\\\/22\\\/lancement-de-la-feuille-de-route-du-centre-national-de-la-musique-dediee-a-la-transition-ecologique\\\/#breadcrumb\",\"itemListElement\":[{\"@type\":\"ListItem\",\"position\":1,\"name\":\"Accueil\",\"item\":\"https:\\\/\\\/hierostrasbourg.com\\\/\"},{\"@type\":\"ListItem\",\"position\":2,\"name\":\"Lancement de la feuille de route du Centre national de la musique d\u00e9di\u00e9e \u00e0 la transition \u00e9cologique\"}]},{\"@type\":\"WebSite\",\"@id\":\"https:\\\/\\\/hierostrasbourg.com\\\/#website\",\"url\":\"https:\\\/\\\/hierostrasbourg.com\\\/\",\"name\":\"HIERO STRASBOURG\",\"description\":\"Centre de Ressources Musiques Actuelles\",\"publisher\":{\"@id\":\"https:\\\/\\\/hierostrasbourg.com\\\/#organization\"},\"potentialAction\":[{\"@type\":\"SearchAction\",\"target\":{\"@type\":\"EntryPoint\",\"urlTemplate\":\"https:\\\/\\\/hierostrasbourg.com\\\/?s={search_term_string}\"},\"query-input\":{\"@type\":\"PropertyValueSpecification\",\"valueRequired\":true,\"valueName\":\"search_term_string\"}}],\"inLanguage\":\"fr-FR\"},{\"@type\":\"Organization\",\"@id\":\"https:\\\/\\\/hierostrasbourg.com\\\/#organization\",\"name\":\"F\u00e9d\u00e9ration Hi\u00e9ro Strasbourg\",\"url\":\"https:\\\/\\\/hierostrasbourg.com\\\/\",\"logo\":{\"@type\":\"ImageObject\",\"inLanguage\":\"fr-FR\",\"@id\":\"https:\\\/\\\/hierostrasbourg.com\\\/#\\\/schema\\\/logo\\\/image\\\/\",\"url\":\"https:\\\/\\\/hierostrasbourg.com\\\/wp-content\\\/uploads\\\/2026\\\/04\\\/logo-hiero-strasbourg.jpg\",\"contentUrl\":\"https:\\\/\\\/hierostrasbourg.com\\\/wp-content\\\/uploads\\\/2026\\\/04\\\/logo-hiero-strasbourg.jpg\",\"width\":204,\"height\":192,\"caption\":\"F\u00e9d\u00e9ration Hi\u00e9ro Strasbourg\"},\"image\":{\"@id\":\"https:\\\/\\\/hierostrasbourg.com\\\/#\\\/schema\\\/logo\\\/image\\\/\"},\"sameAs\":[\"https:\\\/\\\/www.facebook.com\\\/fedehierostrasbourg\",\"https:\\\/\\\/x.com\\\/hierostrasbourg\"]}]}<\/script>\n<!-- \/ Yoast SEO plugin. -->","yoast_head_json":{"title":"Lancement de la feuille de route du Centre national de la musique d\u00e9di\u00e9e \u00e0 la transition \u00e9cologique - HIERO STRASBOURG","robots":{"index":"index","follow":"follow","max-snippet":"max-snippet:-1","max-image-preview":"max-image-preview:large","max-video-preview":"max-video-preview:-1"},"canonical":"https:\/\/hierostrasbourg.com\/index.php\/2022\/04\/22\/lancement-de-la-feuille-de-route-du-centre-national-de-la-musique-dediee-a-la-transition-ecologique\/","og_locale":"fr_FR","og_type":"article","og_title":"Lancement de la feuille de route du Centre national de la musique d\u00e9di\u00e9e \u00e0 la transition \u00e9cologique - HIERO STRASBOURG","og_description":"Le Centre national de la musique (CNM) d\u00e9voile sa feuille de route d\u00e9di\u00e9e \u00e0 la transition \u00e9cologique, lance sa page transition \u00e9cologique regroupant ressources et veille informative et lance un programme d\u2019accompagnement financier dans le but d\u2019accompagner au plus pr\u00e8s les professionnels de la musique et des vari\u00e9t\u00e9s. Source \/ Lire la suite : Lancement de la feuille de route du Centre national de la musique d\u00e9di\u00e9e \u00e0 la transition \u00e9cologique L\u2019article Lancement de la feuille de route du Centre [&hellip;]","og_url":"https:\/\/hierostrasbourg.com\/index.php\/2022\/04\/22\/lancement-de-la-feuille-de-route-du-centre-national-de-la-musique-dediee-a-la-transition-ecologique\/","og_site_name":"HIERO STRASBOURG","article_publisher":"https:\/\/www.facebook.com\/fedehierostrasbourg","article_published_time":"2022-04-22T12:31:35+00:00","twitter_card":"summary_large_image","twitter_creator":"@hierostrasbourg","twitter_site":"@hierostrasbourg","twitter_misc":{"Dur\u00e9e de lecture estim\u00e9e":"1 minute"},"schema":{"@context":"https:\/\/schema.org","@graph":[{"@type":"Article","@id":"https:\/\/hierostrasbourg.com\/index.php\/2022\/04\/22\/lancement-de-la-feuille-de-route-du-centre-national-de-la-musique-dediee-a-la-transition-ecologique\/#article","isPartOf":{"@id":"https:\/\/hierostrasbourg.com\/index.php\/2022\/04\/22\/lancement-de-la-feuille-de-route-du-centre-national-de-la-musique-dediee-a-la-transition-ecologique\/"},"author":{"name":"","@id":""},"headline":"Lancement de la feuille de route du Centre national de la musique d\u00e9di\u00e9e \u00e0 la transition \u00e9cologique","datePublished":"2022-04-22T12:31:35+00:00","mainEntityOfPage":{"@id":"https:\/\/hierostrasbourg.com\/index.php\/2022\/04\/22\/lancement-de-la-feuille-de-route-du-centre-national-de-la-musique-dediee-a-la-transition-ecologique\/"},"wordCount":123,"publisher":{"@id":"https:\/\/hierostrasbourg.com\/#organization"},"inLanguage":"fr-FR"},{"@type":"WebPage","@id":"https:\/\/hierostrasbourg.com\/index.php\/2022\/04\/22\/lancement-de-la-feuille-de-route-du-centre-national-de-la-musique-dediee-a-la-transition-ecologique\/","url":"https:\/\/hierostrasbourg.com\/index.php\/2022\/04\/22\/lancement-de-la-feuille-de-route-du-centre-national-de-la-musique-dediee-a-la-transition-ecologique\/","name":"Lancement de la feuille de route du Centre national de la musique d\u00e9di\u00e9e \u00e0 la transition \u00e9cologique - HIERO STRASBOURG","isPartOf":{"@id":"https:\/\/hierostrasbourg.com\/#website"},"datePublished":"2022-04-22T12:31:35+00:00","breadcrumb":{"@id":"https:\/\/hierostrasbourg.com\/index.php\/2022\/04\/22\/lancement-de-la-feuille-de-route-du-centre-national-de-la-musique-dediee-a-la-transition-ecologique\/#breadcrumb"},"inLanguage":"fr-FR","potentialAction":[{"@type":"ReadAction","target":["https:\/\/hierostrasbourg.com\/index.php\/2022\/04\/22\/lancement-de-la-feuille-de-route-du-centre-national-de-la-musique-dediee-a-la-transition-ecologique\/"]}]},{"@type":"BreadcrumbList","@id":"https:\/\/hierostrasbourg.com\/index.php\/2022\/04\/22\/lancement-de-la-feuille-de-route-du-centre-national-de-la-musique-dediee-a-la-transition-ecologique\/#breadcrumb","itemListElement":[{"@type":"ListItem","position":1,"name":"Accueil","item":"https:\/\/hierostrasbourg.com\/"},{"@type":"ListItem","position":2,"name":"Lancement de la feuille de route du Centre national de la musique d\u00e9di\u00e9e \u00e0 la transition \u00e9cologique"}]},{"@type":"WebSite","@id":"https:\/\/hierostrasbourg.com\/#website","url":"https:\/\/hierostrasbourg.com\/","name":"HIERO STRASBOURG","description":"Centre de Ressources Musiques Actuelles","publisher":{"@id":"https:\/\/hierostrasbourg.com\/#organization"},"potentialAction":[{"@type":"SearchAction","target":{"@type":"EntryPoint","urlTemplate":"https:\/\/hierostrasbourg.com\/?s={search_term_string}"},"query-input":{"@type":"PropertyValueSpecification","valueRequired":true,"valueName":"search_term_string"}}],"inLanguage":"fr-FR"},{"@type":"Organization","@id":"https:\/\/hierostrasbourg.com\/#organization","name":"F\u00e9d\u00e9ration Hi\u00e9ro Strasbourg","url":"https:\/\/hierostrasbourg.com\/","logo":{"@type":"ImageObject","inLanguage":"fr-FR","@id":"https:\/\/hierostrasbourg.com\/#\/schema\/logo\/image\/","url":"https:\/\/hierostrasbourg.com\/wp-content\/uploads\/2026\/04\/logo-hiero-strasbourg.jpg","contentUrl":"https:\/\/hierostrasbourg.com\/wp-content\/uploads\/2026\/04\/logo-hiero-strasbourg.jpg","width":204,"height":192,"caption":"F\u00e9d\u00e9ration Hi\u00e9ro Strasbourg"},"image":{"@id":"https:\/\/hierostrasbourg.com\/#\/schema\/logo\/image\/"},"sameAs":["https:\/\/www.facebook.com\/fedehierostrasbourg","https:\/\/x.com\/hierostrasbourg"]}]}},"_links":{"self":[{"href":"https:\/\/hierostrasbourg.com\/index.php\/wp-json\/wp\/v2\/posts\/2303","targetHints":{"allow":["GET"]}}],"collection":[{"href":"https:\/\/hierostrasbourg.com\/index.php\/wp-json\/wp\/v2\/posts"}],"about":[{"href":"https:\/\/hierostrasbourg.com\/index.php\/wp-json\/wp\/v2\/types\/post"}],"replies":[{"embeddable":true,"href":"https:\/\/hierostrasbourg.com\/index.php\/wp-json\/wp\/v2\/comments?post=2303"}],"version-history":[{"count":0,"href":"https:\/\/hierostrasbourg.com\/index.php\/wp-json\/wp\/v2\/posts\/2303\/revisions"}],"wp:attachment":[{"href":"https:\/\/hierostrasbourg.com\/index.php\/wp-json\/wp\/v2\/media?parent=2303"}],"wp:term":[{"taxonomy":"category","embeddable":true,"href":"https:\/\/hierostrasbourg.com\/index.php\/wp-json\/wp\/v2\/categories?post=2303"},{"taxonomy":"post_tag","embeddable":true,"href":"https:\/\/hierostrasbourg.com\/index.php\/wp-json\/wp\/v2\/tags?post=2303"}],"curies":[{"name":"wp","href":"https:\/\/api.w.org\/{rel}","templated":true}]}}