{"id":2298,"date":"2022-04-20T17:31:12","date_gmt":"2022-04-20T15:31:12","guid":{"rendered":"https:\/\/hierostrasbourg.com\/index.php\/2022\/04\/20\/pole-sud-strasbourg-recrute-un-attache-aux-relations-avec-les-publics-f-h-2\/"},"modified":"2022-04-20T17:31:12","modified_gmt":"2022-04-20T15:31:12","slug":"pole-sud-strasbourg-recrute-un-attache-aux-relations-avec-les-publics-f-h-2","status":"publish","type":"post","link":"https:\/\/hierostrasbourg.com\/index.php\/2022\/04\/20\/pole-sud-strasbourg-recrute-un-attache-aux-relations-avec-les-publics-f-h-2\/","title":{"rendered":"P\u00d4LE SUD [Strasbourg] recrute un attach\u00e9 aux relations avec les publics [F\/H]"},"content":{"rendered":"<p>POLE-SUD est un Centre de D\u00e9veloppement Chor\u00e9graphique National inscrit dans un r\u00e9seau de 13 lieux labellis\u00e9s en France, missionn\u00e9s pour le soutien \u00e0 la cr\u00e9ation et \u00e0 la diffusion d\u2019\u0153uvres chor\u00e9graphiques, l\u2019accompagnement des artistes et des publics, la sensibilisation et l\u2019\u00e9ducation artistique en danse.<br \/>\nPOLE-SUD propose toute l\u2019ann\u00e9e une programmation vaste et vari\u00e9e au travers d\u2019une saison et d\u2019un festival. Du projet laboratoire au spectacle grand public. V\u00e9ritable lieu de fabrique, POLE-SUD offre, gr\u00e2ce au dispositif des \u00ab Accueils-Studio \u00bb, des espaces de travail ainsi que des apports en coproduction \u00e0 des compagnies fran\u00e7aises ou \u00e9trang\u00e8res chaque ann\u00e9e.<\/p>\n<h2>Missions<\/h2>\n<p>Au sein du service \u00ab Relations Publiques et M\u00e9diation \u00bb sous la responsabilit\u00e9 de la direction, le.l\u2019 attach\u00e9.e aux relations avec les publics assumera les missions suivantes :<\/p>\n<p>Prospection, d\u00e9veloppement et fid\u00e9lisation des publics en particulier le jeune public et la petite enfance (cr\u00e8che, maternelle et 1er degr\u00e9), le public en situation de handicap et le public amateur<br \/>\nMise en place et suivi des partenariats associatifs et institutionnels notamment avec l\u2019\u00c9ducation nationale, avec la Politique de la Ville, avec les \u00e9tablissements sp\u00e9cialis\u00e9s du champ du handicap et les structures d\u2019enseignement artistique et de pratique amateur<br \/>\nConception et mise en \u0153uvre de projet EAC \u2013 \u00c9ducation artistique et culturelle et d\u2019actions culturelles en lien avec la programmation artistique<br \/>\nCr\u00e9ation et diffusion d\u2019outils de m\u00e9diation et de sensibilisation \u00e0 la danse<br \/>\nPr\u00e9sentations au public des spectacles des saisons artistiques<br \/>\n\u00c9tablissement des bilans et synth\u00e8ses<br \/>\nParticipation \u00e0 la vie du th\u00e9\u00e2tre : accueil du public et des artistes, contr\u00f4le des billets, placement en salle, lien inter-service, etc.<\/p>\n<h2>Profil recherch\u00e9<\/h2>\n<p>Bac + 4 ou \u00e9quivalent + exp\u00e9rience professionnelle requise<br \/>\nInt\u00e9r\u00eat pour la cr\u00e9ation contemporaine et en particulier la Danse<br \/>\nLa pratique de la danse serait un atout.<br \/>\nMa\u00eetrise des logiciels de bureautique classiques<br \/>\nRigueur, go\u00fbt du travail en \u00e9quipe, capacit\u00e9 d\u2019organisation et d\u2019anticipation, bonne humeur et bon<br \/>\nrelationnel<br \/>\nAisance \u00e0 l\u2019oral et comp\u00e9tences r\u00e9dactionnelles<br \/>\nPermis B indispensable<br \/>\nDisponibilit\u00e9s en soir\u00e9es et week-end<\/p>\n<p>Date de prise de fonction : 1er septembre 2022<br \/>\nDate limite de candidature : 30 mai 2022<br \/>\nR\u00e9mun\u00e9ration groupe 6 de la Convention Nationale des entreprises artistiques et culturelle et selon exp\u00e9rience.<br \/>\nCDI<\/p>\n<p>Candidatures (CV + lettre de motivation) \u00e0 adresser jusqu\u2019au 31 mars inclus \u00e0 l\u2019attention de Jo\u00eblle SMADJA, Directrice\u00a0 adresse mail\u00a0:\u00a0recrutement@pole-sud.fr<\/p>\n<p>POLE-SUD, CDCN Strasbourg<br \/>\n1 rue de Bourgogne<br \/>\n67100 Strasbourg<\/p>\n<p>L\u2019article <a href=\"https:\/\/popburo.fr\/pole-sud-strasbourg-recrute-un-attache-aux-relations-avec-les-publics-f-h\/\">P\u00d4LE SUD [Strasbourg] recrute un attach\u00e9 aux relations avec les publics [F\/H]<\/a> est apparu en premier sur <a href=\"https:\/\/popburo.fr\/\">POP B\u00dcRO<\/a>.<\/p>\n","protected":false},"excerpt":{"rendered":"<p>POLE-SUD est un Centre de D\u00e9veloppement Chor\u00e9graphique National inscrit dans un r\u00e9seau de 13 lieux labellis\u00e9s en France, missionn\u00e9s pour le soutien \u00e0 la cr\u00e9ation et \u00e0 la diffusion d\u2019\u0153uvres chor\u00e9graphiques, l\u2019accompagnement des artistes et des publics, la sensibilisation et l\u2019\u00e9ducation artistique en danse. POLE-SUD propose toute l\u2019ann\u00e9e une programmation vaste et vari\u00e9e au travers d\u2019une saison et d\u2019un festival. Du projet laboratoire au spectacle grand public. V\u00e9ritable lieu de fabrique, POLE-SUD offre, gr\u00e2ce au dispositif des \u00ab Accueils-Studio \u00bb, [&hellip;]<\/p>\n","protected":false},"author":0,"featured_media":0,"comment_status":"closed","ping_status":"open","sticky":false,"template":"","format":"standard","meta":{"footnotes":""},"categories":[1],"tags":[],"class_list":["post-2298","post","type-post","status-publish","format-standard","hentry","category-non-classe"],"yoast_head":"<!-- This site is optimized with the Yoast SEO plugin v27.4 - https:\/\/yoast.com\/product\/yoast-seo-wordpress\/ -->\n<title>P\u00d4LE SUD [Strasbourg] recrute un attach\u00e9 aux relations avec les publics [F\/H] - HIERO STRASBOURG<\/title>\n<meta name=\"robots\" content=\"index, follow, max-snippet:-1, max-image-preview:large, max-video-preview:-1\" \/>\n<link rel=\"canonical\" href=\"https:\/\/hierostrasbourg.com\/index.php\/2022\/04\/20\/pole-sud-strasbourg-recrute-un-attache-aux-relations-avec-les-publics-f-h-2\/\" \/>\n<meta property=\"og:locale\" content=\"fr_FR\" \/>\n<meta property=\"og:type\" content=\"article\" \/>\n<meta property=\"og:title\" content=\"P\u00d4LE SUD [Strasbourg] recrute un attach\u00e9 aux relations avec les publics [F\/H] - HIERO STRASBOURG\" \/>\n<meta property=\"og:description\" content=\"POLE-SUD est un Centre de D\u00e9veloppement Chor\u00e9graphique National inscrit dans un r\u00e9seau de 13 lieux labellis\u00e9s en France, missionn\u00e9s pour le soutien \u00e0 la cr\u00e9ation et \u00e0 la diffusion d\u2019\u0153uvres chor\u00e9graphiques, l\u2019accompagnement des artistes et des publics, la sensibilisation et l\u2019\u00e9ducation artistique en danse. POLE-SUD propose toute l\u2019ann\u00e9e une programmation vaste et vari\u00e9e au travers d\u2019une saison et d\u2019un festival. Du projet laboratoire au spectacle grand public. V\u00e9ritable lieu de fabrique, POLE-SUD offre, gr\u00e2ce au dispositif des \u00ab Accueils-Studio \u00bb, [&hellip;]\" \/>\n<meta property=\"og:url\" content=\"https:\/\/hierostrasbourg.com\/index.php\/2022\/04\/20\/pole-sud-strasbourg-recrute-un-attache-aux-relations-avec-les-publics-f-h-2\/\" \/>\n<meta property=\"og:site_name\" content=\"HIERO STRASBOURG\" \/>\n<meta property=\"article:publisher\" content=\"https:\/\/www.facebook.com\/fedehierostrasbourg\" \/>\n<meta property=\"article:published_time\" content=\"2022-04-20T15:31:12+00:00\" \/>\n<meta name=\"twitter:card\" content=\"summary_large_image\" \/>\n<meta name=\"twitter:creator\" content=\"@hierostrasbourg\" \/>\n<meta name=\"twitter:site\" content=\"@hierostrasbourg\" \/>\n<meta name=\"twitter:label1\" content=\"Dur\u00e9e de lecture estim\u00e9e\" \/>\n\t<meta name=\"twitter:data1\" content=\"2 minutes\" \/>\n<script type=\"application\/ld+json\" class=\"yoast-schema-graph\">{\"@context\":\"https:\\\/\\\/schema.org\",\"@graph\":[{\"@type\":\"Article\",\"@id\":\"https:\\\/\\\/hierostrasbourg.com\\\/index.php\\\/2022\\\/04\\\/20\\\/pole-sud-strasbourg-recrute-un-attache-aux-relations-avec-les-publics-f-h-2\\\/#article\",\"isPartOf\":{\"@id\":\"https:\\\/\\\/hierostrasbourg.com\\\/index.php\\\/2022\\\/04\\\/20\\\/pole-sud-strasbourg-recrute-un-attache-aux-relations-avec-les-publics-f-h-2\\\/\"},\"author\":{\"name\":\"\",\"@id\":\"\"},\"headline\":\"P\u00d4LE SUD [Strasbourg] recrute un attach\u00e9 aux relations avec les publics [F\\\/H]\",\"datePublished\":\"2022-04-20T15:31:12+00:00\",\"mainEntityOfPage\":{\"@id\":\"https:\\\/\\\/hierostrasbourg.com\\\/index.php\\\/2022\\\/04\\\/20\\\/pole-sud-strasbourg-recrute-un-attache-aux-relations-avec-les-publics-f-h-2\\\/\"},\"wordCount\":458,\"publisher\":{\"@id\":\"https:\\\/\\\/hierostrasbourg.com\\\/#organization\"},\"inLanguage\":\"fr-FR\"},{\"@type\":\"WebPage\",\"@id\":\"https:\\\/\\\/hierostrasbourg.com\\\/index.php\\\/2022\\\/04\\\/20\\\/pole-sud-strasbourg-recrute-un-attache-aux-relations-avec-les-publics-f-h-2\\\/\",\"url\":\"https:\\\/\\\/hierostrasbourg.com\\\/index.php\\\/2022\\\/04\\\/20\\\/pole-sud-strasbourg-recrute-un-attache-aux-relations-avec-les-publics-f-h-2\\\/\",\"name\":\"P\u00d4LE SUD [Strasbourg] recrute un attach\u00e9 aux relations avec les publics [F\\\/H] - HIERO STRASBOURG\",\"isPartOf\":{\"@id\":\"https:\\\/\\\/hierostrasbourg.com\\\/#website\"},\"datePublished\":\"2022-04-20T15:31:12+00:00\",\"breadcrumb\":{\"@id\":\"https:\\\/\\\/hierostrasbourg.com\\\/index.php\\\/2022\\\/04\\\/20\\\/pole-sud-strasbourg-recrute-un-attache-aux-relations-avec-les-publics-f-h-2\\\/#breadcrumb\"},\"inLanguage\":\"fr-FR\",\"potentialAction\":[{\"@type\":\"ReadAction\",\"target\":[\"https:\\\/\\\/hierostrasbourg.com\\\/index.php\\\/2022\\\/04\\\/20\\\/pole-sud-strasbourg-recrute-un-attache-aux-relations-avec-les-publics-f-h-2\\\/\"]}]},{\"@type\":\"BreadcrumbList\",\"@id\":\"https:\\\/\\\/hierostrasbourg.com\\\/index.php\\\/2022\\\/04\\\/20\\\/pole-sud-strasbourg-recrute-un-attache-aux-relations-avec-les-publics-f-h-2\\\/#breadcrumb\",\"itemListElement\":[{\"@type\":\"ListItem\",\"position\":1,\"name\":\"Accueil\",\"item\":\"https:\\\/\\\/hierostrasbourg.com\\\/\"},{\"@type\":\"ListItem\",\"position\":2,\"name\":\"P\u00d4LE SUD [Strasbourg] recrute un attach\u00e9 aux relations avec les publics [F\\\/H]\"}]},{\"@type\":\"WebSite\",\"@id\":\"https:\\\/\\\/hierostrasbourg.com\\\/#website\",\"url\":\"https:\\\/\\\/hierostrasbourg.com\\\/\",\"name\":\"HIERO STRASBOURG\",\"description\":\"Centre de Ressources Musiques Actuelles\",\"publisher\":{\"@id\":\"https:\\\/\\\/hierostrasbourg.com\\\/#organization\"},\"potentialAction\":[{\"@type\":\"SearchAction\",\"target\":{\"@type\":\"EntryPoint\",\"urlTemplate\":\"https:\\\/\\\/hierostrasbourg.com\\\/?s={search_term_string}\"},\"query-input\":{\"@type\":\"PropertyValueSpecification\",\"valueRequired\":true,\"valueName\":\"search_term_string\"}}],\"inLanguage\":\"fr-FR\"},{\"@type\":\"Organization\",\"@id\":\"https:\\\/\\\/hierostrasbourg.com\\\/#organization\",\"name\":\"F\u00e9d\u00e9ration Hi\u00e9ro Strasbourg\",\"url\":\"https:\\\/\\\/hierostrasbourg.com\\\/\",\"logo\":{\"@type\":\"ImageObject\",\"inLanguage\":\"fr-FR\",\"@id\":\"https:\\\/\\\/hierostrasbourg.com\\\/#\\\/schema\\\/logo\\\/image\\\/\",\"url\":\"https:\\\/\\\/hierostrasbourg.com\\\/wp-content\\\/uploads\\\/2026\\\/04\\\/logo-hiero-strasbourg.jpg\",\"contentUrl\":\"https:\\\/\\\/hierostrasbourg.com\\\/wp-content\\\/uploads\\\/2026\\\/04\\\/logo-hiero-strasbourg.jpg\",\"width\":204,\"height\":192,\"caption\":\"F\u00e9d\u00e9ration Hi\u00e9ro Strasbourg\"},\"image\":{\"@id\":\"https:\\\/\\\/hierostrasbourg.com\\\/#\\\/schema\\\/logo\\\/image\\\/\"},\"sameAs\":[\"https:\\\/\\\/www.facebook.com\\\/fedehierostrasbourg\",\"https:\\\/\\\/x.com\\\/hierostrasbourg\"]}]}<\/script>\n<!-- \/ Yoast SEO plugin. -->","yoast_head_json":{"title":"P\u00d4LE SUD [Strasbourg] recrute un attach\u00e9 aux relations avec les publics [F\/H] - HIERO STRASBOURG","robots":{"index":"index","follow":"follow","max-snippet":"max-snippet:-1","max-image-preview":"max-image-preview:large","max-video-preview":"max-video-preview:-1"},"canonical":"https:\/\/hierostrasbourg.com\/index.php\/2022\/04\/20\/pole-sud-strasbourg-recrute-un-attache-aux-relations-avec-les-publics-f-h-2\/","og_locale":"fr_FR","og_type":"article","og_title":"P\u00d4LE SUD [Strasbourg] recrute un attach\u00e9 aux relations avec les publics [F\/H] - HIERO STRASBOURG","og_description":"POLE-SUD est un Centre de D\u00e9veloppement Chor\u00e9graphique National inscrit dans un r\u00e9seau de 13 lieux labellis\u00e9s en France, missionn\u00e9s pour le soutien \u00e0 la cr\u00e9ation et \u00e0 la diffusion d\u2019\u0153uvres chor\u00e9graphiques, l\u2019accompagnement des artistes et des publics, la sensibilisation et l\u2019\u00e9ducation artistique en danse. POLE-SUD propose toute l\u2019ann\u00e9e une programmation vaste et vari\u00e9e au travers d\u2019une saison et d\u2019un festival. Du projet laboratoire au spectacle grand public. V\u00e9ritable lieu de fabrique, POLE-SUD offre, gr\u00e2ce au dispositif des \u00ab Accueils-Studio \u00bb, [&hellip;]","og_url":"https:\/\/hierostrasbourg.com\/index.php\/2022\/04\/20\/pole-sud-strasbourg-recrute-un-attache-aux-relations-avec-les-publics-f-h-2\/","og_site_name":"HIERO STRASBOURG","article_publisher":"https:\/\/www.facebook.com\/fedehierostrasbourg","article_published_time":"2022-04-20T15:31:12+00:00","twitter_card":"summary_large_image","twitter_creator":"@hierostrasbourg","twitter_site":"@hierostrasbourg","twitter_misc":{"Dur\u00e9e de lecture estim\u00e9e":"2 minutes"},"schema":{"@context":"https:\/\/schema.org","@graph":[{"@type":"Article","@id":"https:\/\/hierostrasbourg.com\/index.php\/2022\/04\/20\/pole-sud-strasbourg-recrute-un-attache-aux-relations-avec-les-publics-f-h-2\/#article","isPartOf":{"@id":"https:\/\/hierostrasbourg.com\/index.php\/2022\/04\/20\/pole-sud-strasbourg-recrute-un-attache-aux-relations-avec-les-publics-f-h-2\/"},"author":{"name":"","@id":""},"headline":"P\u00d4LE SUD [Strasbourg] recrute un attach\u00e9 aux relations avec les publics [F\/H]","datePublished":"2022-04-20T15:31:12+00:00","mainEntityOfPage":{"@id":"https:\/\/hierostrasbourg.com\/index.php\/2022\/04\/20\/pole-sud-strasbourg-recrute-un-attache-aux-relations-avec-les-publics-f-h-2\/"},"wordCount":458,"publisher":{"@id":"https:\/\/hierostrasbourg.com\/#organization"},"inLanguage":"fr-FR"},{"@type":"WebPage","@id":"https:\/\/hierostrasbourg.com\/index.php\/2022\/04\/20\/pole-sud-strasbourg-recrute-un-attache-aux-relations-avec-les-publics-f-h-2\/","url":"https:\/\/hierostrasbourg.com\/index.php\/2022\/04\/20\/pole-sud-strasbourg-recrute-un-attache-aux-relations-avec-les-publics-f-h-2\/","name":"P\u00d4LE SUD [Strasbourg] recrute un attach\u00e9 aux relations avec les publics [F\/H] - HIERO STRASBOURG","isPartOf":{"@id":"https:\/\/hierostrasbourg.com\/#website"},"datePublished":"2022-04-20T15:31:12+00:00","breadcrumb":{"@id":"https:\/\/hierostrasbourg.com\/index.php\/2022\/04\/20\/pole-sud-strasbourg-recrute-un-attache-aux-relations-avec-les-publics-f-h-2\/#breadcrumb"},"inLanguage":"fr-FR","potentialAction":[{"@type":"ReadAction","target":["https:\/\/hierostrasbourg.com\/index.php\/2022\/04\/20\/pole-sud-strasbourg-recrute-un-attache-aux-relations-avec-les-publics-f-h-2\/"]}]},{"@type":"BreadcrumbList","@id":"https:\/\/hierostrasbourg.com\/index.php\/2022\/04\/20\/pole-sud-strasbourg-recrute-un-attache-aux-relations-avec-les-publics-f-h-2\/#breadcrumb","itemListElement":[{"@type":"ListItem","position":1,"name":"Accueil","item":"https:\/\/hierostrasbourg.com\/"},{"@type":"ListItem","position":2,"name":"P\u00d4LE SUD [Strasbourg] recrute un attach\u00e9 aux relations avec les publics [F\/H]"}]},{"@type":"WebSite","@id":"https:\/\/hierostrasbourg.com\/#website","url":"https:\/\/hierostrasbourg.com\/","name":"HIERO STRASBOURG","description":"Centre de Ressources Musiques Actuelles","publisher":{"@id":"https:\/\/hierostrasbourg.com\/#organization"},"potentialAction":[{"@type":"SearchAction","target":{"@type":"EntryPoint","urlTemplate":"https:\/\/hierostrasbourg.com\/?s={search_term_string}"},"query-input":{"@type":"PropertyValueSpecification","valueRequired":true,"valueName":"search_term_string"}}],"inLanguage":"fr-FR"},{"@type":"Organization","@id":"https:\/\/hierostrasbourg.com\/#organization","name":"F\u00e9d\u00e9ration Hi\u00e9ro Strasbourg","url":"https:\/\/hierostrasbourg.com\/","logo":{"@type":"ImageObject","inLanguage":"fr-FR","@id":"https:\/\/hierostrasbourg.com\/#\/schema\/logo\/image\/","url":"https:\/\/hierostrasbourg.com\/wp-content\/uploads\/2026\/04\/logo-hiero-strasbourg.jpg","contentUrl":"https:\/\/hierostrasbourg.com\/wp-content\/uploads\/2026\/04\/logo-hiero-strasbourg.jpg","width":204,"height":192,"caption":"F\u00e9d\u00e9ration Hi\u00e9ro Strasbourg"},"image":{"@id":"https:\/\/hierostrasbourg.com\/#\/schema\/logo\/image\/"},"sameAs":["https:\/\/www.facebook.com\/fedehierostrasbourg","https:\/\/x.com\/hierostrasbourg"]}]}},"_links":{"self":[{"href":"https:\/\/hierostrasbourg.com\/index.php\/wp-json\/wp\/v2\/posts\/2298","targetHints":{"allow":["GET"]}}],"collection":[{"href":"https:\/\/hierostrasbourg.com\/index.php\/wp-json\/wp\/v2\/posts"}],"about":[{"href":"https:\/\/hierostrasbourg.com\/index.php\/wp-json\/wp\/v2\/types\/post"}],"replies":[{"embeddable":true,"href":"https:\/\/hierostrasbourg.com\/index.php\/wp-json\/wp\/v2\/comments?post=2298"}],"version-history":[{"count":0,"href":"https:\/\/hierostrasbourg.com\/index.php\/wp-json\/wp\/v2\/posts\/2298\/revisions"}],"wp:attachment":[{"href":"https:\/\/hierostrasbourg.com\/index.php\/wp-json\/wp\/v2\/media?parent=2298"}],"wp:term":[{"taxonomy":"category","embeddable":true,"href":"https:\/\/hierostrasbourg.com\/index.php\/wp-json\/wp\/v2\/categories?post=2298"},{"taxonomy":"post_tag","embeddable":true,"href":"https:\/\/hierostrasbourg.com\/index.php\/wp-json\/wp\/v2\/tags?post=2298"}],"curies":[{"name":"wp","href":"https:\/\/api.w.org\/{rel}","templated":true}]}}