{"id":2297,"date":"2022-04-20T17:31:12","date_gmt":"2022-04-20T15:31:12","guid":{"rendered":"https:\/\/hierostrasbourg.com\/index.php\/2022\/04\/20\/pole-sud-strasbourg-recrute-un-attache-aux-relations-avec-les-publics-f-h\/"},"modified":"2022-04-20T17:31:12","modified_gmt":"2022-04-20T15:31:12","slug":"pole-sud-strasbourg-recrute-un-attache-aux-relations-avec-les-publics-f-h","status":"publish","type":"post","link":"https:\/\/hierostrasbourg.com\/index.php\/2022\/04\/20\/pole-sud-strasbourg-recrute-un-attache-aux-relations-avec-les-publics-f-h\/","title":{"rendered":"P\u00d4LE SUD [Strasbourg] recrute un attach\u00e9 aux relations avec les publics [F\/H]"},"content":{"rendered":"<p>POLE-SUD est un Centre de D\u00e9veloppement Chor\u00e9graphique National inscrit dans un r\u00e9seau de 13 lieux labellis\u00e9s en France, missionn\u00e9s pour le soutien \u00e0 la cr\u00e9ation et \u00e0 la diffusion d\u2019\u0153uvres chor\u00e9graphiques, l\u2019accompagnement des artistes et des publics, la sensibilisation et l\u2019\u00e9ducation artistique en danse. POLE-SUD propose toute l\u2019ann\u00e9e une programmation vaste et vari\u00e9e au travers d\u2019une saison et d\u2019un festival. Du projet laboratoire au spectacle grand public. V\u00e9ritable lieu de fabrique, POLE-SUD offre, gr\u00e2ce au dispositif des \u00ab Accueils-Studio \u00bb, [\u2026]<\/p>\n<p>L\u2019article <a href=\"https:\/\/musiquesactuelles.alsace\/pole-sud-strasbourg-recrute-un-attache-aux-relations-avec-les-publics-f-h\/\">P\u00d4LE SUD [Strasbourg] recrute un attach\u00e9 aux relations avec les publics [F\/H]<\/a> est apparu en premier sur <a href=\"https:\/\/musiquesactuelles.alsace\/\">Musiques Actuelles en Alsace<\/a>.<\/p>\n<p>L\u2019article <a href=\"https:\/\/popburo.fr\/pole-sud-strasbourg-recrute-un-attache-aux-relations-avec-les-publics-f-h-2\/\">P\u00d4LE SUD [Strasbourg] recrute un attach\u00e9 aux relations avec les publics [F\/H]<\/a> est apparu en premier sur <a href=\"https:\/\/popburo.fr\/\">POP B\u00dcRO<\/a>.<\/p>\n","protected":false},"excerpt":{"rendered":"<p>POLE-SUD est un Centre de D\u00e9veloppement Chor\u00e9graphique National inscrit dans un r\u00e9seau de 13 lieux labellis\u00e9s en France, missionn\u00e9s pour le soutien \u00e0 la cr\u00e9ation et \u00e0 la diffusion d\u2019\u0153uvres chor\u00e9graphiques, l\u2019accompagnement des artistes et des publics, la sensibilisation et l\u2019\u00e9ducation artistique en danse. POLE-SUD propose toute l\u2019ann\u00e9e une programmation vaste et vari\u00e9e au travers d\u2019une saison et d\u2019un festival. Du projet laboratoire au spectacle grand public. V\u00e9ritable lieu de fabrique, POLE-SUD offre, gr\u00e2ce au dispositif des \u00ab Accueils-Studio \u00bb, [&hellip;]<\/p>\n","protected":false},"author":0,"featured_media":0,"comment_status":"closed","ping_status":"open","sticky":false,"template":"","format":"standard","meta":{"footnotes":""},"categories":[1],"tags":[],"class_list":["post-2297","post","type-post","status-publish","format-standard","hentry","category-non-classe"],"yoast_head":"<!-- This site is optimized with the Yoast SEO plugin v27.4 - https:\/\/yoast.com\/product\/yoast-seo-wordpress\/ -->\n<title>P\u00d4LE SUD [Strasbourg] recrute un attach\u00e9 aux relations avec les publics [F\/H] - HIERO STRASBOURG<\/title>\n<meta name=\"robots\" content=\"index, follow, max-snippet:-1, max-image-preview:large, max-video-preview:-1\" \/>\n<link rel=\"canonical\" href=\"https:\/\/hierostrasbourg.com\/index.php\/2022\/04\/20\/pole-sud-strasbourg-recrute-un-attache-aux-relations-avec-les-publics-f-h\/\" \/>\n<meta property=\"og:locale\" content=\"fr_FR\" \/>\n<meta property=\"og:type\" content=\"article\" \/>\n<meta property=\"og:title\" content=\"P\u00d4LE SUD [Strasbourg] recrute un attach\u00e9 aux relations avec les publics [F\/H] - HIERO STRASBOURG\" \/>\n<meta property=\"og:description\" content=\"POLE-SUD est un Centre de D\u00e9veloppement Chor\u00e9graphique National inscrit dans un r\u00e9seau de 13 lieux labellis\u00e9s en France, missionn\u00e9s pour le soutien \u00e0 la cr\u00e9ation et \u00e0 la diffusion d\u2019\u0153uvres chor\u00e9graphiques, l\u2019accompagnement des artistes et des publics, la sensibilisation et l\u2019\u00e9ducation artistique en danse. POLE-SUD propose toute l\u2019ann\u00e9e une programmation vaste et vari\u00e9e au travers d\u2019une saison et d\u2019un festival. Du projet laboratoire au spectacle grand public. V\u00e9ritable lieu de fabrique, POLE-SUD offre, gr\u00e2ce au dispositif des \u00ab Accueils-Studio \u00bb, [&hellip;]\" \/>\n<meta property=\"og:url\" content=\"https:\/\/hierostrasbourg.com\/index.php\/2022\/04\/20\/pole-sud-strasbourg-recrute-un-attache-aux-relations-avec-les-publics-f-h\/\" \/>\n<meta property=\"og:site_name\" content=\"HIERO STRASBOURG\" \/>\n<meta property=\"article:publisher\" content=\"https:\/\/www.facebook.com\/fedehierostrasbourg\" \/>\n<meta property=\"article:published_time\" content=\"2022-04-20T15:31:12+00:00\" \/>\n<meta name=\"twitter:card\" content=\"summary_large_image\" \/>\n<meta name=\"twitter:creator\" content=\"@hierostrasbourg\" \/>\n<meta name=\"twitter:site\" content=\"@hierostrasbourg\" \/>\n<meta name=\"twitter:label1\" content=\"Dur\u00e9e de lecture estim\u00e9e\" \/>\n\t<meta name=\"twitter:data1\" content=\"1 minute\" \/>\n<script type=\"application\/ld+json\" class=\"yoast-schema-graph\">{\"@context\":\"https:\\\/\\\/schema.org\",\"@graph\":[{\"@type\":\"Article\",\"@id\":\"https:\\\/\\\/hierostrasbourg.com\\\/index.php\\\/2022\\\/04\\\/20\\\/pole-sud-strasbourg-recrute-un-attache-aux-relations-avec-les-publics-f-h\\\/#article\",\"isPartOf\":{\"@id\":\"https:\\\/\\\/hierostrasbourg.com\\\/index.php\\\/2022\\\/04\\\/20\\\/pole-sud-strasbourg-recrute-un-attache-aux-relations-avec-les-publics-f-h\\\/\"},\"author\":{\"name\":\"\",\"@id\":\"\"},\"headline\":\"P\u00d4LE SUD [Strasbourg] recrute un attach\u00e9 aux relations avec les publics [F\\\/H]\",\"datePublished\":\"2022-04-20T15:31:12+00:00\",\"mainEntityOfPage\":{\"@id\":\"https:\\\/\\\/hierostrasbourg.com\\\/index.php\\\/2022\\\/04\\\/20\\\/pole-sud-strasbourg-recrute-un-attache-aux-relations-avec-les-publics-f-h\\\/\"},\"wordCount\":155,\"publisher\":{\"@id\":\"https:\\\/\\\/hierostrasbourg.com\\\/#organization\"},\"inLanguage\":\"fr-FR\"},{\"@type\":\"WebPage\",\"@id\":\"https:\\\/\\\/hierostrasbourg.com\\\/index.php\\\/2022\\\/04\\\/20\\\/pole-sud-strasbourg-recrute-un-attache-aux-relations-avec-les-publics-f-h\\\/\",\"url\":\"https:\\\/\\\/hierostrasbourg.com\\\/index.php\\\/2022\\\/04\\\/20\\\/pole-sud-strasbourg-recrute-un-attache-aux-relations-avec-les-publics-f-h\\\/\",\"name\":\"P\u00d4LE SUD [Strasbourg] recrute un attach\u00e9 aux relations avec les publics [F\\\/H] - HIERO STRASBOURG\",\"isPartOf\":{\"@id\":\"https:\\\/\\\/hierostrasbourg.com\\\/#website\"},\"datePublished\":\"2022-04-20T15:31:12+00:00\",\"breadcrumb\":{\"@id\":\"https:\\\/\\\/hierostrasbourg.com\\\/index.php\\\/2022\\\/04\\\/20\\\/pole-sud-strasbourg-recrute-un-attache-aux-relations-avec-les-publics-f-h\\\/#breadcrumb\"},\"inLanguage\":\"fr-FR\",\"potentialAction\":[{\"@type\":\"ReadAction\",\"target\":[\"https:\\\/\\\/hierostrasbourg.com\\\/index.php\\\/2022\\\/04\\\/20\\\/pole-sud-strasbourg-recrute-un-attache-aux-relations-avec-les-publics-f-h\\\/\"]}]},{\"@type\":\"BreadcrumbList\",\"@id\":\"https:\\\/\\\/hierostrasbourg.com\\\/index.php\\\/2022\\\/04\\\/20\\\/pole-sud-strasbourg-recrute-un-attache-aux-relations-avec-les-publics-f-h\\\/#breadcrumb\",\"itemListElement\":[{\"@type\":\"ListItem\",\"position\":1,\"name\":\"Accueil\",\"item\":\"https:\\\/\\\/hierostrasbourg.com\\\/\"},{\"@type\":\"ListItem\",\"position\":2,\"name\":\"P\u00d4LE SUD [Strasbourg] recrute un attach\u00e9 aux relations avec les publics [F\\\/H]\"}]},{\"@type\":\"WebSite\",\"@id\":\"https:\\\/\\\/hierostrasbourg.com\\\/#website\",\"url\":\"https:\\\/\\\/hierostrasbourg.com\\\/\",\"name\":\"HIERO STRASBOURG\",\"description\":\"Centre de Ressources Musiques Actuelles\",\"publisher\":{\"@id\":\"https:\\\/\\\/hierostrasbourg.com\\\/#organization\"},\"potentialAction\":[{\"@type\":\"SearchAction\",\"target\":{\"@type\":\"EntryPoint\",\"urlTemplate\":\"https:\\\/\\\/hierostrasbourg.com\\\/?s={search_term_string}\"},\"query-input\":{\"@type\":\"PropertyValueSpecification\",\"valueRequired\":true,\"valueName\":\"search_term_string\"}}],\"inLanguage\":\"fr-FR\"},{\"@type\":\"Organization\",\"@id\":\"https:\\\/\\\/hierostrasbourg.com\\\/#organization\",\"name\":\"F\u00e9d\u00e9ration Hi\u00e9ro Strasbourg\",\"url\":\"https:\\\/\\\/hierostrasbourg.com\\\/\",\"logo\":{\"@type\":\"ImageObject\",\"inLanguage\":\"fr-FR\",\"@id\":\"https:\\\/\\\/hierostrasbourg.com\\\/#\\\/schema\\\/logo\\\/image\\\/\",\"url\":\"https:\\\/\\\/hierostrasbourg.com\\\/wp-content\\\/uploads\\\/2026\\\/04\\\/logo-hiero-strasbourg.jpg\",\"contentUrl\":\"https:\\\/\\\/hierostrasbourg.com\\\/wp-content\\\/uploads\\\/2026\\\/04\\\/logo-hiero-strasbourg.jpg\",\"width\":204,\"height\":192,\"caption\":\"F\u00e9d\u00e9ration Hi\u00e9ro Strasbourg\"},\"image\":{\"@id\":\"https:\\\/\\\/hierostrasbourg.com\\\/#\\\/schema\\\/logo\\\/image\\\/\"},\"sameAs\":[\"https:\\\/\\\/www.facebook.com\\\/fedehierostrasbourg\",\"https:\\\/\\\/x.com\\\/hierostrasbourg\"]}]}<\/script>\n<!-- \/ Yoast SEO plugin. -->","yoast_head_json":{"title":"P\u00d4LE SUD [Strasbourg] recrute un attach\u00e9 aux relations avec les publics [F\/H] - HIERO STRASBOURG","robots":{"index":"index","follow":"follow","max-snippet":"max-snippet:-1","max-image-preview":"max-image-preview:large","max-video-preview":"max-video-preview:-1"},"canonical":"https:\/\/hierostrasbourg.com\/index.php\/2022\/04\/20\/pole-sud-strasbourg-recrute-un-attache-aux-relations-avec-les-publics-f-h\/","og_locale":"fr_FR","og_type":"article","og_title":"P\u00d4LE SUD [Strasbourg] recrute un attach\u00e9 aux relations avec les publics [F\/H] - HIERO STRASBOURG","og_description":"POLE-SUD est un Centre de D\u00e9veloppement Chor\u00e9graphique National inscrit dans un r\u00e9seau de 13 lieux labellis\u00e9s en France, missionn\u00e9s pour le soutien \u00e0 la cr\u00e9ation et \u00e0 la diffusion d\u2019\u0153uvres chor\u00e9graphiques, l\u2019accompagnement des artistes et des publics, la sensibilisation et l\u2019\u00e9ducation artistique en danse. POLE-SUD propose toute l\u2019ann\u00e9e une programmation vaste et vari\u00e9e au travers d\u2019une saison et d\u2019un festival. Du projet laboratoire au spectacle grand public. V\u00e9ritable lieu de fabrique, POLE-SUD offre, gr\u00e2ce au dispositif des \u00ab Accueils-Studio \u00bb, [&hellip;]","og_url":"https:\/\/hierostrasbourg.com\/index.php\/2022\/04\/20\/pole-sud-strasbourg-recrute-un-attache-aux-relations-avec-les-publics-f-h\/","og_site_name":"HIERO STRASBOURG","article_publisher":"https:\/\/www.facebook.com\/fedehierostrasbourg","article_published_time":"2022-04-20T15:31:12+00:00","twitter_card":"summary_large_image","twitter_creator":"@hierostrasbourg","twitter_site":"@hierostrasbourg","twitter_misc":{"Dur\u00e9e de lecture estim\u00e9e":"1 minute"},"schema":{"@context":"https:\/\/schema.org","@graph":[{"@type":"Article","@id":"https:\/\/hierostrasbourg.com\/index.php\/2022\/04\/20\/pole-sud-strasbourg-recrute-un-attache-aux-relations-avec-les-publics-f-h\/#article","isPartOf":{"@id":"https:\/\/hierostrasbourg.com\/index.php\/2022\/04\/20\/pole-sud-strasbourg-recrute-un-attache-aux-relations-avec-les-publics-f-h\/"},"author":{"name":"","@id":""},"headline":"P\u00d4LE SUD [Strasbourg] recrute un attach\u00e9 aux relations avec les publics [F\/H]","datePublished":"2022-04-20T15:31:12+00:00","mainEntityOfPage":{"@id":"https:\/\/hierostrasbourg.com\/index.php\/2022\/04\/20\/pole-sud-strasbourg-recrute-un-attache-aux-relations-avec-les-publics-f-h\/"},"wordCount":155,"publisher":{"@id":"https:\/\/hierostrasbourg.com\/#organization"},"inLanguage":"fr-FR"},{"@type":"WebPage","@id":"https:\/\/hierostrasbourg.com\/index.php\/2022\/04\/20\/pole-sud-strasbourg-recrute-un-attache-aux-relations-avec-les-publics-f-h\/","url":"https:\/\/hierostrasbourg.com\/index.php\/2022\/04\/20\/pole-sud-strasbourg-recrute-un-attache-aux-relations-avec-les-publics-f-h\/","name":"P\u00d4LE SUD [Strasbourg] recrute un attach\u00e9 aux relations avec les publics [F\/H] - HIERO STRASBOURG","isPartOf":{"@id":"https:\/\/hierostrasbourg.com\/#website"},"datePublished":"2022-04-20T15:31:12+00:00","breadcrumb":{"@id":"https:\/\/hierostrasbourg.com\/index.php\/2022\/04\/20\/pole-sud-strasbourg-recrute-un-attache-aux-relations-avec-les-publics-f-h\/#breadcrumb"},"inLanguage":"fr-FR","potentialAction":[{"@type":"ReadAction","target":["https:\/\/hierostrasbourg.com\/index.php\/2022\/04\/20\/pole-sud-strasbourg-recrute-un-attache-aux-relations-avec-les-publics-f-h\/"]}]},{"@type":"BreadcrumbList","@id":"https:\/\/hierostrasbourg.com\/index.php\/2022\/04\/20\/pole-sud-strasbourg-recrute-un-attache-aux-relations-avec-les-publics-f-h\/#breadcrumb","itemListElement":[{"@type":"ListItem","position":1,"name":"Accueil","item":"https:\/\/hierostrasbourg.com\/"},{"@type":"ListItem","position":2,"name":"P\u00d4LE SUD [Strasbourg] recrute un attach\u00e9 aux relations avec les publics [F\/H]"}]},{"@type":"WebSite","@id":"https:\/\/hierostrasbourg.com\/#website","url":"https:\/\/hierostrasbourg.com\/","name":"HIERO STRASBOURG","description":"Centre de Ressources Musiques Actuelles","publisher":{"@id":"https:\/\/hierostrasbourg.com\/#organization"},"potentialAction":[{"@type":"SearchAction","target":{"@type":"EntryPoint","urlTemplate":"https:\/\/hierostrasbourg.com\/?s={search_term_string}"},"query-input":{"@type":"PropertyValueSpecification","valueRequired":true,"valueName":"search_term_string"}}],"inLanguage":"fr-FR"},{"@type":"Organization","@id":"https:\/\/hierostrasbourg.com\/#organization","name":"F\u00e9d\u00e9ration Hi\u00e9ro Strasbourg","url":"https:\/\/hierostrasbourg.com\/","logo":{"@type":"ImageObject","inLanguage":"fr-FR","@id":"https:\/\/hierostrasbourg.com\/#\/schema\/logo\/image\/","url":"https:\/\/hierostrasbourg.com\/wp-content\/uploads\/2026\/04\/logo-hiero-strasbourg.jpg","contentUrl":"https:\/\/hierostrasbourg.com\/wp-content\/uploads\/2026\/04\/logo-hiero-strasbourg.jpg","width":204,"height":192,"caption":"F\u00e9d\u00e9ration Hi\u00e9ro Strasbourg"},"image":{"@id":"https:\/\/hierostrasbourg.com\/#\/schema\/logo\/image\/"},"sameAs":["https:\/\/www.facebook.com\/fedehierostrasbourg","https:\/\/x.com\/hierostrasbourg"]}]}},"_links":{"self":[{"href":"https:\/\/hierostrasbourg.com\/index.php\/wp-json\/wp\/v2\/posts\/2297","targetHints":{"allow":["GET"]}}],"collection":[{"href":"https:\/\/hierostrasbourg.com\/index.php\/wp-json\/wp\/v2\/posts"}],"about":[{"href":"https:\/\/hierostrasbourg.com\/index.php\/wp-json\/wp\/v2\/types\/post"}],"replies":[{"embeddable":true,"href":"https:\/\/hierostrasbourg.com\/index.php\/wp-json\/wp\/v2\/comments?post=2297"}],"version-history":[{"count":0,"href":"https:\/\/hierostrasbourg.com\/index.php\/wp-json\/wp\/v2\/posts\/2297\/revisions"}],"wp:attachment":[{"href":"https:\/\/hierostrasbourg.com\/index.php\/wp-json\/wp\/v2\/media?parent=2297"}],"wp:term":[{"taxonomy":"category","embeddable":true,"href":"https:\/\/hierostrasbourg.com\/index.php\/wp-json\/wp\/v2\/categories?post=2297"},{"taxonomy":"post_tag","embeddable":true,"href":"https:\/\/hierostrasbourg.com\/index.php\/wp-json\/wp\/v2\/tags?post=2297"}],"curies":[{"name":"wp","href":"https:\/\/api.w.org\/{rel}","templated":true}]}}