{"id":2286,"date":"2022-04-16T22:35:25","date_gmt":"2022-04-16T20:35:25","guid":{"rendered":"https:\/\/hierostrasbourg.com\/index.php\/2022\/04\/16\/le-decret-son-la-bombe-a-retardement-qui-menace-les-festivals\/"},"modified":"2022-04-16T22:35:25","modified_gmt":"2022-04-16T20:35:25","slug":"le-decret-son-la-bombe-a-retardement-qui-menace-les-festivals","status":"publish","type":"post","link":"https:\/\/hierostrasbourg.com\/index.php\/2022\/04\/16\/le-decret-son-la-bombe-a-retardement-qui-menace-les-festivals\/","title":{"rendered":"Le D\u00e9cret Son: la bombe \u00e0 retardement qui menace les festivals"},"content":{"rendered":"<p>Apr\u00e8s deux ann\u00e9es compliqu\u00e9es, une mesure visant \u00e0 prot\u00e9ger les riverains du bruit est apparue dont festivals et salles de musiques amplifi\u00e9es se seraient bien pass\u00e9s. Un texte jug\u00e9 inapplicable par les professionnels, permet aux voisins de faire annuler un \u00e9v\u00e9nement. Source \/ Lire la suite : Le D\u00e9cret Son: la bombe \u00e0 retardement qui menace les festivals<\/p>\n<p>L\u2019article <a href=\"https:\/\/musiquesactuelles.alsace\/le-decret-son-la-bombe-a-retardement-qui-menace-les-festivals\/\">Le D\u00e9cret Son: la bombe \u00e0 retardement qui menace les festivals<\/a> est apparu en premier sur <a href=\"https:\/\/musiquesactuelles.alsace\/\">Musiques Actuelles en Alsace<\/a>.<\/p>\n<p>L\u2019article <a href=\"https:\/\/popburo.fr\/le-decret-son-la-bombe-a-retardement-qui-menace-les-festivals-2\/\">Le D\u00e9cret Son: la bombe \u00e0 retardement qui menace les festivals<\/a> est apparu en premier sur <a href=\"https:\/\/popburo.fr\/\">POP B\u00dcRO<\/a>.<\/p>\n","protected":false},"excerpt":{"rendered":"<p>Apr\u00e8s deux ann\u00e9es compliqu\u00e9es, une mesure visant \u00e0 prot\u00e9ger les riverains du bruit est apparue dont festivals et salles de musiques amplifi\u00e9es se seraient bien pass\u00e9s. Un texte jug\u00e9 inapplicable par les professionnels, permet aux voisins de faire annuler un \u00e9v\u00e9nement. Source \/ Lire la suite : Le D\u00e9cret Son: la bombe \u00e0 retardement qui menace les festivals L\u2019article Le D\u00e9cret Son: la bombe \u00e0 retardement qui menace les festivals est apparu en premier sur Musiques Actuelles en Alsace. L\u2019article [&hellip;]<\/p>\n","protected":false},"author":0,"featured_media":0,"comment_status":"closed","ping_status":"open","sticky":false,"template":"","format":"standard","meta":{"footnotes":""},"categories":[1],"tags":[],"class_list":["post-2286","post","type-post","status-publish","format-standard","hentry","category-non-classe"],"yoast_head":"<!-- This site is optimized with the Yoast SEO plugin v27.4 - https:\/\/yoast.com\/product\/yoast-seo-wordpress\/ -->\n<title>Le D\u00e9cret Son: la bombe \u00e0 retardement qui menace les festivals - HIERO STRASBOURG<\/title>\n<meta name=\"robots\" content=\"index, follow, max-snippet:-1, max-image-preview:large, max-video-preview:-1\" \/>\n<link rel=\"canonical\" href=\"https:\/\/hierostrasbourg.com\/index.php\/2022\/04\/16\/le-decret-son-la-bombe-a-retardement-qui-menace-les-festivals\/\" \/>\n<meta property=\"og:locale\" content=\"fr_FR\" \/>\n<meta property=\"og:type\" content=\"article\" \/>\n<meta property=\"og:title\" content=\"Le D\u00e9cret Son: la bombe \u00e0 retardement qui menace les festivals - HIERO STRASBOURG\" \/>\n<meta property=\"og:description\" content=\"Apr\u00e8s deux ann\u00e9es compliqu\u00e9es, une mesure visant \u00e0 prot\u00e9ger les riverains du bruit est apparue dont festivals et salles de musiques amplifi\u00e9es se seraient bien pass\u00e9s. Un texte jug\u00e9 inapplicable par les professionnels, permet aux voisins de faire annuler un \u00e9v\u00e9nement. Source \/ Lire la suite : Le D\u00e9cret Son: la bombe \u00e0 retardement qui menace les festivals L\u2019article Le D\u00e9cret Son: la bombe \u00e0 retardement qui menace les festivals est apparu en premier sur Musiques Actuelles en Alsace. L\u2019article [&hellip;]\" \/>\n<meta property=\"og:url\" content=\"https:\/\/hierostrasbourg.com\/index.php\/2022\/04\/16\/le-decret-son-la-bombe-a-retardement-qui-menace-les-festivals\/\" \/>\n<meta property=\"og:site_name\" content=\"HIERO STRASBOURG\" \/>\n<meta property=\"article:publisher\" content=\"https:\/\/www.facebook.com\/fedehierostrasbourg\" \/>\n<meta property=\"article:published_time\" content=\"2022-04-16T20:35:25+00:00\" \/>\n<meta name=\"twitter:card\" content=\"summary_large_image\" \/>\n<meta name=\"twitter:creator\" content=\"@hierostrasbourg\" \/>\n<meta name=\"twitter:site\" content=\"@hierostrasbourg\" \/>\n<meta name=\"twitter:label1\" content=\"Dur\u00e9e de lecture estim\u00e9e\" \/>\n\t<meta name=\"twitter:data1\" content=\"1 minute\" \/>\n<script type=\"application\/ld+json\" class=\"yoast-schema-graph\">{\"@context\":\"https:\\\/\\\/schema.org\",\"@graph\":[{\"@type\":\"Article\",\"@id\":\"https:\\\/\\\/hierostrasbourg.com\\\/index.php\\\/2022\\\/04\\\/16\\\/le-decret-son-la-bombe-a-retardement-qui-menace-les-festivals\\\/#article\",\"isPartOf\":{\"@id\":\"https:\\\/\\\/hierostrasbourg.com\\\/index.php\\\/2022\\\/04\\\/16\\\/le-decret-son-la-bombe-a-retardement-qui-menace-les-festivals\\\/\"},\"author\":{\"name\":\"\",\"@id\":\"\"},\"headline\":\"Le D\u00e9cret Son: la bombe \u00e0 retardement qui menace les festivals\",\"datePublished\":\"2022-04-16T20:35:25+00:00\",\"mainEntityOfPage\":{\"@id\":\"https:\\\/\\\/hierostrasbourg.com\\\/index.php\\\/2022\\\/04\\\/16\\\/le-decret-son-la-bombe-a-retardement-qui-menace-les-festivals\\\/\"},\"wordCount\":116,\"publisher\":{\"@id\":\"https:\\\/\\\/hierostrasbourg.com\\\/#organization\"},\"inLanguage\":\"fr-FR\"},{\"@type\":\"WebPage\",\"@id\":\"https:\\\/\\\/hierostrasbourg.com\\\/index.php\\\/2022\\\/04\\\/16\\\/le-decret-son-la-bombe-a-retardement-qui-menace-les-festivals\\\/\",\"url\":\"https:\\\/\\\/hierostrasbourg.com\\\/index.php\\\/2022\\\/04\\\/16\\\/le-decret-son-la-bombe-a-retardement-qui-menace-les-festivals\\\/\",\"name\":\"Le D\u00e9cret Son: la bombe \u00e0 retardement qui menace les festivals - HIERO STRASBOURG\",\"isPartOf\":{\"@id\":\"https:\\\/\\\/hierostrasbourg.com\\\/#website\"},\"datePublished\":\"2022-04-16T20:35:25+00:00\",\"breadcrumb\":{\"@id\":\"https:\\\/\\\/hierostrasbourg.com\\\/index.php\\\/2022\\\/04\\\/16\\\/le-decret-son-la-bombe-a-retardement-qui-menace-les-festivals\\\/#breadcrumb\"},\"inLanguage\":\"fr-FR\",\"potentialAction\":[{\"@type\":\"ReadAction\",\"target\":[\"https:\\\/\\\/hierostrasbourg.com\\\/index.php\\\/2022\\\/04\\\/16\\\/le-decret-son-la-bombe-a-retardement-qui-menace-les-festivals\\\/\"]}]},{\"@type\":\"BreadcrumbList\",\"@id\":\"https:\\\/\\\/hierostrasbourg.com\\\/index.php\\\/2022\\\/04\\\/16\\\/le-decret-son-la-bombe-a-retardement-qui-menace-les-festivals\\\/#breadcrumb\",\"itemListElement\":[{\"@type\":\"ListItem\",\"position\":1,\"name\":\"Accueil\",\"item\":\"https:\\\/\\\/hierostrasbourg.com\\\/\"},{\"@type\":\"ListItem\",\"position\":2,\"name\":\"Le D\u00e9cret Son: la bombe \u00e0 retardement qui menace les festivals\"}]},{\"@type\":\"WebSite\",\"@id\":\"https:\\\/\\\/hierostrasbourg.com\\\/#website\",\"url\":\"https:\\\/\\\/hierostrasbourg.com\\\/\",\"name\":\"HIERO STRASBOURG\",\"description\":\"Centre de Ressources Musiques Actuelles\",\"publisher\":{\"@id\":\"https:\\\/\\\/hierostrasbourg.com\\\/#organization\"},\"potentialAction\":[{\"@type\":\"SearchAction\",\"target\":{\"@type\":\"EntryPoint\",\"urlTemplate\":\"https:\\\/\\\/hierostrasbourg.com\\\/?s={search_term_string}\"},\"query-input\":{\"@type\":\"PropertyValueSpecification\",\"valueRequired\":true,\"valueName\":\"search_term_string\"}}],\"inLanguage\":\"fr-FR\"},{\"@type\":\"Organization\",\"@id\":\"https:\\\/\\\/hierostrasbourg.com\\\/#organization\",\"name\":\"F\u00e9d\u00e9ration Hi\u00e9ro Strasbourg\",\"url\":\"https:\\\/\\\/hierostrasbourg.com\\\/\",\"logo\":{\"@type\":\"ImageObject\",\"inLanguage\":\"fr-FR\",\"@id\":\"https:\\\/\\\/hierostrasbourg.com\\\/#\\\/schema\\\/logo\\\/image\\\/\",\"url\":\"https:\\\/\\\/hierostrasbourg.com\\\/wp-content\\\/uploads\\\/2026\\\/04\\\/logo-hiero-strasbourg.jpg\",\"contentUrl\":\"https:\\\/\\\/hierostrasbourg.com\\\/wp-content\\\/uploads\\\/2026\\\/04\\\/logo-hiero-strasbourg.jpg\",\"width\":204,\"height\":192,\"caption\":\"F\u00e9d\u00e9ration Hi\u00e9ro Strasbourg\"},\"image\":{\"@id\":\"https:\\\/\\\/hierostrasbourg.com\\\/#\\\/schema\\\/logo\\\/image\\\/\"},\"sameAs\":[\"https:\\\/\\\/www.facebook.com\\\/fedehierostrasbourg\",\"https:\\\/\\\/x.com\\\/hierostrasbourg\"]}]}<\/script>\n<!-- \/ Yoast SEO plugin. -->","yoast_head_json":{"title":"Le D\u00e9cret Son: la bombe \u00e0 retardement qui menace les festivals - HIERO STRASBOURG","robots":{"index":"index","follow":"follow","max-snippet":"max-snippet:-1","max-image-preview":"max-image-preview:large","max-video-preview":"max-video-preview:-1"},"canonical":"https:\/\/hierostrasbourg.com\/index.php\/2022\/04\/16\/le-decret-son-la-bombe-a-retardement-qui-menace-les-festivals\/","og_locale":"fr_FR","og_type":"article","og_title":"Le D\u00e9cret Son: la bombe \u00e0 retardement qui menace les festivals - HIERO STRASBOURG","og_description":"Apr\u00e8s deux ann\u00e9es compliqu\u00e9es, une mesure visant \u00e0 prot\u00e9ger les riverains du bruit est apparue dont festivals et salles de musiques amplifi\u00e9es se seraient bien pass\u00e9s. Un texte jug\u00e9 inapplicable par les professionnels, permet aux voisins de faire annuler un \u00e9v\u00e9nement. Source \/ Lire la suite : Le D\u00e9cret Son: la bombe \u00e0 retardement qui menace les festivals L\u2019article Le D\u00e9cret Son: la bombe \u00e0 retardement qui menace les festivals est apparu en premier sur Musiques Actuelles en Alsace. L\u2019article [&hellip;]","og_url":"https:\/\/hierostrasbourg.com\/index.php\/2022\/04\/16\/le-decret-son-la-bombe-a-retardement-qui-menace-les-festivals\/","og_site_name":"HIERO STRASBOURG","article_publisher":"https:\/\/www.facebook.com\/fedehierostrasbourg","article_published_time":"2022-04-16T20:35:25+00:00","twitter_card":"summary_large_image","twitter_creator":"@hierostrasbourg","twitter_site":"@hierostrasbourg","twitter_misc":{"Dur\u00e9e de lecture estim\u00e9e":"1 minute"},"schema":{"@context":"https:\/\/schema.org","@graph":[{"@type":"Article","@id":"https:\/\/hierostrasbourg.com\/index.php\/2022\/04\/16\/le-decret-son-la-bombe-a-retardement-qui-menace-les-festivals\/#article","isPartOf":{"@id":"https:\/\/hierostrasbourg.com\/index.php\/2022\/04\/16\/le-decret-son-la-bombe-a-retardement-qui-menace-les-festivals\/"},"author":{"name":"","@id":""},"headline":"Le D\u00e9cret Son: la bombe \u00e0 retardement qui menace les festivals","datePublished":"2022-04-16T20:35:25+00:00","mainEntityOfPage":{"@id":"https:\/\/hierostrasbourg.com\/index.php\/2022\/04\/16\/le-decret-son-la-bombe-a-retardement-qui-menace-les-festivals\/"},"wordCount":116,"publisher":{"@id":"https:\/\/hierostrasbourg.com\/#organization"},"inLanguage":"fr-FR"},{"@type":"WebPage","@id":"https:\/\/hierostrasbourg.com\/index.php\/2022\/04\/16\/le-decret-son-la-bombe-a-retardement-qui-menace-les-festivals\/","url":"https:\/\/hierostrasbourg.com\/index.php\/2022\/04\/16\/le-decret-son-la-bombe-a-retardement-qui-menace-les-festivals\/","name":"Le D\u00e9cret Son: la bombe \u00e0 retardement qui menace les festivals - HIERO STRASBOURG","isPartOf":{"@id":"https:\/\/hierostrasbourg.com\/#website"},"datePublished":"2022-04-16T20:35:25+00:00","breadcrumb":{"@id":"https:\/\/hierostrasbourg.com\/index.php\/2022\/04\/16\/le-decret-son-la-bombe-a-retardement-qui-menace-les-festivals\/#breadcrumb"},"inLanguage":"fr-FR","potentialAction":[{"@type":"ReadAction","target":["https:\/\/hierostrasbourg.com\/index.php\/2022\/04\/16\/le-decret-son-la-bombe-a-retardement-qui-menace-les-festivals\/"]}]},{"@type":"BreadcrumbList","@id":"https:\/\/hierostrasbourg.com\/index.php\/2022\/04\/16\/le-decret-son-la-bombe-a-retardement-qui-menace-les-festivals\/#breadcrumb","itemListElement":[{"@type":"ListItem","position":1,"name":"Accueil","item":"https:\/\/hierostrasbourg.com\/"},{"@type":"ListItem","position":2,"name":"Le D\u00e9cret Son: la bombe \u00e0 retardement qui menace les festivals"}]},{"@type":"WebSite","@id":"https:\/\/hierostrasbourg.com\/#website","url":"https:\/\/hierostrasbourg.com\/","name":"HIERO STRASBOURG","description":"Centre de Ressources Musiques Actuelles","publisher":{"@id":"https:\/\/hierostrasbourg.com\/#organization"},"potentialAction":[{"@type":"SearchAction","target":{"@type":"EntryPoint","urlTemplate":"https:\/\/hierostrasbourg.com\/?s={search_term_string}"},"query-input":{"@type":"PropertyValueSpecification","valueRequired":true,"valueName":"search_term_string"}}],"inLanguage":"fr-FR"},{"@type":"Organization","@id":"https:\/\/hierostrasbourg.com\/#organization","name":"F\u00e9d\u00e9ration Hi\u00e9ro Strasbourg","url":"https:\/\/hierostrasbourg.com\/","logo":{"@type":"ImageObject","inLanguage":"fr-FR","@id":"https:\/\/hierostrasbourg.com\/#\/schema\/logo\/image\/","url":"https:\/\/hierostrasbourg.com\/wp-content\/uploads\/2026\/04\/logo-hiero-strasbourg.jpg","contentUrl":"https:\/\/hierostrasbourg.com\/wp-content\/uploads\/2026\/04\/logo-hiero-strasbourg.jpg","width":204,"height":192,"caption":"F\u00e9d\u00e9ration Hi\u00e9ro Strasbourg"},"image":{"@id":"https:\/\/hierostrasbourg.com\/#\/schema\/logo\/image\/"},"sameAs":["https:\/\/www.facebook.com\/fedehierostrasbourg","https:\/\/x.com\/hierostrasbourg"]}]}},"_links":{"self":[{"href":"https:\/\/hierostrasbourg.com\/index.php\/wp-json\/wp\/v2\/posts\/2286","targetHints":{"allow":["GET"]}}],"collection":[{"href":"https:\/\/hierostrasbourg.com\/index.php\/wp-json\/wp\/v2\/posts"}],"about":[{"href":"https:\/\/hierostrasbourg.com\/index.php\/wp-json\/wp\/v2\/types\/post"}],"replies":[{"embeddable":true,"href":"https:\/\/hierostrasbourg.com\/index.php\/wp-json\/wp\/v2\/comments?post=2286"}],"version-history":[{"count":0,"href":"https:\/\/hierostrasbourg.com\/index.php\/wp-json\/wp\/v2\/posts\/2286\/revisions"}],"wp:attachment":[{"href":"https:\/\/hierostrasbourg.com\/index.php\/wp-json\/wp\/v2\/media?parent=2286"}],"wp:term":[{"taxonomy":"category","embeddable":true,"href":"https:\/\/hierostrasbourg.com\/index.php\/wp-json\/wp\/v2\/categories?post=2286"},{"taxonomy":"post_tag","embeddable":true,"href":"https:\/\/hierostrasbourg.com\/index.php\/wp-json\/wp\/v2\/tags?post=2286"}],"curies":[{"name":"wp","href":"https:\/\/api.w.org\/{rel}","templated":true}]}}