{"id":2284,"date":"2022-04-16T09:31:45","date_gmt":"2022-04-16T07:31:45","guid":{"rendered":"https:\/\/hierostrasbourg.com\/index.php\/2022\/04\/16\/spectacle-vivant-laide-temporaire-aux-employeurs-est-prolongee-2\/"},"modified":"2022-04-16T09:31:45","modified_gmt":"2022-04-16T07:31:45","slug":"spectacle-vivant-laide-temporaire-aux-employeurs-est-prolongee-2","status":"publish","type":"post","link":"https:\/\/hierostrasbourg.com\/index.php\/2022\/04\/16\/spectacle-vivant-laide-temporaire-aux-employeurs-est-prolongee-2\/","title":{"rendered":"Spectacle vivant : l\u2019aide temporaire aux employeurs est prolong\u00e9e"},"content":{"rendered":"<p>Le d\u00e9cret n\u00b0 2021-1178 du 13 septembre 2021 avait institu\u00e9 une aide temporaire aux employeurs organisateurs de spectacles vivants entrant dans le champ d\u2019application du guichet unique pour le spectacle vivant (Guso), visant \u00e0 soutenir l\u2019emploi artistique (artiste du spectacle et technicien concourant au spectacle) dans le cadre de la crise sanitaire. Source \/ Lire la suite : Spectacle vivant : l\u2019aide temporaire aux employeurs est prolong\u00e9e<\/p>\n<p>L\u2019article <a href=\"https:\/\/musiquesactuelles.alsace\/spectacle-vivant-laide-temporaire-aux-employeurs-est-prolongee\/\">Spectacle vivant : l\u2019aide temporaire aux employeurs est prolong\u00e9e<\/a> est apparu en premier sur <a href=\"https:\/\/musiquesactuelles.alsace\/\">Musiques Actuelles en Alsace<\/a>.<\/p>\n<p>L\u2019article <a href=\"https:\/\/popburo.fr\/spectacle-vivant-laide-temporaire-aux-employeurs-est-prolongee-2\/\">Spectacle vivant : l\u2019aide temporaire aux employeurs est prolong\u00e9e<\/a> est apparu en premier sur <a href=\"https:\/\/popburo.fr\/\">POP B\u00dcRO<\/a>.<\/p>\n","protected":false},"excerpt":{"rendered":"<p>Le d\u00e9cret n\u00b0 2021-1178 du 13 septembre 2021 avait institu\u00e9 une aide temporaire aux employeurs organisateurs de spectacles vivants entrant dans le champ d\u2019application du guichet unique pour le spectacle vivant (Guso), visant \u00e0 soutenir l\u2019emploi artistique (artiste du spectacle et technicien concourant au spectacle) dans le cadre de la crise sanitaire. Source \/ Lire la suite : Spectacle vivant : l\u2019aide temporaire aux employeurs est prolong\u00e9e L\u2019article Spectacle vivant : l\u2019aide temporaire aux employeurs est prolong\u00e9e est apparu en [&hellip;]<\/p>\n","protected":false},"author":0,"featured_media":0,"comment_status":"closed","ping_status":"open","sticky":false,"template":"","format":"standard","meta":{"footnotes":""},"categories":[1],"tags":[],"class_list":["post-2284","post","type-post","status-publish","format-standard","hentry","category-non-classe"],"yoast_head":"<!-- This site is optimized with the Yoast SEO plugin v27.4 - https:\/\/yoast.com\/product\/yoast-seo-wordpress\/ -->\n<title>Spectacle vivant : l\u2019aide temporaire aux employeurs est prolong\u00e9e - HIERO STRASBOURG<\/title>\n<meta name=\"robots\" content=\"index, follow, max-snippet:-1, max-image-preview:large, max-video-preview:-1\" \/>\n<link rel=\"canonical\" href=\"https:\/\/hierostrasbourg.com\/index.php\/2022\/04\/16\/spectacle-vivant-laide-temporaire-aux-employeurs-est-prolongee-2\/\" \/>\n<meta property=\"og:locale\" content=\"fr_FR\" \/>\n<meta property=\"og:type\" content=\"article\" \/>\n<meta property=\"og:title\" content=\"Spectacle vivant : l\u2019aide temporaire aux employeurs est prolong\u00e9e - HIERO STRASBOURG\" \/>\n<meta property=\"og:description\" content=\"Le d\u00e9cret n\u00b0 2021-1178 du 13 septembre 2021 avait institu\u00e9 une aide temporaire aux employeurs organisateurs de spectacles vivants entrant dans le champ d\u2019application du guichet unique pour le spectacle vivant (Guso), visant \u00e0 soutenir l\u2019emploi artistique (artiste du spectacle et technicien concourant au spectacle) dans le cadre de la crise sanitaire. Source \/ Lire la suite : Spectacle vivant : l\u2019aide temporaire aux employeurs est prolong\u00e9e L\u2019article Spectacle vivant : l\u2019aide temporaire aux employeurs est prolong\u00e9e est apparu en [&hellip;]\" \/>\n<meta property=\"og:url\" content=\"https:\/\/hierostrasbourg.com\/index.php\/2022\/04\/16\/spectacle-vivant-laide-temporaire-aux-employeurs-est-prolongee-2\/\" \/>\n<meta property=\"og:site_name\" content=\"HIERO STRASBOURG\" \/>\n<meta property=\"article:publisher\" content=\"https:\/\/www.facebook.com\/fedehierostrasbourg\" \/>\n<meta property=\"article:published_time\" content=\"2022-04-16T07:31:45+00:00\" \/>\n<meta name=\"twitter:card\" content=\"summary_large_image\" \/>\n<meta name=\"twitter:creator\" content=\"@hierostrasbourg\" \/>\n<meta name=\"twitter:site\" content=\"@hierostrasbourg\" \/>\n<meta name=\"twitter:label1\" content=\"Dur\u00e9e de lecture estim\u00e9e\" \/>\n\t<meta name=\"twitter:data1\" content=\"1 minute\" \/>\n<script type=\"application\/ld+json\" class=\"yoast-schema-graph\">{\"@context\":\"https:\\\/\\\/schema.org\",\"@graph\":[{\"@type\":\"Article\",\"@id\":\"https:\\\/\\\/hierostrasbourg.com\\\/index.php\\\/2022\\\/04\\\/16\\\/spectacle-vivant-laide-temporaire-aux-employeurs-est-prolongee-2\\\/#article\",\"isPartOf\":{\"@id\":\"https:\\\/\\\/hierostrasbourg.com\\\/index.php\\\/2022\\\/04\\\/16\\\/spectacle-vivant-laide-temporaire-aux-employeurs-est-prolongee-2\\\/\"},\"author\":{\"name\":\"\",\"@id\":\"\"},\"headline\":\"Spectacle vivant : l\u2019aide temporaire aux employeurs est prolong\u00e9e\",\"datePublished\":\"2022-04-16T07:31:45+00:00\",\"mainEntityOfPage\":{\"@id\":\"https:\\\/\\\/hierostrasbourg.com\\\/index.php\\\/2022\\\/04\\\/16\\\/spectacle-vivant-laide-temporaire-aux-employeurs-est-prolongee-2\\\/\"},\"wordCount\":117,\"publisher\":{\"@id\":\"https:\\\/\\\/hierostrasbourg.com\\\/#organization\"},\"inLanguage\":\"fr-FR\"},{\"@type\":\"WebPage\",\"@id\":\"https:\\\/\\\/hierostrasbourg.com\\\/index.php\\\/2022\\\/04\\\/16\\\/spectacle-vivant-laide-temporaire-aux-employeurs-est-prolongee-2\\\/\",\"url\":\"https:\\\/\\\/hierostrasbourg.com\\\/index.php\\\/2022\\\/04\\\/16\\\/spectacle-vivant-laide-temporaire-aux-employeurs-est-prolongee-2\\\/\",\"name\":\"Spectacle vivant : l\u2019aide temporaire aux employeurs est prolong\u00e9e - HIERO STRASBOURG\",\"isPartOf\":{\"@id\":\"https:\\\/\\\/hierostrasbourg.com\\\/#website\"},\"datePublished\":\"2022-04-16T07:31:45+00:00\",\"breadcrumb\":{\"@id\":\"https:\\\/\\\/hierostrasbourg.com\\\/index.php\\\/2022\\\/04\\\/16\\\/spectacle-vivant-laide-temporaire-aux-employeurs-est-prolongee-2\\\/#breadcrumb\"},\"inLanguage\":\"fr-FR\",\"potentialAction\":[{\"@type\":\"ReadAction\",\"target\":[\"https:\\\/\\\/hierostrasbourg.com\\\/index.php\\\/2022\\\/04\\\/16\\\/spectacle-vivant-laide-temporaire-aux-employeurs-est-prolongee-2\\\/\"]}]},{\"@type\":\"BreadcrumbList\",\"@id\":\"https:\\\/\\\/hierostrasbourg.com\\\/index.php\\\/2022\\\/04\\\/16\\\/spectacle-vivant-laide-temporaire-aux-employeurs-est-prolongee-2\\\/#breadcrumb\",\"itemListElement\":[{\"@type\":\"ListItem\",\"position\":1,\"name\":\"Accueil\",\"item\":\"https:\\\/\\\/hierostrasbourg.com\\\/\"},{\"@type\":\"ListItem\",\"position\":2,\"name\":\"Spectacle vivant : l\u2019aide temporaire aux employeurs est prolong\u00e9e\"}]},{\"@type\":\"WebSite\",\"@id\":\"https:\\\/\\\/hierostrasbourg.com\\\/#website\",\"url\":\"https:\\\/\\\/hierostrasbourg.com\\\/\",\"name\":\"HIERO STRASBOURG\",\"description\":\"Centre de Ressources Musiques Actuelles\",\"publisher\":{\"@id\":\"https:\\\/\\\/hierostrasbourg.com\\\/#organization\"},\"potentialAction\":[{\"@type\":\"SearchAction\",\"target\":{\"@type\":\"EntryPoint\",\"urlTemplate\":\"https:\\\/\\\/hierostrasbourg.com\\\/?s={search_term_string}\"},\"query-input\":{\"@type\":\"PropertyValueSpecification\",\"valueRequired\":true,\"valueName\":\"search_term_string\"}}],\"inLanguage\":\"fr-FR\"},{\"@type\":\"Organization\",\"@id\":\"https:\\\/\\\/hierostrasbourg.com\\\/#organization\",\"name\":\"F\u00e9d\u00e9ration Hi\u00e9ro Strasbourg\",\"url\":\"https:\\\/\\\/hierostrasbourg.com\\\/\",\"logo\":{\"@type\":\"ImageObject\",\"inLanguage\":\"fr-FR\",\"@id\":\"https:\\\/\\\/hierostrasbourg.com\\\/#\\\/schema\\\/logo\\\/image\\\/\",\"url\":\"https:\\\/\\\/hierostrasbourg.com\\\/wp-content\\\/uploads\\\/2026\\\/04\\\/logo-hiero-strasbourg.jpg\",\"contentUrl\":\"https:\\\/\\\/hierostrasbourg.com\\\/wp-content\\\/uploads\\\/2026\\\/04\\\/logo-hiero-strasbourg.jpg\",\"width\":204,\"height\":192,\"caption\":\"F\u00e9d\u00e9ration Hi\u00e9ro Strasbourg\"},\"image\":{\"@id\":\"https:\\\/\\\/hierostrasbourg.com\\\/#\\\/schema\\\/logo\\\/image\\\/\"},\"sameAs\":[\"https:\\\/\\\/www.facebook.com\\\/fedehierostrasbourg\",\"https:\\\/\\\/x.com\\\/hierostrasbourg\"]}]}<\/script>\n<!-- \/ Yoast SEO plugin. -->","yoast_head_json":{"title":"Spectacle vivant : l\u2019aide temporaire aux employeurs est prolong\u00e9e - HIERO STRASBOURG","robots":{"index":"index","follow":"follow","max-snippet":"max-snippet:-1","max-image-preview":"max-image-preview:large","max-video-preview":"max-video-preview:-1"},"canonical":"https:\/\/hierostrasbourg.com\/index.php\/2022\/04\/16\/spectacle-vivant-laide-temporaire-aux-employeurs-est-prolongee-2\/","og_locale":"fr_FR","og_type":"article","og_title":"Spectacle vivant : l\u2019aide temporaire aux employeurs est prolong\u00e9e - HIERO STRASBOURG","og_description":"Le d\u00e9cret n\u00b0 2021-1178 du 13 septembre 2021 avait institu\u00e9 une aide temporaire aux employeurs organisateurs de spectacles vivants entrant dans le champ d\u2019application du guichet unique pour le spectacle vivant (Guso), visant \u00e0 soutenir l\u2019emploi artistique (artiste du spectacle et technicien concourant au spectacle) dans le cadre de la crise sanitaire. Source \/ Lire la suite : Spectacle vivant : l\u2019aide temporaire aux employeurs est prolong\u00e9e L\u2019article Spectacle vivant : l\u2019aide temporaire aux employeurs est prolong\u00e9e est apparu en [&hellip;]","og_url":"https:\/\/hierostrasbourg.com\/index.php\/2022\/04\/16\/spectacle-vivant-laide-temporaire-aux-employeurs-est-prolongee-2\/","og_site_name":"HIERO STRASBOURG","article_publisher":"https:\/\/www.facebook.com\/fedehierostrasbourg","article_published_time":"2022-04-16T07:31:45+00:00","twitter_card":"summary_large_image","twitter_creator":"@hierostrasbourg","twitter_site":"@hierostrasbourg","twitter_misc":{"Dur\u00e9e de lecture estim\u00e9e":"1 minute"},"schema":{"@context":"https:\/\/schema.org","@graph":[{"@type":"Article","@id":"https:\/\/hierostrasbourg.com\/index.php\/2022\/04\/16\/spectacle-vivant-laide-temporaire-aux-employeurs-est-prolongee-2\/#article","isPartOf":{"@id":"https:\/\/hierostrasbourg.com\/index.php\/2022\/04\/16\/spectacle-vivant-laide-temporaire-aux-employeurs-est-prolongee-2\/"},"author":{"name":"","@id":""},"headline":"Spectacle vivant : l\u2019aide temporaire aux employeurs est prolong\u00e9e","datePublished":"2022-04-16T07:31:45+00:00","mainEntityOfPage":{"@id":"https:\/\/hierostrasbourg.com\/index.php\/2022\/04\/16\/spectacle-vivant-laide-temporaire-aux-employeurs-est-prolongee-2\/"},"wordCount":117,"publisher":{"@id":"https:\/\/hierostrasbourg.com\/#organization"},"inLanguage":"fr-FR"},{"@type":"WebPage","@id":"https:\/\/hierostrasbourg.com\/index.php\/2022\/04\/16\/spectacle-vivant-laide-temporaire-aux-employeurs-est-prolongee-2\/","url":"https:\/\/hierostrasbourg.com\/index.php\/2022\/04\/16\/spectacle-vivant-laide-temporaire-aux-employeurs-est-prolongee-2\/","name":"Spectacle vivant : l\u2019aide temporaire aux employeurs est prolong\u00e9e - HIERO STRASBOURG","isPartOf":{"@id":"https:\/\/hierostrasbourg.com\/#website"},"datePublished":"2022-04-16T07:31:45+00:00","breadcrumb":{"@id":"https:\/\/hierostrasbourg.com\/index.php\/2022\/04\/16\/spectacle-vivant-laide-temporaire-aux-employeurs-est-prolongee-2\/#breadcrumb"},"inLanguage":"fr-FR","potentialAction":[{"@type":"ReadAction","target":["https:\/\/hierostrasbourg.com\/index.php\/2022\/04\/16\/spectacle-vivant-laide-temporaire-aux-employeurs-est-prolongee-2\/"]}]},{"@type":"BreadcrumbList","@id":"https:\/\/hierostrasbourg.com\/index.php\/2022\/04\/16\/spectacle-vivant-laide-temporaire-aux-employeurs-est-prolongee-2\/#breadcrumb","itemListElement":[{"@type":"ListItem","position":1,"name":"Accueil","item":"https:\/\/hierostrasbourg.com\/"},{"@type":"ListItem","position":2,"name":"Spectacle vivant : l\u2019aide temporaire aux employeurs est prolong\u00e9e"}]},{"@type":"WebSite","@id":"https:\/\/hierostrasbourg.com\/#website","url":"https:\/\/hierostrasbourg.com\/","name":"HIERO STRASBOURG","description":"Centre de Ressources Musiques Actuelles","publisher":{"@id":"https:\/\/hierostrasbourg.com\/#organization"},"potentialAction":[{"@type":"SearchAction","target":{"@type":"EntryPoint","urlTemplate":"https:\/\/hierostrasbourg.com\/?s={search_term_string}"},"query-input":{"@type":"PropertyValueSpecification","valueRequired":true,"valueName":"search_term_string"}}],"inLanguage":"fr-FR"},{"@type":"Organization","@id":"https:\/\/hierostrasbourg.com\/#organization","name":"F\u00e9d\u00e9ration Hi\u00e9ro Strasbourg","url":"https:\/\/hierostrasbourg.com\/","logo":{"@type":"ImageObject","inLanguage":"fr-FR","@id":"https:\/\/hierostrasbourg.com\/#\/schema\/logo\/image\/","url":"https:\/\/hierostrasbourg.com\/wp-content\/uploads\/2026\/04\/logo-hiero-strasbourg.jpg","contentUrl":"https:\/\/hierostrasbourg.com\/wp-content\/uploads\/2026\/04\/logo-hiero-strasbourg.jpg","width":204,"height":192,"caption":"F\u00e9d\u00e9ration Hi\u00e9ro Strasbourg"},"image":{"@id":"https:\/\/hierostrasbourg.com\/#\/schema\/logo\/image\/"},"sameAs":["https:\/\/www.facebook.com\/fedehierostrasbourg","https:\/\/x.com\/hierostrasbourg"]}]}},"_links":{"self":[{"href":"https:\/\/hierostrasbourg.com\/index.php\/wp-json\/wp\/v2\/posts\/2284","targetHints":{"allow":["GET"]}}],"collection":[{"href":"https:\/\/hierostrasbourg.com\/index.php\/wp-json\/wp\/v2\/posts"}],"about":[{"href":"https:\/\/hierostrasbourg.com\/index.php\/wp-json\/wp\/v2\/types\/post"}],"replies":[{"embeddable":true,"href":"https:\/\/hierostrasbourg.com\/index.php\/wp-json\/wp\/v2\/comments?post=2284"}],"version-history":[{"count":0,"href":"https:\/\/hierostrasbourg.com\/index.php\/wp-json\/wp\/v2\/posts\/2284\/revisions"}],"wp:attachment":[{"href":"https:\/\/hierostrasbourg.com\/index.php\/wp-json\/wp\/v2\/media?parent=2284"}],"wp:term":[{"taxonomy":"category","embeddable":true,"href":"https:\/\/hierostrasbourg.com\/index.php\/wp-json\/wp\/v2\/categories?post=2284"},{"taxonomy":"post_tag","embeddable":true,"href":"https:\/\/hierostrasbourg.com\/index.php\/wp-json\/wp\/v2\/tags?post=2284"}],"curies":[{"name":"wp","href":"https:\/\/api.w.org\/{rel}","templated":true}]}}