{"id":2282,"date":"2022-04-16T09:31:45","date_gmt":"2022-04-16T07:31:45","guid":{"rendered":"https:\/\/hierostrasbourg.com\/index.php\/2022\/04\/16\/parcours-transition-ecologique-au-cnm-2\/"},"modified":"2022-04-16T09:31:45","modified_gmt":"2022-04-16T07:31:45","slug":"parcours-transition-ecologique-au-cnm-2","status":"publish","type":"post","link":"https:\/\/hierostrasbourg.com\/index.php\/2022\/04\/16\/parcours-transition-ecologique-au-cnm-2\/","title":{"rendered":"Parcours Transition \u00e9cologique au CNM"},"content":{"rendered":"<p>communiqu\u00e9 Mise \u00e0 disposition de ressources, d\u2019une veille d\u2019actualit\u00e9s, de bonnes pratiques et de la mise en avant des initiatives individuelles et collectives via une page d\u00e9di\u00e9e sur le site du CNM. Sensibilisation : cr\u00e9ation d\u2019ateliers au CNM et de capsules en ligne. \u00c9tudes : lancement d\u2019\u00e9tudes sp\u00e9cifiques pour compl\u00e9ter la connaissance sur la musique et la transition \u00e9cologique. Outils : participation \u00e0 la cr\u00e9ation d\u2019outils de diagnostic de l\u2019empreinte carbone et environnementale de la fili\u00e8re musicale Formation : adaptation [\u2026]<\/p>\n<p>L\u2019article <a href=\"https:\/\/musiquesactuelles.alsace\/parcours-transition-ecologique-au-cnm\/\">Parcours Transition \u00e9cologique au CNM<\/a> est apparu en premier sur <a href=\"https:\/\/musiquesactuelles.alsace\/\">Musiques Actuelles en Alsace<\/a>.<\/p>\n<p>L\u2019article <a href=\"https:\/\/popburo.fr\/parcours-transition-ecologique-au-cnm-2\/\">Parcours Transition \u00e9cologique au CNM<\/a> est apparu en premier sur <a href=\"https:\/\/popburo.fr\/\">POP B\u00dcRO<\/a>.<\/p>\n","protected":false},"excerpt":{"rendered":"<p>communiqu\u00e9 Mise \u00e0 disposition de ressources, d\u2019une veille d\u2019actualit\u00e9s, de bonnes pratiques et de la mise en avant des initiatives individuelles et collectives via une page d\u00e9di\u00e9e sur le site du CNM. Sensibilisation : cr\u00e9ation d\u2019ateliers au CNM et de capsules en ligne. \u00c9tudes : lancement d\u2019\u00e9tudes sp\u00e9cifiques pour compl\u00e9ter la connaissance sur la musique et la transition \u00e9cologique. Outils : participation \u00e0 la cr\u00e9ation d\u2019outils de diagnostic de l\u2019empreinte carbone et environnementale de la fili\u00e8re musicale Formation : adaptation [&hellip;]<\/p>\n","protected":false},"author":0,"featured_media":0,"comment_status":"closed","ping_status":"open","sticky":false,"template":"","format":"standard","meta":{"footnotes":""},"categories":[1],"tags":[],"class_list":["post-2282","post","type-post","status-publish","format-standard","hentry","category-non-classe"],"yoast_head":"<!-- This site is optimized with the Yoast SEO plugin v27.4 - https:\/\/yoast.com\/product\/yoast-seo-wordpress\/ -->\n<title>Parcours Transition \u00e9cologique au CNM - HIERO STRASBOURG<\/title>\n<meta name=\"robots\" content=\"index, follow, max-snippet:-1, max-image-preview:large, max-video-preview:-1\" \/>\n<link rel=\"canonical\" href=\"https:\/\/hierostrasbourg.com\/index.php\/2022\/04\/16\/parcours-transition-ecologique-au-cnm-2\/\" \/>\n<meta property=\"og:locale\" content=\"fr_FR\" \/>\n<meta property=\"og:type\" content=\"article\" \/>\n<meta property=\"og:title\" content=\"Parcours Transition \u00e9cologique au CNM - HIERO STRASBOURG\" \/>\n<meta property=\"og:description\" content=\"communiqu\u00e9 Mise \u00e0 disposition de ressources, d\u2019une veille d\u2019actualit\u00e9s, de bonnes pratiques et de la mise en avant des initiatives individuelles et collectives via une page d\u00e9di\u00e9e sur le site du CNM. Sensibilisation : cr\u00e9ation d\u2019ateliers au CNM et de capsules en ligne. \u00c9tudes : lancement d\u2019\u00e9tudes sp\u00e9cifiques pour compl\u00e9ter la connaissance sur la musique et la transition \u00e9cologique. Outils : participation \u00e0 la cr\u00e9ation d\u2019outils de diagnostic de l\u2019empreinte carbone et environnementale de la fili\u00e8re musicale Formation : adaptation [&hellip;]\" \/>\n<meta property=\"og:url\" content=\"https:\/\/hierostrasbourg.com\/index.php\/2022\/04\/16\/parcours-transition-ecologique-au-cnm-2\/\" \/>\n<meta property=\"og:site_name\" content=\"HIERO STRASBOURG\" \/>\n<meta property=\"article:publisher\" content=\"https:\/\/www.facebook.com\/fedehierostrasbourg\" \/>\n<meta property=\"article:published_time\" content=\"2022-04-16T07:31:45+00:00\" \/>\n<meta name=\"twitter:card\" content=\"summary_large_image\" \/>\n<meta name=\"twitter:creator\" content=\"@hierostrasbourg\" \/>\n<meta name=\"twitter:site\" content=\"@hierostrasbourg\" \/>\n<meta name=\"twitter:label1\" content=\"Dur\u00e9e de lecture estim\u00e9e\" \/>\n\t<meta name=\"twitter:data1\" content=\"1 minute\" \/>\n<script type=\"application\/ld+json\" class=\"yoast-schema-graph\">{\"@context\":\"https:\\\/\\\/schema.org\",\"@graph\":[{\"@type\":\"Article\",\"@id\":\"https:\\\/\\\/hierostrasbourg.com\\\/index.php\\\/2022\\\/04\\\/16\\\/parcours-transition-ecologique-au-cnm-2\\\/#article\",\"isPartOf\":{\"@id\":\"https:\\\/\\\/hierostrasbourg.com\\\/index.php\\\/2022\\\/04\\\/16\\\/parcours-transition-ecologique-au-cnm-2\\\/\"},\"author\":{\"name\":\"\",\"@id\":\"\"},\"headline\":\"Parcours Transition \u00e9cologique au CNM\",\"datePublished\":\"2022-04-16T07:31:45+00:00\",\"mainEntityOfPage\":{\"@id\":\"https:\\\/\\\/hierostrasbourg.com\\\/index.php\\\/2022\\\/04\\\/16\\\/parcours-transition-ecologique-au-cnm-2\\\/\"},\"wordCount\":124,\"publisher\":{\"@id\":\"https:\\\/\\\/hierostrasbourg.com\\\/#organization\"},\"inLanguage\":\"fr-FR\"},{\"@type\":\"WebPage\",\"@id\":\"https:\\\/\\\/hierostrasbourg.com\\\/index.php\\\/2022\\\/04\\\/16\\\/parcours-transition-ecologique-au-cnm-2\\\/\",\"url\":\"https:\\\/\\\/hierostrasbourg.com\\\/index.php\\\/2022\\\/04\\\/16\\\/parcours-transition-ecologique-au-cnm-2\\\/\",\"name\":\"Parcours Transition \u00e9cologique au CNM - HIERO STRASBOURG\",\"isPartOf\":{\"@id\":\"https:\\\/\\\/hierostrasbourg.com\\\/#website\"},\"datePublished\":\"2022-04-16T07:31:45+00:00\",\"breadcrumb\":{\"@id\":\"https:\\\/\\\/hierostrasbourg.com\\\/index.php\\\/2022\\\/04\\\/16\\\/parcours-transition-ecologique-au-cnm-2\\\/#breadcrumb\"},\"inLanguage\":\"fr-FR\",\"potentialAction\":[{\"@type\":\"ReadAction\",\"target\":[\"https:\\\/\\\/hierostrasbourg.com\\\/index.php\\\/2022\\\/04\\\/16\\\/parcours-transition-ecologique-au-cnm-2\\\/\"]}]},{\"@type\":\"BreadcrumbList\",\"@id\":\"https:\\\/\\\/hierostrasbourg.com\\\/index.php\\\/2022\\\/04\\\/16\\\/parcours-transition-ecologique-au-cnm-2\\\/#breadcrumb\",\"itemListElement\":[{\"@type\":\"ListItem\",\"position\":1,\"name\":\"Accueil\",\"item\":\"https:\\\/\\\/hierostrasbourg.com\\\/\"},{\"@type\":\"ListItem\",\"position\":2,\"name\":\"Parcours Transition \u00e9cologique au CNM\"}]},{\"@type\":\"WebSite\",\"@id\":\"https:\\\/\\\/hierostrasbourg.com\\\/#website\",\"url\":\"https:\\\/\\\/hierostrasbourg.com\\\/\",\"name\":\"HIERO STRASBOURG\",\"description\":\"Centre de Ressources Musiques Actuelles\",\"publisher\":{\"@id\":\"https:\\\/\\\/hierostrasbourg.com\\\/#organization\"},\"potentialAction\":[{\"@type\":\"SearchAction\",\"target\":{\"@type\":\"EntryPoint\",\"urlTemplate\":\"https:\\\/\\\/hierostrasbourg.com\\\/?s={search_term_string}\"},\"query-input\":{\"@type\":\"PropertyValueSpecification\",\"valueRequired\":true,\"valueName\":\"search_term_string\"}}],\"inLanguage\":\"fr-FR\"},{\"@type\":\"Organization\",\"@id\":\"https:\\\/\\\/hierostrasbourg.com\\\/#organization\",\"name\":\"F\u00e9d\u00e9ration Hi\u00e9ro Strasbourg\",\"url\":\"https:\\\/\\\/hierostrasbourg.com\\\/\",\"logo\":{\"@type\":\"ImageObject\",\"inLanguage\":\"fr-FR\",\"@id\":\"https:\\\/\\\/hierostrasbourg.com\\\/#\\\/schema\\\/logo\\\/image\\\/\",\"url\":\"https:\\\/\\\/hierostrasbourg.com\\\/wp-content\\\/uploads\\\/2026\\\/04\\\/logo-hiero-strasbourg.jpg\",\"contentUrl\":\"https:\\\/\\\/hierostrasbourg.com\\\/wp-content\\\/uploads\\\/2026\\\/04\\\/logo-hiero-strasbourg.jpg\",\"width\":204,\"height\":192,\"caption\":\"F\u00e9d\u00e9ration Hi\u00e9ro Strasbourg\"},\"image\":{\"@id\":\"https:\\\/\\\/hierostrasbourg.com\\\/#\\\/schema\\\/logo\\\/image\\\/\"},\"sameAs\":[\"https:\\\/\\\/www.facebook.com\\\/fedehierostrasbourg\",\"https:\\\/\\\/x.com\\\/hierostrasbourg\"]}]}<\/script>\n<!-- \/ Yoast SEO plugin. -->","yoast_head_json":{"title":"Parcours Transition \u00e9cologique au CNM - HIERO STRASBOURG","robots":{"index":"index","follow":"follow","max-snippet":"max-snippet:-1","max-image-preview":"max-image-preview:large","max-video-preview":"max-video-preview:-1"},"canonical":"https:\/\/hierostrasbourg.com\/index.php\/2022\/04\/16\/parcours-transition-ecologique-au-cnm-2\/","og_locale":"fr_FR","og_type":"article","og_title":"Parcours Transition \u00e9cologique au CNM - HIERO STRASBOURG","og_description":"communiqu\u00e9 Mise \u00e0 disposition de ressources, d\u2019une veille d\u2019actualit\u00e9s, de bonnes pratiques et de la mise en avant des initiatives individuelles et collectives via une page d\u00e9di\u00e9e sur le site du CNM. Sensibilisation : cr\u00e9ation d\u2019ateliers au CNM et de capsules en ligne. \u00c9tudes : lancement d\u2019\u00e9tudes sp\u00e9cifiques pour compl\u00e9ter la connaissance sur la musique et la transition \u00e9cologique. Outils : participation \u00e0 la cr\u00e9ation d\u2019outils de diagnostic de l\u2019empreinte carbone et environnementale de la fili\u00e8re musicale Formation : adaptation [&hellip;]","og_url":"https:\/\/hierostrasbourg.com\/index.php\/2022\/04\/16\/parcours-transition-ecologique-au-cnm-2\/","og_site_name":"HIERO STRASBOURG","article_publisher":"https:\/\/www.facebook.com\/fedehierostrasbourg","article_published_time":"2022-04-16T07:31:45+00:00","twitter_card":"summary_large_image","twitter_creator":"@hierostrasbourg","twitter_site":"@hierostrasbourg","twitter_misc":{"Dur\u00e9e de lecture estim\u00e9e":"1 minute"},"schema":{"@context":"https:\/\/schema.org","@graph":[{"@type":"Article","@id":"https:\/\/hierostrasbourg.com\/index.php\/2022\/04\/16\/parcours-transition-ecologique-au-cnm-2\/#article","isPartOf":{"@id":"https:\/\/hierostrasbourg.com\/index.php\/2022\/04\/16\/parcours-transition-ecologique-au-cnm-2\/"},"author":{"name":"","@id":""},"headline":"Parcours Transition \u00e9cologique au CNM","datePublished":"2022-04-16T07:31:45+00:00","mainEntityOfPage":{"@id":"https:\/\/hierostrasbourg.com\/index.php\/2022\/04\/16\/parcours-transition-ecologique-au-cnm-2\/"},"wordCount":124,"publisher":{"@id":"https:\/\/hierostrasbourg.com\/#organization"},"inLanguage":"fr-FR"},{"@type":"WebPage","@id":"https:\/\/hierostrasbourg.com\/index.php\/2022\/04\/16\/parcours-transition-ecologique-au-cnm-2\/","url":"https:\/\/hierostrasbourg.com\/index.php\/2022\/04\/16\/parcours-transition-ecologique-au-cnm-2\/","name":"Parcours Transition \u00e9cologique au CNM - HIERO STRASBOURG","isPartOf":{"@id":"https:\/\/hierostrasbourg.com\/#website"},"datePublished":"2022-04-16T07:31:45+00:00","breadcrumb":{"@id":"https:\/\/hierostrasbourg.com\/index.php\/2022\/04\/16\/parcours-transition-ecologique-au-cnm-2\/#breadcrumb"},"inLanguage":"fr-FR","potentialAction":[{"@type":"ReadAction","target":["https:\/\/hierostrasbourg.com\/index.php\/2022\/04\/16\/parcours-transition-ecologique-au-cnm-2\/"]}]},{"@type":"BreadcrumbList","@id":"https:\/\/hierostrasbourg.com\/index.php\/2022\/04\/16\/parcours-transition-ecologique-au-cnm-2\/#breadcrumb","itemListElement":[{"@type":"ListItem","position":1,"name":"Accueil","item":"https:\/\/hierostrasbourg.com\/"},{"@type":"ListItem","position":2,"name":"Parcours Transition \u00e9cologique au CNM"}]},{"@type":"WebSite","@id":"https:\/\/hierostrasbourg.com\/#website","url":"https:\/\/hierostrasbourg.com\/","name":"HIERO STRASBOURG","description":"Centre de Ressources Musiques Actuelles","publisher":{"@id":"https:\/\/hierostrasbourg.com\/#organization"},"potentialAction":[{"@type":"SearchAction","target":{"@type":"EntryPoint","urlTemplate":"https:\/\/hierostrasbourg.com\/?s={search_term_string}"},"query-input":{"@type":"PropertyValueSpecification","valueRequired":true,"valueName":"search_term_string"}}],"inLanguage":"fr-FR"},{"@type":"Organization","@id":"https:\/\/hierostrasbourg.com\/#organization","name":"F\u00e9d\u00e9ration Hi\u00e9ro Strasbourg","url":"https:\/\/hierostrasbourg.com\/","logo":{"@type":"ImageObject","inLanguage":"fr-FR","@id":"https:\/\/hierostrasbourg.com\/#\/schema\/logo\/image\/","url":"https:\/\/hierostrasbourg.com\/wp-content\/uploads\/2026\/04\/logo-hiero-strasbourg.jpg","contentUrl":"https:\/\/hierostrasbourg.com\/wp-content\/uploads\/2026\/04\/logo-hiero-strasbourg.jpg","width":204,"height":192,"caption":"F\u00e9d\u00e9ration Hi\u00e9ro Strasbourg"},"image":{"@id":"https:\/\/hierostrasbourg.com\/#\/schema\/logo\/image\/"},"sameAs":["https:\/\/www.facebook.com\/fedehierostrasbourg","https:\/\/x.com\/hierostrasbourg"]}]}},"_links":{"self":[{"href":"https:\/\/hierostrasbourg.com\/index.php\/wp-json\/wp\/v2\/posts\/2282","targetHints":{"allow":["GET"]}}],"collection":[{"href":"https:\/\/hierostrasbourg.com\/index.php\/wp-json\/wp\/v2\/posts"}],"about":[{"href":"https:\/\/hierostrasbourg.com\/index.php\/wp-json\/wp\/v2\/types\/post"}],"replies":[{"embeddable":true,"href":"https:\/\/hierostrasbourg.com\/index.php\/wp-json\/wp\/v2\/comments?post=2282"}],"version-history":[{"count":0,"href":"https:\/\/hierostrasbourg.com\/index.php\/wp-json\/wp\/v2\/posts\/2282\/revisions"}],"wp:attachment":[{"href":"https:\/\/hierostrasbourg.com\/index.php\/wp-json\/wp\/v2\/media?parent=2282"}],"wp:term":[{"taxonomy":"category","embeddable":true,"href":"https:\/\/hierostrasbourg.com\/index.php\/wp-json\/wp\/v2\/categories?post=2282"},{"taxonomy":"post_tag","embeddable":true,"href":"https:\/\/hierostrasbourg.com\/index.php\/wp-json\/wp\/v2\/tags?post=2282"}],"curies":[{"name":"wp","href":"https:\/\/api.w.org\/{rel}","templated":true}]}}