{"id":2280,"date":"2022-04-16T08:30:55","date_gmt":"2022-04-16T06:30:55","guid":{"rendered":"https:\/\/hierostrasbourg.com\/index.php\/2022\/04\/16\/fonds-daccompagnement-a-la-reprise-dactivite-du-spectacle-vivant-musical-et-de-varietes\/"},"modified":"2022-04-16T08:30:55","modified_gmt":"2022-04-16T06:30:55","slug":"fonds-daccompagnement-a-la-reprise-dactivite-du-spectacle-vivant-musical-et-de-varietes","status":"publish","type":"post","link":"https:\/\/hierostrasbourg.com\/index.php\/2022\/04\/16\/fonds-daccompagnement-a-la-reprise-dactivite-du-spectacle-vivant-musical-et-de-varietes\/","title":{"rendered":"Fonds d\u2019accompagnement \u00e0 la reprise d\u2019activit\u00e9 du spectacle vivant musical et de vari\u00e9t\u00e9s"},"content":{"rendered":"<p>Les dispositions du pr\u00e9sent article sont communes aux trois volets composant ce fonds.<\/p>\n<h3><strong>Commissions 2022 \u2013 Dates limites de d\u00e9p\u00f4t des dossiers pour 2022<\/strong><\/h3>\n<p>24\/05\/2022<\/p>\n<p>Le d\u00e9lai minimum pour l\u2019analyse des dossiers est de 4 semaines.<\/p>\n<p>Les dates de commission sont disponibles via votre espace personnel.<\/p>\n<p>La crise sanitaire a entra\u00een\u00e9 l\u2019arr\u00eat total puis le ralentissement de l\u2019activit\u00e9 des entreprises de spectacle depuis le 16 mars 2020. En d\u00e9pit des mesures transversales massives mises en \u0153uvre par l\u2019Etat, nombre d\u2019entreprises dont les revenus habituels sont majoritairement commerciaux, accusent\u00a0aujourd\u2019hui :<\/p>\n<p>Des pertes d\u2019exploitation de nature \u00e0 menacer l\u2019emploi et la p\u00e9rennit\u00e9 de leur activit\u00e9\u00a0;<br \/>\nDes pertes de chiffre d\u2019affaires engendrant une impossibilit\u00e9 de d\u00e9gager les marges n\u00e9cessaires \u00e0 la p\u00e9rennit\u00e9 de leur activit\u00e9, en leur permettant d\u2019investir dans des projets \u00e9mergents ou au long court, n\u00e9cessitant d\u2019importants investissements de d\u00e9part.<\/p>\n<p>Dans ce contexte, et en compl\u00e9ment des mesures transversales de l\u2019Etat, le CNM met en place un fonds exceptionnel d\u2019accompagnement \u00e0 la reprise d\u2019activit\u00e9 du spectacle vivant musical et de vari\u00e9t\u00e9s pour l\u2019ann\u00e9e 2022.<\/p>\n<p>Ce fonds se compose de trois volets :<\/p>\n<p>Un \u00ab\u00a0<strong>volet sauvegarde<\/strong>\u00a0\u00bb visant \u00e0 compenser une quote-part des pertes d\u2019exploitation sur la p\u00e9riode du 1er avril 2021 au 31 mars 2022 (article 39-1)\u00a0;<\/p>\n<p><a class=\"maxbutton-1 maxbutton\" href=\"https:\/\/cnm.fr\/aides\/spectacle-vivant\/fonds-daccompagnement-a-la-reprise-dactivite-du-spectacle-vivant-musical-et-de-varietes\/volet-sauvegarde\/\"><span class=\"mb-text\">VOLET SAUVEGARDE<\/span><\/a><\/p>\n<p>Un \u00ab<strong>\u00a0volet relance<\/strong>\u00a0\u00bb visant \u00e0 soutenir la relance des investissements dans le domaine de la production de spectacles (article 39-2)\u00a0;<\/p>\n<p><a class=\"maxbutton-1 maxbutton\" href=\"https:\/\/cnm.fr\/aides\/spectacle-vivant\/fonds-daccompagnement-a-la-reprise-dactivite-du-spectacle-vivant-musical-et-de-varietes\/volet-relance\/\"><span class=\"mb-text\">VOLET RELANCE<\/span><\/a><\/p>\n<p>Un \u00ab\u00a0<strong>volet compensation<\/strong>\u00a0\u00bb visant \u00e0 prendre en charge une partie de la perte de chiffre d\u2019affaires de vente de boissons et de confiseries pour les structures ayant r\u00e9alis\u00e9 des repr\u00e9sentations entre le 1er janvier 2022 et le 16 f\u00e9vrier 2022 mais dont les recettes de l\u2019activit\u00e9 bar \/ restauration li\u00e9es aux repr\u00e9sentations ont \u00e9t\u00e9 impact\u00e9es par les restrictions sanitaires (article 39-3).<\/p>\n<p><a class=\"maxbutton-1 maxbutton\" href=\"https:\/\/cnm.fr\/aides\/spectacle-vivant\/fonds-daccompagnement-a-la-reprise-dactivite-du-spectacle-vivant-musical-et-de-varietes\/volet-compensation\/\"><span class=\"mb-text\">VOLET COMPENSATION<\/span><\/a><\/p>\n<div class=\"wp-block-column\">\n<h3>B\u00e9n\u00e9ficiaires de l\u2019aide<\/h3>\n<p>Les b\u00e9n\u00e9ficiaires de ce fonds sont des entrepreneurs de spectacles d\u00e9tenteur d\u2019une licence, exer\u00e7ant leur activit\u00e9 dans le champ du spectacle de musique et de vari\u00e9t\u00e9s.<\/p>\n<h3>R\u00e8gles de cumul<\/h3>\n<p>Le volet sauvegarde peut \u00eatre cumul\u00e9 avec le volet relance.<\/p>\n<p>Le volet compensation peut \u00eatre cumul\u00e9 avec le volet de relance.<\/p>\n<p>En revanche, une entreprise ne peut b\u00e9n\u00e9ficier du volet compensation si elle sollicite le volet sauvegarde.<\/p>\n<h3>Plafonnement de l\u2019aide<\/h3>\n<p>Le plafond par entreprise unique[1] en cumul de ces trois volets est de 3\u00a0000\u00a0000\u00a0\u20ac.<\/p>\n<p class=\"has-small-font-size\">[1] Au sens du r\u00e8glement (UE) 1407\/2013, article 2, paragraphe 2, c\u2019est-\u00e0-dire en englobant toutes les entreprises relevant d\u2019un m\u00eame contr\u00f4le en droit ou en fait.<\/p>\n<h3>Modalit\u00e9s de traitement des demandes<\/h3>\n<p>La date de d\u00e9p\u00f4t pour ces trois volets sera unique.<\/p>\n<p>Dans l\u2019hypoth\u00e8se o\u00f9 l\u2019attribution des aides conduit \u00e0 un d\u00e9passement du budget du fonds, le CNM appliquera un abattement forfaitaire sur les montants attribu\u00e9s.<\/p>\n<h3>Modalit\u00e9s de versement de l\u2019aide<\/h3>\n<p>Le paiement de 100\u00a0% des aides sera effectu\u00e9 en une fois au maximum quatre semaines apr\u00e8s la d\u00e9cision d\u2019attribution de l\u2019aide par le pr\u00e9sident du CNM.<\/p>\n<p>Les aides octroy\u00e9es au titre de ce dispositif sont subordonn\u00e9es au respect du r\u00e8glement (UE) n\u00b0 651\/2014 de la Commission du 17 juin 2014 d\u00e9clarant certaines cat\u00e9gories d\u2019aides compatibles avec le march\u00e9 int\u00e9rieur en application des articles 107 et 108 du trait\u00e9 sur le fonctionnement de l\u2019Union europ\u00e9enne, tel que modifi\u00e9, et du r\u00e9gime cadre exempt\u00e9 de notification N\u00b0SA.42681 relatif aux aides en faveur de la culture et de la conservation du patrimoine pour la p\u00e9riode 2014-2023.<\/p>\n<\/div>\n<div class=\"wp-block-column\">\n<div class=\"ressources\">\n<p><strong>L<a href=\"https:\/\/fra01.safelinks.protection.outlook.com\/?url=https%3A%2F%2Fcnm.fr%2Faffiliation%2F&amp;data=04%7C01%7CNathalie.Leduc%40cnm.fr%7Cbcad11d4736a431d68c208da16f12c58%7Cba774e6290394882a8cac4a49ebaf0d1%7C1%7C0%7C637847522325310769%7CUnknown%7CTWFpbGZsb3d8eyJWIjoiMC4wLjAwMDAiLCJQIjoiV2luMzIiLCJBTiI6Ik1haWwiLCJXVCI6Mn0%3D%7C3000&amp;sdata=DVVrsORbfveVN2ZWBo7913bmVA3lNQuOSKXR%2B3EPNQE%3D&amp;reserved=0\">\u2018affiliation<\/a> (ou sa mise \u00e0 jour) est une proc\u00e9dure gratuite en ligne, accessible sur monespace.cnm.fr<\/strong>. Afin de vous assurer de la validit\u00e9 de votre affiliation au moment du d\u00e9p\u00f4t de votre demande d\u2019aide, il est n\u00e9cessaire d\u2019anticiper votre d\u00e9marche de 20 jours ouvr\u00e9s avant la date limite de d\u00e9p\u00f4t des demandes au programme concern\u00e9.<\/p>\n<\/div>\n<div class=\"wp-container-5 wp-block-buttons\">\n<div class=\"wp-block-button is-style-download\"><a class=\"wp-block-button__link\" href=\"https:\/\/cnm.fr\/wp-content\/uploads\/2022\/04\/RGA_CA-30-mars-2022.pdf\" target=\"_blank\" rel=\"noopener\">R\u00e8glement g\u00e9n\u00e9ral des aides du CNM<\/a><\/div>\n<\/div>\n<div class=\"wp-container-6 wp-block-buttons\"><\/div>\n<\/div>\n<p>Source \/ Lire la suite : <a href=\"https:\/\/cnm.fr\/aides\/spectacle-vivant\/fonds-daccompagnement-a-la-reprise-dactivite-du-spectacle-vivant-musical-et-de-varietes\/\">Fonds d\u2019accompagnement \u00e0 la reprise d\u2019activit\u00e9 du spectacle vivant musical et de vari\u00e9t\u00e9s<\/a><\/p>\n<p>L\u2019article <a href=\"https:\/\/popburo.fr\/fonds-daccompagnement-a-la-reprise-dactivite-du-spectacle-vivant-musical-et-de-varietes\/\">Fonds d\u2019accompagnement \u00e0 la reprise d\u2019activit\u00e9 du spectacle vivant musical et de vari\u00e9t\u00e9s<\/a> est apparu en premier sur <a href=\"https:\/\/popburo.fr\/\">POP B\u00dcRO<\/a>.<\/p>\n","protected":false},"excerpt":{"rendered":"<p>Les dispositions du pr\u00e9sent article sont communes aux trois volets composant ce fonds. Commissions 2022 \u2013 Dates limites de d\u00e9p\u00f4t des dossiers pour 2022 24\/05\/2022 Le d\u00e9lai minimum pour l\u2019analyse des dossiers est de 4 semaines. Les dates de commission sont disponibles via votre espace personnel. La crise sanitaire a entra\u00een\u00e9 l\u2019arr\u00eat total puis le ralentissement de l\u2019activit\u00e9 des entreprises de spectacle depuis le 16 mars 2020. En d\u00e9pit des mesures transversales massives mises en \u0153uvre par l\u2019Etat, nombre d\u2019entreprises [&hellip;]<\/p>\n","protected":false},"author":0,"featured_media":0,"comment_status":"closed","ping_status":"open","sticky":false,"template":"","format":"standard","meta":{"footnotes":""},"categories":[1],"tags":[],"class_list":["post-2280","post","type-post","status-publish","format-standard","hentry","category-non-classe"],"yoast_head":"<!-- This site is optimized with the Yoast SEO plugin v27.4 - https:\/\/yoast.com\/product\/yoast-seo-wordpress\/ -->\n<title>Fonds d\u2019accompagnement \u00e0 la reprise d\u2019activit\u00e9 du spectacle vivant musical et de vari\u00e9t\u00e9s - HIERO STRASBOURG<\/title>\n<meta name=\"robots\" content=\"index, follow, max-snippet:-1, max-image-preview:large, max-video-preview:-1\" \/>\n<link rel=\"canonical\" href=\"https:\/\/hierostrasbourg.com\/index.php\/2022\/04\/16\/fonds-daccompagnement-a-la-reprise-dactivite-du-spectacle-vivant-musical-et-de-varietes\/\" \/>\n<meta property=\"og:locale\" content=\"fr_FR\" \/>\n<meta property=\"og:type\" content=\"article\" \/>\n<meta property=\"og:title\" content=\"Fonds d\u2019accompagnement \u00e0 la reprise d\u2019activit\u00e9 du spectacle vivant musical et de vari\u00e9t\u00e9s - HIERO STRASBOURG\" \/>\n<meta property=\"og:description\" content=\"Les dispositions du pr\u00e9sent article sont communes aux trois volets composant ce fonds. Commissions 2022 \u2013 Dates limites de d\u00e9p\u00f4t des dossiers pour 2022 24\/05\/2022 Le d\u00e9lai minimum pour l\u2019analyse des dossiers est de 4 semaines. Les dates de commission sont disponibles via votre espace personnel. La crise sanitaire a entra\u00een\u00e9 l\u2019arr\u00eat total puis le ralentissement de l\u2019activit\u00e9 des entreprises de spectacle depuis le 16 mars 2020. En d\u00e9pit des mesures transversales massives mises en \u0153uvre par l\u2019Etat, nombre d\u2019entreprises [&hellip;]\" \/>\n<meta property=\"og:url\" content=\"https:\/\/hierostrasbourg.com\/index.php\/2022\/04\/16\/fonds-daccompagnement-a-la-reprise-dactivite-du-spectacle-vivant-musical-et-de-varietes\/\" \/>\n<meta property=\"og:site_name\" content=\"HIERO STRASBOURG\" \/>\n<meta property=\"article:publisher\" content=\"https:\/\/www.facebook.com\/fedehierostrasbourg\" \/>\n<meta property=\"article:published_time\" content=\"2022-04-16T06:30:55+00:00\" \/>\n<meta name=\"twitter:card\" content=\"summary_large_image\" \/>\n<meta name=\"twitter:creator\" content=\"@hierostrasbourg\" \/>\n<meta name=\"twitter:site\" content=\"@hierostrasbourg\" \/>\n<meta name=\"twitter:label1\" content=\"Dur\u00e9e de lecture estim\u00e9e\" \/>\n\t<meta name=\"twitter:data1\" content=\"4 minutes\" \/>\n<script type=\"application\/ld+json\" class=\"yoast-schema-graph\">{\"@context\":\"https:\\\/\\\/schema.org\",\"@graph\":[{\"@type\":\"Article\",\"@id\":\"https:\\\/\\\/hierostrasbourg.com\\\/index.php\\\/2022\\\/04\\\/16\\\/fonds-daccompagnement-a-la-reprise-dactivite-du-spectacle-vivant-musical-et-de-varietes\\\/#article\",\"isPartOf\":{\"@id\":\"https:\\\/\\\/hierostrasbourg.com\\\/index.php\\\/2022\\\/04\\\/16\\\/fonds-daccompagnement-a-la-reprise-dactivite-du-spectacle-vivant-musical-et-de-varietes\\\/\"},\"author\":{\"name\":\"\",\"@id\":\"\"},\"headline\":\"Fonds d\u2019accompagnement \u00e0 la reprise d\u2019activit\u00e9 du spectacle vivant musical et de vari\u00e9t\u00e9s\",\"datePublished\":\"2022-04-16T06:30:55+00:00\",\"mainEntityOfPage\":{\"@id\":\"https:\\\/\\\/hierostrasbourg.com\\\/index.php\\\/2022\\\/04\\\/16\\\/fonds-daccompagnement-a-la-reprise-dactivite-du-spectacle-vivant-musical-et-de-varietes\\\/\"},\"wordCount\":742,\"publisher\":{\"@id\":\"https:\\\/\\\/hierostrasbourg.com\\\/#organization\"},\"inLanguage\":\"fr-FR\"},{\"@type\":\"WebPage\",\"@id\":\"https:\\\/\\\/hierostrasbourg.com\\\/index.php\\\/2022\\\/04\\\/16\\\/fonds-daccompagnement-a-la-reprise-dactivite-du-spectacle-vivant-musical-et-de-varietes\\\/\",\"url\":\"https:\\\/\\\/hierostrasbourg.com\\\/index.php\\\/2022\\\/04\\\/16\\\/fonds-daccompagnement-a-la-reprise-dactivite-du-spectacle-vivant-musical-et-de-varietes\\\/\",\"name\":\"Fonds d\u2019accompagnement \u00e0 la reprise d\u2019activit\u00e9 du spectacle vivant musical et de vari\u00e9t\u00e9s - HIERO STRASBOURG\",\"isPartOf\":{\"@id\":\"https:\\\/\\\/hierostrasbourg.com\\\/#website\"},\"datePublished\":\"2022-04-16T06:30:55+00:00\",\"breadcrumb\":{\"@id\":\"https:\\\/\\\/hierostrasbourg.com\\\/index.php\\\/2022\\\/04\\\/16\\\/fonds-daccompagnement-a-la-reprise-dactivite-du-spectacle-vivant-musical-et-de-varietes\\\/#breadcrumb\"},\"inLanguage\":\"fr-FR\",\"potentialAction\":[{\"@type\":\"ReadAction\",\"target\":[\"https:\\\/\\\/hierostrasbourg.com\\\/index.php\\\/2022\\\/04\\\/16\\\/fonds-daccompagnement-a-la-reprise-dactivite-du-spectacle-vivant-musical-et-de-varietes\\\/\"]}]},{\"@type\":\"BreadcrumbList\",\"@id\":\"https:\\\/\\\/hierostrasbourg.com\\\/index.php\\\/2022\\\/04\\\/16\\\/fonds-daccompagnement-a-la-reprise-dactivite-du-spectacle-vivant-musical-et-de-varietes\\\/#breadcrumb\",\"itemListElement\":[{\"@type\":\"ListItem\",\"position\":1,\"name\":\"Accueil\",\"item\":\"https:\\\/\\\/hierostrasbourg.com\\\/\"},{\"@type\":\"ListItem\",\"position\":2,\"name\":\"Fonds d\u2019accompagnement \u00e0 la reprise d\u2019activit\u00e9 du spectacle vivant musical et de vari\u00e9t\u00e9s\"}]},{\"@type\":\"WebSite\",\"@id\":\"https:\\\/\\\/hierostrasbourg.com\\\/#website\",\"url\":\"https:\\\/\\\/hierostrasbourg.com\\\/\",\"name\":\"HIERO STRASBOURG\",\"description\":\"Centre de Ressources Musiques Actuelles\",\"publisher\":{\"@id\":\"https:\\\/\\\/hierostrasbourg.com\\\/#organization\"},\"potentialAction\":[{\"@type\":\"SearchAction\",\"target\":{\"@type\":\"EntryPoint\",\"urlTemplate\":\"https:\\\/\\\/hierostrasbourg.com\\\/?s={search_term_string}\"},\"query-input\":{\"@type\":\"PropertyValueSpecification\",\"valueRequired\":true,\"valueName\":\"search_term_string\"}}],\"inLanguage\":\"fr-FR\"},{\"@type\":\"Organization\",\"@id\":\"https:\\\/\\\/hierostrasbourg.com\\\/#organization\",\"name\":\"F\u00e9d\u00e9ration Hi\u00e9ro Strasbourg\",\"url\":\"https:\\\/\\\/hierostrasbourg.com\\\/\",\"logo\":{\"@type\":\"ImageObject\",\"inLanguage\":\"fr-FR\",\"@id\":\"https:\\\/\\\/hierostrasbourg.com\\\/#\\\/schema\\\/logo\\\/image\\\/\",\"url\":\"https:\\\/\\\/hierostrasbourg.com\\\/wp-content\\\/uploads\\\/2026\\\/04\\\/logo-hiero-strasbourg.jpg\",\"contentUrl\":\"https:\\\/\\\/hierostrasbourg.com\\\/wp-content\\\/uploads\\\/2026\\\/04\\\/logo-hiero-strasbourg.jpg\",\"width\":204,\"height\":192,\"caption\":\"F\u00e9d\u00e9ration Hi\u00e9ro Strasbourg\"},\"image\":{\"@id\":\"https:\\\/\\\/hierostrasbourg.com\\\/#\\\/schema\\\/logo\\\/image\\\/\"},\"sameAs\":[\"https:\\\/\\\/www.facebook.com\\\/fedehierostrasbourg\",\"https:\\\/\\\/x.com\\\/hierostrasbourg\"]}]}<\/script>\n<!-- \/ Yoast SEO plugin. -->","yoast_head_json":{"title":"Fonds d\u2019accompagnement \u00e0 la reprise d\u2019activit\u00e9 du spectacle vivant musical et de vari\u00e9t\u00e9s - HIERO STRASBOURG","robots":{"index":"index","follow":"follow","max-snippet":"max-snippet:-1","max-image-preview":"max-image-preview:large","max-video-preview":"max-video-preview:-1"},"canonical":"https:\/\/hierostrasbourg.com\/index.php\/2022\/04\/16\/fonds-daccompagnement-a-la-reprise-dactivite-du-spectacle-vivant-musical-et-de-varietes\/","og_locale":"fr_FR","og_type":"article","og_title":"Fonds d\u2019accompagnement \u00e0 la reprise d\u2019activit\u00e9 du spectacle vivant musical et de vari\u00e9t\u00e9s - HIERO STRASBOURG","og_description":"Les dispositions du pr\u00e9sent article sont communes aux trois volets composant ce fonds. Commissions 2022 \u2013 Dates limites de d\u00e9p\u00f4t des dossiers pour 2022 24\/05\/2022 Le d\u00e9lai minimum pour l\u2019analyse des dossiers est de 4 semaines. Les dates de commission sont disponibles via votre espace personnel. La crise sanitaire a entra\u00een\u00e9 l\u2019arr\u00eat total puis le ralentissement de l\u2019activit\u00e9 des entreprises de spectacle depuis le 16 mars 2020. En d\u00e9pit des mesures transversales massives mises en \u0153uvre par l\u2019Etat, nombre d\u2019entreprises [&hellip;]","og_url":"https:\/\/hierostrasbourg.com\/index.php\/2022\/04\/16\/fonds-daccompagnement-a-la-reprise-dactivite-du-spectacle-vivant-musical-et-de-varietes\/","og_site_name":"HIERO STRASBOURG","article_publisher":"https:\/\/www.facebook.com\/fedehierostrasbourg","article_published_time":"2022-04-16T06:30:55+00:00","twitter_card":"summary_large_image","twitter_creator":"@hierostrasbourg","twitter_site":"@hierostrasbourg","twitter_misc":{"Dur\u00e9e de lecture estim\u00e9e":"4 minutes"},"schema":{"@context":"https:\/\/schema.org","@graph":[{"@type":"Article","@id":"https:\/\/hierostrasbourg.com\/index.php\/2022\/04\/16\/fonds-daccompagnement-a-la-reprise-dactivite-du-spectacle-vivant-musical-et-de-varietes\/#article","isPartOf":{"@id":"https:\/\/hierostrasbourg.com\/index.php\/2022\/04\/16\/fonds-daccompagnement-a-la-reprise-dactivite-du-spectacle-vivant-musical-et-de-varietes\/"},"author":{"name":"","@id":""},"headline":"Fonds d\u2019accompagnement \u00e0 la reprise d\u2019activit\u00e9 du spectacle vivant musical et de vari\u00e9t\u00e9s","datePublished":"2022-04-16T06:30:55+00:00","mainEntityOfPage":{"@id":"https:\/\/hierostrasbourg.com\/index.php\/2022\/04\/16\/fonds-daccompagnement-a-la-reprise-dactivite-du-spectacle-vivant-musical-et-de-varietes\/"},"wordCount":742,"publisher":{"@id":"https:\/\/hierostrasbourg.com\/#organization"},"inLanguage":"fr-FR"},{"@type":"WebPage","@id":"https:\/\/hierostrasbourg.com\/index.php\/2022\/04\/16\/fonds-daccompagnement-a-la-reprise-dactivite-du-spectacle-vivant-musical-et-de-varietes\/","url":"https:\/\/hierostrasbourg.com\/index.php\/2022\/04\/16\/fonds-daccompagnement-a-la-reprise-dactivite-du-spectacle-vivant-musical-et-de-varietes\/","name":"Fonds d\u2019accompagnement \u00e0 la reprise d\u2019activit\u00e9 du spectacle vivant musical et de vari\u00e9t\u00e9s - HIERO STRASBOURG","isPartOf":{"@id":"https:\/\/hierostrasbourg.com\/#website"},"datePublished":"2022-04-16T06:30:55+00:00","breadcrumb":{"@id":"https:\/\/hierostrasbourg.com\/index.php\/2022\/04\/16\/fonds-daccompagnement-a-la-reprise-dactivite-du-spectacle-vivant-musical-et-de-varietes\/#breadcrumb"},"inLanguage":"fr-FR","potentialAction":[{"@type":"ReadAction","target":["https:\/\/hierostrasbourg.com\/index.php\/2022\/04\/16\/fonds-daccompagnement-a-la-reprise-dactivite-du-spectacle-vivant-musical-et-de-varietes\/"]}]},{"@type":"BreadcrumbList","@id":"https:\/\/hierostrasbourg.com\/index.php\/2022\/04\/16\/fonds-daccompagnement-a-la-reprise-dactivite-du-spectacle-vivant-musical-et-de-varietes\/#breadcrumb","itemListElement":[{"@type":"ListItem","position":1,"name":"Accueil","item":"https:\/\/hierostrasbourg.com\/"},{"@type":"ListItem","position":2,"name":"Fonds d\u2019accompagnement \u00e0 la reprise d\u2019activit\u00e9 du spectacle vivant musical et de vari\u00e9t\u00e9s"}]},{"@type":"WebSite","@id":"https:\/\/hierostrasbourg.com\/#website","url":"https:\/\/hierostrasbourg.com\/","name":"HIERO STRASBOURG","description":"Centre de Ressources Musiques Actuelles","publisher":{"@id":"https:\/\/hierostrasbourg.com\/#organization"},"potentialAction":[{"@type":"SearchAction","target":{"@type":"EntryPoint","urlTemplate":"https:\/\/hierostrasbourg.com\/?s={search_term_string}"},"query-input":{"@type":"PropertyValueSpecification","valueRequired":true,"valueName":"search_term_string"}}],"inLanguage":"fr-FR"},{"@type":"Organization","@id":"https:\/\/hierostrasbourg.com\/#organization","name":"F\u00e9d\u00e9ration Hi\u00e9ro Strasbourg","url":"https:\/\/hierostrasbourg.com\/","logo":{"@type":"ImageObject","inLanguage":"fr-FR","@id":"https:\/\/hierostrasbourg.com\/#\/schema\/logo\/image\/","url":"https:\/\/hierostrasbourg.com\/wp-content\/uploads\/2026\/04\/logo-hiero-strasbourg.jpg","contentUrl":"https:\/\/hierostrasbourg.com\/wp-content\/uploads\/2026\/04\/logo-hiero-strasbourg.jpg","width":204,"height":192,"caption":"F\u00e9d\u00e9ration Hi\u00e9ro Strasbourg"},"image":{"@id":"https:\/\/hierostrasbourg.com\/#\/schema\/logo\/image\/"},"sameAs":["https:\/\/www.facebook.com\/fedehierostrasbourg","https:\/\/x.com\/hierostrasbourg"]}]}},"_links":{"self":[{"href":"https:\/\/hierostrasbourg.com\/index.php\/wp-json\/wp\/v2\/posts\/2280","targetHints":{"allow":["GET"]}}],"collection":[{"href":"https:\/\/hierostrasbourg.com\/index.php\/wp-json\/wp\/v2\/posts"}],"about":[{"href":"https:\/\/hierostrasbourg.com\/index.php\/wp-json\/wp\/v2\/types\/post"}],"replies":[{"embeddable":true,"href":"https:\/\/hierostrasbourg.com\/index.php\/wp-json\/wp\/v2\/comments?post=2280"}],"version-history":[{"count":0,"href":"https:\/\/hierostrasbourg.com\/index.php\/wp-json\/wp\/v2\/posts\/2280\/revisions"}],"wp:attachment":[{"href":"https:\/\/hierostrasbourg.com\/index.php\/wp-json\/wp\/v2\/media?parent=2280"}],"wp:term":[{"taxonomy":"category","embeddable":true,"href":"https:\/\/hierostrasbourg.com\/index.php\/wp-json\/wp\/v2\/categories?post=2280"},{"taxonomy":"post_tag","embeddable":true,"href":"https:\/\/hierostrasbourg.com\/index.php\/wp-json\/wp\/v2\/tags?post=2280"}],"curies":[{"name":"wp","href":"https:\/\/api.w.org\/{rel}","templated":true}]}}