{"id":2273,"date":"2022-04-15T23:31:44","date_gmt":"2022-04-15T21:31:44","guid":{"rendered":"https:\/\/hierostrasbourg.com\/index.php\/2022\/04\/15\/quel-impact-carbone-pour-les-lieux-et-festivals-de-jazz\/"},"modified":"2022-04-15T23:31:44","modified_gmt":"2022-04-15T21:31:44","slug":"quel-impact-carbone-pour-les-lieux-et-festivals-de-jazz","status":"publish","type":"post","link":"https:\/\/hierostrasbourg.com\/index.php\/2022\/04\/15\/quel-impact-carbone-pour-les-lieux-et-festivals-de-jazz\/","title":{"rendered":"Quel impact carbone pour les lieux et festivals de jazz ?"},"content":{"rendered":"<p>Une feuille de route pour le secteur du Jazz face \u00e0 la crise climatique Il est aujourd\u2019hui scientifiquement \u00e9tabli que le changement climatique est la r\u00e9sultante d\u2019\u00e9missions anthropiques de gaz \u00e0 effet de serre et que ces futures \u00e9missions d\u00e9termineront la modification du climat \u00e0 venir. Afin de ne pas d\u00e9passer une augmentation de 1,5\u00b0C d\u2019ici \u00e0 2100, nous devons freiner rapidement nos \u00e9missions pour atteindre z\u00e9ro \u00e9mission nette en 2050. \u00c0 la suite de la d\u00e9marche vers une Transition [\u2026]<\/p>\n<p>L\u2019article <a href=\"https:\/\/musiquesactuelles.alsace\/quel-impact-carbone-pour-les-lieux-et-festivals-de-jazz\/\">Quel impact carbone pour les lieux et festivals de jazz ?<\/a> est apparu en premier sur <a href=\"https:\/\/musiquesactuelles.alsace\/\">Musiques Actuelles en Alsace<\/a>.<\/p>\n<p>L\u2019article <a href=\"https:\/\/popburo.fr\/quel-impact-carbone-pour-les-lieux-et-festivals-de-jazz-2\/\">Quel impact carbone pour les lieux et festivals de jazz ?<\/a> est apparu en premier sur <a href=\"https:\/\/popburo.fr\/\">POP B\u00dcRO<\/a>.<\/p>\n","protected":false},"excerpt":{"rendered":"<p>Une feuille de route pour le secteur du Jazz face \u00e0 la crise climatique Il est aujourd\u2019hui scientifiquement \u00e9tabli que le changement climatique est la r\u00e9sultante d\u2019\u00e9missions anthropiques de gaz \u00e0 effet de serre et que ces futures \u00e9missions d\u00e9termineront la modification du climat \u00e0 venir. Afin de ne pas d\u00e9passer une augmentation de 1,5\u00b0C d\u2019ici \u00e0 2100, nous devons freiner rapidement nos \u00e9missions pour atteindre z\u00e9ro \u00e9mission nette en 2050. \u00c0 la suite de la d\u00e9marche vers une Transition [&hellip;]<\/p>\n","protected":false},"author":0,"featured_media":0,"comment_status":"closed","ping_status":"open","sticky":false,"template":"","format":"standard","meta":{"footnotes":""},"categories":[1],"tags":[],"class_list":["post-2273","post","type-post","status-publish","format-standard","hentry","category-non-classe"],"yoast_head":"<!-- This site is optimized with the Yoast SEO plugin v27.4 - https:\/\/yoast.com\/product\/yoast-seo-wordpress\/ -->\n<title>Quel impact carbone pour les lieux et festivals de jazz ? - HIERO STRASBOURG<\/title>\n<meta name=\"robots\" content=\"index, follow, max-snippet:-1, max-image-preview:large, max-video-preview:-1\" \/>\n<link rel=\"canonical\" href=\"https:\/\/hierostrasbourg.com\/index.php\/2022\/04\/15\/quel-impact-carbone-pour-les-lieux-et-festivals-de-jazz\/\" \/>\n<meta property=\"og:locale\" content=\"fr_FR\" \/>\n<meta property=\"og:type\" content=\"article\" \/>\n<meta property=\"og:title\" content=\"Quel impact carbone pour les lieux et festivals de jazz ? - HIERO STRASBOURG\" \/>\n<meta property=\"og:description\" content=\"Une feuille de route pour le secteur du Jazz face \u00e0 la crise climatique Il est aujourd\u2019hui scientifiquement \u00e9tabli que le changement climatique est la r\u00e9sultante d\u2019\u00e9missions anthropiques de gaz \u00e0 effet de serre et que ces futures \u00e9missions d\u00e9termineront la modification du climat \u00e0 venir. Afin de ne pas d\u00e9passer une augmentation de 1,5\u00b0C d\u2019ici \u00e0 2100, nous devons freiner rapidement nos \u00e9missions pour atteindre z\u00e9ro \u00e9mission nette en 2050. \u00c0 la suite de la d\u00e9marche vers une Transition [&hellip;]\" \/>\n<meta property=\"og:url\" content=\"https:\/\/hierostrasbourg.com\/index.php\/2022\/04\/15\/quel-impact-carbone-pour-les-lieux-et-festivals-de-jazz\/\" \/>\n<meta property=\"og:site_name\" content=\"HIERO STRASBOURG\" \/>\n<meta property=\"article:publisher\" content=\"https:\/\/www.facebook.com\/fedehierostrasbourg\" \/>\n<meta property=\"article:published_time\" content=\"2022-04-15T21:31:44+00:00\" \/>\n<meta name=\"twitter:card\" content=\"summary_large_image\" \/>\n<meta name=\"twitter:creator\" content=\"@hierostrasbourg\" \/>\n<meta name=\"twitter:site\" content=\"@hierostrasbourg\" \/>\n<meta name=\"twitter:label1\" content=\"Dur\u00e9e de lecture estim\u00e9e\" \/>\n\t<meta name=\"twitter:data1\" content=\"1 minute\" \/>\n<script type=\"application\/ld+json\" class=\"yoast-schema-graph\">{\"@context\":\"https:\\\/\\\/schema.org\",\"@graph\":[{\"@type\":\"Article\",\"@id\":\"https:\\\/\\\/hierostrasbourg.com\\\/index.php\\\/2022\\\/04\\\/15\\\/quel-impact-carbone-pour-les-lieux-et-festivals-de-jazz\\\/#article\",\"isPartOf\":{\"@id\":\"https:\\\/\\\/hierostrasbourg.com\\\/index.php\\\/2022\\\/04\\\/15\\\/quel-impact-carbone-pour-les-lieux-et-festivals-de-jazz\\\/\"},\"author\":{\"name\":\"\",\"@id\":\"\"},\"headline\":\"Quel impact carbone pour les lieux et festivals de jazz ?\",\"datePublished\":\"2022-04-15T21:31:44+00:00\",\"mainEntityOfPage\":{\"@id\":\"https:\\\/\\\/hierostrasbourg.com\\\/index.php\\\/2022\\\/04\\\/15\\\/quel-impact-carbone-pour-les-lieux-et-festivals-de-jazz\\\/\"},\"wordCount\":132,\"publisher\":{\"@id\":\"https:\\\/\\\/hierostrasbourg.com\\\/#organization\"},\"inLanguage\":\"fr-FR\"},{\"@type\":\"WebPage\",\"@id\":\"https:\\\/\\\/hierostrasbourg.com\\\/index.php\\\/2022\\\/04\\\/15\\\/quel-impact-carbone-pour-les-lieux-et-festivals-de-jazz\\\/\",\"url\":\"https:\\\/\\\/hierostrasbourg.com\\\/index.php\\\/2022\\\/04\\\/15\\\/quel-impact-carbone-pour-les-lieux-et-festivals-de-jazz\\\/\",\"name\":\"Quel impact carbone pour les lieux et festivals de jazz ? - HIERO STRASBOURG\",\"isPartOf\":{\"@id\":\"https:\\\/\\\/hierostrasbourg.com\\\/#website\"},\"datePublished\":\"2022-04-15T21:31:44+00:00\",\"breadcrumb\":{\"@id\":\"https:\\\/\\\/hierostrasbourg.com\\\/index.php\\\/2022\\\/04\\\/15\\\/quel-impact-carbone-pour-les-lieux-et-festivals-de-jazz\\\/#breadcrumb\"},\"inLanguage\":\"fr-FR\",\"potentialAction\":[{\"@type\":\"ReadAction\",\"target\":[\"https:\\\/\\\/hierostrasbourg.com\\\/index.php\\\/2022\\\/04\\\/15\\\/quel-impact-carbone-pour-les-lieux-et-festivals-de-jazz\\\/\"]}]},{\"@type\":\"BreadcrumbList\",\"@id\":\"https:\\\/\\\/hierostrasbourg.com\\\/index.php\\\/2022\\\/04\\\/15\\\/quel-impact-carbone-pour-les-lieux-et-festivals-de-jazz\\\/#breadcrumb\",\"itemListElement\":[{\"@type\":\"ListItem\",\"position\":1,\"name\":\"Accueil\",\"item\":\"https:\\\/\\\/hierostrasbourg.com\\\/\"},{\"@type\":\"ListItem\",\"position\":2,\"name\":\"Quel impact carbone pour les lieux et festivals de jazz ?\"}]},{\"@type\":\"WebSite\",\"@id\":\"https:\\\/\\\/hierostrasbourg.com\\\/#website\",\"url\":\"https:\\\/\\\/hierostrasbourg.com\\\/\",\"name\":\"HIERO STRASBOURG\",\"description\":\"Centre de Ressources Musiques Actuelles\",\"publisher\":{\"@id\":\"https:\\\/\\\/hierostrasbourg.com\\\/#organization\"},\"potentialAction\":[{\"@type\":\"SearchAction\",\"target\":{\"@type\":\"EntryPoint\",\"urlTemplate\":\"https:\\\/\\\/hierostrasbourg.com\\\/?s={search_term_string}\"},\"query-input\":{\"@type\":\"PropertyValueSpecification\",\"valueRequired\":true,\"valueName\":\"search_term_string\"}}],\"inLanguage\":\"fr-FR\"},{\"@type\":\"Organization\",\"@id\":\"https:\\\/\\\/hierostrasbourg.com\\\/#organization\",\"name\":\"F\u00e9d\u00e9ration Hi\u00e9ro Strasbourg\",\"url\":\"https:\\\/\\\/hierostrasbourg.com\\\/\",\"logo\":{\"@type\":\"ImageObject\",\"inLanguage\":\"fr-FR\",\"@id\":\"https:\\\/\\\/hierostrasbourg.com\\\/#\\\/schema\\\/logo\\\/image\\\/\",\"url\":\"https:\\\/\\\/hierostrasbourg.com\\\/wp-content\\\/uploads\\\/2026\\\/04\\\/logo-hiero-strasbourg.jpg\",\"contentUrl\":\"https:\\\/\\\/hierostrasbourg.com\\\/wp-content\\\/uploads\\\/2026\\\/04\\\/logo-hiero-strasbourg.jpg\",\"width\":204,\"height\":192,\"caption\":\"F\u00e9d\u00e9ration Hi\u00e9ro Strasbourg\"},\"image\":{\"@id\":\"https:\\\/\\\/hierostrasbourg.com\\\/#\\\/schema\\\/logo\\\/image\\\/\"},\"sameAs\":[\"https:\\\/\\\/www.facebook.com\\\/fedehierostrasbourg\",\"https:\\\/\\\/x.com\\\/hierostrasbourg\"]}]}<\/script>\n<!-- \/ Yoast SEO plugin. -->","yoast_head_json":{"title":"Quel impact carbone pour les lieux et festivals de jazz ? - HIERO STRASBOURG","robots":{"index":"index","follow":"follow","max-snippet":"max-snippet:-1","max-image-preview":"max-image-preview:large","max-video-preview":"max-video-preview:-1"},"canonical":"https:\/\/hierostrasbourg.com\/index.php\/2022\/04\/15\/quel-impact-carbone-pour-les-lieux-et-festivals-de-jazz\/","og_locale":"fr_FR","og_type":"article","og_title":"Quel impact carbone pour les lieux et festivals de jazz ? - HIERO STRASBOURG","og_description":"Une feuille de route pour le secteur du Jazz face \u00e0 la crise climatique Il est aujourd\u2019hui scientifiquement \u00e9tabli que le changement climatique est la r\u00e9sultante d\u2019\u00e9missions anthropiques de gaz \u00e0 effet de serre et que ces futures \u00e9missions d\u00e9termineront la modification du climat \u00e0 venir. Afin de ne pas d\u00e9passer une augmentation de 1,5\u00b0C d\u2019ici \u00e0 2100, nous devons freiner rapidement nos \u00e9missions pour atteindre z\u00e9ro \u00e9mission nette en 2050. \u00c0 la suite de la d\u00e9marche vers une Transition [&hellip;]","og_url":"https:\/\/hierostrasbourg.com\/index.php\/2022\/04\/15\/quel-impact-carbone-pour-les-lieux-et-festivals-de-jazz\/","og_site_name":"HIERO STRASBOURG","article_publisher":"https:\/\/www.facebook.com\/fedehierostrasbourg","article_published_time":"2022-04-15T21:31:44+00:00","twitter_card":"summary_large_image","twitter_creator":"@hierostrasbourg","twitter_site":"@hierostrasbourg","twitter_misc":{"Dur\u00e9e de lecture estim\u00e9e":"1 minute"},"schema":{"@context":"https:\/\/schema.org","@graph":[{"@type":"Article","@id":"https:\/\/hierostrasbourg.com\/index.php\/2022\/04\/15\/quel-impact-carbone-pour-les-lieux-et-festivals-de-jazz\/#article","isPartOf":{"@id":"https:\/\/hierostrasbourg.com\/index.php\/2022\/04\/15\/quel-impact-carbone-pour-les-lieux-et-festivals-de-jazz\/"},"author":{"name":"","@id":""},"headline":"Quel impact carbone pour les lieux et festivals de jazz ?","datePublished":"2022-04-15T21:31:44+00:00","mainEntityOfPage":{"@id":"https:\/\/hierostrasbourg.com\/index.php\/2022\/04\/15\/quel-impact-carbone-pour-les-lieux-et-festivals-de-jazz\/"},"wordCount":132,"publisher":{"@id":"https:\/\/hierostrasbourg.com\/#organization"},"inLanguage":"fr-FR"},{"@type":"WebPage","@id":"https:\/\/hierostrasbourg.com\/index.php\/2022\/04\/15\/quel-impact-carbone-pour-les-lieux-et-festivals-de-jazz\/","url":"https:\/\/hierostrasbourg.com\/index.php\/2022\/04\/15\/quel-impact-carbone-pour-les-lieux-et-festivals-de-jazz\/","name":"Quel impact carbone pour les lieux et festivals de jazz ? - HIERO STRASBOURG","isPartOf":{"@id":"https:\/\/hierostrasbourg.com\/#website"},"datePublished":"2022-04-15T21:31:44+00:00","breadcrumb":{"@id":"https:\/\/hierostrasbourg.com\/index.php\/2022\/04\/15\/quel-impact-carbone-pour-les-lieux-et-festivals-de-jazz\/#breadcrumb"},"inLanguage":"fr-FR","potentialAction":[{"@type":"ReadAction","target":["https:\/\/hierostrasbourg.com\/index.php\/2022\/04\/15\/quel-impact-carbone-pour-les-lieux-et-festivals-de-jazz\/"]}]},{"@type":"BreadcrumbList","@id":"https:\/\/hierostrasbourg.com\/index.php\/2022\/04\/15\/quel-impact-carbone-pour-les-lieux-et-festivals-de-jazz\/#breadcrumb","itemListElement":[{"@type":"ListItem","position":1,"name":"Accueil","item":"https:\/\/hierostrasbourg.com\/"},{"@type":"ListItem","position":2,"name":"Quel impact carbone pour les lieux et festivals de jazz ?"}]},{"@type":"WebSite","@id":"https:\/\/hierostrasbourg.com\/#website","url":"https:\/\/hierostrasbourg.com\/","name":"HIERO STRASBOURG","description":"Centre de Ressources Musiques Actuelles","publisher":{"@id":"https:\/\/hierostrasbourg.com\/#organization"},"potentialAction":[{"@type":"SearchAction","target":{"@type":"EntryPoint","urlTemplate":"https:\/\/hierostrasbourg.com\/?s={search_term_string}"},"query-input":{"@type":"PropertyValueSpecification","valueRequired":true,"valueName":"search_term_string"}}],"inLanguage":"fr-FR"},{"@type":"Organization","@id":"https:\/\/hierostrasbourg.com\/#organization","name":"F\u00e9d\u00e9ration Hi\u00e9ro Strasbourg","url":"https:\/\/hierostrasbourg.com\/","logo":{"@type":"ImageObject","inLanguage":"fr-FR","@id":"https:\/\/hierostrasbourg.com\/#\/schema\/logo\/image\/","url":"https:\/\/hierostrasbourg.com\/wp-content\/uploads\/2026\/04\/logo-hiero-strasbourg.jpg","contentUrl":"https:\/\/hierostrasbourg.com\/wp-content\/uploads\/2026\/04\/logo-hiero-strasbourg.jpg","width":204,"height":192,"caption":"F\u00e9d\u00e9ration Hi\u00e9ro Strasbourg"},"image":{"@id":"https:\/\/hierostrasbourg.com\/#\/schema\/logo\/image\/"},"sameAs":["https:\/\/www.facebook.com\/fedehierostrasbourg","https:\/\/x.com\/hierostrasbourg"]}]}},"_links":{"self":[{"href":"https:\/\/hierostrasbourg.com\/index.php\/wp-json\/wp\/v2\/posts\/2273","targetHints":{"allow":["GET"]}}],"collection":[{"href":"https:\/\/hierostrasbourg.com\/index.php\/wp-json\/wp\/v2\/posts"}],"about":[{"href":"https:\/\/hierostrasbourg.com\/index.php\/wp-json\/wp\/v2\/types\/post"}],"replies":[{"embeddable":true,"href":"https:\/\/hierostrasbourg.com\/index.php\/wp-json\/wp\/v2\/comments?post=2273"}],"version-history":[{"count":0,"href":"https:\/\/hierostrasbourg.com\/index.php\/wp-json\/wp\/v2\/posts\/2273\/revisions"}],"wp:attachment":[{"href":"https:\/\/hierostrasbourg.com\/index.php\/wp-json\/wp\/v2\/media?parent=2273"}],"wp:term":[{"taxonomy":"category","embeddable":true,"href":"https:\/\/hierostrasbourg.com\/index.php\/wp-json\/wp\/v2\/categories?post=2273"},{"taxonomy":"post_tag","embeddable":true,"href":"https:\/\/hierostrasbourg.com\/index.php\/wp-json\/wp\/v2\/tags?post=2273"}],"curies":[{"name":"wp","href":"https:\/\/api.w.org\/{rel}","templated":true}]}}