{"id":2261,"date":"2022-04-14T22:30:50","date_gmt":"2022-04-14T20:30:50","guid":{"rendered":"https:\/\/hierostrasbourg.com\/index.php\/2022\/04\/14\/lorchestre-philharmonique-de-strasbourg-recrute-un-charge-de-production-f-h\/"},"modified":"2022-04-14T22:30:50","modified_gmt":"2022-04-14T20:30:50","slug":"lorchestre-philharmonique-de-strasbourg-recrute-un-charge-de-production-f-h","status":"publish","type":"post","link":"https:\/\/hierostrasbourg.com\/index.php\/2022\/04\/14\/lorchestre-philharmonique-de-strasbourg-recrute-un-charge-de-production-f-h\/","title":{"rendered":"L\u2019ORCHESTRE PHILHARMONIQUE DE STRASBOURG recrute un charg\u00e9 de production [F\/H]"},"content":{"rendered":"<p>L\u2019Orchestre philharmonique de Strasbourg \u2013 labellis\u00e9 \u00ab\u00a0orchestre national\u00a0\u00bb en 1994 \u2013 compte parmi les formations majeures en France. Fort de 110 musiciens perp\u00e9tuant sa double tradition fran\u00e7aise et germanique, plac\u00e9 depuis septembre 2021 sous la direction musicale d\u2019Aziz Shokhakimov, il porte un projet ambitieux autour de la musique symphonique avec plus de 100 concerts par an et pas loin de 100\u00a0000 spectateurs. L\u2019Orchestre aborde un vaste r\u00e9pertoire, du XVIIIe si\u00e8cle \u00e0 nos jours, pour lequel il invite des chefs et solistes de rang international mais aussi une nouvelle g\u00e9n\u00e9ration d\u2019artistes qu\u2019il s\u2019attache \u00e0 promouvoir. Outre son activit\u00e9 propre, il contribue \u00e0 la saison lyrique et chor\u00e9graphique de l\u2019Op\u00e9ra national du Rhin.<\/p>\n<p>Il place le d\u00e9veloppement des publics au c\u0153ur de son projet, notamment par des concerts d\u00e9centralis\u00e9s, des nouveaux formats de concerts et une large palette d\u2019actions culturelles \u00e0 destination de tous les publics. Il m\u00e8ne \u00e9galement une politique audiovisuelle active gr\u00e2ce \u00e0 de nombreux partenaires m\u00e9dias qui lui assurent une visibilit\u00e9 nationale et internationale.<\/p>\n<h2>Missions et responsabilit\u00e9s<\/h2>\n<p>Le-la charg\u00e9-e de production a pour mission de mettre en place et veiller \u00e0 la bonne r\u00e9alisation des productions de l\u2019Orchestre. Il-elle contribue \u00e0 la coordination au sein de l\u2019\u00e9quipe de production.<\/p>\n<h4>Activit\u00e9s principales<\/h4>\n<p>Organiser et coordonner la production de concerts, projets audiovisuels et autre activit\u00e9 de l\u2019Orchestre \u00e0 Strasbourg, en France et \u00e0 l\u2019\u00e9tranger ;<br \/>\nAssurer l\u2019engagement des artistes en relation avec leurs agents\u00a0;<br \/>\nN\u00e9gocier et r\u00e9diger les contrats et conventions ;<br \/>\nParticiper \u00e0 l\u2019\u00e9laboration des plannings de r\u00e9p\u00e9titions en lien avec le-la r\u00e9gisseur-se g\u00e9n\u00e9ral-e\u00a0;<br \/>\nEn relation avec la responsable administrative et financi\u00e8re, suivre le budget de production\u00a0;<br \/>\nDans le cadre de ces activit\u00e9s, effectuer diverses formalit\u00e9s administratives (ordres de service, demande de devis et suivi des factures, etc.).<\/p>\n<p>Dans l\u2019exercice de ses missions de production, il-elle peut s\u2019appuyer sur l\u2019assistant-e de production.<\/p>\n<h2>Profil<\/h2>\n<p>formation bac + 4 minimum (gestion du spectacle vivant, gestion des institutions culturelles)<br \/>\nconnaissance du cadre juridique et budg\u00e9taire de la production<br \/>\nconnaissance du fonctionnement d\u2019un \u00e9tablissement culturel<br \/>\naptitude \u00e0 conduire des projets<br \/>\ncapacit\u00e9 \u00e0 n\u00e9gocier<br \/>\nsens de l\u2019organisation, rigueur et m\u00e9thode<br \/>\ncapacit\u00e9 d\u2019anticipation et respect de d\u00e9lais contraints<br \/>\nqualit\u00e9s relationnelles alli\u00e9es \u00e0 une obligation de discr\u00e9tion, sens de la diplomatie<br \/>\ncapacit\u00e9 \u00e0 travailler en autonomie<br \/>\nculture musicale<\/p>\n<h2>Conditions d\u2019exercice<\/h2>\n<p>Poste de cat\u00e9gorie A \u00e0 temps complet (35h)<br \/>\nHoraires variables<br \/>\nType de recrutement : contractuel de droit public, pour une dur\u00e9e de 3 \u00e0 6 mois<\/p>\n<p>Pour postuler \u00e0 cette offre, merci d\u2019envoyer CV et lettre de motivation \u00e0 l\u2019adresse suivante\u00a0: ops-rh@strasbourg.eu<br \/>\nFormat demand\u00e9\u00a0: NOM_Pr\u00e9nom_CV.pdf\u00a0; NOM_Pr\u00e9nom_LM.pdf<br \/>\nDate de cl\u00f4ture\u00a0: 27 avril 2022<\/p>\n<p>L\u2019article <a href=\"https:\/\/popburo.fr\/lorchestre-philharmonique-de-strasbourg-recrute-un-charge-de-production-f-h\/\">L\u2019ORCHESTRE PHILHARMONIQUE DE STRASBOURG recrute un charg\u00e9 de production [F\/H]<\/a> est apparu en premier sur <a href=\"https:\/\/popburo.fr\/\">POP B\u00dcRO<\/a>.<\/p>\n","protected":false},"excerpt":{"rendered":"<p>L\u2019Orchestre philharmonique de Strasbourg \u2013 labellis\u00e9 \u00ab\u00a0orchestre national\u00a0\u00bb en 1994 \u2013 compte parmi les formations majeures en France. Fort de 110 musiciens perp\u00e9tuant sa double tradition fran\u00e7aise et germanique, plac\u00e9 depuis septembre 2021 sous la direction musicale d\u2019Aziz Shokhakimov, il porte un projet ambitieux autour de la musique symphonique avec plus de 100 concerts par an et pas loin de 100\u00a0000 spectateurs. L\u2019Orchestre aborde un vaste r\u00e9pertoire, du XVIIIe si\u00e8cle \u00e0 nos jours, pour lequel il invite des chefs et [&hellip;]<\/p>\n","protected":false},"author":0,"featured_media":0,"comment_status":"closed","ping_status":"open","sticky":false,"template":"","format":"standard","meta":{"footnotes":""},"categories":[1],"tags":[],"class_list":["post-2261","post","type-post","status-publish","format-standard","hentry","category-non-classe"],"yoast_head":"<!-- This site is optimized with the Yoast SEO plugin v27.4 - https:\/\/yoast.com\/product\/yoast-seo-wordpress\/ -->\n<title>L\u2019ORCHESTRE PHILHARMONIQUE DE STRASBOURG recrute un charg\u00e9 de production [F\/H] - HIERO STRASBOURG<\/title>\n<meta name=\"robots\" content=\"index, follow, max-snippet:-1, max-image-preview:large, max-video-preview:-1\" \/>\n<link rel=\"canonical\" href=\"https:\/\/hierostrasbourg.com\/index.php\/2022\/04\/14\/lorchestre-philharmonique-de-strasbourg-recrute-un-charge-de-production-f-h\/\" \/>\n<meta property=\"og:locale\" content=\"fr_FR\" \/>\n<meta property=\"og:type\" content=\"article\" \/>\n<meta property=\"og:title\" content=\"L\u2019ORCHESTRE PHILHARMONIQUE DE STRASBOURG recrute un charg\u00e9 de production [F\/H] - HIERO STRASBOURG\" \/>\n<meta property=\"og:description\" content=\"L\u2019Orchestre philharmonique de Strasbourg \u2013 labellis\u00e9 \u00ab\u00a0orchestre national\u00a0\u00bb en 1994 \u2013 compte parmi les formations majeures en France. Fort de 110 musiciens perp\u00e9tuant sa double tradition fran\u00e7aise et germanique, plac\u00e9 depuis septembre 2021 sous la direction musicale d\u2019Aziz Shokhakimov, il porte un projet ambitieux autour de la musique symphonique avec plus de 100 concerts par an et pas loin de 100\u00a0000 spectateurs. L\u2019Orchestre aborde un vaste r\u00e9pertoire, du XVIIIe si\u00e8cle \u00e0 nos jours, pour lequel il invite des chefs et [&hellip;]\" \/>\n<meta property=\"og:url\" content=\"https:\/\/hierostrasbourg.com\/index.php\/2022\/04\/14\/lorchestre-philharmonique-de-strasbourg-recrute-un-charge-de-production-f-h\/\" \/>\n<meta property=\"og:site_name\" content=\"HIERO STRASBOURG\" \/>\n<meta property=\"article:publisher\" content=\"https:\/\/www.facebook.com\/fedehierostrasbourg\" \/>\n<meta property=\"article:published_time\" content=\"2022-04-14T20:30:50+00:00\" \/>\n<meta name=\"twitter:card\" content=\"summary_large_image\" \/>\n<meta name=\"twitter:creator\" content=\"@hierostrasbourg\" \/>\n<meta name=\"twitter:site\" content=\"@hierostrasbourg\" \/>\n<meta name=\"twitter:label1\" content=\"Dur\u00e9e de lecture estim\u00e9e\" \/>\n\t<meta name=\"twitter:data1\" content=\"2 minutes\" \/>\n<script type=\"application\/ld+json\" class=\"yoast-schema-graph\">{\"@context\":\"https:\\\/\\\/schema.org\",\"@graph\":[{\"@type\":\"Article\",\"@id\":\"https:\\\/\\\/hierostrasbourg.com\\\/index.php\\\/2022\\\/04\\\/14\\\/lorchestre-philharmonique-de-strasbourg-recrute-un-charge-de-production-f-h\\\/#article\",\"isPartOf\":{\"@id\":\"https:\\\/\\\/hierostrasbourg.com\\\/index.php\\\/2022\\\/04\\\/14\\\/lorchestre-philharmonique-de-strasbourg-recrute-un-charge-de-production-f-h\\\/\"},\"author\":{\"name\":\"\",\"@id\":\"\"},\"headline\":\"L\u2019ORCHESTRE PHILHARMONIQUE DE STRASBOURG recrute un charg\u00e9 de production [F\\\/H]\",\"datePublished\":\"2022-04-14T20:30:50+00:00\",\"mainEntityOfPage\":{\"@id\":\"https:\\\/\\\/hierostrasbourg.com\\\/index.php\\\/2022\\\/04\\\/14\\\/lorchestre-philharmonique-de-strasbourg-recrute-un-charge-de-production-f-h\\\/\"},\"wordCount\":497,\"publisher\":{\"@id\":\"https:\\\/\\\/hierostrasbourg.com\\\/#organization\"},\"inLanguage\":\"fr-FR\"},{\"@type\":\"WebPage\",\"@id\":\"https:\\\/\\\/hierostrasbourg.com\\\/index.php\\\/2022\\\/04\\\/14\\\/lorchestre-philharmonique-de-strasbourg-recrute-un-charge-de-production-f-h\\\/\",\"url\":\"https:\\\/\\\/hierostrasbourg.com\\\/index.php\\\/2022\\\/04\\\/14\\\/lorchestre-philharmonique-de-strasbourg-recrute-un-charge-de-production-f-h\\\/\",\"name\":\"L\u2019ORCHESTRE PHILHARMONIQUE DE STRASBOURG recrute un charg\u00e9 de production [F\\\/H] - HIERO STRASBOURG\",\"isPartOf\":{\"@id\":\"https:\\\/\\\/hierostrasbourg.com\\\/#website\"},\"datePublished\":\"2022-04-14T20:30:50+00:00\",\"breadcrumb\":{\"@id\":\"https:\\\/\\\/hierostrasbourg.com\\\/index.php\\\/2022\\\/04\\\/14\\\/lorchestre-philharmonique-de-strasbourg-recrute-un-charge-de-production-f-h\\\/#breadcrumb\"},\"inLanguage\":\"fr-FR\",\"potentialAction\":[{\"@type\":\"ReadAction\",\"target\":[\"https:\\\/\\\/hierostrasbourg.com\\\/index.php\\\/2022\\\/04\\\/14\\\/lorchestre-philharmonique-de-strasbourg-recrute-un-charge-de-production-f-h\\\/\"]}]},{\"@type\":\"BreadcrumbList\",\"@id\":\"https:\\\/\\\/hierostrasbourg.com\\\/index.php\\\/2022\\\/04\\\/14\\\/lorchestre-philharmonique-de-strasbourg-recrute-un-charge-de-production-f-h\\\/#breadcrumb\",\"itemListElement\":[{\"@type\":\"ListItem\",\"position\":1,\"name\":\"Accueil\",\"item\":\"https:\\\/\\\/hierostrasbourg.com\\\/\"},{\"@type\":\"ListItem\",\"position\":2,\"name\":\"L\u2019ORCHESTRE PHILHARMONIQUE DE STRASBOURG recrute un charg\u00e9 de production [F\\\/H]\"}]},{\"@type\":\"WebSite\",\"@id\":\"https:\\\/\\\/hierostrasbourg.com\\\/#website\",\"url\":\"https:\\\/\\\/hierostrasbourg.com\\\/\",\"name\":\"HIERO STRASBOURG\",\"description\":\"Centre de Ressources Musiques Actuelles\",\"publisher\":{\"@id\":\"https:\\\/\\\/hierostrasbourg.com\\\/#organization\"},\"potentialAction\":[{\"@type\":\"SearchAction\",\"target\":{\"@type\":\"EntryPoint\",\"urlTemplate\":\"https:\\\/\\\/hierostrasbourg.com\\\/?s={search_term_string}\"},\"query-input\":{\"@type\":\"PropertyValueSpecification\",\"valueRequired\":true,\"valueName\":\"search_term_string\"}}],\"inLanguage\":\"fr-FR\"},{\"@type\":\"Organization\",\"@id\":\"https:\\\/\\\/hierostrasbourg.com\\\/#organization\",\"name\":\"F\u00e9d\u00e9ration Hi\u00e9ro Strasbourg\",\"url\":\"https:\\\/\\\/hierostrasbourg.com\\\/\",\"logo\":{\"@type\":\"ImageObject\",\"inLanguage\":\"fr-FR\",\"@id\":\"https:\\\/\\\/hierostrasbourg.com\\\/#\\\/schema\\\/logo\\\/image\\\/\",\"url\":\"https:\\\/\\\/hierostrasbourg.com\\\/wp-content\\\/uploads\\\/2026\\\/04\\\/logo-hiero-strasbourg.jpg\",\"contentUrl\":\"https:\\\/\\\/hierostrasbourg.com\\\/wp-content\\\/uploads\\\/2026\\\/04\\\/logo-hiero-strasbourg.jpg\",\"width\":204,\"height\":192,\"caption\":\"F\u00e9d\u00e9ration Hi\u00e9ro Strasbourg\"},\"image\":{\"@id\":\"https:\\\/\\\/hierostrasbourg.com\\\/#\\\/schema\\\/logo\\\/image\\\/\"},\"sameAs\":[\"https:\\\/\\\/www.facebook.com\\\/fedehierostrasbourg\",\"https:\\\/\\\/x.com\\\/hierostrasbourg\"]}]}<\/script>\n<!-- \/ Yoast SEO plugin. -->","yoast_head_json":{"title":"L\u2019ORCHESTRE PHILHARMONIQUE DE STRASBOURG recrute un charg\u00e9 de production [F\/H] - HIERO STRASBOURG","robots":{"index":"index","follow":"follow","max-snippet":"max-snippet:-1","max-image-preview":"max-image-preview:large","max-video-preview":"max-video-preview:-1"},"canonical":"https:\/\/hierostrasbourg.com\/index.php\/2022\/04\/14\/lorchestre-philharmonique-de-strasbourg-recrute-un-charge-de-production-f-h\/","og_locale":"fr_FR","og_type":"article","og_title":"L\u2019ORCHESTRE PHILHARMONIQUE DE STRASBOURG recrute un charg\u00e9 de production [F\/H] - HIERO STRASBOURG","og_description":"L\u2019Orchestre philharmonique de Strasbourg \u2013 labellis\u00e9 \u00ab\u00a0orchestre national\u00a0\u00bb en 1994 \u2013 compte parmi les formations majeures en France. Fort de 110 musiciens perp\u00e9tuant sa double tradition fran\u00e7aise et germanique, plac\u00e9 depuis septembre 2021 sous la direction musicale d\u2019Aziz Shokhakimov, il porte un projet ambitieux autour de la musique symphonique avec plus de 100 concerts par an et pas loin de 100\u00a0000 spectateurs. L\u2019Orchestre aborde un vaste r\u00e9pertoire, du XVIIIe si\u00e8cle \u00e0 nos jours, pour lequel il invite des chefs et [&hellip;]","og_url":"https:\/\/hierostrasbourg.com\/index.php\/2022\/04\/14\/lorchestre-philharmonique-de-strasbourg-recrute-un-charge-de-production-f-h\/","og_site_name":"HIERO STRASBOURG","article_publisher":"https:\/\/www.facebook.com\/fedehierostrasbourg","article_published_time":"2022-04-14T20:30:50+00:00","twitter_card":"summary_large_image","twitter_creator":"@hierostrasbourg","twitter_site":"@hierostrasbourg","twitter_misc":{"Dur\u00e9e de lecture estim\u00e9e":"2 minutes"},"schema":{"@context":"https:\/\/schema.org","@graph":[{"@type":"Article","@id":"https:\/\/hierostrasbourg.com\/index.php\/2022\/04\/14\/lorchestre-philharmonique-de-strasbourg-recrute-un-charge-de-production-f-h\/#article","isPartOf":{"@id":"https:\/\/hierostrasbourg.com\/index.php\/2022\/04\/14\/lorchestre-philharmonique-de-strasbourg-recrute-un-charge-de-production-f-h\/"},"author":{"name":"","@id":""},"headline":"L\u2019ORCHESTRE PHILHARMONIQUE DE STRASBOURG recrute un charg\u00e9 de production [F\/H]","datePublished":"2022-04-14T20:30:50+00:00","mainEntityOfPage":{"@id":"https:\/\/hierostrasbourg.com\/index.php\/2022\/04\/14\/lorchestre-philharmonique-de-strasbourg-recrute-un-charge-de-production-f-h\/"},"wordCount":497,"publisher":{"@id":"https:\/\/hierostrasbourg.com\/#organization"},"inLanguage":"fr-FR"},{"@type":"WebPage","@id":"https:\/\/hierostrasbourg.com\/index.php\/2022\/04\/14\/lorchestre-philharmonique-de-strasbourg-recrute-un-charge-de-production-f-h\/","url":"https:\/\/hierostrasbourg.com\/index.php\/2022\/04\/14\/lorchestre-philharmonique-de-strasbourg-recrute-un-charge-de-production-f-h\/","name":"L\u2019ORCHESTRE PHILHARMONIQUE DE STRASBOURG recrute un charg\u00e9 de production [F\/H] - HIERO STRASBOURG","isPartOf":{"@id":"https:\/\/hierostrasbourg.com\/#website"},"datePublished":"2022-04-14T20:30:50+00:00","breadcrumb":{"@id":"https:\/\/hierostrasbourg.com\/index.php\/2022\/04\/14\/lorchestre-philharmonique-de-strasbourg-recrute-un-charge-de-production-f-h\/#breadcrumb"},"inLanguage":"fr-FR","potentialAction":[{"@type":"ReadAction","target":["https:\/\/hierostrasbourg.com\/index.php\/2022\/04\/14\/lorchestre-philharmonique-de-strasbourg-recrute-un-charge-de-production-f-h\/"]}]},{"@type":"BreadcrumbList","@id":"https:\/\/hierostrasbourg.com\/index.php\/2022\/04\/14\/lorchestre-philharmonique-de-strasbourg-recrute-un-charge-de-production-f-h\/#breadcrumb","itemListElement":[{"@type":"ListItem","position":1,"name":"Accueil","item":"https:\/\/hierostrasbourg.com\/"},{"@type":"ListItem","position":2,"name":"L\u2019ORCHESTRE PHILHARMONIQUE DE STRASBOURG recrute un charg\u00e9 de production [F\/H]"}]},{"@type":"WebSite","@id":"https:\/\/hierostrasbourg.com\/#website","url":"https:\/\/hierostrasbourg.com\/","name":"HIERO STRASBOURG","description":"Centre de Ressources Musiques Actuelles","publisher":{"@id":"https:\/\/hierostrasbourg.com\/#organization"},"potentialAction":[{"@type":"SearchAction","target":{"@type":"EntryPoint","urlTemplate":"https:\/\/hierostrasbourg.com\/?s={search_term_string}"},"query-input":{"@type":"PropertyValueSpecification","valueRequired":true,"valueName":"search_term_string"}}],"inLanguage":"fr-FR"},{"@type":"Organization","@id":"https:\/\/hierostrasbourg.com\/#organization","name":"F\u00e9d\u00e9ration Hi\u00e9ro Strasbourg","url":"https:\/\/hierostrasbourg.com\/","logo":{"@type":"ImageObject","inLanguage":"fr-FR","@id":"https:\/\/hierostrasbourg.com\/#\/schema\/logo\/image\/","url":"https:\/\/hierostrasbourg.com\/wp-content\/uploads\/2026\/04\/logo-hiero-strasbourg.jpg","contentUrl":"https:\/\/hierostrasbourg.com\/wp-content\/uploads\/2026\/04\/logo-hiero-strasbourg.jpg","width":204,"height":192,"caption":"F\u00e9d\u00e9ration Hi\u00e9ro Strasbourg"},"image":{"@id":"https:\/\/hierostrasbourg.com\/#\/schema\/logo\/image\/"},"sameAs":["https:\/\/www.facebook.com\/fedehierostrasbourg","https:\/\/x.com\/hierostrasbourg"]}]}},"_links":{"self":[{"href":"https:\/\/hierostrasbourg.com\/index.php\/wp-json\/wp\/v2\/posts\/2261","targetHints":{"allow":["GET"]}}],"collection":[{"href":"https:\/\/hierostrasbourg.com\/index.php\/wp-json\/wp\/v2\/posts"}],"about":[{"href":"https:\/\/hierostrasbourg.com\/index.php\/wp-json\/wp\/v2\/types\/post"}],"replies":[{"embeddable":true,"href":"https:\/\/hierostrasbourg.com\/index.php\/wp-json\/wp\/v2\/comments?post=2261"}],"version-history":[{"count":0,"href":"https:\/\/hierostrasbourg.com\/index.php\/wp-json\/wp\/v2\/posts\/2261\/revisions"}],"wp:attachment":[{"href":"https:\/\/hierostrasbourg.com\/index.php\/wp-json\/wp\/v2\/media?parent=2261"}],"wp:term":[{"taxonomy":"category","embeddable":true,"href":"https:\/\/hierostrasbourg.com\/index.php\/wp-json\/wp\/v2\/categories?post=2261"},{"taxonomy":"post_tag","embeddable":true,"href":"https:\/\/hierostrasbourg.com\/index.php\/wp-json\/wp\/v2\/tags?post=2261"}],"curies":[{"name":"wp","href":"https:\/\/api.w.org\/{rel}","templated":true}]}}