{"id":2258,"date":"2022-04-13T22:35:20","date_gmt":"2022-04-13T20:35:20","guid":{"rendered":"https:\/\/hierostrasbourg.com\/index.php\/2022\/04\/13\/la-region-grand-est-recrute-4-vacataire-festival-davignon-2022-f-h-2\/"},"modified":"2022-04-13T22:35:20","modified_gmt":"2022-04-13T20:35:20","slug":"la-region-grand-est-recrute-4-vacataire-festival-davignon-2022-f-h-2","status":"publish","type":"post","link":"https:\/\/hierostrasbourg.com\/index.php\/2022\/04\/13\/la-region-grand-est-recrute-4-vacataire-festival-davignon-2022-f-h-2\/","title":{"rendered":"LA R\u00c9GION GRAND EST recrute 4 vacataire festival d\u2019Avignon 2022 [F\/H]"},"content":{"rendered":"<h2>Missions<\/h2>\n<p>La R\u00e9gion Grand Est m\u00e8ne une politique active en faveur des arts de la sc\u00e8ne et des musiques actuelles, en oeuvrant \u00e0 la structuration r\u00e9gionale de ces secteurs et en apportant son soutien \u00e0 la cr\u00e9ation et \u00e0 la diffusion des artistes du territoire. Pour la septi\u00e8me ann\u00e9e cons\u00e9cutive, la collectivit\u00e9 s\u2019engage afin de permettre \u00e0 des compagnies de la r\u00e9gion de participer \u00e0 ce grand rendez-vous de la culture et de la cr\u00e9ation que constitue le Festival Off d\u2019Avignon. Ce sont ainsi plus de 15 compagnies r\u00e9gionales qui investiront pendant toute la dur\u00e9e du festival, La Caserne et 4 ou 5 lieux sur la ville. Ainsi, la DCPM \u2013 Service Spectacle Vivant et Arts Visuels assure encore cette ann\u00e9e la coordination et la mise en oeuvre de l\u2019op\u00e9ration dite \u00ab Grand Est en Avignon 2022 \u00bb. M\u00eame si nous sommes encore \u00e0 quelques mois de la tenue de cet \u00e9v\u00e8nement et que nous ne savons pas encore dans quelles conditions sanitaires il pourra se tenir mais il semble \u00e9vident qu\u2019il nous faudra \u00e0 nouveau respecter un cahier des charges \u00ab sanitaire\u00bb strict.<\/p>\n<p>Comme en 2021 et parce que nous souhaitons pouvoir anticiper la mise en \u0153uvre de l\u2019op\u00e9ration, nous partons du principe que les normes sanitaires li\u00e9es \u00e0 la crise Covid seront \u00e0 nouveau strictes et n\u00e9cessiteront le recrutement de 4 vacataires (2 \u00e9quipes de 2 vu l\u2019amplitude horaire et l\u2019exploitation de la caserne 7 jours sur 7) afin de respecter un protocole sanitaire qui ne manquera pas d\u2019\u00eatre pr\u00e9conis\u00e9 par la pr\u00e9fecture du Vaucluse et le Minist\u00e8re de la culture.<br \/>\nLes vacataires devront nettoyer et d\u00e9sinfecter les fauteuils des spectateurs, le mobilier d\u2019entr\u00e9e, le local professionnel, les sanitaires, les loges, les assises entre chaque repr\u00e9sentation (nb non encore d\u00e9fini \u00e0 ce jour), tous les jours de programmation (en cours de d\u00e9finition). Ils devront \u00e9galement accueillir et orienter le public et l\u2019inviter \u00e0 respecter le sens de circulation et les gestes barri\u00e8res. Ces t\u00e2ches sont indispensables et constituent une garantie suppl\u00e9mentaire vis \u00e0 vis de la Pr\u00e9fecture. Ils seront enfin mobilis\u00e9s pour le montage et le d\u00e9montage du mat\u00e9riel et de l\u2019am\u00e9nagement du lieu, en renfort de l\u2019\u00e9quipe technique, ainsi que pour des actions de communication (d\u00e9p\u00f4t de programmes dans les lieux officiels du festival d\u2019Avignon). La qualit\u00e9 de la prestation prodigu\u00e9e par les jeunes l\u2019an pass\u00e9 a largement facilit\u00e9 le fonctionnement de la Caserne et a fait l\u2019unanimit\u00e9 des professionnels.<\/p>\n<h2>Activit\u00e9s principales<\/h2>\n<h4>Accueil et relationnel : 45%- accueil du public, renseignements, standard t\u00e9l\u00e9phonique<\/h4>\n<p>aide aux r\u00e9servations ;<br \/>\ngestion de la circulation du public (selon les normes sanitaires) ;<br \/>\naide au placement du public, mise en oeuvre et respect des sens unique de d\u00e9placements ;<br \/>\npositionnement des programmes dans les lieux strat\u00e9giques du Festival<\/p>\n<h4>Technique : 55%<\/h4>\n<p>d\u00e9sinfection des endroits sensibles (poign\u00e9es de porte, rambarde gradin, sanitaires\u2026) entre chaque spectacles ;<br \/>\nd\u00e9sinfection et rangement du hall d\u2019accueil et de l\u2019espace ext\u00e9rieur entre chaque spectacle (tables et chaises) ;<br \/>\nd\u00e9sinfection des loges artistes ;<br \/>\nnettoyage quotidien avant ouverture et apr\u00e8s fermeture ;<br \/>\nam\u00e9nagement du hall d\u2019accueil et rangement (\u00e0 l\u2019ouverture et \u00e0 la fermeture) ;<br \/>\ngestion du planning de l\u2019espace pro + nettoyage entre rdv ;<br \/>\naide au d\u00e9montage caserne ;<\/p>\n<h2>Comp\u00e9tences\u00a0et aptitudes<\/h2>\n<p>Savoir : connaissance du milieu Artistique et particuli\u00e8rement du spectacle vivant.<br \/>\nSavoir-faire : aisance de communication et travail d\u2019\u00e9quipe.<br \/>\nSavoir-\u00eatre : rigueur et s\u00e9rieux.<\/p>\n<h2>Relations hi\u00e9rarchiques et fonctionnelles<\/h2>\n<p>Sous l\u2019autorit\u00e9 fonctionnelle de Pierre-Aim\u00e9 Albrecht et Muriel Dr\u00e9ano-Gottardini, charg\u00e9s de mission coordonnateurs de La Caserne Avignon.<\/p>\n<h2>Conditions particuli\u00e8res d\u2019exercice<\/h2>\n<p>D\u00e9placements : d\u00e9part 1 jour ou 2 avant le d\u00e9but de l\u2019ouverture de la programmation de la Caserne et retour le lendemain de l\u2019arr\u00eat de la programmation<br \/>\nDonn\u00e9es indicatives, en fonction de la programmation de la Caserne non confirm\u00e9e \u00e0 ce jour<\/p>\n<p>Horaires : \u00c9quipe du matin : 8h-16h \/ \u00c9quipe de l\u2019apr\u00e8s-midi : 16h-00h<br \/>\nHoraires de nuit et travail le week-end<\/p>\n<p>2 ou 3 jours de repos en fonction des jours de fermetures de la Caserne et de rel\u00e2che des \u00e9quipes<br \/>\nPrise en charge de l\u2019h\u00e9bergement, des transports et remboursement des repas sur note de frais.<\/p>\n<p>Date limite de candidature : 08\/05\/2022<br \/>\nDur\u00e9e du contrat : Du 04\/07\/2022 au 29\/07\/2022<\/p>\n<div>\n<p>Direction G\u00e9n\u00e9rale Adjointe de l\u2019Attractivit\u00e9<br \/>\nDirection : Direction de la Culture, du Patrimoine et de la M\u00e9moire<br \/>\nService : Spectacle vivant et arts visuels<\/p>\n<p>Statut : Contractuel<\/p>\n<p>Grade : Adjoint administratif territorial, Adjoint administratif territorial principal de 1\u00e8re classe, Adjoint administratif territorial principal de 2\u00e8me classe, Adjoint technique , Adjoint technique territorial principal de 1\u00e8re classe, Adjoint technique territorial principal de 2\u00e8me classe<\/p>\n<p>Classification : R<\/p>\n<div class=\"row p-2\">\n<div class=\"col-6 col-sm-4 font-weight-bold\">Nombre de postes : 4<\/div>\n<\/div>\n<p>N\u00b0 de poste : 23810-23811-23812-23813<\/p>\n<p>Poste bas\u00e9 \u00e0 : Avignon<\/p>\n<p><a class=\"maxbutton-1 maxbutton\" href=\"https:\/\/application.careerbuilder1.eu\/grandest\/apply\/cb1\/J3W1BW62MDN20QJF8TH?IPath=TNJob&amp;Job_DID=J3W1BW62MDN20QJF8TH&amp;sc_cmp1=JS_JobDetails_ApplyNow&amp;TNMI_DID=&amp;TN_DID=TN2N03S78Y9BHD0VRGD9&amp;language=fr-FR\"><span class=\"mb-text\">POSTULEZ<\/span><\/a><\/p>\n<\/div>\n<p>L\u2019article <a href=\"https:\/\/popburo.fr\/la-region-grand-est-recrute-4-vacataire-festival-davignon-2022-f-h\/\">LA R\u00c9GION GRAND EST recrute 4 vacataire festival d\u2019Avignon 2022 [F\/H]<\/a> est apparu en premier sur <a href=\"https:\/\/popburo.fr\/\">POP B\u00dcRO<\/a>.<\/p>\n","protected":false},"excerpt":{"rendered":"<p>Missions La R\u00e9gion Grand Est m\u00e8ne une politique active en faveur des arts de la sc\u00e8ne et des musiques actuelles, en oeuvrant \u00e0 la structuration r\u00e9gionale de ces secteurs et en apportant son soutien \u00e0 la cr\u00e9ation et \u00e0 la diffusion des artistes du territoire. Pour la septi\u00e8me ann\u00e9e cons\u00e9cutive, la collectivit\u00e9 s\u2019engage afin de permettre \u00e0 des compagnies de la r\u00e9gion de participer \u00e0 ce grand rendez-vous de la culture et de la cr\u00e9ation que constitue le Festival Off [&hellip;]<\/p>\n","protected":false},"author":0,"featured_media":0,"comment_status":"closed","ping_status":"open","sticky":false,"template":"","format":"standard","meta":{"footnotes":""},"categories":[1],"tags":[],"class_list":["post-2258","post","type-post","status-publish","format-standard","hentry","category-non-classe"],"yoast_head":"<!-- This site is optimized with the Yoast SEO plugin v27.4 - https:\/\/yoast.com\/product\/yoast-seo-wordpress\/ -->\n<title>LA R\u00c9GION GRAND EST recrute 4 vacataire festival d\u2019Avignon 2022 [F\/H] - HIERO STRASBOURG<\/title>\n<meta name=\"robots\" content=\"index, follow, max-snippet:-1, max-image-preview:large, max-video-preview:-1\" \/>\n<link rel=\"canonical\" href=\"https:\/\/hierostrasbourg.com\/index.php\/2022\/04\/13\/la-region-grand-est-recrute-4-vacataire-festival-davignon-2022-f-h-2\/\" \/>\n<meta property=\"og:locale\" content=\"fr_FR\" \/>\n<meta property=\"og:type\" content=\"article\" \/>\n<meta property=\"og:title\" content=\"LA R\u00c9GION GRAND EST recrute 4 vacataire festival d\u2019Avignon 2022 [F\/H] - HIERO STRASBOURG\" \/>\n<meta property=\"og:description\" content=\"Missions La R\u00e9gion Grand Est m\u00e8ne une politique active en faveur des arts de la sc\u00e8ne et des musiques actuelles, en oeuvrant \u00e0 la structuration r\u00e9gionale de ces secteurs et en apportant son soutien \u00e0 la cr\u00e9ation et \u00e0 la diffusion des artistes du territoire. Pour la septi\u00e8me ann\u00e9e cons\u00e9cutive, la collectivit\u00e9 s\u2019engage afin de permettre \u00e0 des compagnies de la r\u00e9gion de participer \u00e0 ce grand rendez-vous de la culture et de la cr\u00e9ation que constitue le Festival Off [&hellip;]\" \/>\n<meta property=\"og:url\" content=\"https:\/\/hierostrasbourg.com\/index.php\/2022\/04\/13\/la-region-grand-est-recrute-4-vacataire-festival-davignon-2022-f-h-2\/\" \/>\n<meta property=\"og:site_name\" content=\"HIERO STRASBOURG\" \/>\n<meta property=\"article:publisher\" content=\"https:\/\/www.facebook.com\/fedehierostrasbourg\" \/>\n<meta property=\"article:published_time\" content=\"2022-04-13T20:35:20+00:00\" \/>\n<meta name=\"twitter:card\" content=\"summary_large_image\" \/>\n<meta name=\"twitter:creator\" content=\"@hierostrasbourg\" \/>\n<meta name=\"twitter:site\" content=\"@hierostrasbourg\" \/>\n<meta name=\"twitter:label1\" content=\"Dur\u00e9e de lecture estim\u00e9e\" \/>\n\t<meta name=\"twitter:data1\" content=\"4 minutes\" \/>\n<script type=\"application\/ld+json\" class=\"yoast-schema-graph\">{\"@context\":\"https:\\\/\\\/schema.org\",\"@graph\":[{\"@type\":\"Article\",\"@id\":\"https:\\\/\\\/hierostrasbourg.com\\\/index.php\\\/2022\\\/04\\\/13\\\/la-region-grand-est-recrute-4-vacataire-festival-davignon-2022-f-h-2\\\/#article\",\"isPartOf\":{\"@id\":\"https:\\\/\\\/hierostrasbourg.com\\\/index.php\\\/2022\\\/04\\\/13\\\/la-region-grand-est-recrute-4-vacataire-festival-davignon-2022-f-h-2\\\/\"},\"author\":{\"name\":\"\",\"@id\":\"\"},\"headline\":\"LA R\u00c9GION GRAND EST recrute 4 vacataire festival d\u2019Avignon 2022 [F\\\/H]\",\"datePublished\":\"2022-04-13T20:35:20+00:00\",\"mainEntityOfPage\":{\"@id\":\"https:\\\/\\\/hierostrasbourg.com\\\/index.php\\\/2022\\\/04\\\/13\\\/la-region-grand-est-recrute-4-vacataire-festival-davignon-2022-f-h-2\\\/\"},\"wordCount\":844,\"publisher\":{\"@id\":\"https:\\\/\\\/hierostrasbourg.com\\\/#organization\"},\"inLanguage\":\"fr-FR\"},{\"@type\":\"WebPage\",\"@id\":\"https:\\\/\\\/hierostrasbourg.com\\\/index.php\\\/2022\\\/04\\\/13\\\/la-region-grand-est-recrute-4-vacataire-festival-davignon-2022-f-h-2\\\/\",\"url\":\"https:\\\/\\\/hierostrasbourg.com\\\/index.php\\\/2022\\\/04\\\/13\\\/la-region-grand-est-recrute-4-vacataire-festival-davignon-2022-f-h-2\\\/\",\"name\":\"LA R\u00c9GION GRAND EST recrute 4 vacataire festival d\u2019Avignon 2022 [F\\\/H] - HIERO STRASBOURG\",\"isPartOf\":{\"@id\":\"https:\\\/\\\/hierostrasbourg.com\\\/#website\"},\"datePublished\":\"2022-04-13T20:35:20+00:00\",\"breadcrumb\":{\"@id\":\"https:\\\/\\\/hierostrasbourg.com\\\/index.php\\\/2022\\\/04\\\/13\\\/la-region-grand-est-recrute-4-vacataire-festival-davignon-2022-f-h-2\\\/#breadcrumb\"},\"inLanguage\":\"fr-FR\",\"potentialAction\":[{\"@type\":\"ReadAction\",\"target\":[\"https:\\\/\\\/hierostrasbourg.com\\\/index.php\\\/2022\\\/04\\\/13\\\/la-region-grand-est-recrute-4-vacataire-festival-davignon-2022-f-h-2\\\/\"]}]},{\"@type\":\"BreadcrumbList\",\"@id\":\"https:\\\/\\\/hierostrasbourg.com\\\/index.php\\\/2022\\\/04\\\/13\\\/la-region-grand-est-recrute-4-vacataire-festival-davignon-2022-f-h-2\\\/#breadcrumb\",\"itemListElement\":[{\"@type\":\"ListItem\",\"position\":1,\"name\":\"Accueil\",\"item\":\"https:\\\/\\\/hierostrasbourg.com\\\/\"},{\"@type\":\"ListItem\",\"position\":2,\"name\":\"LA R\u00c9GION GRAND EST recrute 4 vacataire festival d\u2019Avignon 2022 [F\\\/H]\"}]},{\"@type\":\"WebSite\",\"@id\":\"https:\\\/\\\/hierostrasbourg.com\\\/#website\",\"url\":\"https:\\\/\\\/hierostrasbourg.com\\\/\",\"name\":\"HIERO STRASBOURG\",\"description\":\"Centre de Ressources Musiques Actuelles\",\"publisher\":{\"@id\":\"https:\\\/\\\/hierostrasbourg.com\\\/#organization\"},\"potentialAction\":[{\"@type\":\"SearchAction\",\"target\":{\"@type\":\"EntryPoint\",\"urlTemplate\":\"https:\\\/\\\/hierostrasbourg.com\\\/?s={search_term_string}\"},\"query-input\":{\"@type\":\"PropertyValueSpecification\",\"valueRequired\":true,\"valueName\":\"search_term_string\"}}],\"inLanguage\":\"fr-FR\"},{\"@type\":\"Organization\",\"@id\":\"https:\\\/\\\/hierostrasbourg.com\\\/#organization\",\"name\":\"F\u00e9d\u00e9ration Hi\u00e9ro Strasbourg\",\"url\":\"https:\\\/\\\/hierostrasbourg.com\\\/\",\"logo\":{\"@type\":\"ImageObject\",\"inLanguage\":\"fr-FR\",\"@id\":\"https:\\\/\\\/hierostrasbourg.com\\\/#\\\/schema\\\/logo\\\/image\\\/\",\"url\":\"https:\\\/\\\/hierostrasbourg.com\\\/wp-content\\\/uploads\\\/2026\\\/04\\\/logo-hiero-strasbourg.jpg\",\"contentUrl\":\"https:\\\/\\\/hierostrasbourg.com\\\/wp-content\\\/uploads\\\/2026\\\/04\\\/logo-hiero-strasbourg.jpg\",\"width\":204,\"height\":192,\"caption\":\"F\u00e9d\u00e9ration Hi\u00e9ro Strasbourg\"},\"image\":{\"@id\":\"https:\\\/\\\/hierostrasbourg.com\\\/#\\\/schema\\\/logo\\\/image\\\/\"},\"sameAs\":[\"https:\\\/\\\/www.facebook.com\\\/fedehierostrasbourg\",\"https:\\\/\\\/x.com\\\/hierostrasbourg\"]}]}<\/script>\n<!-- \/ Yoast SEO plugin. -->","yoast_head_json":{"title":"LA R\u00c9GION GRAND EST recrute 4 vacataire festival d\u2019Avignon 2022 [F\/H] - HIERO STRASBOURG","robots":{"index":"index","follow":"follow","max-snippet":"max-snippet:-1","max-image-preview":"max-image-preview:large","max-video-preview":"max-video-preview:-1"},"canonical":"https:\/\/hierostrasbourg.com\/index.php\/2022\/04\/13\/la-region-grand-est-recrute-4-vacataire-festival-davignon-2022-f-h-2\/","og_locale":"fr_FR","og_type":"article","og_title":"LA R\u00c9GION GRAND EST recrute 4 vacataire festival d\u2019Avignon 2022 [F\/H] - HIERO STRASBOURG","og_description":"Missions La R\u00e9gion Grand Est m\u00e8ne une politique active en faveur des arts de la sc\u00e8ne et des musiques actuelles, en oeuvrant \u00e0 la structuration r\u00e9gionale de ces secteurs et en apportant son soutien \u00e0 la cr\u00e9ation et \u00e0 la diffusion des artistes du territoire. Pour la septi\u00e8me ann\u00e9e cons\u00e9cutive, la collectivit\u00e9 s\u2019engage afin de permettre \u00e0 des compagnies de la r\u00e9gion de participer \u00e0 ce grand rendez-vous de la culture et de la cr\u00e9ation que constitue le Festival Off [&hellip;]","og_url":"https:\/\/hierostrasbourg.com\/index.php\/2022\/04\/13\/la-region-grand-est-recrute-4-vacataire-festival-davignon-2022-f-h-2\/","og_site_name":"HIERO STRASBOURG","article_publisher":"https:\/\/www.facebook.com\/fedehierostrasbourg","article_published_time":"2022-04-13T20:35:20+00:00","twitter_card":"summary_large_image","twitter_creator":"@hierostrasbourg","twitter_site":"@hierostrasbourg","twitter_misc":{"Dur\u00e9e de lecture estim\u00e9e":"4 minutes"},"schema":{"@context":"https:\/\/schema.org","@graph":[{"@type":"Article","@id":"https:\/\/hierostrasbourg.com\/index.php\/2022\/04\/13\/la-region-grand-est-recrute-4-vacataire-festival-davignon-2022-f-h-2\/#article","isPartOf":{"@id":"https:\/\/hierostrasbourg.com\/index.php\/2022\/04\/13\/la-region-grand-est-recrute-4-vacataire-festival-davignon-2022-f-h-2\/"},"author":{"name":"","@id":""},"headline":"LA R\u00c9GION GRAND EST recrute 4 vacataire festival d\u2019Avignon 2022 [F\/H]","datePublished":"2022-04-13T20:35:20+00:00","mainEntityOfPage":{"@id":"https:\/\/hierostrasbourg.com\/index.php\/2022\/04\/13\/la-region-grand-est-recrute-4-vacataire-festival-davignon-2022-f-h-2\/"},"wordCount":844,"publisher":{"@id":"https:\/\/hierostrasbourg.com\/#organization"},"inLanguage":"fr-FR"},{"@type":"WebPage","@id":"https:\/\/hierostrasbourg.com\/index.php\/2022\/04\/13\/la-region-grand-est-recrute-4-vacataire-festival-davignon-2022-f-h-2\/","url":"https:\/\/hierostrasbourg.com\/index.php\/2022\/04\/13\/la-region-grand-est-recrute-4-vacataire-festival-davignon-2022-f-h-2\/","name":"LA R\u00c9GION GRAND EST recrute 4 vacataire festival d\u2019Avignon 2022 [F\/H] - HIERO STRASBOURG","isPartOf":{"@id":"https:\/\/hierostrasbourg.com\/#website"},"datePublished":"2022-04-13T20:35:20+00:00","breadcrumb":{"@id":"https:\/\/hierostrasbourg.com\/index.php\/2022\/04\/13\/la-region-grand-est-recrute-4-vacataire-festival-davignon-2022-f-h-2\/#breadcrumb"},"inLanguage":"fr-FR","potentialAction":[{"@type":"ReadAction","target":["https:\/\/hierostrasbourg.com\/index.php\/2022\/04\/13\/la-region-grand-est-recrute-4-vacataire-festival-davignon-2022-f-h-2\/"]}]},{"@type":"BreadcrumbList","@id":"https:\/\/hierostrasbourg.com\/index.php\/2022\/04\/13\/la-region-grand-est-recrute-4-vacataire-festival-davignon-2022-f-h-2\/#breadcrumb","itemListElement":[{"@type":"ListItem","position":1,"name":"Accueil","item":"https:\/\/hierostrasbourg.com\/"},{"@type":"ListItem","position":2,"name":"LA R\u00c9GION GRAND EST recrute 4 vacataire festival d\u2019Avignon 2022 [F\/H]"}]},{"@type":"WebSite","@id":"https:\/\/hierostrasbourg.com\/#website","url":"https:\/\/hierostrasbourg.com\/","name":"HIERO STRASBOURG","description":"Centre de Ressources Musiques Actuelles","publisher":{"@id":"https:\/\/hierostrasbourg.com\/#organization"},"potentialAction":[{"@type":"SearchAction","target":{"@type":"EntryPoint","urlTemplate":"https:\/\/hierostrasbourg.com\/?s={search_term_string}"},"query-input":{"@type":"PropertyValueSpecification","valueRequired":true,"valueName":"search_term_string"}}],"inLanguage":"fr-FR"},{"@type":"Organization","@id":"https:\/\/hierostrasbourg.com\/#organization","name":"F\u00e9d\u00e9ration Hi\u00e9ro Strasbourg","url":"https:\/\/hierostrasbourg.com\/","logo":{"@type":"ImageObject","inLanguage":"fr-FR","@id":"https:\/\/hierostrasbourg.com\/#\/schema\/logo\/image\/","url":"https:\/\/hierostrasbourg.com\/wp-content\/uploads\/2026\/04\/logo-hiero-strasbourg.jpg","contentUrl":"https:\/\/hierostrasbourg.com\/wp-content\/uploads\/2026\/04\/logo-hiero-strasbourg.jpg","width":204,"height":192,"caption":"F\u00e9d\u00e9ration Hi\u00e9ro Strasbourg"},"image":{"@id":"https:\/\/hierostrasbourg.com\/#\/schema\/logo\/image\/"},"sameAs":["https:\/\/www.facebook.com\/fedehierostrasbourg","https:\/\/x.com\/hierostrasbourg"]}]}},"_links":{"self":[{"href":"https:\/\/hierostrasbourg.com\/index.php\/wp-json\/wp\/v2\/posts\/2258","targetHints":{"allow":["GET"]}}],"collection":[{"href":"https:\/\/hierostrasbourg.com\/index.php\/wp-json\/wp\/v2\/posts"}],"about":[{"href":"https:\/\/hierostrasbourg.com\/index.php\/wp-json\/wp\/v2\/types\/post"}],"replies":[{"embeddable":true,"href":"https:\/\/hierostrasbourg.com\/index.php\/wp-json\/wp\/v2\/comments?post=2258"}],"version-history":[{"count":0,"href":"https:\/\/hierostrasbourg.com\/index.php\/wp-json\/wp\/v2\/posts\/2258\/revisions"}],"wp:attachment":[{"href":"https:\/\/hierostrasbourg.com\/index.php\/wp-json\/wp\/v2\/media?parent=2258"}],"wp:term":[{"taxonomy":"category","embeddable":true,"href":"https:\/\/hierostrasbourg.com\/index.php\/wp-json\/wp\/v2\/categories?post=2258"},{"taxonomy":"post_tag","embeddable":true,"href":"https:\/\/hierostrasbourg.com\/index.php\/wp-json\/wp\/v2\/tags?post=2258"}],"curies":[{"name":"wp","href":"https:\/\/api.w.org\/{rel}","templated":true}]}}