{"id":2257,"date":"2022-04-13T22:35:20","date_gmt":"2022-04-13T20:35:20","guid":{"rendered":"https:\/\/hierostrasbourg.com\/index.php\/2022\/04\/13\/la-region-grand-est-recrute-4-vacataire-festival-davignon-2022-f-h\/"},"modified":"2022-04-13T22:35:20","modified_gmt":"2022-04-13T20:35:20","slug":"la-region-grand-est-recrute-4-vacataire-festival-davignon-2022-f-h","status":"publish","type":"post","link":"https:\/\/hierostrasbourg.com\/index.php\/2022\/04\/13\/la-region-grand-est-recrute-4-vacataire-festival-davignon-2022-f-h\/","title":{"rendered":"LA R\u00c9GION GRAND EST recrute 4 vacataire festival d\u2019Avignon 2022 [F\/H]"},"content":{"rendered":"<p>Missions La R\u00e9gion Grand Est m\u00e8ne une politique active en faveur des arts de la sc\u00e8ne et des musiques actuelles, en oeuvrant \u00e0 la structuration r\u00e9gionale de ces secteurs et en apportant son soutien \u00e0 la cr\u00e9ation et \u00e0 la diffusion des artistes du territoire. Pour la septi\u00e8me ann\u00e9e cons\u00e9cutive, la collectivit\u00e9 s\u2019engage afin de permettre \u00e0 des compagnies de la r\u00e9gion de participer \u00e0 ce grand rendez-vous de la culture et de la cr\u00e9ation que constitue le Festival Off [\u2026]<\/p>\n<p>L\u2019article <a href=\"https:\/\/musiquesactuelles.alsace\/la-region-grand-est-recrute-4-vacataire-festival-davignon-2022-f-h\/\">LA R\u00c9GION GRAND EST recrute 4 vacataire festival d\u2019Avignon 2022 [F\/H]<\/a> est apparu en premier sur <a href=\"https:\/\/musiquesactuelles.alsace\/\">Musiques Actuelles en Alsace<\/a>.<\/p>\n<p>L\u2019article <a href=\"https:\/\/popburo.fr\/la-region-grand-est-recrute-4-vacataire-festival-davignon-2022-f-h-2\/\">LA R\u00c9GION GRAND EST recrute 4 vacataire festival d\u2019Avignon 2022 [F\/H]<\/a> est apparu en premier sur <a href=\"https:\/\/popburo.fr\/\">POP B\u00dcRO<\/a>.<\/p>\n","protected":false},"excerpt":{"rendered":"<p>Missions La R\u00e9gion Grand Est m\u00e8ne une politique active en faveur des arts de la sc\u00e8ne et des musiques actuelles, en oeuvrant \u00e0 la structuration r\u00e9gionale de ces secteurs et en apportant son soutien \u00e0 la cr\u00e9ation et \u00e0 la diffusion des artistes du territoire. Pour la septi\u00e8me ann\u00e9e cons\u00e9cutive, la collectivit\u00e9 s\u2019engage afin de permettre \u00e0 des compagnies de la r\u00e9gion de participer \u00e0 ce grand rendez-vous de la culture et de la cr\u00e9ation que constitue le Festival Off [&hellip;]<\/p>\n","protected":false},"author":0,"featured_media":0,"comment_status":"closed","ping_status":"open","sticky":false,"template":"","format":"standard","meta":{"footnotes":""},"categories":[1],"tags":[],"class_list":["post-2257","post","type-post","status-publish","format-standard","hentry","category-non-classe"],"yoast_head":"<!-- This site is optimized with the Yoast SEO plugin v27.4 - https:\/\/yoast.com\/product\/yoast-seo-wordpress\/ -->\n<title>LA R\u00c9GION GRAND EST recrute 4 vacataire festival d\u2019Avignon 2022 [F\/H] - HIERO STRASBOURG<\/title>\n<meta name=\"robots\" content=\"index, follow, max-snippet:-1, max-image-preview:large, max-video-preview:-1\" \/>\n<link rel=\"canonical\" href=\"https:\/\/hierostrasbourg.com\/index.php\/2022\/04\/13\/la-region-grand-est-recrute-4-vacataire-festival-davignon-2022-f-h\/\" \/>\n<meta property=\"og:locale\" content=\"fr_FR\" \/>\n<meta property=\"og:type\" content=\"article\" \/>\n<meta property=\"og:title\" content=\"LA R\u00c9GION GRAND EST recrute 4 vacataire festival d\u2019Avignon 2022 [F\/H] - HIERO STRASBOURG\" \/>\n<meta property=\"og:description\" content=\"Missions La R\u00e9gion Grand Est m\u00e8ne une politique active en faveur des arts de la sc\u00e8ne et des musiques actuelles, en oeuvrant \u00e0 la structuration r\u00e9gionale de ces secteurs et en apportant son soutien \u00e0 la cr\u00e9ation et \u00e0 la diffusion des artistes du territoire. Pour la septi\u00e8me ann\u00e9e cons\u00e9cutive, la collectivit\u00e9 s\u2019engage afin de permettre \u00e0 des compagnies de la r\u00e9gion de participer \u00e0 ce grand rendez-vous de la culture et de la cr\u00e9ation que constitue le Festival Off [&hellip;]\" \/>\n<meta property=\"og:url\" content=\"https:\/\/hierostrasbourg.com\/index.php\/2022\/04\/13\/la-region-grand-est-recrute-4-vacataire-festival-davignon-2022-f-h\/\" \/>\n<meta property=\"og:site_name\" content=\"HIERO STRASBOURG\" \/>\n<meta property=\"article:publisher\" content=\"https:\/\/www.facebook.com\/fedehierostrasbourg\" \/>\n<meta property=\"article:published_time\" content=\"2022-04-13T20:35:20+00:00\" \/>\n<meta name=\"twitter:card\" content=\"summary_large_image\" \/>\n<meta name=\"twitter:creator\" content=\"@hierostrasbourg\" \/>\n<meta name=\"twitter:site\" content=\"@hierostrasbourg\" \/>\n<meta name=\"twitter:label1\" content=\"Dur\u00e9e de lecture estim\u00e9e\" \/>\n\t<meta name=\"twitter:data1\" content=\"1 minute\" \/>\n<script type=\"application\/ld+json\" class=\"yoast-schema-graph\">{\"@context\":\"https:\\\/\\\/schema.org\",\"@graph\":[{\"@type\":\"Article\",\"@id\":\"https:\\\/\\\/hierostrasbourg.com\\\/index.php\\\/2022\\\/04\\\/13\\\/la-region-grand-est-recrute-4-vacataire-festival-davignon-2022-f-h\\\/#article\",\"isPartOf\":{\"@id\":\"https:\\\/\\\/hierostrasbourg.com\\\/index.php\\\/2022\\\/04\\\/13\\\/la-region-grand-est-recrute-4-vacataire-festival-davignon-2022-f-h\\\/\"},\"author\":{\"name\":\"\",\"@id\":\"\"},\"headline\":\"LA R\u00c9GION GRAND EST recrute 4 vacataire festival d\u2019Avignon 2022 [F\\\/H]\",\"datePublished\":\"2022-04-13T20:35:20+00:00\",\"mainEntityOfPage\":{\"@id\":\"https:\\\/\\\/hierostrasbourg.com\\\/index.php\\\/2022\\\/04\\\/13\\\/la-region-grand-est-recrute-4-vacataire-festival-davignon-2022-f-h\\\/\"},\"wordCount\":143,\"publisher\":{\"@id\":\"https:\\\/\\\/hierostrasbourg.com\\\/#organization\"},\"inLanguage\":\"fr-FR\"},{\"@type\":\"WebPage\",\"@id\":\"https:\\\/\\\/hierostrasbourg.com\\\/index.php\\\/2022\\\/04\\\/13\\\/la-region-grand-est-recrute-4-vacataire-festival-davignon-2022-f-h\\\/\",\"url\":\"https:\\\/\\\/hierostrasbourg.com\\\/index.php\\\/2022\\\/04\\\/13\\\/la-region-grand-est-recrute-4-vacataire-festival-davignon-2022-f-h\\\/\",\"name\":\"LA R\u00c9GION GRAND EST recrute 4 vacataire festival d\u2019Avignon 2022 [F\\\/H] - HIERO STRASBOURG\",\"isPartOf\":{\"@id\":\"https:\\\/\\\/hierostrasbourg.com\\\/#website\"},\"datePublished\":\"2022-04-13T20:35:20+00:00\",\"breadcrumb\":{\"@id\":\"https:\\\/\\\/hierostrasbourg.com\\\/index.php\\\/2022\\\/04\\\/13\\\/la-region-grand-est-recrute-4-vacataire-festival-davignon-2022-f-h\\\/#breadcrumb\"},\"inLanguage\":\"fr-FR\",\"potentialAction\":[{\"@type\":\"ReadAction\",\"target\":[\"https:\\\/\\\/hierostrasbourg.com\\\/index.php\\\/2022\\\/04\\\/13\\\/la-region-grand-est-recrute-4-vacataire-festival-davignon-2022-f-h\\\/\"]}]},{\"@type\":\"BreadcrumbList\",\"@id\":\"https:\\\/\\\/hierostrasbourg.com\\\/index.php\\\/2022\\\/04\\\/13\\\/la-region-grand-est-recrute-4-vacataire-festival-davignon-2022-f-h\\\/#breadcrumb\",\"itemListElement\":[{\"@type\":\"ListItem\",\"position\":1,\"name\":\"Accueil\",\"item\":\"https:\\\/\\\/hierostrasbourg.com\\\/\"},{\"@type\":\"ListItem\",\"position\":2,\"name\":\"LA R\u00c9GION GRAND EST recrute 4 vacataire festival d\u2019Avignon 2022 [F\\\/H]\"}]},{\"@type\":\"WebSite\",\"@id\":\"https:\\\/\\\/hierostrasbourg.com\\\/#website\",\"url\":\"https:\\\/\\\/hierostrasbourg.com\\\/\",\"name\":\"HIERO STRASBOURG\",\"description\":\"Centre de Ressources Musiques Actuelles\",\"publisher\":{\"@id\":\"https:\\\/\\\/hierostrasbourg.com\\\/#organization\"},\"potentialAction\":[{\"@type\":\"SearchAction\",\"target\":{\"@type\":\"EntryPoint\",\"urlTemplate\":\"https:\\\/\\\/hierostrasbourg.com\\\/?s={search_term_string}\"},\"query-input\":{\"@type\":\"PropertyValueSpecification\",\"valueRequired\":true,\"valueName\":\"search_term_string\"}}],\"inLanguage\":\"fr-FR\"},{\"@type\":\"Organization\",\"@id\":\"https:\\\/\\\/hierostrasbourg.com\\\/#organization\",\"name\":\"F\u00e9d\u00e9ration Hi\u00e9ro Strasbourg\",\"url\":\"https:\\\/\\\/hierostrasbourg.com\\\/\",\"logo\":{\"@type\":\"ImageObject\",\"inLanguage\":\"fr-FR\",\"@id\":\"https:\\\/\\\/hierostrasbourg.com\\\/#\\\/schema\\\/logo\\\/image\\\/\",\"url\":\"https:\\\/\\\/hierostrasbourg.com\\\/wp-content\\\/uploads\\\/2026\\\/04\\\/logo-hiero-strasbourg.jpg\",\"contentUrl\":\"https:\\\/\\\/hierostrasbourg.com\\\/wp-content\\\/uploads\\\/2026\\\/04\\\/logo-hiero-strasbourg.jpg\",\"width\":204,\"height\":192,\"caption\":\"F\u00e9d\u00e9ration Hi\u00e9ro Strasbourg\"},\"image\":{\"@id\":\"https:\\\/\\\/hierostrasbourg.com\\\/#\\\/schema\\\/logo\\\/image\\\/\"},\"sameAs\":[\"https:\\\/\\\/www.facebook.com\\\/fedehierostrasbourg\",\"https:\\\/\\\/x.com\\\/hierostrasbourg\"]}]}<\/script>\n<!-- \/ Yoast SEO plugin. -->","yoast_head_json":{"title":"LA R\u00c9GION GRAND EST recrute 4 vacataire festival d\u2019Avignon 2022 [F\/H] - HIERO STRASBOURG","robots":{"index":"index","follow":"follow","max-snippet":"max-snippet:-1","max-image-preview":"max-image-preview:large","max-video-preview":"max-video-preview:-1"},"canonical":"https:\/\/hierostrasbourg.com\/index.php\/2022\/04\/13\/la-region-grand-est-recrute-4-vacataire-festival-davignon-2022-f-h\/","og_locale":"fr_FR","og_type":"article","og_title":"LA R\u00c9GION GRAND EST recrute 4 vacataire festival d\u2019Avignon 2022 [F\/H] - HIERO STRASBOURG","og_description":"Missions La R\u00e9gion Grand Est m\u00e8ne une politique active en faveur des arts de la sc\u00e8ne et des musiques actuelles, en oeuvrant \u00e0 la structuration r\u00e9gionale de ces secteurs et en apportant son soutien \u00e0 la cr\u00e9ation et \u00e0 la diffusion des artistes du territoire. Pour la septi\u00e8me ann\u00e9e cons\u00e9cutive, la collectivit\u00e9 s\u2019engage afin de permettre \u00e0 des compagnies de la r\u00e9gion de participer \u00e0 ce grand rendez-vous de la culture et de la cr\u00e9ation que constitue le Festival Off [&hellip;]","og_url":"https:\/\/hierostrasbourg.com\/index.php\/2022\/04\/13\/la-region-grand-est-recrute-4-vacataire-festival-davignon-2022-f-h\/","og_site_name":"HIERO STRASBOURG","article_publisher":"https:\/\/www.facebook.com\/fedehierostrasbourg","article_published_time":"2022-04-13T20:35:20+00:00","twitter_card":"summary_large_image","twitter_creator":"@hierostrasbourg","twitter_site":"@hierostrasbourg","twitter_misc":{"Dur\u00e9e de lecture estim\u00e9e":"1 minute"},"schema":{"@context":"https:\/\/schema.org","@graph":[{"@type":"Article","@id":"https:\/\/hierostrasbourg.com\/index.php\/2022\/04\/13\/la-region-grand-est-recrute-4-vacataire-festival-davignon-2022-f-h\/#article","isPartOf":{"@id":"https:\/\/hierostrasbourg.com\/index.php\/2022\/04\/13\/la-region-grand-est-recrute-4-vacataire-festival-davignon-2022-f-h\/"},"author":{"name":"","@id":""},"headline":"LA R\u00c9GION GRAND EST recrute 4 vacataire festival d\u2019Avignon 2022 [F\/H]","datePublished":"2022-04-13T20:35:20+00:00","mainEntityOfPage":{"@id":"https:\/\/hierostrasbourg.com\/index.php\/2022\/04\/13\/la-region-grand-est-recrute-4-vacataire-festival-davignon-2022-f-h\/"},"wordCount":143,"publisher":{"@id":"https:\/\/hierostrasbourg.com\/#organization"},"inLanguage":"fr-FR"},{"@type":"WebPage","@id":"https:\/\/hierostrasbourg.com\/index.php\/2022\/04\/13\/la-region-grand-est-recrute-4-vacataire-festival-davignon-2022-f-h\/","url":"https:\/\/hierostrasbourg.com\/index.php\/2022\/04\/13\/la-region-grand-est-recrute-4-vacataire-festival-davignon-2022-f-h\/","name":"LA R\u00c9GION GRAND EST recrute 4 vacataire festival d\u2019Avignon 2022 [F\/H] - HIERO STRASBOURG","isPartOf":{"@id":"https:\/\/hierostrasbourg.com\/#website"},"datePublished":"2022-04-13T20:35:20+00:00","breadcrumb":{"@id":"https:\/\/hierostrasbourg.com\/index.php\/2022\/04\/13\/la-region-grand-est-recrute-4-vacataire-festival-davignon-2022-f-h\/#breadcrumb"},"inLanguage":"fr-FR","potentialAction":[{"@type":"ReadAction","target":["https:\/\/hierostrasbourg.com\/index.php\/2022\/04\/13\/la-region-grand-est-recrute-4-vacataire-festival-davignon-2022-f-h\/"]}]},{"@type":"BreadcrumbList","@id":"https:\/\/hierostrasbourg.com\/index.php\/2022\/04\/13\/la-region-grand-est-recrute-4-vacataire-festival-davignon-2022-f-h\/#breadcrumb","itemListElement":[{"@type":"ListItem","position":1,"name":"Accueil","item":"https:\/\/hierostrasbourg.com\/"},{"@type":"ListItem","position":2,"name":"LA R\u00c9GION GRAND EST recrute 4 vacataire festival d\u2019Avignon 2022 [F\/H]"}]},{"@type":"WebSite","@id":"https:\/\/hierostrasbourg.com\/#website","url":"https:\/\/hierostrasbourg.com\/","name":"HIERO STRASBOURG","description":"Centre de Ressources Musiques Actuelles","publisher":{"@id":"https:\/\/hierostrasbourg.com\/#organization"},"potentialAction":[{"@type":"SearchAction","target":{"@type":"EntryPoint","urlTemplate":"https:\/\/hierostrasbourg.com\/?s={search_term_string}"},"query-input":{"@type":"PropertyValueSpecification","valueRequired":true,"valueName":"search_term_string"}}],"inLanguage":"fr-FR"},{"@type":"Organization","@id":"https:\/\/hierostrasbourg.com\/#organization","name":"F\u00e9d\u00e9ration Hi\u00e9ro Strasbourg","url":"https:\/\/hierostrasbourg.com\/","logo":{"@type":"ImageObject","inLanguage":"fr-FR","@id":"https:\/\/hierostrasbourg.com\/#\/schema\/logo\/image\/","url":"https:\/\/hierostrasbourg.com\/wp-content\/uploads\/2026\/04\/logo-hiero-strasbourg.jpg","contentUrl":"https:\/\/hierostrasbourg.com\/wp-content\/uploads\/2026\/04\/logo-hiero-strasbourg.jpg","width":204,"height":192,"caption":"F\u00e9d\u00e9ration Hi\u00e9ro Strasbourg"},"image":{"@id":"https:\/\/hierostrasbourg.com\/#\/schema\/logo\/image\/"},"sameAs":["https:\/\/www.facebook.com\/fedehierostrasbourg","https:\/\/x.com\/hierostrasbourg"]}]}},"_links":{"self":[{"href":"https:\/\/hierostrasbourg.com\/index.php\/wp-json\/wp\/v2\/posts\/2257","targetHints":{"allow":["GET"]}}],"collection":[{"href":"https:\/\/hierostrasbourg.com\/index.php\/wp-json\/wp\/v2\/posts"}],"about":[{"href":"https:\/\/hierostrasbourg.com\/index.php\/wp-json\/wp\/v2\/types\/post"}],"replies":[{"embeddable":true,"href":"https:\/\/hierostrasbourg.com\/index.php\/wp-json\/wp\/v2\/comments?post=2257"}],"version-history":[{"count":0,"href":"https:\/\/hierostrasbourg.com\/index.php\/wp-json\/wp\/v2\/posts\/2257\/revisions"}],"wp:attachment":[{"href":"https:\/\/hierostrasbourg.com\/index.php\/wp-json\/wp\/v2\/media?parent=2257"}],"wp:term":[{"taxonomy":"category","embeddable":true,"href":"https:\/\/hierostrasbourg.com\/index.php\/wp-json\/wp\/v2\/categories?post=2257"},{"taxonomy":"post_tag","embeddable":true,"href":"https:\/\/hierostrasbourg.com\/index.php\/wp-json\/wp\/v2\/tags?post=2257"}],"curies":[{"name":"wp","href":"https:\/\/api.w.org\/{rel}","templated":true}]}}