{"id":2252,"date":"2022-04-12T18:36:37","date_gmt":"2022-04-12T16:36:37","guid":{"rendered":"https:\/\/hierostrasbourg.com\/index.php\/2022\/04\/12\/lopera-national-du-rhin-recrute-un-assistant-de-ladministration-artistique-f-h-2\/"},"modified":"2022-04-12T18:36:37","modified_gmt":"2022-04-12T16:36:37","slug":"lopera-national-du-rhin-recrute-un-assistant-de-ladministration-artistique-f-h-2","status":"publish","type":"post","link":"https:\/\/hierostrasbourg.com\/index.php\/2022\/04\/12\/lopera-national-du-rhin-recrute-un-assistant-de-ladministration-artistique-f-h-2\/","title":{"rendered":"L\u2019OP\u00c9RA NATIONAL DU RHIN recrute un assistant de l\u2019administration artistique [F\/H]"},"content":{"rendered":"<p>L\u2019Op\u00e9ra national du Rhin, n\u00e9 de la volont\u00e9 des villes de Strasbourg, Mulhouse et Colmar, fait partie des cinq op\u00e9ras distingu\u00e9s par le label Op\u00e9ra national en r\u00e9gion, et de Centre Chor\u00e9graphique national.<br \/>\nInscrit dans un r\u00e9seau national et international de collaborations artistiques et culturelles, il constitue un p\u00f4le de d\u00e9veloppement lyrique et chor\u00e9graphique, avec des unit\u00e9s de cr\u00e9ation et diffusion r\u00e9parties dans les trois villes, et accueille pr\u00e8s de 120.000 spectateurs par an.<\/p>\n<h2>Missions<\/h2>\n<p>Charg\u00e9.e de veiller \u00e0 la bonne pr\u00e9paration des diff\u00e9rentes productions de l\u2019Op\u00e9ra national du Rhin et d\u2019assister la Responsable de l\u2019administration artistique dans l\u2019ensemble de ses missions.<\/p>\n<p>Plac\u00e9.e sous l\u2019autorit\u00e9 de la Responsable de l\u2019administration artistique, et selon les indications re\u00e7ues, est plus particuli\u00e8rement charg\u00e9.e de<\/p>\n<p>la r\u00e9daction, l\u2019envoi et le suivi des contrats (engagements, droits, prestations de service, \u2026) des artistes et autres intervenants ;<br \/>\neffectuer les r\u00e9servations des voyages et des h\u00e9bergements des artistes, et d\u2019en assurer le suivi ;<br \/>\na recherche et la n\u00e9gociation des tarifs des h\u00f4tels, r\u00e9sidences h\u00f4teli\u00e8res, appartements, ainsi que le suivi et la gestion avec les propri\u00e9taires et les artistes ou agents ;<br \/>\nla centralisation des informations concernant les h\u00e9bergements des artistes et autres intervenants ;<br \/>\nl\u2019\u00e9tablissement des \u00e9tats de frais des artistes et de veiller \u00e0 leurs signatures ;<br \/>\nprendre les rdv m\u00e9dicaux pour les artistes ;<br \/>\nparticiper au montage des dossiers de demande d\u2019aide \u00e0 la cr\u00e9ation (Fonds de Cr\u00e9ation lyrique, Aides \u00e0 l\u2019Ecriture pour les compositeurs, etc.) ;<br \/>\nla gestion des dossiers (biographies, photos, fiches de mesures) aupr\u00e8s des artistes et\/ou agences ;<br \/>\noccasionnellement, et sur demande de la Responsable de l\u2019administration artistique, n\u00e9gocier les contrats et les cachets en respectant le cadre budg\u00e9taire pr\u00e9\u00e9tabli et en assurer le suivi administratif ;<br \/>\net de mani\u00e8re g\u00e9n\u00e9rale, toutes autres t\u00e2ches ponctuelles relatives aux missions du service en fonction des indications re\u00e7ues.<\/p>\n<h2>Profil recherch\u00e9<\/h2>\n<p>Comp\u00e9tences et qualit\u00e9s requises<\/p>\n<p>Formation en gestion ou administration culturelle niveau BAC+2 minimum<br \/>\nInt\u00e9r\u00eat pour le milieu culturel, et plus particuli\u00e8rement du domaine de l\u2019art lyrique, du th\u00e9\u00e2tre ou du spectacle vivant en g\u00e9n\u00e9ral<br \/>\nMa\u00eetrise indispensable de l\u2019anglais, et pratique d\u2019une autre langue \u00e9trang\u00e8re appr\u00e9ci\u00e9e<br \/>\nMa\u00eetrise des outils informatiques et de bureautiques classiques<br \/>\nBonnes qualit\u00e9s relationnelles, et de n\u00e9gociation<br \/>\nOrganis\u00e9, rigoureux et r\u00e9actif<br \/>\nBonne capacit\u00e9 d\u2019adaptation et de r\u00e9action aux situations d\u2019urgence<\/p>\n<p>Contrat base 35h\/semaine<br \/>\nDate limite de candidature : 2 mai 2022<br \/>\nCDI<\/p>\n<p>Merci de faire parvenir votre candidature (lettre de motivation et curriculum vitae) pour le 02 MAI 2022<\/p>\n<p>A Monsieur le Directeur g\u00e9n\u00e9ral de l\u2019Op\u00e9ra national du Rhin<br \/>\nDirection des Ressources humaines<br \/>\n19, Place Broglie \u2013 67008 Strasbourg Cedex<\/p>\n<p>L\u2019article <a href=\"https:\/\/popburo.fr\/lopera-national-du-rhin-recrute-un-assistant-de-ladministration-artistique-f-h\/\">L\u2019OP\u00c9RA NATIONAL DU RHIN recrute un assistant de l\u2019administration artistique [F\/H]<\/a> est apparu en premier sur <a href=\"https:\/\/popburo.fr\/\">POP B\u00dcRO<\/a>.<\/p>\n","protected":false},"excerpt":{"rendered":"<p>L\u2019Op\u00e9ra national du Rhin, n\u00e9 de la volont\u00e9 des villes de Strasbourg, Mulhouse et Colmar, fait partie des cinq op\u00e9ras distingu\u00e9s par le label Op\u00e9ra national en r\u00e9gion, et de Centre Chor\u00e9graphique national. Inscrit dans un r\u00e9seau national et international de collaborations artistiques et culturelles, il constitue un p\u00f4le de d\u00e9veloppement lyrique et chor\u00e9graphique, avec des unit\u00e9s de cr\u00e9ation et diffusion r\u00e9parties dans les trois villes, et accueille pr\u00e8s de 120.000 spectateurs par an. Missions Charg\u00e9.e de veiller \u00e0 la [&hellip;]<\/p>\n","protected":false},"author":0,"featured_media":0,"comment_status":"closed","ping_status":"open","sticky":false,"template":"","format":"standard","meta":{"footnotes":""},"categories":[1],"tags":[],"class_list":["post-2252","post","type-post","status-publish","format-standard","hentry","category-non-classe"],"yoast_head":"<!-- This site is optimized with the Yoast SEO plugin v27.4 - https:\/\/yoast.com\/product\/yoast-seo-wordpress\/ -->\n<title>L\u2019OP\u00c9RA NATIONAL DU RHIN recrute un assistant de l\u2019administration artistique [F\/H] - HIERO STRASBOURG<\/title>\n<meta name=\"robots\" content=\"index, follow, max-snippet:-1, max-image-preview:large, max-video-preview:-1\" \/>\n<link rel=\"canonical\" href=\"https:\/\/hierostrasbourg.com\/index.php\/2022\/04\/12\/lopera-national-du-rhin-recrute-un-assistant-de-ladministration-artistique-f-h-2\/\" \/>\n<meta property=\"og:locale\" content=\"fr_FR\" \/>\n<meta property=\"og:type\" content=\"article\" \/>\n<meta property=\"og:title\" content=\"L\u2019OP\u00c9RA NATIONAL DU RHIN recrute un assistant de l\u2019administration artistique [F\/H] - HIERO STRASBOURG\" \/>\n<meta property=\"og:description\" content=\"L\u2019Op\u00e9ra national du Rhin, n\u00e9 de la volont\u00e9 des villes de Strasbourg, Mulhouse et Colmar, fait partie des cinq op\u00e9ras distingu\u00e9s par le label Op\u00e9ra national en r\u00e9gion, et de Centre Chor\u00e9graphique national. Inscrit dans un r\u00e9seau national et international de collaborations artistiques et culturelles, il constitue un p\u00f4le de d\u00e9veloppement lyrique et chor\u00e9graphique, avec des unit\u00e9s de cr\u00e9ation et diffusion r\u00e9parties dans les trois villes, et accueille pr\u00e8s de 120.000 spectateurs par an. Missions Charg\u00e9.e de veiller \u00e0 la [&hellip;]\" \/>\n<meta property=\"og:url\" content=\"https:\/\/hierostrasbourg.com\/index.php\/2022\/04\/12\/lopera-national-du-rhin-recrute-un-assistant-de-ladministration-artistique-f-h-2\/\" \/>\n<meta property=\"og:site_name\" content=\"HIERO STRASBOURG\" \/>\n<meta property=\"article:publisher\" content=\"https:\/\/www.facebook.com\/fedehierostrasbourg\" \/>\n<meta property=\"article:published_time\" content=\"2022-04-12T16:36:37+00:00\" \/>\n<meta name=\"twitter:card\" content=\"summary_large_image\" \/>\n<meta name=\"twitter:creator\" content=\"@hierostrasbourg\" \/>\n<meta name=\"twitter:site\" content=\"@hierostrasbourg\" \/>\n<meta name=\"twitter:label1\" content=\"Dur\u00e9e de lecture estim\u00e9e\" \/>\n\t<meta name=\"twitter:data1\" content=\"3 minutes\" \/>\n<script type=\"application\/ld+json\" class=\"yoast-schema-graph\">{\"@context\":\"https:\\\/\\\/schema.org\",\"@graph\":[{\"@type\":\"Article\",\"@id\":\"https:\\\/\\\/hierostrasbourg.com\\\/index.php\\\/2022\\\/04\\\/12\\\/lopera-national-du-rhin-recrute-un-assistant-de-ladministration-artistique-f-h-2\\\/#article\",\"isPartOf\":{\"@id\":\"https:\\\/\\\/hierostrasbourg.com\\\/index.php\\\/2022\\\/04\\\/12\\\/lopera-national-du-rhin-recrute-un-assistant-de-ladministration-artistique-f-h-2\\\/\"},\"author\":{\"name\":\"\",\"@id\":\"\"},\"headline\":\"L\u2019OP\u00c9RA NATIONAL DU RHIN recrute un assistant de l\u2019administration artistique [F\\\/H]\",\"datePublished\":\"2022-04-12T16:36:37+00:00\",\"mainEntityOfPage\":{\"@id\":\"https:\\\/\\\/hierostrasbourg.com\\\/index.php\\\/2022\\\/04\\\/12\\\/lopera-national-du-rhin-recrute-un-assistant-de-ladministration-artistique-f-h-2\\\/\"},\"wordCount\":531,\"publisher\":{\"@id\":\"https:\\\/\\\/hierostrasbourg.com\\\/#organization\"},\"inLanguage\":\"fr-FR\"},{\"@type\":\"WebPage\",\"@id\":\"https:\\\/\\\/hierostrasbourg.com\\\/index.php\\\/2022\\\/04\\\/12\\\/lopera-national-du-rhin-recrute-un-assistant-de-ladministration-artistique-f-h-2\\\/\",\"url\":\"https:\\\/\\\/hierostrasbourg.com\\\/index.php\\\/2022\\\/04\\\/12\\\/lopera-national-du-rhin-recrute-un-assistant-de-ladministration-artistique-f-h-2\\\/\",\"name\":\"L\u2019OP\u00c9RA NATIONAL DU RHIN recrute un assistant de l\u2019administration artistique [F\\\/H] - HIERO STRASBOURG\",\"isPartOf\":{\"@id\":\"https:\\\/\\\/hierostrasbourg.com\\\/#website\"},\"datePublished\":\"2022-04-12T16:36:37+00:00\",\"breadcrumb\":{\"@id\":\"https:\\\/\\\/hierostrasbourg.com\\\/index.php\\\/2022\\\/04\\\/12\\\/lopera-national-du-rhin-recrute-un-assistant-de-ladministration-artistique-f-h-2\\\/#breadcrumb\"},\"inLanguage\":\"fr-FR\",\"potentialAction\":[{\"@type\":\"ReadAction\",\"target\":[\"https:\\\/\\\/hierostrasbourg.com\\\/index.php\\\/2022\\\/04\\\/12\\\/lopera-national-du-rhin-recrute-un-assistant-de-ladministration-artistique-f-h-2\\\/\"]}]},{\"@type\":\"BreadcrumbList\",\"@id\":\"https:\\\/\\\/hierostrasbourg.com\\\/index.php\\\/2022\\\/04\\\/12\\\/lopera-national-du-rhin-recrute-un-assistant-de-ladministration-artistique-f-h-2\\\/#breadcrumb\",\"itemListElement\":[{\"@type\":\"ListItem\",\"position\":1,\"name\":\"Accueil\",\"item\":\"https:\\\/\\\/hierostrasbourg.com\\\/\"},{\"@type\":\"ListItem\",\"position\":2,\"name\":\"L\u2019OP\u00c9RA NATIONAL DU RHIN recrute un assistant de l\u2019administration artistique [F\\\/H]\"}]},{\"@type\":\"WebSite\",\"@id\":\"https:\\\/\\\/hierostrasbourg.com\\\/#website\",\"url\":\"https:\\\/\\\/hierostrasbourg.com\\\/\",\"name\":\"HIERO STRASBOURG\",\"description\":\"Centre de Ressources Musiques Actuelles\",\"publisher\":{\"@id\":\"https:\\\/\\\/hierostrasbourg.com\\\/#organization\"},\"potentialAction\":[{\"@type\":\"SearchAction\",\"target\":{\"@type\":\"EntryPoint\",\"urlTemplate\":\"https:\\\/\\\/hierostrasbourg.com\\\/?s={search_term_string}\"},\"query-input\":{\"@type\":\"PropertyValueSpecification\",\"valueRequired\":true,\"valueName\":\"search_term_string\"}}],\"inLanguage\":\"fr-FR\"},{\"@type\":\"Organization\",\"@id\":\"https:\\\/\\\/hierostrasbourg.com\\\/#organization\",\"name\":\"F\u00e9d\u00e9ration Hi\u00e9ro Strasbourg\",\"url\":\"https:\\\/\\\/hierostrasbourg.com\\\/\",\"logo\":{\"@type\":\"ImageObject\",\"inLanguage\":\"fr-FR\",\"@id\":\"https:\\\/\\\/hierostrasbourg.com\\\/#\\\/schema\\\/logo\\\/image\\\/\",\"url\":\"https:\\\/\\\/hierostrasbourg.com\\\/wp-content\\\/uploads\\\/2026\\\/04\\\/logo-hiero-strasbourg.jpg\",\"contentUrl\":\"https:\\\/\\\/hierostrasbourg.com\\\/wp-content\\\/uploads\\\/2026\\\/04\\\/logo-hiero-strasbourg.jpg\",\"width\":204,\"height\":192,\"caption\":\"F\u00e9d\u00e9ration Hi\u00e9ro Strasbourg\"},\"image\":{\"@id\":\"https:\\\/\\\/hierostrasbourg.com\\\/#\\\/schema\\\/logo\\\/image\\\/\"},\"sameAs\":[\"https:\\\/\\\/www.facebook.com\\\/fedehierostrasbourg\",\"https:\\\/\\\/x.com\\\/hierostrasbourg\"]}]}<\/script>\n<!-- \/ Yoast SEO plugin. -->","yoast_head_json":{"title":"L\u2019OP\u00c9RA NATIONAL DU RHIN recrute un assistant de l\u2019administration artistique [F\/H] - HIERO STRASBOURG","robots":{"index":"index","follow":"follow","max-snippet":"max-snippet:-1","max-image-preview":"max-image-preview:large","max-video-preview":"max-video-preview:-1"},"canonical":"https:\/\/hierostrasbourg.com\/index.php\/2022\/04\/12\/lopera-national-du-rhin-recrute-un-assistant-de-ladministration-artistique-f-h-2\/","og_locale":"fr_FR","og_type":"article","og_title":"L\u2019OP\u00c9RA NATIONAL DU RHIN recrute un assistant de l\u2019administration artistique [F\/H] - HIERO STRASBOURG","og_description":"L\u2019Op\u00e9ra national du Rhin, n\u00e9 de la volont\u00e9 des villes de Strasbourg, Mulhouse et Colmar, fait partie des cinq op\u00e9ras distingu\u00e9s par le label Op\u00e9ra national en r\u00e9gion, et de Centre Chor\u00e9graphique national. Inscrit dans un r\u00e9seau national et international de collaborations artistiques et culturelles, il constitue un p\u00f4le de d\u00e9veloppement lyrique et chor\u00e9graphique, avec des unit\u00e9s de cr\u00e9ation et diffusion r\u00e9parties dans les trois villes, et accueille pr\u00e8s de 120.000 spectateurs par an. Missions Charg\u00e9.e de veiller \u00e0 la [&hellip;]","og_url":"https:\/\/hierostrasbourg.com\/index.php\/2022\/04\/12\/lopera-national-du-rhin-recrute-un-assistant-de-ladministration-artistique-f-h-2\/","og_site_name":"HIERO STRASBOURG","article_publisher":"https:\/\/www.facebook.com\/fedehierostrasbourg","article_published_time":"2022-04-12T16:36:37+00:00","twitter_card":"summary_large_image","twitter_creator":"@hierostrasbourg","twitter_site":"@hierostrasbourg","twitter_misc":{"Dur\u00e9e de lecture estim\u00e9e":"3 minutes"},"schema":{"@context":"https:\/\/schema.org","@graph":[{"@type":"Article","@id":"https:\/\/hierostrasbourg.com\/index.php\/2022\/04\/12\/lopera-national-du-rhin-recrute-un-assistant-de-ladministration-artistique-f-h-2\/#article","isPartOf":{"@id":"https:\/\/hierostrasbourg.com\/index.php\/2022\/04\/12\/lopera-national-du-rhin-recrute-un-assistant-de-ladministration-artistique-f-h-2\/"},"author":{"name":"","@id":""},"headline":"L\u2019OP\u00c9RA NATIONAL DU RHIN recrute un assistant de l\u2019administration artistique [F\/H]","datePublished":"2022-04-12T16:36:37+00:00","mainEntityOfPage":{"@id":"https:\/\/hierostrasbourg.com\/index.php\/2022\/04\/12\/lopera-national-du-rhin-recrute-un-assistant-de-ladministration-artistique-f-h-2\/"},"wordCount":531,"publisher":{"@id":"https:\/\/hierostrasbourg.com\/#organization"},"inLanguage":"fr-FR"},{"@type":"WebPage","@id":"https:\/\/hierostrasbourg.com\/index.php\/2022\/04\/12\/lopera-national-du-rhin-recrute-un-assistant-de-ladministration-artistique-f-h-2\/","url":"https:\/\/hierostrasbourg.com\/index.php\/2022\/04\/12\/lopera-national-du-rhin-recrute-un-assistant-de-ladministration-artistique-f-h-2\/","name":"L\u2019OP\u00c9RA NATIONAL DU RHIN recrute un assistant de l\u2019administration artistique [F\/H] - HIERO STRASBOURG","isPartOf":{"@id":"https:\/\/hierostrasbourg.com\/#website"},"datePublished":"2022-04-12T16:36:37+00:00","breadcrumb":{"@id":"https:\/\/hierostrasbourg.com\/index.php\/2022\/04\/12\/lopera-national-du-rhin-recrute-un-assistant-de-ladministration-artistique-f-h-2\/#breadcrumb"},"inLanguage":"fr-FR","potentialAction":[{"@type":"ReadAction","target":["https:\/\/hierostrasbourg.com\/index.php\/2022\/04\/12\/lopera-national-du-rhin-recrute-un-assistant-de-ladministration-artistique-f-h-2\/"]}]},{"@type":"BreadcrumbList","@id":"https:\/\/hierostrasbourg.com\/index.php\/2022\/04\/12\/lopera-national-du-rhin-recrute-un-assistant-de-ladministration-artistique-f-h-2\/#breadcrumb","itemListElement":[{"@type":"ListItem","position":1,"name":"Accueil","item":"https:\/\/hierostrasbourg.com\/"},{"@type":"ListItem","position":2,"name":"L\u2019OP\u00c9RA NATIONAL DU RHIN recrute un assistant de l\u2019administration artistique [F\/H]"}]},{"@type":"WebSite","@id":"https:\/\/hierostrasbourg.com\/#website","url":"https:\/\/hierostrasbourg.com\/","name":"HIERO STRASBOURG","description":"Centre de Ressources Musiques Actuelles","publisher":{"@id":"https:\/\/hierostrasbourg.com\/#organization"},"potentialAction":[{"@type":"SearchAction","target":{"@type":"EntryPoint","urlTemplate":"https:\/\/hierostrasbourg.com\/?s={search_term_string}"},"query-input":{"@type":"PropertyValueSpecification","valueRequired":true,"valueName":"search_term_string"}}],"inLanguage":"fr-FR"},{"@type":"Organization","@id":"https:\/\/hierostrasbourg.com\/#organization","name":"F\u00e9d\u00e9ration Hi\u00e9ro Strasbourg","url":"https:\/\/hierostrasbourg.com\/","logo":{"@type":"ImageObject","inLanguage":"fr-FR","@id":"https:\/\/hierostrasbourg.com\/#\/schema\/logo\/image\/","url":"https:\/\/hierostrasbourg.com\/wp-content\/uploads\/2026\/04\/logo-hiero-strasbourg.jpg","contentUrl":"https:\/\/hierostrasbourg.com\/wp-content\/uploads\/2026\/04\/logo-hiero-strasbourg.jpg","width":204,"height":192,"caption":"F\u00e9d\u00e9ration Hi\u00e9ro Strasbourg"},"image":{"@id":"https:\/\/hierostrasbourg.com\/#\/schema\/logo\/image\/"},"sameAs":["https:\/\/www.facebook.com\/fedehierostrasbourg","https:\/\/x.com\/hierostrasbourg"]}]}},"_links":{"self":[{"href":"https:\/\/hierostrasbourg.com\/index.php\/wp-json\/wp\/v2\/posts\/2252","targetHints":{"allow":["GET"]}}],"collection":[{"href":"https:\/\/hierostrasbourg.com\/index.php\/wp-json\/wp\/v2\/posts"}],"about":[{"href":"https:\/\/hierostrasbourg.com\/index.php\/wp-json\/wp\/v2\/types\/post"}],"replies":[{"embeddable":true,"href":"https:\/\/hierostrasbourg.com\/index.php\/wp-json\/wp\/v2\/comments?post=2252"}],"version-history":[{"count":0,"href":"https:\/\/hierostrasbourg.com\/index.php\/wp-json\/wp\/v2\/posts\/2252\/revisions"}],"wp:attachment":[{"href":"https:\/\/hierostrasbourg.com\/index.php\/wp-json\/wp\/v2\/media?parent=2252"}],"wp:term":[{"taxonomy":"category","embeddable":true,"href":"https:\/\/hierostrasbourg.com\/index.php\/wp-json\/wp\/v2\/categories?post=2252"},{"taxonomy":"post_tag","embeddable":true,"href":"https:\/\/hierostrasbourg.com\/index.php\/wp-json\/wp\/v2\/tags?post=2252"}],"curies":[{"name":"wp","href":"https:\/\/api.w.org\/{rel}","templated":true}]}}