{"id":2249,"date":"2022-04-12T14:31:48","date_gmt":"2022-04-12T12:31:48","guid":{"rendered":"https:\/\/hierostrasbourg.com\/index.php\/2022\/04\/12\/le-conservatoire-de-strasbourg-la-hear-cree-un-master-de-pedagogie-meef-2\/"},"modified":"2022-04-12T14:31:48","modified_gmt":"2022-04-12T12:31:48","slug":"le-conservatoire-de-strasbourg-la-hear-cree-un-master-de-pedagogie-meef-2","status":"publish","type":"post","link":"https:\/\/hierostrasbourg.com\/index.php\/2022\/04\/12\/le-conservatoire-de-strasbourg-la-hear-cree-un-master-de-pedagogie-meef-2\/","title":{"rendered":"LE CONSERVATOIRE DE STRASBOURG [la Hear] cr\u00e9e un master de P\u00e9dagogie (MEEF)"},"content":{"rendered":"<p><em>Le Master de P\u00e9dagogie (M\u00e9tiers de l\u2019Enseignement, de l\u2019\u00c9ducation et de la Formation) : un cursus exigeant et un haut niveau de qualification d\u00e9velopp\u00e9s en partenariat avec\u00a0<a href=\"https:\/\/inspe.unistra.fr\/formation\/masters\/\" target=\"_blank\" rel=\"noopener\">l\u2019Institut National Sup\u00e9rieur du Professorat et de l\u2019\u00c9ducation (INSP\u00c9) de Strasbourg<\/a>, le d\u00e9partement Musique de l\u2019Universit\u00e9 de Strasbourg et l\u2019Acad\u00e9mie sup\u00e9rieure de musique.<\/em><\/p>\n<p>Source \/ Lire la suite : <a href=\"https:\/\/www.hear.fr\/musique\/master-meef\/\">Master de P\u00e9dagogie (MEEF)<\/a><\/p>\n<p>L\u2019article <a href=\"https:\/\/popburo.fr\/le-conservatoire-de-strasbourg-la-hear-cree-un-master-de-pedagogie-meef\/\">LE CONSERVATOIRE DE STRASBOURG [la Hear] cr\u00e9e un master de P\u00e9dagogie (MEEF)<\/a> est apparu en premier sur <a href=\"https:\/\/popburo.fr\/\">POP B\u00dcRO<\/a>.<\/p>\n","protected":false},"excerpt":{"rendered":"<p>Le Master de P\u00e9dagogie (M\u00e9tiers de l\u2019Enseignement, de l\u2019\u00c9ducation et de la Formation) : un cursus exigeant et un haut niveau de qualification d\u00e9velopp\u00e9s en partenariat avec\u00a0l\u2019Institut National Sup\u00e9rieur du Professorat et de l\u2019\u00c9ducation (INSP\u00c9) de Strasbourg, le d\u00e9partement Musique de l\u2019Universit\u00e9 de Strasbourg et l\u2019Acad\u00e9mie sup\u00e9rieure de musique. Source \/ Lire la suite : Master de P\u00e9dagogie (MEEF) L\u2019article LE CONSERVATOIRE DE STRASBOURG [la Hear] cr\u00e9e un master de P\u00e9dagogie (MEEF) est apparu en premier sur POP B\u00dcRO.<\/p>\n","protected":false},"author":0,"featured_media":0,"comment_status":"closed","ping_status":"open","sticky":false,"template":"","format":"standard","meta":{"footnotes":""},"categories":[1],"tags":[],"class_list":["post-2249","post","type-post","status-publish","format-standard","hentry","category-non-classe"],"yoast_head":"<!-- This site is optimized with the Yoast SEO plugin v27.4 - https:\/\/yoast.com\/product\/yoast-seo-wordpress\/ -->\n<title>LE CONSERVATOIRE DE STRASBOURG [la Hear] cr\u00e9e un master de P\u00e9dagogie (MEEF) - HIERO STRASBOURG<\/title>\n<meta name=\"robots\" content=\"index, follow, max-snippet:-1, max-image-preview:large, max-video-preview:-1\" \/>\n<link rel=\"canonical\" href=\"https:\/\/hierostrasbourg.com\/index.php\/2022\/04\/12\/le-conservatoire-de-strasbourg-la-hear-cree-un-master-de-pedagogie-meef-2\/\" \/>\n<meta property=\"og:locale\" content=\"fr_FR\" \/>\n<meta property=\"og:type\" content=\"article\" \/>\n<meta property=\"og:title\" content=\"LE CONSERVATOIRE DE STRASBOURG [la Hear] cr\u00e9e un master de P\u00e9dagogie (MEEF) - HIERO STRASBOURG\" \/>\n<meta property=\"og:description\" content=\"Le Master de P\u00e9dagogie (M\u00e9tiers de l\u2019Enseignement, de l\u2019\u00c9ducation et de la Formation) : un cursus exigeant et un haut niveau de qualification d\u00e9velopp\u00e9s en partenariat avec\u00a0l\u2019Institut National Sup\u00e9rieur du Professorat et de l\u2019\u00c9ducation (INSP\u00c9) de Strasbourg, le d\u00e9partement Musique de l\u2019Universit\u00e9 de Strasbourg et l\u2019Acad\u00e9mie sup\u00e9rieure de musique. Source \/ Lire la suite : Master de P\u00e9dagogie (MEEF) L\u2019article LE CONSERVATOIRE DE STRASBOURG [la Hear] cr\u00e9e un master de P\u00e9dagogie (MEEF) est apparu en premier sur POP B\u00dcRO.\" \/>\n<meta property=\"og:url\" content=\"https:\/\/hierostrasbourg.com\/index.php\/2022\/04\/12\/le-conservatoire-de-strasbourg-la-hear-cree-un-master-de-pedagogie-meef-2\/\" \/>\n<meta property=\"og:site_name\" content=\"HIERO STRASBOURG\" \/>\n<meta property=\"article:publisher\" content=\"https:\/\/www.facebook.com\/fedehierostrasbourg\" \/>\n<meta property=\"article:published_time\" content=\"2022-04-12T12:31:48+00:00\" \/>\n<meta name=\"twitter:card\" content=\"summary_large_image\" \/>\n<meta name=\"twitter:creator\" content=\"@hierostrasbourg\" \/>\n<meta name=\"twitter:site\" content=\"@hierostrasbourg\" \/>\n<script type=\"application\/ld+json\" class=\"yoast-schema-graph\">{\"@context\":\"https:\\\/\\\/schema.org\",\"@graph\":[{\"@type\":\"Article\",\"@id\":\"https:\\\/\\\/hierostrasbourg.com\\\/index.php\\\/2022\\\/04\\\/12\\\/le-conservatoire-de-strasbourg-la-hear-cree-un-master-de-pedagogie-meef-2\\\/#article\",\"isPartOf\":{\"@id\":\"https:\\\/\\\/hierostrasbourg.com\\\/index.php\\\/2022\\\/04\\\/12\\\/le-conservatoire-de-strasbourg-la-hear-cree-un-master-de-pedagogie-meef-2\\\/\"},\"author\":{\"name\":\"\",\"@id\":\"\"},\"headline\":\"LE CONSERVATOIRE DE STRASBOURG [la Hear] cr\u00e9e un master de P\u00e9dagogie (MEEF)\",\"datePublished\":\"2022-04-12T12:31:48+00:00\",\"mainEntityOfPage\":{\"@id\":\"https:\\\/\\\/hierostrasbourg.com\\\/index.php\\\/2022\\\/04\\\/12\\\/le-conservatoire-de-strasbourg-la-hear-cree-un-master-de-pedagogie-meef-2\\\/\"},\"wordCount\":110,\"publisher\":{\"@id\":\"https:\\\/\\\/hierostrasbourg.com\\\/#organization\"},\"inLanguage\":\"fr-FR\"},{\"@type\":\"WebPage\",\"@id\":\"https:\\\/\\\/hierostrasbourg.com\\\/index.php\\\/2022\\\/04\\\/12\\\/le-conservatoire-de-strasbourg-la-hear-cree-un-master-de-pedagogie-meef-2\\\/\",\"url\":\"https:\\\/\\\/hierostrasbourg.com\\\/index.php\\\/2022\\\/04\\\/12\\\/le-conservatoire-de-strasbourg-la-hear-cree-un-master-de-pedagogie-meef-2\\\/\",\"name\":\"LE CONSERVATOIRE DE STRASBOURG [la Hear] cr\u00e9e un master de P\u00e9dagogie (MEEF) - HIERO STRASBOURG\",\"isPartOf\":{\"@id\":\"https:\\\/\\\/hierostrasbourg.com\\\/#website\"},\"datePublished\":\"2022-04-12T12:31:48+00:00\",\"breadcrumb\":{\"@id\":\"https:\\\/\\\/hierostrasbourg.com\\\/index.php\\\/2022\\\/04\\\/12\\\/le-conservatoire-de-strasbourg-la-hear-cree-un-master-de-pedagogie-meef-2\\\/#breadcrumb\"},\"inLanguage\":\"fr-FR\",\"potentialAction\":[{\"@type\":\"ReadAction\",\"target\":[\"https:\\\/\\\/hierostrasbourg.com\\\/index.php\\\/2022\\\/04\\\/12\\\/le-conservatoire-de-strasbourg-la-hear-cree-un-master-de-pedagogie-meef-2\\\/\"]}]},{\"@type\":\"BreadcrumbList\",\"@id\":\"https:\\\/\\\/hierostrasbourg.com\\\/index.php\\\/2022\\\/04\\\/12\\\/le-conservatoire-de-strasbourg-la-hear-cree-un-master-de-pedagogie-meef-2\\\/#breadcrumb\",\"itemListElement\":[{\"@type\":\"ListItem\",\"position\":1,\"name\":\"Accueil\",\"item\":\"https:\\\/\\\/hierostrasbourg.com\\\/\"},{\"@type\":\"ListItem\",\"position\":2,\"name\":\"LE CONSERVATOIRE DE STRASBOURG [la Hear] cr\u00e9e un master de P\u00e9dagogie (MEEF)\"}]},{\"@type\":\"WebSite\",\"@id\":\"https:\\\/\\\/hierostrasbourg.com\\\/#website\",\"url\":\"https:\\\/\\\/hierostrasbourg.com\\\/\",\"name\":\"HIERO STRASBOURG\",\"description\":\"Centre de Ressources Musiques Actuelles\",\"publisher\":{\"@id\":\"https:\\\/\\\/hierostrasbourg.com\\\/#organization\"},\"potentialAction\":[{\"@type\":\"SearchAction\",\"target\":{\"@type\":\"EntryPoint\",\"urlTemplate\":\"https:\\\/\\\/hierostrasbourg.com\\\/?s={search_term_string}\"},\"query-input\":{\"@type\":\"PropertyValueSpecification\",\"valueRequired\":true,\"valueName\":\"search_term_string\"}}],\"inLanguage\":\"fr-FR\"},{\"@type\":\"Organization\",\"@id\":\"https:\\\/\\\/hierostrasbourg.com\\\/#organization\",\"name\":\"F\u00e9d\u00e9ration Hi\u00e9ro Strasbourg\",\"url\":\"https:\\\/\\\/hierostrasbourg.com\\\/\",\"logo\":{\"@type\":\"ImageObject\",\"inLanguage\":\"fr-FR\",\"@id\":\"https:\\\/\\\/hierostrasbourg.com\\\/#\\\/schema\\\/logo\\\/image\\\/\",\"url\":\"https:\\\/\\\/hierostrasbourg.com\\\/wp-content\\\/uploads\\\/2026\\\/04\\\/logo-hiero-strasbourg.jpg\",\"contentUrl\":\"https:\\\/\\\/hierostrasbourg.com\\\/wp-content\\\/uploads\\\/2026\\\/04\\\/logo-hiero-strasbourg.jpg\",\"width\":204,\"height\":192,\"caption\":\"F\u00e9d\u00e9ration Hi\u00e9ro Strasbourg\"},\"image\":{\"@id\":\"https:\\\/\\\/hierostrasbourg.com\\\/#\\\/schema\\\/logo\\\/image\\\/\"},\"sameAs\":[\"https:\\\/\\\/www.facebook.com\\\/fedehierostrasbourg\",\"https:\\\/\\\/x.com\\\/hierostrasbourg\"]}]}<\/script>\n<!-- \/ Yoast SEO plugin. -->","yoast_head_json":{"title":"LE CONSERVATOIRE DE STRASBOURG [la Hear] cr\u00e9e un master de P\u00e9dagogie (MEEF) - HIERO STRASBOURG","robots":{"index":"index","follow":"follow","max-snippet":"max-snippet:-1","max-image-preview":"max-image-preview:large","max-video-preview":"max-video-preview:-1"},"canonical":"https:\/\/hierostrasbourg.com\/index.php\/2022\/04\/12\/le-conservatoire-de-strasbourg-la-hear-cree-un-master-de-pedagogie-meef-2\/","og_locale":"fr_FR","og_type":"article","og_title":"LE CONSERVATOIRE DE STRASBOURG [la Hear] cr\u00e9e un master de P\u00e9dagogie (MEEF) - HIERO STRASBOURG","og_description":"Le Master de P\u00e9dagogie (M\u00e9tiers de l\u2019Enseignement, de l\u2019\u00c9ducation et de la Formation) : un cursus exigeant et un haut niveau de qualification d\u00e9velopp\u00e9s en partenariat avec\u00a0l\u2019Institut National Sup\u00e9rieur du Professorat et de l\u2019\u00c9ducation (INSP\u00c9) de Strasbourg, le d\u00e9partement Musique de l\u2019Universit\u00e9 de Strasbourg et l\u2019Acad\u00e9mie sup\u00e9rieure de musique. Source \/ Lire la suite : Master de P\u00e9dagogie (MEEF) L\u2019article LE CONSERVATOIRE DE STRASBOURG [la Hear] cr\u00e9e un master de P\u00e9dagogie (MEEF) est apparu en premier sur POP B\u00dcRO.","og_url":"https:\/\/hierostrasbourg.com\/index.php\/2022\/04\/12\/le-conservatoire-de-strasbourg-la-hear-cree-un-master-de-pedagogie-meef-2\/","og_site_name":"HIERO STRASBOURG","article_publisher":"https:\/\/www.facebook.com\/fedehierostrasbourg","article_published_time":"2022-04-12T12:31:48+00:00","twitter_card":"summary_large_image","twitter_creator":"@hierostrasbourg","twitter_site":"@hierostrasbourg","schema":{"@context":"https:\/\/schema.org","@graph":[{"@type":"Article","@id":"https:\/\/hierostrasbourg.com\/index.php\/2022\/04\/12\/le-conservatoire-de-strasbourg-la-hear-cree-un-master-de-pedagogie-meef-2\/#article","isPartOf":{"@id":"https:\/\/hierostrasbourg.com\/index.php\/2022\/04\/12\/le-conservatoire-de-strasbourg-la-hear-cree-un-master-de-pedagogie-meef-2\/"},"author":{"name":"","@id":""},"headline":"LE CONSERVATOIRE DE STRASBOURG [la Hear] cr\u00e9e un master de P\u00e9dagogie (MEEF)","datePublished":"2022-04-12T12:31:48+00:00","mainEntityOfPage":{"@id":"https:\/\/hierostrasbourg.com\/index.php\/2022\/04\/12\/le-conservatoire-de-strasbourg-la-hear-cree-un-master-de-pedagogie-meef-2\/"},"wordCount":110,"publisher":{"@id":"https:\/\/hierostrasbourg.com\/#organization"},"inLanguage":"fr-FR"},{"@type":"WebPage","@id":"https:\/\/hierostrasbourg.com\/index.php\/2022\/04\/12\/le-conservatoire-de-strasbourg-la-hear-cree-un-master-de-pedagogie-meef-2\/","url":"https:\/\/hierostrasbourg.com\/index.php\/2022\/04\/12\/le-conservatoire-de-strasbourg-la-hear-cree-un-master-de-pedagogie-meef-2\/","name":"LE CONSERVATOIRE DE STRASBOURG [la Hear] cr\u00e9e un master de P\u00e9dagogie (MEEF) - HIERO STRASBOURG","isPartOf":{"@id":"https:\/\/hierostrasbourg.com\/#website"},"datePublished":"2022-04-12T12:31:48+00:00","breadcrumb":{"@id":"https:\/\/hierostrasbourg.com\/index.php\/2022\/04\/12\/le-conservatoire-de-strasbourg-la-hear-cree-un-master-de-pedagogie-meef-2\/#breadcrumb"},"inLanguage":"fr-FR","potentialAction":[{"@type":"ReadAction","target":["https:\/\/hierostrasbourg.com\/index.php\/2022\/04\/12\/le-conservatoire-de-strasbourg-la-hear-cree-un-master-de-pedagogie-meef-2\/"]}]},{"@type":"BreadcrumbList","@id":"https:\/\/hierostrasbourg.com\/index.php\/2022\/04\/12\/le-conservatoire-de-strasbourg-la-hear-cree-un-master-de-pedagogie-meef-2\/#breadcrumb","itemListElement":[{"@type":"ListItem","position":1,"name":"Accueil","item":"https:\/\/hierostrasbourg.com\/"},{"@type":"ListItem","position":2,"name":"LE CONSERVATOIRE DE STRASBOURG [la Hear] cr\u00e9e un master de P\u00e9dagogie (MEEF)"}]},{"@type":"WebSite","@id":"https:\/\/hierostrasbourg.com\/#website","url":"https:\/\/hierostrasbourg.com\/","name":"HIERO STRASBOURG","description":"Centre de Ressources Musiques Actuelles","publisher":{"@id":"https:\/\/hierostrasbourg.com\/#organization"},"potentialAction":[{"@type":"SearchAction","target":{"@type":"EntryPoint","urlTemplate":"https:\/\/hierostrasbourg.com\/?s={search_term_string}"},"query-input":{"@type":"PropertyValueSpecification","valueRequired":true,"valueName":"search_term_string"}}],"inLanguage":"fr-FR"},{"@type":"Organization","@id":"https:\/\/hierostrasbourg.com\/#organization","name":"F\u00e9d\u00e9ration Hi\u00e9ro Strasbourg","url":"https:\/\/hierostrasbourg.com\/","logo":{"@type":"ImageObject","inLanguage":"fr-FR","@id":"https:\/\/hierostrasbourg.com\/#\/schema\/logo\/image\/","url":"https:\/\/hierostrasbourg.com\/wp-content\/uploads\/2026\/04\/logo-hiero-strasbourg.jpg","contentUrl":"https:\/\/hierostrasbourg.com\/wp-content\/uploads\/2026\/04\/logo-hiero-strasbourg.jpg","width":204,"height":192,"caption":"F\u00e9d\u00e9ration Hi\u00e9ro Strasbourg"},"image":{"@id":"https:\/\/hierostrasbourg.com\/#\/schema\/logo\/image\/"},"sameAs":["https:\/\/www.facebook.com\/fedehierostrasbourg","https:\/\/x.com\/hierostrasbourg"]}]}},"_links":{"self":[{"href":"https:\/\/hierostrasbourg.com\/index.php\/wp-json\/wp\/v2\/posts\/2249","targetHints":{"allow":["GET"]}}],"collection":[{"href":"https:\/\/hierostrasbourg.com\/index.php\/wp-json\/wp\/v2\/posts"}],"about":[{"href":"https:\/\/hierostrasbourg.com\/index.php\/wp-json\/wp\/v2\/types\/post"}],"replies":[{"embeddable":true,"href":"https:\/\/hierostrasbourg.com\/index.php\/wp-json\/wp\/v2\/comments?post=2249"}],"version-history":[{"count":0,"href":"https:\/\/hierostrasbourg.com\/index.php\/wp-json\/wp\/v2\/posts\/2249\/revisions"}],"wp:attachment":[{"href":"https:\/\/hierostrasbourg.com\/index.php\/wp-json\/wp\/v2\/media?parent=2249"}],"wp:term":[{"taxonomy":"category","embeddable":true,"href":"https:\/\/hierostrasbourg.com\/index.php\/wp-json\/wp\/v2\/categories?post=2249"},{"taxonomy":"post_tag","embeddable":true,"href":"https:\/\/hierostrasbourg.com\/index.php\/wp-json\/wp\/v2\/tags?post=2249"}],"curies":[{"name":"wp","href":"https:\/\/api.w.org\/{rel}","templated":true}]}}