{"id":2240,"date":"2022-04-11T20:32:01","date_gmt":"2022-04-11T18:32:01","guid":{"rendered":"https:\/\/hierostrasbourg.com\/index.php\/2022\/04\/11\/zone-51-selestat-propose-un-stage-production-accueil-des-benevoles-h-f\/"},"modified":"2022-04-11T20:32:01","modified_gmt":"2022-04-11T18:32:01","slug":"zone-51-selestat-propose-un-stage-production-accueil-des-benevoles-h-f","status":"publish","type":"post","link":"https:\/\/hierostrasbourg.com\/index.php\/2022\/04\/11\/zone-51-selestat-propose-un-stage-production-accueil-des-benevoles-h-f\/","title":{"rendered":"ZONE 51 [S\u00e9lestat] propose un stage \u201cproduction \u2013 accueil des b\u00e9n\u00e9voles\u201d [H\/F]"},"content":{"rendered":"<p>Missions Sous la responsabilit\u00e9 de l\u2019administratrice et en lien avec la responsable gestion des b\u00e9n\u00e9voles et les responsables de p\u00f4les, le stage aura pour objet principal l\u2019accueil des b\u00e9n\u00e9voles mobilis\u00e9s sur les festivals Summer Vibration et Rock Your Brain-\u00e9dition d\u2019\u00e9t\u00e9 qui auront lieu du 21 au 25 juillet 2022. En incluant le montage et le d\u00e9montage des festivals, les b\u00e9n\u00e9voles seront pr\u00e9sents du 11 au 29 juillet 2022. La p\u00e9riode pr\u00e9c\u00e9dent ces dates permettra au\/\u00e0 la stagiaire d\u2019acqu\u00e9rir une bonne [\u2026]<\/p>\n<p>L\u2019article <a href=\"https:\/\/musiquesactuelles.alsace\/zone-51-selestat-propose-un-stage-production-accueil-des-benevoles-h-f\/\">ZONE 51 [S\u00e9lestat] propose un stage \u201cproduction \u2013 accueil des b\u00e9n\u00e9voles\u201d [H\/F]<\/a> est apparu en premier sur <a href=\"https:\/\/musiquesactuelles.alsace\/\">Musiques Actuelles en Alsace<\/a>.<\/p>\n<p>L\u2019article <a href=\"https:\/\/popburo.fr\/zone-51-selestat-propose-un-stage-production-accueil-des-benevoles-h-f-2\/\">ZONE 51 [S\u00e9lestat] propose un stage \u201cproduction \u2013 accueil des b\u00e9n\u00e9voles\u201d [H\/F]<\/a> est apparu en premier sur <a href=\"https:\/\/popburo.fr\/\">POP B\u00dcRO<\/a>.<\/p>\n","protected":false},"excerpt":{"rendered":"<p>Missions Sous la responsabilit\u00e9 de l\u2019administratrice et en lien avec la responsable gestion des b\u00e9n\u00e9voles et les responsables de p\u00f4les, le stage aura pour objet principal l\u2019accueil des b\u00e9n\u00e9voles mobilis\u00e9s sur les festivals Summer Vibration et Rock Your Brain-\u00e9dition d\u2019\u00e9t\u00e9 qui auront lieu du 21 au 25 juillet 2022. En incluant le montage et le d\u00e9montage des festivals, les b\u00e9n\u00e9voles seront pr\u00e9sents du 11 au 29 juillet 2022. La p\u00e9riode pr\u00e9c\u00e9dent ces dates permettra au\/\u00e0 la stagiaire d\u2019acqu\u00e9rir une bonne [&hellip;]<\/p>\n","protected":false},"author":0,"featured_media":0,"comment_status":"closed","ping_status":"open","sticky":false,"template":"","format":"standard","meta":{"footnotes":""},"categories":[1],"tags":[],"class_list":["post-2240","post","type-post","status-publish","format-standard","hentry","category-non-classe"],"yoast_head":"<!-- This site is optimized with the Yoast SEO plugin v27.4 - https:\/\/yoast.com\/product\/yoast-seo-wordpress\/ -->\n<title>ZONE 51 [S\u00e9lestat] propose un stage \u201cproduction \u2013 accueil des b\u00e9n\u00e9voles\u201d [H\/F] - HIERO STRASBOURG<\/title>\n<meta name=\"robots\" content=\"index, follow, max-snippet:-1, max-image-preview:large, max-video-preview:-1\" \/>\n<link rel=\"canonical\" href=\"https:\/\/hierostrasbourg.com\/index.php\/2022\/04\/11\/zone-51-selestat-propose-un-stage-production-accueil-des-benevoles-h-f\/\" \/>\n<meta property=\"og:locale\" content=\"fr_FR\" \/>\n<meta property=\"og:type\" content=\"article\" \/>\n<meta property=\"og:title\" content=\"ZONE 51 [S\u00e9lestat] propose un stage \u201cproduction \u2013 accueil des b\u00e9n\u00e9voles\u201d [H\/F] - HIERO STRASBOURG\" \/>\n<meta property=\"og:description\" content=\"Missions Sous la responsabilit\u00e9 de l\u2019administratrice et en lien avec la responsable gestion des b\u00e9n\u00e9voles et les responsables de p\u00f4les, le stage aura pour objet principal l\u2019accueil des b\u00e9n\u00e9voles mobilis\u00e9s sur les festivals Summer Vibration et Rock Your Brain-\u00e9dition d\u2019\u00e9t\u00e9 qui auront lieu du 21 au 25 juillet 2022. En incluant le montage et le d\u00e9montage des festivals, les b\u00e9n\u00e9voles seront pr\u00e9sents du 11 au 29 juillet 2022. La p\u00e9riode pr\u00e9c\u00e9dent ces dates permettra au\/\u00e0 la stagiaire d\u2019acqu\u00e9rir une bonne [&hellip;]\" \/>\n<meta property=\"og:url\" content=\"https:\/\/hierostrasbourg.com\/index.php\/2022\/04\/11\/zone-51-selestat-propose-un-stage-production-accueil-des-benevoles-h-f\/\" \/>\n<meta property=\"og:site_name\" content=\"HIERO STRASBOURG\" \/>\n<meta property=\"article:publisher\" content=\"https:\/\/www.facebook.com\/fedehierostrasbourg\" \/>\n<meta property=\"article:published_time\" content=\"2022-04-11T18:32:01+00:00\" \/>\n<meta name=\"twitter:card\" content=\"summary_large_image\" \/>\n<meta name=\"twitter:creator\" content=\"@hierostrasbourg\" \/>\n<meta name=\"twitter:site\" content=\"@hierostrasbourg\" \/>\n<meta name=\"twitter:label1\" content=\"Dur\u00e9e de lecture estim\u00e9e\" \/>\n\t<meta name=\"twitter:data1\" content=\"1 minute\" \/>\n<script type=\"application\/ld+json\" class=\"yoast-schema-graph\">{\"@context\":\"https:\\\/\\\/schema.org\",\"@graph\":[{\"@type\":\"Article\",\"@id\":\"https:\\\/\\\/hierostrasbourg.com\\\/index.php\\\/2022\\\/04\\\/11\\\/zone-51-selestat-propose-un-stage-production-accueil-des-benevoles-h-f\\\/#article\",\"isPartOf\":{\"@id\":\"https:\\\/\\\/hierostrasbourg.com\\\/index.php\\\/2022\\\/04\\\/11\\\/zone-51-selestat-propose-un-stage-production-accueil-des-benevoles-h-f\\\/\"},\"author\":{\"name\":\"\",\"@id\":\"\"},\"headline\":\"ZONE 51 [S\u00e9lestat] propose un stage \u201cproduction \u2013 accueil des b\u00e9n\u00e9voles\u201d [H\\\/F]\",\"datePublished\":\"2022-04-11T18:32:01+00:00\",\"mainEntityOfPage\":{\"@id\":\"https:\\\/\\\/hierostrasbourg.com\\\/index.php\\\/2022\\\/04\\\/11\\\/zone-51-selestat-propose-un-stage-production-accueil-des-benevoles-h-f\\\/\"},\"wordCount\":156,\"publisher\":{\"@id\":\"https:\\\/\\\/hierostrasbourg.com\\\/#organization\"},\"inLanguage\":\"fr-FR\"},{\"@type\":\"WebPage\",\"@id\":\"https:\\\/\\\/hierostrasbourg.com\\\/index.php\\\/2022\\\/04\\\/11\\\/zone-51-selestat-propose-un-stage-production-accueil-des-benevoles-h-f\\\/\",\"url\":\"https:\\\/\\\/hierostrasbourg.com\\\/index.php\\\/2022\\\/04\\\/11\\\/zone-51-selestat-propose-un-stage-production-accueil-des-benevoles-h-f\\\/\",\"name\":\"ZONE 51 [S\u00e9lestat] propose un stage \u201cproduction \u2013 accueil des b\u00e9n\u00e9voles\u201d [H\\\/F] - HIERO STRASBOURG\",\"isPartOf\":{\"@id\":\"https:\\\/\\\/hierostrasbourg.com\\\/#website\"},\"datePublished\":\"2022-04-11T18:32:01+00:00\",\"breadcrumb\":{\"@id\":\"https:\\\/\\\/hierostrasbourg.com\\\/index.php\\\/2022\\\/04\\\/11\\\/zone-51-selestat-propose-un-stage-production-accueil-des-benevoles-h-f\\\/#breadcrumb\"},\"inLanguage\":\"fr-FR\",\"potentialAction\":[{\"@type\":\"ReadAction\",\"target\":[\"https:\\\/\\\/hierostrasbourg.com\\\/index.php\\\/2022\\\/04\\\/11\\\/zone-51-selestat-propose-un-stage-production-accueil-des-benevoles-h-f\\\/\"]}]},{\"@type\":\"BreadcrumbList\",\"@id\":\"https:\\\/\\\/hierostrasbourg.com\\\/index.php\\\/2022\\\/04\\\/11\\\/zone-51-selestat-propose-un-stage-production-accueil-des-benevoles-h-f\\\/#breadcrumb\",\"itemListElement\":[{\"@type\":\"ListItem\",\"position\":1,\"name\":\"Accueil\",\"item\":\"https:\\\/\\\/hierostrasbourg.com\\\/\"},{\"@type\":\"ListItem\",\"position\":2,\"name\":\"ZONE 51 [S\u00e9lestat] propose un stage \u201cproduction \u2013 accueil des b\u00e9n\u00e9voles\u201d [H\\\/F]\"}]},{\"@type\":\"WebSite\",\"@id\":\"https:\\\/\\\/hierostrasbourg.com\\\/#website\",\"url\":\"https:\\\/\\\/hierostrasbourg.com\\\/\",\"name\":\"HIERO STRASBOURG\",\"description\":\"Centre de Ressources Musiques Actuelles\",\"publisher\":{\"@id\":\"https:\\\/\\\/hierostrasbourg.com\\\/#organization\"},\"potentialAction\":[{\"@type\":\"SearchAction\",\"target\":{\"@type\":\"EntryPoint\",\"urlTemplate\":\"https:\\\/\\\/hierostrasbourg.com\\\/?s={search_term_string}\"},\"query-input\":{\"@type\":\"PropertyValueSpecification\",\"valueRequired\":true,\"valueName\":\"search_term_string\"}}],\"inLanguage\":\"fr-FR\"},{\"@type\":\"Organization\",\"@id\":\"https:\\\/\\\/hierostrasbourg.com\\\/#organization\",\"name\":\"F\u00e9d\u00e9ration Hi\u00e9ro Strasbourg\",\"url\":\"https:\\\/\\\/hierostrasbourg.com\\\/\",\"logo\":{\"@type\":\"ImageObject\",\"inLanguage\":\"fr-FR\",\"@id\":\"https:\\\/\\\/hierostrasbourg.com\\\/#\\\/schema\\\/logo\\\/image\\\/\",\"url\":\"https:\\\/\\\/hierostrasbourg.com\\\/wp-content\\\/uploads\\\/2026\\\/04\\\/logo-hiero-strasbourg.jpg\",\"contentUrl\":\"https:\\\/\\\/hierostrasbourg.com\\\/wp-content\\\/uploads\\\/2026\\\/04\\\/logo-hiero-strasbourg.jpg\",\"width\":204,\"height\":192,\"caption\":\"F\u00e9d\u00e9ration Hi\u00e9ro Strasbourg\"},\"image\":{\"@id\":\"https:\\\/\\\/hierostrasbourg.com\\\/#\\\/schema\\\/logo\\\/image\\\/\"},\"sameAs\":[\"https:\\\/\\\/www.facebook.com\\\/fedehierostrasbourg\",\"https:\\\/\\\/x.com\\\/hierostrasbourg\"]}]}<\/script>\n<!-- \/ Yoast SEO plugin. -->","yoast_head_json":{"title":"ZONE 51 [S\u00e9lestat] propose un stage \u201cproduction \u2013 accueil des b\u00e9n\u00e9voles\u201d [H\/F] - HIERO STRASBOURG","robots":{"index":"index","follow":"follow","max-snippet":"max-snippet:-1","max-image-preview":"max-image-preview:large","max-video-preview":"max-video-preview:-1"},"canonical":"https:\/\/hierostrasbourg.com\/index.php\/2022\/04\/11\/zone-51-selestat-propose-un-stage-production-accueil-des-benevoles-h-f\/","og_locale":"fr_FR","og_type":"article","og_title":"ZONE 51 [S\u00e9lestat] propose un stage \u201cproduction \u2013 accueil des b\u00e9n\u00e9voles\u201d [H\/F] - HIERO STRASBOURG","og_description":"Missions Sous la responsabilit\u00e9 de l\u2019administratrice et en lien avec la responsable gestion des b\u00e9n\u00e9voles et les responsables de p\u00f4les, le stage aura pour objet principal l\u2019accueil des b\u00e9n\u00e9voles mobilis\u00e9s sur les festivals Summer Vibration et Rock Your Brain-\u00e9dition d\u2019\u00e9t\u00e9 qui auront lieu du 21 au 25 juillet 2022. En incluant le montage et le d\u00e9montage des festivals, les b\u00e9n\u00e9voles seront pr\u00e9sents du 11 au 29 juillet 2022. La p\u00e9riode pr\u00e9c\u00e9dent ces dates permettra au\/\u00e0 la stagiaire d\u2019acqu\u00e9rir une bonne [&hellip;]","og_url":"https:\/\/hierostrasbourg.com\/index.php\/2022\/04\/11\/zone-51-selestat-propose-un-stage-production-accueil-des-benevoles-h-f\/","og_site_name":"HIERO STRASBOURG","article_publisher":"https:\/\/www.facebook.com\/fedehierostrasbourg","article_published_time":"2022-04-11T18:32:01+00:00","twitter_card":"summary_large_image","twitter_creator":"@hierostrasbourg","twitter_site":"@hierostrasbourg","twitter_misc":{"Dur\u00e9e de lecture estim\u00e9e":"1 minute"},"schema":{"@context":"https:\/\/schema.org","@graph":[{"@type":"Article","@id":"https:\/\/hierostrasbourg.com\/index.php\/2022\/04\/11\/zone-51-selestat-propose-un-stage-production-accueil-des-benevoles-h-f\/#article","isPartOf":{"@id":"https:\/\/hierostrasbourg.com\/index.php\/2022\/04\/11\/zone-51-selestat-propose-un-stage-production-accueil-des-benevoles-h-f\/"},"author":{"name":"","@id":""},"headline":"ZONE 51 [S\u00e9lestat] propose un stage \u201cproduction \u2013 accueil des b\u00e9n\u00e9voles\u201d [H\/F]","datePublished":"2022-04-11T18:32:01+00:00","mainEntityOfPage":{"@id":"https:\/\/hierostrasbourg.com\/index.php\/2022\/04\/11\/zone-51-selestat-propose-un-stage-production-accueil-des-benevoles-h-f\/"},"wordCount":156,"publisher":{"@id":"https:\/\/hierostrasbourg.com\/#organization"},"inLanguage":"fr-FR"},{"@type":"WebPage","@id":"https:\/\/hierostrasbourg.com\/index.php\/2022\/04\/11\/zone-51-selestat-propose-un-stage-production-accueil-des-benevoles-h-f\/","url":"https:\/\/hierostrasbourg.com\/index.php\/2022\/04\/11\/zone-51-selestat-propose-un-stage-production-accueil-des-benevoles-h-f\/","name":"ZONE 51 [S\u00e9lestat] propose un stage \u201cproduction \u2013 accueil des b\u00e9n\u00e9voles\u201d [H\/F] - HIERO STRASBOURG","isPartOf":{"@id":"https:\/\/hierostrasbourg.com\/#website"},"datePublished":"2022-04-11T18:32:01+00:00","breadcrumb":{"@id":"https:\/\/hierostrasbourg.com\/index.php\/2022\/04\/11\/zone-51-selestat-propose-un-stage-production-accueil-des-benevoles-h-f\/#breadcrumb"},"inLanguage":"fr-FR","potentialAction":[{"@type":"ReadAction","target":["https:\/\/hierostrasbourg.com\/index.php\/2022\/04\/11\/zone-51-selestat-propose-un-stage-production-accueil-des-benevoles-h-f\/"]}]},{"@type":"BreadcrumbList","@id":"https:\/\/hierostrasbourg.com\/index.php\/2022\/04\/11\/zone-51-selestat-propose-un-stage-production-accueil-des-benevoles-h-f\/#breadcrumb","itemListElement":[{"@type":"ListItem","position":1,"name":"Accueil","item":"https:\/\/hierostrasbourg.com\/"},{"@type":"ListItem","position":2,"name":"ZONE 51 [S\u00e9lestat] propose un stage \u201cproduction \u2013 accueil des b\u00e9n\u00e9voles\u201d [H\/F]"}]},{"@type":"WebSite","@id":"https:\/\/hierostrasbourg.com\/#website","url":"https:\/\/hierostrasbourg.com\/","name":"HIERO STRASBOURG","description":"Centre de Ressources Musiques Actuelles","publisher":{"@id":"https:\/\/hierostrasbourg.com\/#organization"},"potentialAction":[{"@type":"SearchAction","target":{"@type":"EntryPoint","urlTemplate":"https:\/\/hierostrasbourg.com\/?s={search_term_string}"},"query-input":{"@type":"PropertyValueSpecification","valueRequired":true,"valueName":"search_term_string"}}],"inLanguage":"fr-FR"},{"@type":"Organization","@id":"https:\/\/hierostrasbourg.com\/#organization","name":"F\u00e9d\u00e9ration Hi\u00e9ro Strasbourg","url":"https:\/\/hierostrasbourg.com\/","logo":{"@type":"ImageObject","inLanguage":"fr-FR","@id":"https:\/\/hierostrasbourg.com\/#\/schema\/logo\/image\/","url":"https:\/\/hierostrasbourg.com\/wp-content\/uploads\/2026\/04\/logo-hiero-strasbourg.jpg","contentUrl":"https:\/\/hierostrasbourg.com\/wp-content\/uploads\/2026\/04\/logo-hiero-strasbourg.jpg","width":204,"height":192,"caption":"F\u00e9d\u00e9ration Hi\u00e9ro Strasbourg"},"image":{"@id":"https:\/\/hierostrasbourg.com\/#\/schema\/logo\/image\/"},"sameAs":["https:\/\/www.facebook.com\/fedehierostrasbourg","https:\/\/x.com\/hierostrasbourg"]}]}},"_links":{"self":[{"href":"https:\/\/hierostrasbourg.com\/index.php\/wp-json\/wp\/v2\/posts\/2240","targetHints":{"allow":["GET"]}}],"collection":[{"href":"https:\/\/hierostrasbourg.com\/index.php\/wp-json\/wp\/v2\/posts"}],"about":[{"href":"https:\/\/hierostrasbourg.com\/index.php\/wp-json\/wp\/v2\/types\/post"}],"replies":[{"embeddable":true,"href":"https:\/\/hierostrasbourg.com\/index.php\/wp-json\/wp\/v2\/comments?post=2240"}],"version-history":[{"count":0,"href":"https:\/\/hierostrasbourg.com\/index.php\/wp-json\/wp\/v2\/posts\/2240\/revisions"}],"wp:attachment":[{"href":"https:\/\/hierostrasbourg.com\/index.php\/wp-json\/wp\/v2\/media?parent=2240"}],"wp:term":[{"taxonomy":"category","embeddable":true,"href":"https:\/\/hierostrasbourg.com\/index.php\/wp-json\/wp\/v2\/categories?post=2240"},{"taxonomy":"post_tag","embeddable":true,"href":"https:\/\/hierostrasbourg.com\/index.php\/wp-json\/wp\/v2\/tags?post=2240"}],"curies":[{"name":"wp","href":"https:\/\/api.w.org\/{rel}","templated":true}]}}