{"id":2236,"date":"2022-04-11T16:30:59","date_gmt":"2022-04-11T14:30:59","guid":{"rendered":"https:\/\/hierostrasbourg.com\/index.php\/2022\/04\/11\/voix-de-strs-recrutent-un-administrateur-f-h\/"},"modified":"2022-04-11T16:30:59","modified_gmt":"2022-04-11T14:30:59","slug":"voix-de-strs-recrutent-un-administrateur-f-h","status":"publish","type":"post","link":"https:\/\/hierostrasbourg.com\/index.php\/2022\/04\/11\/voix-de-strs-recrutent-un-administrateur-f-h\/","title":{"rendered":"VOIX DE STRS\u2019 recrutent un administrateur [F\/H]"},"content":{"rendered":"<p>Ensemble vocal f\u00e9minin compos\u00e9 de 6 chanteuses lyriques, cr\u00e9\u00e9 en 2014 par la cheffe Catherine Bolzinger, Voix de Stras\u2019 r\u00e9alise une vingtaine de concerts par an ainsi que 2 \u00e0 3 cr\u00e9ations musicales ou sc\u00e9niques, organise des r\u00e9sidences de longue dur\u00e9e dans des lieux atypiques, produit des Cds et m\u00e8ne diverses actions p\u00e9dagogiques tout au long de l\u2019ann\u00e9e. Voix de Stras\u2019 a donn\u00e9\u2002des concerts \u00e0 Chicago,\u2002\u00e0 Rio de Janeiro,\u2002\u00e0 Moscou, \u00e0 Vienne, \u00e0 Dakar, mais aussi \u00e0 Scharrachbergheim, Rocles ou Collioure, dans des salles de concerts, des mus\u00e9es, des h\u00f4pitaux, des librairies, des \u00e9coles, des entreprises ou au Palais des Droits de l\u2019Homme \u00e0\u2002Strasbourg : tous les endroits o\u00f9 les voix peuvent et doivent se faire entendre. Abordant la musique de cr\u00e9ation avec curiosit\u00e9 et exigence, tout en consid\u00e9rant la relation aux publics comme un \u00e9l\u00e9ment central, Voix de Stras\u2019 se saisit des questions d\u2019actualit\u00e9, recueille les paroles des autres pour en d\u00e9duire un propos engag\u00e9, f\u00e9minin et contemporain.<\/p>\n<h2>Missions<\/h2>\n<p>Sous l\u2019autorit\u00e9 de la directrice, Catherine Bolzinger, et en lien \u00e9troit avec le bureau de l\u2019association et l\u2019\u00e9quipe intermittente, l\u2019administrateur.trice assure la gestion et le d\u00e9veloppement de la structure et de son rayonnement national et international, en assumant les missions suivantes :<\/p>\n<p>Le renforcement et le suivi des relations institutionnelles, la recherche de nouveaux partenariats publics ou priv\u00e9s, la recherche de financements et ressources compl\u00e9mentaires ;<br \/>\nLa prospection et la diffusion des spectacles en France et \u00e0\u2002l\u2019\u00e9tranger ;<br \/>\nLe montage et le suivi des productions artistiques : \u00e9laboration et n\u00e9gociation des budgets, des contrats, relations avec les artistes et les partenaires, organisation et logistique de toutes les activit\u00e9s, des concerts, des r\u00e9sidences, des actions p\u00e9dagogiques, des tourn\u00e9es\u2026<br \/>\nCommunication : invitation des partenaires et professionnels, \u00e9laboration et r\u00e9daction des dossiers de presse et de pr\u00e9sentation, actualisation de l\u2019agenda et du site web, animation des r\u00e9seaux sociaux, conception et fabrication des outils de communication, en lien avec l\u2019\u00e9quipe communication;<br \/>\nCoordination g\u00e9n\u00e9rale de la structure : gestion administrative, financi\u00e8re, fiscale et juridique ; montage et suivi des dossiers de subventions ; \u00e9laboration du budget pr\u00e9visionnel annuel, gestion des paies en lien avec le cabinet comptable ; suivi de la vie associative (AG, CA\u2026).<\/p>\n<h2>Profil recherch\u00e9<\/h2>\n<p>Formation sup\u00e9rieure type Master Administration et gestion de projets culturels.<br \/>\nExp\u00e9rience de 3 \u00e0\u20025 ans souhait\u00e9e.<br \/>\nBonne connaissance du milieu culturel et des enjeux de la cr\u00e9ation.<br \/>\nLe go\u00fbt du relationnel, l\u2019organisation, la rigueur et l\u2019autonomie sont des qualit\u00e9s indispensables.<br \/>\nUne bonne ma\u00eetrise des donn\u00e9es financi\u00e8res est demand\u00e9e.<br \/>\nMa\u00eetrise de l\u2019anglais ; l\u2019allemand est un plus.<br \/>\nDisponibilit\u00e9s occasionnelles les soirs et weekends, d\u00e9placements possibles en France et \u00e0 l\u2019\u00e9tranger.<\/p>\n<h2>Contrat<\/h2>\n<p>Contrat \u00e0 dur\u00e9e ind\u00e9termin\u00e9e.<br \/>\nTemps plein 35h<br \/>\nPrise de poste souhait\u00e9e au 15 juin 2022<br \/>\nSalaire selon profil et grille Syndeac (statut cadre).<br \/>\nPoste bas\u00e9 \u00e0 Strasbourg.<\/p>\n<p>Envoyer CV et lettre de motivation avant le 6 mai 2022 \u00e0\u00a0recrutement@voixdestras.eu<\/p>\n<p>L\u2019article <a href=\"https:\/\/popburo.fr\/voix-de-strs-recrutent-un-administrateur-f-h\/\">VOIX DE STRS\u2019 recrutent un administrateur [F\/H]<\/a> est apparu en premier sur <a href=\"https:\/\/popburo.fr\/\">POP B\u00dcRO<\/a>.<\/p>\n","protected":false},"excerpt":{"rendered":"<p>Ensemble vocal f\u00e9minin compos\u00e9 de 6 chanteuses lyriques, cr\u00e9\u00e9 en 2014 par la cheffe Catherine Bolzinger, Voix de Stras\u2019 r\u00e9alise une vingtaine de concerts par an ainsi que 2 \u00e0 3 cr\u00e9ations musicales ou sc\u00e9niques, organise des r\u00e9sidences de longue dur\u00e9e dans des lieux atypiques, produit des Cds et m\u00e8ne diverses actions p\u00e9dagogiques tout au long de l\u2019ann\u00e9e. Voix de Stras\u2019 a donn\u00e9\u2002des concerts \u00e0 Chicago,\u2002\u00e0 Rio de Janeiro,\u2002\u00e0 Moscou, \u00e0 Vienne, \u00e0 Dakar, mais aussi \u00e0 Scharrachbergheim, Rocles ou [&hellip;]<\/p>\n","protected":false},"author":0,"featured_media":0,"comment_status":"closed","ping_status":"open","sticky":false,"template":"","format":"standard","meta":{"footnotes":""},"categories":[1],"tags":[],"class_list":["post-2236","post","type-post","status-publish","format-standard","hentry","category-non-classe"],"yoast_head":"<!-- This site is optimized with the Yoast SEO plugin v27.4 - https:\/\/yoast.com\/product\/yoast-seo-wordpress\/ -->\n<title>VOIX DE STRS\u2019 recrutent un administrateur [F\/H] - HIERO STRASBOURG<\/title>\n<meta name=\"robots\" content=\"index, follow, max-snippet:-1, max-image-preview:large, max-video-preview:-1\" \/>\n<link rel=\"canonical\" href=\"https:\/\/hierostrasbourg.com\/index.php\/2022\/04\/11\/voix-de-strs-recrutent-un-administrateur-f-h\/\" \/>\n<meta property=\"og:locale\" content=\"fr_FR\" \/>\n<meta property=\"og:type\" content=\"article\" \/>\n<meta property=\"og:title\" content=\"VOIX DE STRS\u2019 recrutent un administrateur [F\/H] - HIERO STRASBOURG\" \/>\n<meta property=\"og:description\" content=\"Ensemble vocal f\u00e9minin compos\u00e9 de 6 chanteuses lyriques, cr\u00e9\u00e9 en 2014 par la cheffe Catherine Bolzinger, Voix de Stras\u2019 r\u00e9alise une vingtaine de concerts par an ainsi que 2 \u00e0 3 cr\u00e9ations musicales ou sc\u00e9niques, organise des r\u00e9sidences de longue dur\u00e9e dans des lieux atypiques, produit des Cds et m\u00e8ne diverses actions p\u00e9dagogiques tout au long de l\u2019ann\u00e9e. Voix de Stras\u2019 a donn\u00e9\u2002des concerts \u00e0 Chicago,\u2002\u00e0 Rio de Janeiro,\u2002\u00e0 Moscou, \u00e0 Vienne, \u00e0 Dakar, mais aussi \u00e0 Scharrachbergheim, Rocles ou [&hellip;]\" \/>\n<meta property=\"og:url\" content=\"https:\/\/hierostrasbourg.com\/index.php\/2022\/04\/11\/voix-de-strs-recrutent-un-administrateur-f-h\/\" \/>\n<meta property=\"og:site_name\" content=\"HIERO STRASBOURG\" \/>\n<meta property=\"article:publisher\" content=\"https:\/\/www.facebook.com\/fedehierostrasbourg\" \/>\n<meta property=\"article:published_time\" content=\"2022-04-11T14:30:59+00:00\" \/>\n<meta name=\"twitter:card\" content=\"summary_large_image\" \/>\n<meta name=\"twitter:creator\" content=\"@hierostrasbourg\" \/>\n<meta name=\"twitter:site\" content=\"@hierostrasbourg\" \/>\n<meta name=\"twitter:label1\" content=\"Dur\u00e9e de lecture estim\u00e9e\" \/>\n\t<meta name=\"twitter:data1\" content=\"3 minutes\" \/>\n<script type=\"application\/ld+json\" class=\"yoast-schema-graph\">{\"@context\":\"https:\\\/\\\/schema.org\",\"@graph\":[{\"@type\":\"Article\",\"@id\":\"https:\\\/\\\/hierostrasbourg.com\\\/index.php\\\/2022\\\/04\\\/11\\\/voix-de-strs-recrutent-un-administrateur-f-h\\\/#article\",\"isPartOf\":{\"@id\":\"https:\\\/\\\/hierostrasbourg.com\\\/index.php\\\/2022\\\/04\\\/11\\\/voix-de-strs-recrutent-un-administrateur-f-h\\\/\"},\"author\":{\"name\":\"\",\"@id\":\"\"},\"headline\":\"VOIX DE STRS\u2019 recrutent un administrateur [F\\\/H]\",\"datePublished\":\"2022-04-11T14:30:59+00:00\",\"mainEntityOfPage\":{\"@id\":\"https:\\\/\\\/hierostrasbourg.com\\\/index.php\\\/2022\\\/04\\\/11\\\/voix-de-strs-recrutent-un-administrateur-f-h\\\/\"},\"wordCount\":535,\"publisher\":{\"@id\":\"https:\\\/\\\/hierostrasbourg.com\\\/#organization\"},\"inLanguage\":\"fr-FR\"},{\"@type\":\"WebPage\",\"@id\":\"https:\\\/\\\/hierostrasbourg.com\\\/index.php\\\/2022\\\/04\\\/11\\\/voix-de-strs-recrutent-un-administrateur-f-h\\\/\",\"url\":\"https:\\\/\\\/hierostrasbourg.com\\\/index.php\\\/2022\\\/04\\\/11\\\/voix-de-strs-recrutent-un-administrateur-f-h\\\/\",\"name\":\"VOIX DE STRS\u2019 recrutent un administrateur [F\\\/H] - HIERO STRASBOURG\",\"isPartOf\":{\"@id\":\"https:\\\/\\\/hierostrasbourg.com\\\/#website\"},\"datePublished\":\"2022-04-11T14:30:59+00:00\",\"breadcrumb\":{\"@id\":\"https:\\\/\\\/hierostrasbourg.com\\\/index.php\\\/2022\\\/04\\\/11\\\/voix-de-strs-recrutent-un-administrateur-f-h\\\/#breadcrumb\"},\"inLanguage\":\"fr-FR\",\"potentialAction\":[{\"@type\":\"ReadAction\",\"target\":[\"https:\\\/\\\/hierostrasbourg.com\\\/index.php\\\/2022\\\/04\\\/11\\\/voix-de-strs-recrutent-un-administrateur-f-h\\\/\"]}]},{\"@type\":\"BreadcrumbList\",\"@id\":\"https:\\\/\\\/hierostrasbourg.com\\\/index.php\\\/2022\\\/04\\\/11\\\/voix-de-strs-recrutent-un-administrateur-f-h\\\/#breadcrumb\",\"itemListElement\":[{\"@type\":\"ListItem\",\"position\":1,\"name\":\"Accueil\",\"item\":\"https:\\\/\\\/hierostrasbourg.com\\\/\"},{\"@type\":\"ListItem\",\"position\":2,\"name\":\"VOIX DE STRS\u2019 recrutent un administrateur [F\\\/H]\"}]},{\"@type\":\"WebSite\",\"@id\":\"https:\\\/\\\/hierostrasbourg.com\\\/#website\",\"url\":\"https:\\\/\\\/hierostrasbourg.com\\\/\",\"name\":\"HIERO STRASBOURG\",\"description\":\"Centre de Ressources Musiques Actuelles\",\"publisher\":{\"@id\":\"https:\\\/\\\/hierostrasbourg.com\\\/#organization\"},\"potentialAction\":[{\"@type\":\"SearchAction\",\"target\":{\"@type\":\"EntryPoint\",\"urlTemplate\":\"https:\\\/\\\/hierostrasbourg.com\\\/?s={search_term_string}\"},\"query-input\":{\"@type\":\"PropertyValueSpecification\",\"valueRequired\":true,\"valueName\":\"search_term_string\"}}],\"inLanguage\":\"fr-FR\"},{\"@type\":\"Organization\",\"@id\":\"https:\\\/\\\/hierostrasbourg.com\\\/#organization\",\"name\":\"F\u00e9d\u00e9ration Hi\u00e9ro Strasbourg\",\"url\":\"https:\\\/\\\/hierostrasbourg.com\\\/\",\"logo\":{\"@type\":\"ImageObject\",\"inLanguage\":\"fr-FR\",\"@id\":\"https:\\\/\\\/hierostrasbourg.com\\\/#\\\/schema\\\/logo\\\/image\\\/\",\"url\":\"https:\\\/\\\/hierostrasbourg.com\\\/wp-content\\\/uploads\\\/2026\\\/04\\\/logo-hiero-strasbourg.jpg\",\"contentUrl\":\"https:\\\/\\\/hierostrasbourg.com\\\/wp-content\\\/uploads\\\/2026\\\/04\\\/logo-hiero-strasbourg.jpg\",\"width\":204,\"height\":192,\"caption\":\"F\u00e9d\u00e9ration Hi\u00e9ro Strasbourg\"},\"image\":{\"@id\":\"https:\\\/\\\/hierostrasbourg.com\\\/#\\\/schema\\\/logo\\\/image\\\/\"},\"sameAs\":[\"https:\\\/\\\/www.facebook.com\\\/fedehierostrasbourg\",\"https:\\\/\\\/x.com\\\/hierostrasbourg\"]}]}<\/script>\n<!-- \/ Yoast SEO plugin. -->","yoast_head_json":{"title":"VOIX DE STRS\u2019 recrutent un administrateur [F\/H] - HIERO STRASBOURG","robots":{"index":"index","follow":"follow","max-snippet":"max-snippet:-1","max-image-preview":"max-image-preview:large","max-video-preview":"max-video-preview:-1"},"canonical":"https:\/\/hierostrasbourg.com\/index.php\/2022\/04\/11\/voix-de-strs-recrutent-un-administrateur-f-h\/","og_locale":"fr_FR","og_type":"article","og_title":"VOIX DE STRS\u2019 recrutent un administrateur [F\/H] - HIERO STRASBOURG","og_description":"Ensemble vocal f\u00e9minin compos\u00e9 de 6 chanteuses lyriques, cr\u00e9\u00e9 en 2014 par la cheffe Catherine Bolzinger, Voix de Stras\u2019 r\u00e9alise une vingtaine de concerts par an ainsi que 2 \u00e0 3 cr\u00e9ations musicales ou sc\u00e9niques, organise des r\u00e9sidences de longue dur\u00e9e dans des lieux atypiques, produit des Cds et m\u00e8ne diverses actions p\u00e9dagogiques tout au long de l\u2019ann\u00e9e. Voix de Stras\u2019 a donn\u00e9\u2002des concerts \u00e0 Chicago,\u2002\u00e0 Rio de Janeiro,\u2002\u00e0 Moscou, \u00e0 Vienne, \u00e0 Dakar, mais aussi \u00e0 Scharrachbergheim, Rocles ou [&hellip;]","og_url":"https:\/\/hierostrasbourg.com\/index.php\/2022\/04\/11\/voix-de-strs-recrutent-un-administrateur-f-h\/","og_site_name":"HIERO STRASBOURG","article_publisher":"https:\/\/www.facebook.com\/fedehierostrasbourg","article_published_time":"2022-04-11T14:30:59+00:00","twitter_card":"summary_large_image","twitter_creator":"@hierostrasbourg","twitter_site":"@hierostrasbourg","twitter_misc":{"Dur\u00e9e de lecture estim\u00e9e":"3 minutes"},"schema":{"@context":"https:\/\/schema.org","@graph":[{"@type":"Article","@id":"https:\/\/hierostrasbourg.com\/index.php\/2022\/04\/11\/voix-de-strs-recrutent-un-administrateur-f-h\/#article","isPartOf":{"@id":"https:\/\/hierostrasbourg.com\/index.php\/2022\/04\/11\/voix-de-strs-recrutent-un-administrateur-f-h\/"},"author":{"name":"","@id":""},"headline":"VOIX DE STRS\u2019 recrutent un administrateur [F\/H]","datePublished":"2022-04-11T14:30:59+00:00","mainEntityOfPage":{"@id":"https:\/\/hierostrasbourg.com\/index.php\/2022\/04\/11\/voix-de-strs-recrutent-un-administrateur-f-h\/"},"wordCount":535,"publisher":{"@id":"https:\/\/hierostrasbourg.com\/#organization"},"inLanguage":"fr-FR"},{"@type":"WebPage","@id":"https:\/\/hierostrasbourg.com\/index.php\/2022\/04\/11\/voix-de-strs-recrutent-un-administrateur-f-h\/","url":"https:\/\/hierostrasbourg.com\/index.php\/2022\/04\/11\/voix-de-strs-recrutent-un-administrateur-f-h\/","name":"VOIX DE STRS\u2019 recrutent un administrateur [F\/H] - HIERO STRASBOURG","isPartOf":{"@id":"https:\/\/hierostrasbourg.com\/#website"},"datePublished":"2022-04-11T14:30:59+00:00","breadcrumb":{"@id":"https:\/\/hierostrasbourg.com\/index.php\/2022\/04\/11\/voix-de-strs-recrutent-un-administrateur-f-h\/#breadcrumb"},"inLanguage":"fr-FR","potentialAction":[{"@type":"ReadAction","target":["https:\/\/hierostrasbourg.com\/index.php\/2022\/04\/11\/voix-de-strs-recrutent-un-administrateur-f-h\/"]}]},{"@type":"BreadcrumbList","@id":"https:\/\/hierostrasbourg.com\/index.php\/2022\/04\/11\/voix-de-strs-recrutent-un-administrateur-f-h\/#breadcrumb","itemListElement":[{"@type":"ListItem","position":1,"name":"Accueil","item":"https:\/\/hierostrasbourg.com\/"},{"@type":"ListItem","position":2,"name":"VOIX DE STRS\u2019 recrutent un administrateur [F\/H]"}]},{"@type":"WebSite","@id":"https:\/\/hierostrasbourg.com\/#website","url":"https:\/\/hierostrasbourg.com\/","name":"HIERO STRASBOURG","description":"Centre de Ressources Musiques Actuelles","publisher":{"@id":"https:\/\/hierostrasbourg.com\/#organization"},"potentialAction":[{"@type":"SearchAction","target":{"@type":"EntryPoint","urlTemplate":"https:\/\/hierostrasbourg.com\/?s={search_term_string}"},"query-input":{"@type":"PropertyValueSpecification","valueRequired":true,"valueName":"search_term_string"}}],"inLanguage":"fr-FR"},{"@type":"Organization","@id":"https:\/\/hierostrasbourg.com\/#organization","name":"F\u00e9d\u00e9ration Hi\u00e9ro Strasbourg","url":"https:\/\/hierostrasbourg.com\/","logo":{"@type":"ImageObject","inLanguage":"fr-FR","@id":"https:\/\/hierostrasbourg.com\/#\/schema\/logo\/image\/","url":"https:\/\/hierostrasbourg.com\/wp-content\/uploads\/2026\/04\/logo-hiero-strasbourg.jpg","contentUrl":"https:\/\/hierostrasbourg.com\/wp-content\/uploads\/2026\/04\/logo-hiero-strasbourg.jpg","width":204,"height":192,"caption":"F\u00e9d\u00e9ration Hi\u00e9ro Strasbourg"},"image":{"@id":"https:\/\/hierostrasbourg.com\/#\/schema\/logo\/image\/"},"sameAs":["https:\/\/www.facebook.com\/fedehierostrasbourg","https:\/\/x.com\/hierostrasbourg"]}]}},"_links":{"self":[{"href":"https:\/\/hierostrasbourg.com\/index.php\/wp-json\/wp\/v2\/posts\/2236","targetHints":{"allow":["GET"]}}],"collection":[{"href":"https:\/\/hierostrasbourg.com\/index.php\/wp-json\/wp\/v2\/posts"}],"about":[{"href":"https:\/\/hierostrasbourg.com\/index.php\/wp-json\/wp\/v2\/types\/post"}],"replies":[{"embeddable":true,"href":"https:\/\/hierostrasbourg.com\/index.php\/wp-json\/wp\/v2\/comments?post=2236"}],"version-history":[{"count":0,"href":"https:\/\/hierostrasbourg.com\/index.php\/wp-json\/wp\/v2\/posts\/2236\/revisions"}],"wp:attachment":[{"href":"https:\/\/hierostrasbourg.com\/index.php\/wp-json\/wp\/v2\/media?parent=2236"}],"wp:term":[{"taxonomy":"category","embeddable":true,"href":"https:\/\/hierostrasbourg.com\/index.php\/wp-json\/wp\/v2\/categories?post=2236"},{"taxonomy":"post_tag","embeddable":true,"href":"https:\/\/hierostrasbourg.com\/index.php\/wp-json\/wp\/v2\/tags?post=2236"}],"curies":[{"name":"wp","href":"https:\/\/api.w.org\/{rel}","templated":true}]}}