{"id":2235,"date":"2022-04-11T13:34:58","date_gmt":"2022-04-11T11:34:58","guid":{"rendered":"https:\/\/hierostrasbourg.com\/index.php\/2022\/04\/11\/afsco-mulhouse-recrute-un-assistant-aux-evenements-culturels-f-h-2\/"},"modified":"2022-04-11T13:34:58","modified_gmt":"2022-04-11T11:34:58","slug":"afsco-mulhouse-recrute-un-assistant-aux-evenements-culturels-f-h-2","status":"publish","type":"post","link":"https:\/\/hierostrasbourg.com\/index.php\/2022\/04\/11\/afsco-mulhouse-recrute-un-assistant-aux-evenements-culturels-f-h-2\/","title":{"rendered":"AFSCO [Mulhouse] recrute un assistant aux \u00e9v\u00e9nements culturels [F\/H]"},"content":{"rendered":"<p>L\u2019Afsco est un centre socioculturel dont les activit\u00e9s s\u2019\u00e9tendent de la Petit Enfance aux S\u00e9niors en passant par les Arts et Loisirs et la Culture, le centre offre de nombreux services pour r\u00e9pondre aux besoins de la jeunesse, de la famille, des adultes dans les domaines de la vie quotidienne et des loisirs.<br \/>\nL\u2019animation de vie sociale vise \u00e0 impliquer et \u00e0 faire participer les habitants \u00e0 la vie du quartier, \u00e0 leur permettre de mettre en \u0153uvre des projets communs, \u00e0 faciliter les \u00e9changes et les rencontres, ainsi nous accompagnons les habitants dans la r\u00e9alisation de leur projet.<br \/>\nL\u2019action culturelle, avec sa salle de spectacle qui accueille environs 6\u00a0000 personnes par an, vise \u00e0 faciliter l\u2019acc\u00e8s au spectacle vivant, \u00e0 d\u00e9velopper les comp\u00e9tences artistiques des habitants et \u00e0 valoriser les cultures.<br \/>\nDans ce cadre nous organisons chaque ann\u00e9e depuis 8 ans, un festival des cultures et musique du monde\u00a0: MUSAIKA.<\/p>\n<p>Il (elle) sera charg\u00e9 (e) de fournir un appui et un soutien \u00e0 l\u2019assistante culturelle dans l\u2019organisation et la programmation sur le festival Musa\u00efka, les Terrasses de Matisse et les spectacles scolaires.<\/p>\n<p>Il (elle) sera amen\u00e9 (e) :<\/p>\n<p>A promouvoir les spectacles, accompagner les m\u00e9diations culturelles \u00e0 destinations des habitants,<br \/>\nD\u2019apporter une aide technique et logistique aux \u00e9v\u00e9nements et manifestations ponctuels, en assurant l\u2019organisation mat\u00e9rielle et l\u2019encadrement des intervenants ext\u00e9rieurs.<br \/>\nDe suivre la gestion de la salle de spectacle, planning de l\u2019\u00e9quipe technique, d\u00e9clarations, locations du mat\u00e9riel, \u2026<br \/>\nDe faire le suivi de la communication et des r\u00e9seaux sociaux ainsi que le lien avec la presse.<\/p>\n<h2>Profil<\/h2>\n<p>Exp\u00e9rience souhait\u00e9e sur d\u2019autres \u00e9v\u00e8nements<br \/>\nPermis de conduire indispensable<\/p>\n<p>Poste \u00e0 pourvoir de suite<br \/>\nPoste en CDD, 17,5h semaine, jusqu\u2019au 31\/07\/2022<br \/>\nSalaire selon convention Alisfa<\/p>\n<p>Adresser avant le 20 avril 2022 un dossier de candidature comportant CV et lettre de motivation manuscrite \u00e0 l\u2019Afsco, \u00e0 l\u2019attention de Monsieur le Pr\u00e9sident et par mail \u00e0 candidature@afsco.org.<\/p>\n<p><a href=\"http:\/\/www.afsco.org\/\">www.afsco.org <\/a><br \/>\n<a href=\"https:\/\/www.facebook.com\/afscoculture\">facebook<\/a><br \/>\n<a href=\"https:\/\/www.facebook.com\/festival.musaika\">facebook<\/a><\/p>\n<p>L\u2019article <a href=\"https:\/\/popburo.fr\/afsco-mulhouse-recrute-un-assistant-aux-evenements-culturels-f-h\/\">AFSCO [Mulhouse] recrute un assistant aux \u00e9v\u00e9nements culturels [F\/H]<\/a> est apparu en premier sur <a href=\"https:\/\/popburo.fr\/\">POP B\u00dcRO<\/a>.<\/p>\n","protected":false},"excerpt":{"rendered":"<p>L\u2019Afsco est un centre socioculturel dont les activit\u00e9s s\u2019\u00e9tendent de la Petit Enfance aux S\u00e9niors en passant par les Arts et Loisirs et la Culture, le centre offre de nombreux services pour r\u00e9pondre aux besoins de la jeunesse, de la famille, des adultes dans les domaines de la vie quotidienne et des loisirs. L\u2019animation de vie sociale vise \u00e0 impliquer et \u00e0 faire participer les habitants \u00e0 la vie du quartier, \u00e0 leur permettre de mettre en \u0153uvre des projets [&hellip;]<\/p>\n","protected":false},"author":0,"featured_media":0,"comment_status":"closed","ping_status":"open","sticky":false,"template":"","format":"standard","meta":{"footnotes":""},"categories":[1],"tags":[],"class_list":["post-2235","post","type-post","status-publish","format-standard","hentry","category-non-classe"],"yoast_head":"<!-- This site is optimized with the Yoast SEO plugin v27.4 - https:\/\/yoast.com\/product\/yoast-seo-wordpress\/ -->\n<title>AFSCO [Mulhouse] recrute un assistant aux \u00e9v\u00e9nements culturels [F\/H] - HIERO STRASBOURG<\/title>\n<meta name=\"robots\" content=\"index, follow, max-snippet:-1, max-image-preview:large, max-video-preview:-1\" \/>\n<link rel=\"canonical\" href=\"https:\/\/hierostrasbourg.com\/index.php\/2022\/04\/11\/afsco-mulhouse-recrute-un-assistant-aux-evenements-culturels-f-h-2\/\" \/>\n<meta property=\"og:locale\" content=\"fr_FR\" \/>\n<meta property=\"og:type\" content=\"article\" \/>\n<meta property=\"og:title\" content=\"AFSCO [Mulhouse] recrute un assistant aux \u00e9v\u00e9nements culturels [F\/H] - HIERO STRASBOURG\" \/>\n<meta property=\"og:description\" content=\"L\u2019Afsco est un centre socioculturel dont les activit\u00e9s s\u2019\u00e9tendent de la Petit Enfance aux S\u00e9niors en passant par les Arts et Loisirs et la Culture, le centre offre de nombreux services pour r\u00e9pondre aux besoins de la jeunesse, de la famille, des adultes dans les domaines de la vie quotidienne et des loisirs. L\u2019animation de vie sociale vise \u00e0 impliquer et \u00e0 faire participer les habitants \u00e0 la vie du quartier, \u00e0 leur permettre de mettre en \u0153uvre des projets [&hellip;]\" \/>\n<meta property=\"og:url\" content=\"https:\/\/hierostrasbourg.com\/index.php\/2022\/04\/11\/afsco-mulhouse-recrute-un-assistant-aux-evenements-culturels-f-h-2\/\" \/>\n<meta property=\"og:site_name\" content=\"HIERO STRASBOURG\" \/>\n<meta property=\"article:publisher\" content=\"https:\/\/www.facebook.com\/fedehierostrasbourg\" \/>\n<meta property=\"article:published_time\" content=\"2022-04-11T11:34:58+00:00\" \/>\n<meta name=\"twitter:card\" content=\"summary_large_image\" \/>\n<meta name=\"twitter:creator\" content=\"@hierostrasbourg\" \/>\n<meta name=\"twitter:site\" content=\"@hierostrasbourg\" \/>\n<meta name=\"twitter:label1\" content=\"Dur\u00e9e de lecture estim\u00e9e\" \/>\n\t<meta name=\"twitter:data1\" content=\"2 minutes\" \/>\n<script type=\"application\/ld+json\" class=\"yoast-schema-graph\">{\"@context\":\"https:\\\/\\\/schema.org\",\"@graph\":[{\"@type\":\"Article\",\"@id\":\"https:\\\/\\\/hierostrasbourg.com\\\/index.php\\\/2022\\\/04\\\/11\\\/afsco-mulhouse-recrute-un-assistant-aux-evenements-culturels-f-h-2\\\/#article\",\"isPartOf\":{\"@id\":\"https:\\\/\\\/hierostrasbourg.com\\\/index.php\\\/2022\\\/04\\\/11\\\/afsco-mulhouse-recrute-un-assistant-aux-evenements-culturels-f-h-2\\\/\"},\"author\":{\"name\":\"\",\"@id\":\"\"},\"headline\":\"AFSCO [Mulhouse] recrute un assistant aux \u00e9v\u00e9nements culturels [F\\\/H]\",\"datePublished\":\"2022-04-11T11:34:58+00:00\",\"mainEntityOfPage\":{\"@id\":\"https:\\\/\\\/hierostrasbourg.com\\\/index.php\\\/2022\\\/04\\\/11\\\/afsco-mulhouse-recrute-un-assistant-aux-evenements-culturels-f-h-2\\\/\"},\"wordCount\":366,\"publisher\":{\"@id\":\"https:\\\/\\\/hierostrasbourg.com\\\/#organization\"},\"inLanguage\":\"fr-FR\"},{\"@type\":\"WebPage\",\"@id\":\"https:\\\/\\\/hierostrasbourg.com\\\/index.php\\\/2022\\\/04\\\/11\\\/afsco-mulhouse-recrute-un-assistant-aux-evenements-culturels-f-h-2\\\/\",\"url\":\"https:\\\/\\\/hierostrasbourg.com\\\/index.php\\\/2022\\\/04\\\/11\\\/afsco-mulhouse-recrute-un-assistant-aux-evenements-culturels-f-h-2\\\/\",\"name\":\"AFSCO [Mulhouse] recrute un assistant aux \u00e9v\u00e9nements culturels [F\\\/H] - HIERO STRASBOURG\",\"isPartOf\":{\"@id\":\"https:\\\/\\\/hierostrasbourg.com\\\/#website\"},\"datePublished\":\"2022-04-11T11:34:58+00:00\",\"breadcrumb\":{\"@id\":\"https:\\\/\\\/hierostrasbourg.com\\\/index.php\\\/2022\\\/04\\\/11\\\/afsco-mulhouse-recrute-un-assistant-aux-evenements-culturels-f-h-2\\\/#breadcrumb\"},\"inLanguage\":\"fr-FR\",\"potentialAction\":[{\"@type\":\"ReadAction\",\"target\":[\"https:\\\/\\\/hierostrasbourg.com\\\/index.php\\\/2022\\\/04\\\/11\\\/afsco-mulhouse-recrute-un-assistant-aux-evenements-culturels-f-h-2\\\/\"]}]},{\"@type\":\"BreadcrumbList\",\"@id\":\"https:\\\/\\\/hierostrasbourg.com\\\/index.php\\\/2022\\\/04\\\/11\\\/afsco-mulhouse-recrute-un-assistant-aux-evenements-culturels-f-h-2\\\/#breadcrumb\",\"itemListElement\":[{\"@type\":\"ListItem\",\"position\":1,\"name\":\"Accueil\",\"item\":\"https:\\\/\\\/hierostrasbourg.com\\\/\"},{\"@type\":\"ListItem\",\"position\":2,\"name\":\"AFSCO [Mulhouse] recrute un assistant aux \u00e9v\u00e9nements culturels [F\\\/H]\"}]},{\"@type\":\"WebSite\",\"@id\":\"https:\\\/\\\/hierostrasbourg.com\\\/#website\",\"url\":\"https:\\\/\\\/hierostrasbourg.com\\\/\",\"name\":\"HIERO STRASBOURG\",\"description\":\"Centre de Ressources Musiques Actuelles\",\"publisher\":{\"@id\":\"https:\\\/\\\/hierostrasbourg.com\\\/#organization\"},\"potentialAction\":[{\"@type\":\"SearchAction\",\"target\":{\"@type\":\"EntryPoint\",\"urlTemplate\":\"https:\\\/\\\/hierostrasbourg.com\\\/?s={search_term_string}\"},\"query-input\":{\"@type\":\"PropertyValueSpecification\",\"valueRequired\":true,\"valueName\":\"search_term_string\"}}],\"inLanguage\":\"fr-FR\"},{\"@type\":\"Organization\",\"@id\":\"https:\\\/\\\/hierostrasbourg.com\\\/#organization\",\"name\":\"F\u00e9d\u00e9ration Hi\u00e9ro Strasbourg\",\"url\":\"https:\\\/\\\/hierostrasbourg.com\\\/\",\"logo\":{\"@type\":\"ImageObject\",\"inLanguage\":\"fr-FR\",\"@id\":\"https:\\\/\\\/hierostrasbourg.com\\\/#\\\/schema\\\/logo\\\/image\\\/\",\"url\":\"https:\\\/\\\/hierostrasbourg.com\\\/wp-content\\\/uploads\\\/2026\\\/04\\\/logo-hiero-strasbourg.jpg\",\"contentUrl\":\"https:\\\/\\\/hierostrasbourg.com\\\/wp-content\\\/uploads\\\/2026\\\/04\\\/logo-hiero-strasbourg.jpg\",\"width\":204,\"height\":192,\"caption\":\"F\u00e9d\u00e9ration Hi\u00e9ro Strasbourg\"},\"image\":{\"@id\":\"https:\\\/\\\/hierostrasbourg.com\\\/#\\\/schema\\\/logo\\\/image\\\/\"},\"sameAs\":[\"https:\\\/\\\/www.facebook.com\\\/fedehierostrasbourg\",\"https:\\\/\\\/x.com\\\/hierostrasbourg\"]}]}<\/script>\n<!-- \/ Yoast SEO plugin. -->","yoast_head_json":{"title":"AFSCO [Mulhouse] recrute un assistant aux \u00e9v\u00e9nements culturels [F\/H] - HIERO STRASBOURG","robots":{"index":"index","follow":"follow","max-snippet":"max-snippet:-1","max-image-preview":"max-image-preview:large","max-video-preview":"max-video-preview:-1"},"canonical":"https:\/\/hierostrasbourg.com\/index.php\/2022\/04\/11\/afsco-mulhouse-recrute-un-assistant-aux-evenements-culturels-f-h-2\/","og_locale":"fr_FR","og_type":"article","og_title":"AFSCO [Mulhouse] recrute un assistant aux \u00e9v\u00e9nements culturels [F\/H] - HIERO STRASBOURG","og_description":"L\u2019Afsco est un centre socioculturel dont les activit\u00e9s s\u2019\u00e9tendent de la Petit Enfance aux S\u00e9niors en passant par les Arts et Loisirs et la Culture, le centre offre de nombreux services pour r\u00e9pondre aux besoins de la jeunesse, de la famille, des adultes dans les domaines de la vie quotidienne et des loisirs. L\u2019animation de vie sociale vise \u00e0 impliquer et \u00e0 faire participer les habitants \u00e0 la vie du quartier, \u00e0 leur permettre de mettre en \u0153uvre des projets [&hellip;]","og_url":"https:\/\/hierostrasbourg.com\/index.php\/2022\/04\/11\/afsco-mulhouse-recrute-un-assistant-aux-evenements-culturels-f-h-2\/","og_site_name":"HIERO STRASBOURG","article_publisher":"https:\/\/www.facebook.com\/fedehierostrasbourg","article_published_time":"2022-04-11T11:34:58+00:00","twitter_card":"summary_large_image","twitter_creator":"@hierostrasbourg","twitter_site":"@hierostrasbourg","twitter_misc":{"Dur\u00e9e de lecture estim\u00e9e":"2 minutes"},"schema":{"@context":"https:\/\/schema.org","@graph":[{"@type":"Article","@id":"https:\/\/hierostrasbourg.com\/index.php\/2022\/04\/11\/afsco-mulhouse-recrute-un-assistant-aux-evenements-culturels-f-h-2\/#article","isPartOf":{"@id":"https:\/\/hierostrasbourg.com\/index.php\/2022\/04\/11\/afsco-mulhouse-recrute-un-assistant-aux-evenements-culturels-f-h-2\/"},"author":{"name":"","@id":""},"headline":"AFSCO [Mulhouse] recrute un assistant aux \u00e9v\u00e9nements culturels [F\/H]","datePublished":"2022-04-11T11:34:58+00:00","mainEntityOfPage":{"@id":"https:\/\/hierostrasbourg.com\/index.php\/2022\/04\/11\/afsco-mulhouse-recrute-un-assistant-aux-evenements-culturels-f-h-2\/"},"wordCount":366,"publisher":{"@id":"https:\/\/hierostrasbourg.com\/#organization"},"inLanguage":"fr-FR"},{"@type":"WebPage","@id":"https:\/\/hierostrasbourg.com\/index.php\/2022\/04\/11\/afsco-mulhouse-recrute-un-assistant-aux-evenements-culturels-f-h-2\/","url":"https:\/\/hierostrasbourg.com\/index.php\/2022\/04\/11\/afsco-mulhouse-recrute-un-assistant-aux-evenements-culturels-f-h-2\/","name":"AFSCO [Mulhouse] recrute un assistant aux \u00e9v\u00e9nements culturels [F\/H] - HIERO STRASBOURG","isPartOf":{"@id":"https:\/\/hierostrasbourg.com\/#website"},"datePublished":"2022-04-11T11:34:58+00:00","breadcrumb":{"@id":"https:\/\/hierostrasbourg.com\/index.php\/2022\/04\/11\/afsco-mulhouse-recrute-un-assistant-aux-evenements-culturels-f-h-2\/#breadcrumb"},"inLanguage":"fr-FR","potentialAction":[{"@type":"ReadAction","target":["https:\/\/hierostrasbourg.com\/index.php\/2022\/04\/11\/afsco-mulhouse-recrute-un-assistant-aux-evenements-culturels-f-h-2\/"]}]},{"@type":"BreadcrumbList","@id":"https:\/\/hierostrasbourg.com\/index.php\/2022\/04\/11\/afsco-mulhouse-recrute-un-assistant-aux-evenements-culturels-f-h-2\/#breadcrumb","itemListElement":[{"@type":"ListItem","position":1,"name":"Accueil","item":"https:\/\/hierostrasbourg.com\/"},{"@type":"ListItem","position":2,"name":"AFSCO [Mulhouse] recrute un assistant aux \u00e9v\u00e9nements culturels [F\/H]"}]},{"@type":"WebSite","@id":"https:\/\/hierostrasbourg.com\/#website","url":"https:\/\/hierostrasbourg.com\/","name":"HIERO STRASBOURG","description":"Centre de Ressources Musiques Actuelles","publisher":{"@id":"https:\/\/hierostrasbourg.com\/#organization"},"potentialAction":[{"@type":"SearchAction","target":{"@type":"EntryPoint","urlTemplate":"https:\/\/hierostrasbourg.com\/?s={search_term_string}"},"query-input":{"@type":"PropertyValueSpecification","valueRequired":true,"valueName":"search_term_string"}}],"inLanguage":"fr-FR"},{"@type":"Organization","@id":"https:\/\/hierostrasbourg.com\/#organization","name":"F\u00e9d\u00e9ration Hi\u00e9ro Strasbourg","url":"https:\/\/hierostrasbourg.com\/","logo":{"@type":"ImageObject","inLanguage":"fr-FR","@id":"https:\/\/hierostrasbourg.com\/#\/schema\/logo\/image\/","url":"https:\/\/hierostrasbourg.com\/wp-content\/uploads\/2026\/04\/logo-hiero-strasbourg.jpg","contentUrl":"https:\/\/hierostrasbourg.com\/wp-content\/uploads\/2026\/04\/logo-hiero-strasbourg.jpg","width":204,"height":192,"caption":"F\u00e9d\u00e9ration Hi\u00e9ro Strasbourg"},"image":{"@id":"https:\/\/hierostrasbourg.com\/#\/schema\/logo\/image\/"},"sameAs":["https:\/\/www.facebook.com\/fedehierostrasbourg","https:\/\/x.com\/hierostrasbourg"]}]}},"_links":{"self":[{"href":"https:\/\/hierostrasbourg.com\/index.php\/wp-json\/wp\/v2\/posts\/2235","targetHints":{"allow":["GET"]}}],"collection":[{"href":"https:\/\/hierostrasbourg.com\/index.php\/wp-json\/wp\/v2\/posts"}],"about":[{"href":"https:\/\/hierostrasbourg.com\/index.php\/wp-json\/wp\/v2\/types\/post"}],"replies":[{"embeddable":true,"href":"https:\/\/hierostrasbourg.com\/index.php\/wp-json\/wp\/v2\/comments?post=2235"}],"version-history":[{"count":0,"href":"https:\/\/hierostrasbourg.com\/index.php\/wp-json\/wp\/v2\/posts\/2235\/revisions"}],"wp:attachment":[{"href":"https:\/\/hierostrasbourg.com\/index.php\/wp-json\/wp\/v2\/media?parent=2235"}],"wp:term":[{"taxonomy":"category","embeddable":true,"href":"https:\/\/hierostrasbourg.com\/index.php\/wp-json\/wp\/v2\/categories?post=2235"},{"taxonomy":"post_tag","embeddable":true,"href":"https:\/\/hierostrasbourg.com\/index.php\/wp-json\/wp\/v2\/tags?post=2235"}],"curies":[{"name":"wp","href":"https:\/\/api.w.org\/{rel}","templated":true}]}}