{"id":2233,"date":"2022-04-11T10:33:07","date_gmt":"2022-04-11T08:33:07","guid":{"rendered":"https:\/\/hierostrasbourg.com\/index.php\/2022\/04\/11\/les-inscriptions-au-concours-jeunes-talents-du-theatre-edwige-feuillere-festival-jacques-brel-sont-ouvertes-2\/"},"modified":"2022-04-11T10:33:07","modified_gmt":"2022-04-11T08:33:07","slug":"les-inscriptions-au-concours-jeunes-talents-du-theatre-edwige-feuillere-festival-jacques-brel-sont-ouvertes-2","status":"publish","type":"post","link":"https:\/\/hierostrasbourg.com\/index.php\/2022\/04\/11\/les-inscriptions-au-concours-jeunes-talents-du-theatre-edwige-feuillere-festival-jacques-brel-sont-ouvertes-2\/","title":{"rendered":"Les inscriptions au \u201cConcours Jeunes Talents\u201d du TH\u00c9\u00c2TRE EDWIGE FEUILL\u00c8RE [festival Jacques Brel] sont ouvertes"},"content":{"rendered":"<p>Le concours Jeunes Talents du Festival Jacques Brel Cr\u00e9\u00e9 en 2000 pour soutenir et promouvoir de nouveaux talents, le Concours Jeunes Talents est un tremplin devenu in\u00e9vitable pour les groupes ou artistes. Il est aujourd\u2019hui l\u2019\u00e9v\u00e9nement incontournable du Festival Jacques Brel. Le Concours Jeunes Talents, rep\u00e9r\u00e9 comme temps fort sur le plan national, est un tremplin de la chanson francophone. Chaque ann\u00e9e,\u00a0un artiste\u00a0pr\u00e9side un jury de professionnels\u00a0: Alexis HK, Bertrand Belin, Barcella, Nicolas Jules, Cali, Sanseverino, Clarika, Emily Loizeau. Cette [\u2026]<\/p>\n<p>L\u2019article <a href=\"https:\/\/musiquesactuelles.alsace\/les-inscriptions-au-concours-jeunes-talents-du-theatre-edwige-feuillere-festival-jacques-brel-sont-ouvertes\/\">Les inscriptions au \u201cConcours Jeunes Talents\u201d du TH\u00c9\u00c2TRE EDWIGE FEUILL\u00c8RE [festival Jacques Brel] sont ouvertes<\/a> est apparu en premier sur <a href=\"https:\/\/musiquesactuelles.alsace\/\">Musiques Actuelles en Alsace<\/a>.<\/p>\n<p>L\u2019article <a href=\"https:\/\/popburo.fr\/les-inscriptions-au-concours-jeunes-talents-du-theatre-edwige-feuillere-festival-jacques-brel-sont-ouvertes-2\/\">Les inscriptions au \u201cConcours Jeunes Talents\u201d du TH\u00c9\u00c2TRE EDWIGE FEUILL\u00c8RE [festival Jacques Brel] sont ouvertes<\/a> est apparu en premier sur <a href=\"https:\/\/popburo.fr\/\">POP B\u00dcRO<\/a>.<\/p>\n","protected":false},"excerpt":{"rendered":"<p>Le concours Jeunes Talents du Festival Jacques Brel Cr\u00e9\u00e9 en 2000 pour soutenir et promouvoir de nouveaux talents, le Concours Jeunes Talents est un tremplin devenu in\u00e9vitable pour les groupes ou artistes. Il est aujourd\u2019hui l\u2019\u00e9v\u00e9nement incontournable du Festival Jacques Brel. Le Concours Jeunes Talents, rep\u00e9r\u00e9 comme temps fort sur le plan national, est un tremplin de la chanson francophone. Chaque ann\u00e9e,\u00a0un artiste\u00a0pr\u00e9side un jury de professionnels\u00a0: Alexis HK, Bertrand Belin, Barcella, Nicolas Jules, Cali, Sanseverino, Clarika, Emily Loizeau. Cette [&hellip;]<\/p>\n","protected":false},"author":0,"featured_media":0,"comment_status":"closed","ping_status":"open","sticky":false,"template":"","format":"standard","meta":{"footnotes":""},"categories":[1],"tags":[],"class_list":["post-2233","post","type-post","status-publish","format-standard","hentry","category-non-classe"],"yoast_head":"<!-- This site is optimized with the Yoast SEO plugin v27.4 - https:\/\/yoast.com\/product\/yoast-seo-wordpress\/ -->\n<title>Les inscriptions au \u201cConcours Jeunes Talents\u201d du TH\u00c9\u00c2TRE EDWIGE FEUILL\u00c8RE [festival Jacques Brel] sont ouvertes - HIERO STRASBOURG<\/title>\n<meta name=\"robots\" content=\"index, follow, max-snippet:-1, max-image-preview:large, max-video-preview:-1\" \/>\n<link rel=\"canonical\" href=\"https:\/\/hierostrasbourg.com\/index.php\/2022\/04\/11\/les-inscriptions-au-concours-jeunes-talents-du-theatre-edwige-feuillere-festival-jacques-brel-sont-ouvertes-2\/\" \/>\n<meta property=\"og:locale\" content=\"fr_FR\" \/>\n<meta property=\"og:type\" content=\"article\" \/>\n<meta property=\"og:title\" content=\"Les inscriptions au \u201cConcours Jeunes Talents\u201d du TH\u00c9\u00c2TRE EDWIGE FEUILL\u00c8RE [festival Jacques Brel] sont ouvertes - HIERO STRASBOURG\" \/>\n<meta property=\"og:description\" content=\"Le concours Jeunes Talents du Festival Jacques Brel Cr\u00e9\u00e9 en 2000 pour soutenir et promouvoir de nouveaux talents, le Concours Jeunes Talents est un tremplin devenu in\u00e9vitable pour les groupes ou artistes. Il est aujourd\u2019hui l\u2019\u00e9v\u00e9nement incontournable du Festival Jacques Brel. Le Concours Jeunes Talents, rep\u00e9r\u00e9 comme temps fort sur le plan national, est un tremplin de la chanson francophone. Chaque ann\u00e9e,\u00a0un artiste\u00a0pr\u00e9side un jury de professionnels\u00a0: Alexis HK, Bertrand Belin, Barcella, Nicolas Jules, Cali, Sanseverino, Clarika, Emily Loizeau. Cette [&hellip;]\" \/>\n<meta property=\"og:url\" content=\"https:\/\/hierostrasbourg.com\/index.php\/2022\/04\/11\/les-inscriptions-au-concours-jeunes-talents-du-theatre-edwige-feuillere-festival-jacques-brel-sont-ouvertes-2\/\" \/>\n<meta property=\"og:site_name\" content=\"HIERO STRASBOURG\" \/>\n<meta property=\"article:publisher\" content=\"https:\/\/www.facebook.com\/fedehierostrasbourg\" \/>\n<meta property=\"article:published_time\" content=\"2022-04-11T08:33:07+00:00\" \/>\n<meta name=\"twitter:card\" content=\"summary_large_image\" \/>\n<meta name=\"twitter:creator\" content=\"@hierostrasbourg\" \/>\n<meta name=\"twitter:site\" content=\"@hierostrasbourg\" \/>\n<meta name=\"twitter:label1\" content=\"Dur\u00e9e de lecture estim\u00e9e\" \/>\n\t<meta name=\"twitter:data1\" content=\"1 minute\" \/>\n<script type=\"application\/ld+json\" class=\"yoast-schema-graph\">{\"@context\":\"https:\\\/\\\/schema.org\",\"@graph\":[{\"@type\":\"Article\",\"@id\":\"https:\\\/\\\/hierostrasbourg.com\\\/index.php\\\/2022\\\/04\\\/11\\\/les-inscriptions-au-concours-jeunes-talents-du-theatre-edwige-feuillere-festival-jacques-brel-sont-ouvertes-2\\\/#article\",\"isPartOf\":{\"@id\":\"https:\\\/\\\/hierostrasbourg.com\\\/index.php\\\/2022\\\/04\\\/11\\\/les-inscriptions-au-concours-jeunes-talents-du-theatre-edwige-feuillere-festival-jacques-brel-sont-ouvertes-2\\\/\"},\"author\":{\"name\":\"\",\"@id\":\"\"},\"headline\":\"Les inscriptions au \u201cConcours Jeunes Talents\u201d du TH\u00c9\u00c2TRE EDWIGE FEUILL\u00c8RE [festival Jacques Brel] sont ouvertes\",\"datePublished\":\"2022-04-11T08:33:07+00:00\",\"mainEntityOfPage\":{\"@id\":\"https:\\\/\\\/hierostrasbourg.com\\\/index.php\\\/2022\\\/04\\\/11\\\/les-inscriptions-au-concours-jeunes-talents-du-theatre-edwige-feuillere-festival-jacques-brel-sont-ouvertes-2\\\/\"},\"wordCount\":160,\"publisher\":{\"@id\":\"https:\\\/\\\/hierostrasbourg.com\\\/#organization\"},\"inLanguage\":\"fr-FR\"},{\"@type\":\"WebPage\",\"@id\":\"https:\\\/\\\/hierostrasbourg.com\\\/index.php\\\/2022\\\/04\\\/11\\\/les-inscriptions-au-concours-jeunes-talents-du-theatre-edwige-feuillere-festival-jacques-brel-sont-ouvertes-2\\\/\",\"url\":\"https:\\\/\\\/hierostrasbourg.com\\\/index.php\\\/2022\\\/04\\\/11\\\/les-inscriptions-au-concours-jeunes-talents-du-theatre-edwige-feuillere-festival-jacques-brel-sont-ouvertes-2\\\/\",\"name\":\"Les inscriptions au \u201cConcours Jeunes Talents\u201d du TH\u00c9\u00c2TRE EDWIGE FEUILL\u00c8RE [festival Jacques Brel] sont ouvertes - HIERO STRASBOURG\",\"isPartOf\":{\"@id\":\"https:\\\/\\\/hierostrasbourg.com\\\/#website\"},\"datePublished\":\"2022-04-11T08:33:07+00:00\",\"breadcrumb\":{\"@id\":\"https:\\\/\\\/hierostrasbourg.com\\\/index.php\\\/2022\\\/04\\\/11\\\/les-inscriptions-au-concours-jeunes-talents-du-theatre-edwige-feuillere-festival-jacques-brel-sont-ouvertes-2\\\/#breadcrumb\"},\"inLanguage\":\"fr-FR\",\"potentialAction\":[{\"@type\":\"ReadAction\",\"target\":[\"https:\\\/\\\/hierostrasbourg.com\\\/index.php\\\/2022\\\/04\\\/11\\\/les-inscriptions-au-concours-jeunes-talents-du-theatre-edwige-feuillere-festival-jacques-brel-sont-ouvertes-2\\\/\"]}]},{\"@type\":\"BreadcrumbList\",\"@id\":\"https:\\\/\\\/hierostrasbourg.com\\\/index.php\\\/2022\\\/04\\\/11\\\/les-inscriptions-au-concours-jeunes-talents-du-theatre-edwige-feuillere-festival-jacques-brel-sont-ouvertes-2\\\/#breadcrumb\",\"itemListElement\":[{\"@type\":\"ListItem\",\"position\":1,\"name\":\"Accueil\",\"item\":\"https:\\\/\\\/hierostrasbourg.com\\\/\"},{\"@type\":\"ListItem\",\"position\":2,\"name\":\"Les inscriptions au \u201cConcours Jeunes Talents\u201d du TH\u00c9\u00c2TRE EDWIGE FEUILL\u00c8RE [festival Jacques Brel] sont ouvertes\"}]},{\"@type\":\"WebSite\",\"@id\":\"https:\\\/\\\/hierostrasbourg.com\\\/#website\",\"url\":\"https:\\\/\\\/hierostrasbourg.com\\\/\",\"name\":\"HIERO STRASBOURG\",\"description\":\"Centre de Ressources Musiques Actuelles\",\"publisher\":{\"@id\":\"https:\\\/\\\/hierostrasbourg.com\\\/#organization\"},\"potentialAction\":[{\"@type\":\"SearchAction\",\"target\":{\"@type\":\"EntryPoint\",\"urlTemplate\":\"https:\\\/\\\/hierostrasbourg.com\\\/?s={search_term_string}\"},\"query-input\":{\"@type\":\"PropertyValueSpecification\",\"valueRequired\":true,\"valueName\":\"search_term_string\"}}],\"inLanguage\":\"fr-FR\"},{\"@type\":\"Organization\",\"@id\":\"https:\\\/\\\/hierostrasbourg.com\\\/#organization\",\"name\":\"F\u00e9d\u00e9ration Hi\u00e9ro Strasbourg\",\"url\":\"https:\\\/\\\/hierostrasbourg.com\\\/\",\"logo\":{\"@type\":\"ImageObject\",\"inLanguage\":\"fr-FR\",\"@id\":\"https:\\\/\\\/hierostrasbourg.com\\\/#\\\/schema\\\/logo\\\/image\\\/\",\"url\":\"https:\\\/\\\/hierostrasbourg.com\\\/wp-content\\\/uploads\\\/2026\\\/04\\\/logo-hiero-strasbourg.jpg\",\"contentUrl\":\"https:\\\/\\\/hierostrasbourg.com\\\/wp-content\\\/uploads\\\/2026\\\/04\\\/logo-hiero-strasbourg.jpg\",\"width\":204,\"height\":192,\"caption\":\"F\u00e9d\u00e9ration Hi\u00e9ro Strasbourg\"},\"image\":{\"@id\":\"https:\\\/\\\/hierostrasbourg.com\\\/#\\\/schema\\\/logo\\\/image\\\/\"},\"sameAs\":[\"https:\\\/\\\/www.facebook.com\\\/fedehierostrasbourg\",\"https:\\\/\\\/x.com\\\/hierostrasbourg\"]}]}<\/script>\n<!-- \/ Yoast SEO plugin. -->","yoast_head_json":{"title":"Les inscriptions au \u201cConcours Jeunes Talents\u201d du TH\u00c9\u00c2TRE EDWIGE FEUILL\u00c8RE [festival Jacques Brel] sont ouvertes - HIERO STRASBOURG","robots":{"index":"index","follow":"follow","max-snippet":"max-snippet:-1","max-image-preview":"max-image-preview:large","max-video-preview":"max-video-preview:-1"},"canonical":"https:\/\/hierostrasbourg.com\/index.php\/2022\/04\/11\/les-inscriptions-au-concours-jeunes-talents-du-theatre-edwige-feuillere-festival-jacques-brel-sont-ouvertes-2\/","og_locale":"fr_FR","og_type":"article","og_title":"Les inscriptions au \u201cConcours Jeunes Talents\u201d du TH\u00c9\u00c2TRE EDWIGE FEUILL\u00c8RE [festival Jacques Brel] sont ouvertes - HIERO STRASBOURG","og_description":"Le concours Jeunes Talents du Festival Jacques Brel Cr\u00e9\u00e9 en 2000 pour soutenir et promouvoir de nouveaux talents, le Concours Jeunes Talents est un tremplin devenu in\u00e9vitable pour les groupes ou artistes. Il est aujourd\u2019hui l\u2019\u00e9v\u00e9nement incontournable du Festival Jacques Brel. Le Concours Jeunes Talents, rep\u00e9r\u00e9 comme temps fort sur le plan national, est un tremplin de la chanson francophone. Chaque ann\u00e9e,\u00a0un artiste\u00a0pr\u00e9side un jury de professionnels\u00a0: Alexis HK, Bertrand Belin, Barcella, Nicolas Jules, Cali, Sanseverino, Clarika, Emily Loizeau. Cette [&hellip;]","og_url":"https:\/\/hierostrasbourg.com\/index.php\/2022\/04\/11\/les-inscriptions-au-concours-jeunes-talents-du-theatre-edwige-feuillere-festival-jacques-brel-sont-ouvertes-2\/","og_site_name":"HIERO STRASBOURG","article_publisher":"https:\/\/www.facebook.com\/fedehierostrasbourg","article_published_time":"2022-04-11T08:33:07+00:00","twitter_card":"summary_large_image","twitter_creator":"@hierostrasbourg","twitter_site":"@hierostrasbourg","twitter_misc":{"Dur\u00e9e de lecture estim\u00e9e":"1 minute"},"schema":{"@context":"https:\/\/schema.org","@graph":[{"@type":"Article","@id":"https:\/\/hierostrasbourg.com\/index.php\/2022\/04\/11\/les-inscriptions-au-concours-jeunes-talents-du-theatre-edwige-feuillere-festival-jacques-brel-sont-ouvertes-2\/#article","isPartOf":{"@id":"https:\/\/hierostrasbourg.com\/index.php\/2022\/04\/11\/les-inscriptions-au-concours-jeunes-talents-du-theatre-edwige-feuillere-festival-jacques-brel-sont-ouvertes-2\/"},"author":{"name":"","@id":""},"headline":"Les inscriptions au \u201cConcours Jeunes Talents\u201d du TH\u00c9\u00c2TRE EDWIGE FEUILL\u00c8RE [festival Jacques Brel] sont ouvertes","datePublished":"2022-04-11T08:33:07+00:00","mainEntityOfPage":{"@id":"https:\/\/hierostrasbourg.com\/index.php\/2022\/04\/11\/les-inscriptions-au-concours-jeunes-talents-du-theatre-edwige-feuillere-festival-jacques-brel-sont-ouvertes-2\/"},"wordCount":160,"publisher":{"@id":"https:\/\/hierostrasbourg.com\/#organization"},"inLanguage":"fr-FR"},{"@type":"WebPage","@id":"https:\/\/hierostrasbourg.com\/index.php\/2022\/04\/11\/les-inscriptions-au-concours-jeunes-talents-du-theatre-edwige-feuillere-festival-jacques-brel-sont-ouvertes-2\/","url":"https:\/\/hierostrasbourg.com\/index.php\/2022\/04\/11\/les-inscriptions-au-concours-jeunes-talents-du-theatre-edwige-feuillere-festival-jacques-brel-sont-ouvertes-2\/","name":"Les inscriptions au \u201cConcours Jeunes Talents\u201d du TH\u00c9\u00c2TRE EDWIGE FEUILL\u00c8RE [festival Jacques Brel] sont ouvertes - HIERO STRASBOURG","isPartOf":{"@id":"https:\/\/hierostrasbourg.com\/#website"},"datePublished":"2022-04-11T08:33:07+00:00","breadcrumb":{"@id":"https:\/\/hierostrasbourg.com\/index.php\/2022\/04\/11\/les-inscriptions-au-concours-jeunes-talents-du-theatre-edwige-feuillere-festival-jacques-brel-sont-ouvertes-2\/#breadcrumb"},"inLanguage":"fr-FR","potentialAction":[{"@type":"ReadAction","target":["https:\/\/hierostrasbourg.com\/index.php\/2022\/04\/11\/les-inscriptions-au-concours-jeunes-talents-du-theatre-edwige-feuillere-festival-jacques-brel-sont-ouvertes-2\/"]}]},{"@type":"BreadcrumbList","@id":"https:\/\/hierostrasbourg.com\/index.php\/2022\/04\/11\/les-inscriptions-au-concours-jeunes-talents-du-theatre-edwige-feuillere-festival-jacques-brel-sont-ouvertes-2\/#breadcrumb","itemListElement":[{"@type":"ListItem","position":1,"name":"Accueil","item":"https:\/\/hierostrasbourg.com\/"},{"@type":"ListItem","position":2,"name":"Les inscriptions au \u201cConcours Jeunes Talents\u201d du TH\u00c9\u00c2TRE EDWIGE FEUILL\u00c8RE [festival Jacques Brel] sont ouvertes"}]},{"@type":"WebSite","@id":"https:\/\/hierostrasbourg.com\/#website","url":"https:\/\/hierostrasbourg.com\/","name":"HIERO STRASBOURG","description":"Centre de Ressources Musiques Actuelles","publisher":{"@id":"https:\/\/hierostrasbourg.com\/#organization"},"potentialAction":[{"@type":"SearchAction","target":{"@type":"EntryPoint","urlTemplate":"https:\/\/hierostrasbourg.com\/?s={search_term_string}"},"query-input":{"@type":"PropertyValueSpecification","valueRequired":true,"valueName":"search_term_string"}}],"inLanguage":"fr-FR"},{"@type":"Organization","@id":"https:\/\/hierostrasbourg.com\/#organization","name":"F\u00e9d\u00e9ration Hi\u00e9ro Strasbourg","url":"https:\/\/hierostrasbourg.com\/","logo":{"@type":"ImageObject","inLanguage":"fr-FR","@id":"https:\/\/hierostrasbourg.com\/#\/schema\/logo\/image\/","url":"https:\/\/hierostrasbourg.com\/wp-content\/uploads\/2026\/04\/logo-hiero-strasbourg.jpg","contentUrl":"https:\/\/hierostrasbourg.com\/wp-content\/uploads\/2026\/04\/logo-hiero-strasbourg.jpg","width":204,"height":192,"caption":"F\u00e9d\u00e9ration Hi\u00e9ro Strasbourg"},"image":{"@id":"https:\/\/hierostrasbourg.com\/#\/schema\/logo\/image\/"},"sameAs":["https:\/\/www.facebook.com\/fedehierostrasbourg","https:\/\/x.com\/hierostrasbourg"]}]}},"_links":{"self":[{"href":"https:\/\/hierostrasbourg.com\/index.php\/wp-json\/wp\/v2\/posts\/2233","targetHints":{"allow":["GET"]}}],"collection":[{"href":"https:\/\/hierostrasbourg.com\/index.php\/wp-json\/wp\/v2\/posts"}],"about":[{"href":"https:\/\/hierostrasbourg.com\/index.php\/wp-json\/wp\/v2\/types\/post"}],"replies":[{"embeddable":true,"href":"https:\/\/hierostrasbourg.com\/index.php\/wp-json\/wp\/v2\/comments?post=2233"}],"version-history":[{"count":0,"href":"https:\/\/hierostrasbourg.com\/index.php\/wp-json\/wp\/v2\/posts\/2233\/revisions"}],"wp:attachment":[{"href":"https:\/\/hierostrasbourg.com\/index.php\/wp-json\/wp\/v2\/media?parent=2233"}],"wp:term":[{"taxonomy":"category","embeddable":true,"href":"https:\/\/hierostrasbourg.com\/index.php\/wp-json\/wp\/v2\/categories?post=2233"},{"taxonomy":"post_tag","embeddable":true,"href":"https:\/\/hierostrasbourg.com\/index.php\/wp-json\/wp\/v2\/tags?post=2233"}],"curies":[{"name":"wp","href":"https:\/\/api.w.org\/{rel}","templated":true}]}}