{"id":2232,"date":"2022-04-11T09:32:36","date_gmt":"2022-04-11T07:32:36","guid":{"rendered":"https:\/\/hierostrasbourg.com\/index.php\/2022\/04\/11\/les-inscriptions-au-concours-jeunes-talents-du-theatre-edwige-feuillere-festival-jacques-brel-sont-ouvertes\/"},"modified":"2022-04-11T09:32:36","modified_gmt":"2022-04-11T07:32:36","slug":"les-inscriptions-au-concours-jeunes-talents-du-theatre-edwige-feuillere-festival-jacques-brel-sont-ouvertes","status":"publish","type":"post","link":"https:\/\/hierostrasbourg.com\/index.php\/2022\/04\/11\/les-inscriptions-au-concours-jeunes-talents-du-theatre-edwige-feuillere-festival-jacques-brel-sont-ouvertes\/","title":{"rendered":"Les inscriptions au \u201cConcours Jeunes Talents\u201d du TH\u00c9\u00c2TRE EDWIGE FEUILL\u00c8RE [festival Jacques Brel] sont ouvertes"},"content":{"rendered":"<p>Le concours Jeunes Talents du Festival Jacques Brel<\/p>\n<p>Cr\u00e9\u00e9 en 2000 pour soutenir et promouvoir de nouveaux talents, le Concours Jeunes Talents est un tremplin devenu in\u00e9vitable pour les groupes ou artistes.<br \/>\nIl est aujourd\u2019hui l\u2019\u00e9v\u00e9nement incontournable du Festival Jacques Brel.<br \/>\nLe Concours Jeunes Talents, rep\u00e9r\u00e9 comme temps fort sur le plan national, est un tremplin de la chanson francophone.<\/p>\n<p>Chaque ann\u00e9e,\u00a0un artiste\u00a0pr\u00e9side un jury de professionnels\u00a0:<br \/>\nAlexis HK, Bertrand Belin, Barcella, Nicolas Jules, Cali, Sanseverino, Clarika, Emily Loizeau.<br \/>\nCette ann\u00e9e, c\u2019est Thomas Fersen qui parraine cette nouvelle \u00e9dition.<\/p>\n<p>Le jury est compos\u00e9 de professionnels, un jury jeune et la voix du public.<br \/>\nUn prix magazine FrancoFans\u00a0est \u00e9galement d\u00e9cern\u00e9.<\/p>\n<p>Etre laur\u00e9at du Concours Jeunes Talents, c\u2019est b\u00e9n\u00e9ficier d\u2019un soutien financier<br \/>\n(premier prix Ville de Vesoul : 3000\u20ac, second prix Fondation La Poste : 1500\u20ac).<br \/>\nLe Concours offre \u00e9galement aux groupes et artistes francophones la possibilit\u00e9 d\u2019\u00eatre programm\u00e9s dans le cadre<br \/>\ndu Festival Jacques Brel 2022\u00a0mais aussi de\u00a0venir pour des temps de r\u00e9sidence, construire des ateliers sur le territoire\u2026<br \/>\nL\u2019\u00e9quipe du Th\u00e9\u00e2tre met un point d\u2019honneur dans l\u2019accompagnement des groupes et artistes.<\/p>\n<p>Parmi les laur\u00e9ats du Concours Jeunes Talents du Th\u00e9\u00e2tre Edwige Feuill\u00e8re de Vesoul, on peut citer, entre autres, Batlik, Ben Mazu\u00e9, Manu Galure, Zed Van Traumat, Barcella, Evelyne Gallet, Liz Cherhal, Tony Melvil, Boule, Laura Cahen, La Goutte, Erwan Pinard, Ottilie [B], Lombre, Jack Simard et en 2020 Ben Herbert Larue et Nour\u2026<\/p>\n<p>Samedi 1er octobre 2022, vous rencontrez le public lors de concerts dans des lieux atypiques dans le cadre des Artistes dans la Ville,<br \/>\nDimanche 2 octobre 2022,\u00a0vous participez au Concours au Th\u00e9\u00e2tre Edwige Feuill\u00e8re.<\/p>\n<p>Date limite de candidature au Concours Jeunes Talents : vendredi 27 mai 2022.<br \/>\nR\u00e8glement et dossier de candidature \u00e0 t\u00e9l\u00e9charger ci-dessous<br \/>\n(envoi postal uniquement)<\/p>\n<p>Renseignements<br \/>\nSophie Gelinotte<br \/>\ncontact@theatre-edwige-feuillere.fr<\/p>\n<div class=\"ead-preview\">\n<div class=\"ead-document\">\n<div class=\"ead-iframe-wrapper\"><\/div>\n<div class=\"ead-document-loading\">\n<div class=\"ead-loading-wrap\">\n<div class=\"ead-loading-main\">\n<div class=\"ead-loading\">\n\t\t\t\t\t\t\t<span>En cours de chargement\u2026<\/span>\n\t\t\t\t\t\t<\/div>\n<\/p><\/div>\n<div class=\"ead-loading-foot\">\n<div class=\"ead-loading-foot-title\">\n\t\t\t\t\t\t\t<span>Cela prend trop de temps\u00a0?<\/span>\n\t\t\t\t\t\t<\/div>\n<\/p>\n<div class=\"ead-document-btn ead-reload-btn\">\n\t\t\t\t\t\t\t\t Recharger le document\t\t\t\t\t\t\t<\/div>\n<p>\t\t\t\t\t\t\t<span>|<\/span><br \/>\n\t\t\t\t\t\t\t<a href=\"https:\/\/www.theatre-edwige-feuillere.fr\/files\/35\/Concours-Jeunes-Talents\/851\/Concours-Jeunes-Talents-reglement-bd-2022.pdf\" class=\"ead-document-btn\" target=\"_blank\" rel=\"noopener\"><br \/>\n\t\t\t\t\t\t\t\t Ouvrir dans un nouvel onglet\t\t\t\t\t\t\t<\/a>\n\t\t\t\t\t<\/div>\n<\/p><\/div>\n<\/p><\/div>\n<\/p><\/div>\n<p class=\"embed_download\"><a href=\"https:\/\/www.theatre-edwige-feuillere.fr\/files\/35\/Concours-Jeunes-Talents\/851\/Concours-Jeunes-Talents-reglement-bd-2022.pdf\">\ufeffT\u00e9l\u00e9charger <\/a><\/p>\n<\/div>\n<p>L\u2019article <a href=\"https:\/\/popburo.fr\/les-inscriptions-au-concours-jeunes-talents-du-theatre-edwige-feuillere-festival-jacques-brel-sont-ouvertes\/\">Les inscriptions au \u201cConcours Jeunes Talents\u201d du TH\u00c9\u00c2TRE EDWIGE FEUILL\u00c8RE [festival Jacques Brel] sont ouvertes<\/a> est apparu en premier sur <a href=\"https:\/\/popburo.fr\/\">POP B\u00dcRO<\/a>.<\/p>\n","protected":false},"excerpt":{"rendered":"<p>Le concours Jeunes Talents du Festival Jacques Brel Cr\u00e9\u00e9 en 2000 pour soutenir et promouvoir de nouveaux talents, le Concours Jeunes Talents est un tremplin devenu in\u00e9vitable pour les groupes ou artistes. Il est aujourd\u2019hui l\u2019\u00e9v\u00e9nement incontournable du Festival Jacques Brel. Le Concours Jeunes Talents, rep\u00e9r\u00e9 comme temps fort sur le plan national, est un tremplin de la chanson francophone. Chaque ann\u00e9e,\u00a0un artiste\u00a0pr\u00e9side un jury de professionnels\u00a0: Alexis HK, Bertrand Belin, Barcella, Nicolas Jules, Cali, Sanseverino, Clarika, Emily Loizeau. Cette [&hellip;]<\/p>\n","protected":false},"author":0,"featured_media":0,"comment_status":"closed","ping_status":"open","sticky":false,"template":"","format":"standard","meta":{"footnotes":""},"categories":[1],"tags":[],"class_list":["post-2232","post","type-post","status-publish","format-standard","hentry","category-non-classe"],"yoast_head":"<!-- This site is optimized with the Yoast SEO plugin v27.4 - https:\/\/yoast.com\/product\/yoast-seo-wordpress\/ -->\n<title>Les inscriptions au \u201cConcours Jeunes Talents\u201d du TH\u00c9\u00c2TRE EDWIGE FEUILL\u00c8RE [festival Jacques Brel] sont ouvertes - HIERO STRASBOURG<\/title>\n<meta name=\"robots\" content=\"index, follow, max-snippet:-1, max-image-preview:large, max-video-preview:-1\" \/>\n<link rel=\"canonical\" href=\"https:\/\/hierostrasbourg.com\/index.php\/2022\/04\/11\/les-inscriptions-au-concours-jeunes-talents-du-theatre-edwige-feuillere-festival-jacques-brel-sont-ouvertes\/\" \/>\n<meta property=\"og:locale\" content=\"fr_FR\" \/>\n<meta property=\"og:type\" content=\"article\" \/>\n<meta property=\"og:title\" content=\"Les inscriptions au \u201cConcours Jeunes Talents\u201d du TH\u00c9\u00c2TRE EDWIGE FEUILL\u00c8RE [festival Jacques Brel] sont ouvertes - HIERO STRASBOURG\" \/>\n<meta property=\"og:description\" content=\"Le concours Jeunes Talents du Festival Jacques Brel Cr\u00e9\u00e9 en 2000 pour soutenir et promouvoir de nouveaux talents, le Concours Jeunes Talents est un tremplin devenu in\u00e9vitable pour les groupes ou artistes. Il est aujourd\u2019hui l\u2019\u00e9v\u00e9nement incontournable du Festival Jacques Brel. Le Concours Jeunes Talents, rep\u00e9r\u00e9 comme temps fort sur le plan national, est un tremplin de la chanson francophone. Chaque ann\u00e9e,\u00a0un artiste\u00a0pr\u00e9side un jury de professionnels\u00a0: Alexis HK, Bertrand Belin, Barcella, Nicolas Jules, Cali, Sanseverino, Clarika, Emily Loizeau. Cette [&hellip;]\" \/>\n<meta property=\"og:url\" content=\"https:\/\/hierostrasbourg.com\/index.php\/2022\/04\/11\/les-inscriptions-au-concours-jeunes-talents-du-theatre-edwige-feuillere-festival-jacques-brel-sont-ouvertes\/\" \/>\n<meta property=\"og:site_name\" content=\"HIERO STRASBOURG\" \/>\n<meta property=\"article:publisher\" content=\"https:\/\/www.facebook.com\/fedehierostrasbourg\" \/>\n<meta property=\"article:published_time\" content=\"2022-04-11T07:32:36+00:00\" \/>\n<meta name=\"twitter:card\" content=\"summary_large_image\" \/>\n<meta name=\"twitter:creator\" content=\"@hierostrasbourg\" \/>\n<meta name=\"twitter:site\" content=\"@hierostrasbourg\" \/>\n<meta name=\"twitter:label1\" content=\"Dur\u00e9e de lecture estim\u00e9e\" \/>\n\t<meta name=\"twitter:data1\" content=\"2 minutes\" \/>\n<script type=\"application\/ld+json\" class=\"yoast-schema-graph\">{\"@context\":\"https:\\\/\\\/schema.org\",\"@graph\":[{\"@type\":\"Article\",\"@id\":\"https:\\\/\\\/hierostrasbourg.com\\\/index.php\\\/2022\\\/04\\\/11\\\/les-inscriptions-au-concours-jeunes-talents-du-theatre-edwige-feuillere-festival-jacques-brel-sont-ouvertes\\\/#article\",\"isPartOf\":{\"@id\":\"https:\\\/\\\/hierostrasbourg.com\\\/index.php\\\/2022\\\/04\\\/11\\\/les-inscriptions-au-concours-jeunes-talents-du-theatre-edwige-feuillere-festival-jacques-brel-sont-ouvertes\\\/\"},\"author\":{\"name\":\"\",\"@id\":\"\"},\"headline\":\"Les inscriptions au \u201cConcours Jeunes Talents\u201d du TH\u00c9\u00c2TRE EDWIGE FEUILL\u00c8RE [festival Jacques Brel] sont ouvertes\",\"datePublished\":\"2022-04-11T07:32:36+00:00\",\"mainEntityOfPage\":{\"@id\":\"https:\\\/\\\/hierostrasbourg.com\\\/index.php\\\/2022\\\/04\\\/11\\\/les-inscriptions-au-concours-jeunes-talents-du-theatre-edwige-feuillere-festival-jacques-brel-sont-ouvertes\\\/\"},\"wordCount\":384,\"publisher\":{\"@id\":\"https:\\\/\\\/hierostrasbourg.com\\\/#organization\"},\"inLanguage\":\"fr-FR\"},{\"@type\":\"WebPage\",\"@id\":\"https:\\\/\\\/hierostrasbourg.com\\\/index.php\\\/2022\\\/04\\\/11\\\/les-inscriptions-au-concours-jeunes-talents-du-theatre-edwige-feuillere-festival-jacques-brel-sont-ouvertes\\\/\",\"url\":\"https:\\\/\\\/hierostrasbourg.com\\\/index.php\\\/2022\\\/04\\\/11\\\/les-inscriptions-au-concours-jeunes-talents-du-theatre-edwige-feuillere-festival-jacques-brel-sont-ouvertes\\\/\",\"name\":\"Les inscriptions au \u201cConcours Jeunes Talents\u201d du TH\u00c9\u00c2TRE EDWIGE FEUILL\u00c8RE [festival Jacques Brel] sont ouvertes - HIERO STRASBOURG\",\"isPartOf\":{\"@id\":\"https:\\\/\\\/hierostrasbourg.com\\\/#website\"},\"datePublished\":\"2022-04-11T07:32:36+00:00\",\"breadcrumb\":{\"@id\":\"https:\\\/\\\/hierostrasbourg.com\\\/index.php\\\/2022\\\/04\\\/11\\\/les-inscriptions-au-concours-jeunes-talents-du-theatre-edwige-feuillere-festival-jacques-brel-sont-ouvertes\\\/#breadcrumb\"},\"inLanguage\":\"fr-FR\",\"potentialAction\":[{\"@type\":\"ReadAction\",\"target\":[\"https:\\\/\\\/hierostrasbourg.com\\\/index.php\\\/2022\\\/04\\\/11\\\/les-inscriptions-au-concours-jeunes-talents-du-theatre-edwige-feuillere-festival-jacques-brel-sont-ouvertes\\\/\"]}]},{\"@type\":\"BreadcrumbList\",\"@id\":\"https:\\\/\\\/hierostrasbourg.com\\\/index.php\\\/2022\\\/04\\\/11\\\/les-inscriptions-au-concours-jeunes-talents-du-theatre-edwige-feuillere-festival-jacques-brel-sont-ouvertes\\\/#breadcrumb\",\"itemListElement\":[{\"@type\":\"ListItem\",\"position\":1,\"name\":\"Accueil\",\"item\":\"https:\\\/\\\/hierostrasbourg.com\\\/\"},{\"@type\":\"ListItem\",\"position\":2,\"name\":\"Les inscriptions au \u201cConcours Jeunes Talents\u201d du TH\u00c9\u00c2TRE EDWIGE FEUILL\u00c8RE [festival Jacques Brel] sont ouvertes\"}]},{\"@type\":\"WebSite\",\"@id\":\"https:\\\/\\\/hierostrasbourg.com\\\/#website\",\"url\":\"https:\\\/\\\/hierostrasbourg.com\\\/\",\"name\":\"HIERO STRASBOURG\",\"description\":\"Centre de Ressources Musiques Actuelles\",\"publisher\":{\"@id\":\"https:\\\/\\\/hierostrasbourg.com\\\/#organization\"},\"potentialAction\":[{\"@type\":\"SearchAction\",\"target\":{\"@type\":\"EntryPoint\",\"urlTemplate\":\"https:\\\/\\\/hierostrasbourg.com\\\/?s={search_term_string}\"},\"query-input\":{\"@type\":\"PropertyValueSpecification\",\"valueRequired\":true,\"valueName\":\"search_term_string\"}}],\"inLanguage\":\"fr-FR\"},{\"@type\":\"Organization\",\"@id\":\"https:\\\/\\\/hierostrasbourg.com\\\/#organization\",\"name\":\"F\u00e9d\u00e9ration Hi\u00e9ro Strasbourg\",\"url\":\"https:\\\/\\\/hierostrasbourg.com\\\/\",\"logo\":{\"@type\":\"ImageObject\",\"inLanguage\":\"fr-FR\",\"@id\":\"https:\\\/\\\/hierostrasbourg.com\\\/#\\\/schema\\\/logo\\\/image\\\/\",\"url\":\"https:\\\/\\\/hierostrasbourg.com\\\/wp-content\\\/uploads\\\/2026\\\/04\\\/logo-hiero-strasbourg.jpg\",\"contentUrl\":\"https:\\\/\\\/hierostrasbourg.com\\\/wp-content\\\/uploads\\\/2026\\\/04\\\/logo-hiero-strasbourg.jpg\",\"width\":204,\"height\":192,\"caption\":\"F\u00e9d\u00e9ration Hi\u00e9ro Strasbourg\"},\"image\":{\"@id\":\"https:\\\/\\\/hierostrasbourg.com\\\/#\\\/schema\\\/logo\\\/image\\\/\"},\"sameAs\":[\"https:\\\/\\\/www.facebook.com\\\/fedehierostrasbourg\",\"https:\\\/\\\/x.com\\\/hierostrasbourg\"]}]}<\/script>\n<!-- \/ Yoast SEO plugin. -->","yoast_head_json":{"title":"Les inscriptions au \u201cConcours Jeunes Talents\u201d du TH\u00c9\u00c2TRE EDWIGE FEUILL\u00c8RE [festival Jacques Brel] sont ouvertes - HIERO STRASBOURG","robots":{"index":"index","follow":"follow","max-snippet":"max-snippet:-1","max-image-preview":"max-image-preview:large","max-video-preview":"max-video-preview:-1"},"canonical":"https:\/\/hierostrasbourg.com\/index.php\/2022\/04\/11\/les-inscriptions-au-concours-jeunes-talents-du-theatre-edwige-feuillere-festival-jacques-brel-sont-ouvertes\/","og_locale":"fr_FR","og_type":"article","og_title":"Les inscriptions au \u201cConcours Jeunes Talents\u201d du TH\u00c9\u00c2TRE EDWIGE FEUILL\u00c8RE [festival Jacques Brel] sont ouvertes - HIERO STRASBOURG","og_description":"Le concours Jeunes Talents du Festival Jacques Brel Cr\u00e9\u00e9 en 2000 pour soutenir et promouvoir de nouveaux talents, le Concours Jeunes Talents est un tremplin devenu in\u00e9vitable pour les groupes ou artistes. Il est aujourd\u2019hui l\u2019\u00e9v\u00e9nement incontournable du Festival Jacques Brel. Le Concours Jeunes Talents, rep\u00e9r\u00e9 comme temps fort sur le plan national, est un tremplin de la chanson francophone. Chaque ann\u00e9e,\u00a0un artiste\u00a0pr\u00e9side un jury de professionnels\u00a0: Alexis HK, Bertrand Belin, Barcella, Nicolas Jules, Cali, Sanseverino, Clarika, Emily Loizeau. Cette [&hellip;]","og_url":"https:\/\/hierostrasbourg.com\/index.php\/2022\/04\/11\/les-inscriptions-au-concours-jeunes-talents-du-theatre-edwige-feuillere-festival-jacques-brel-sont-ouvertes\/","og_site_name":"HIERO STRASBOURG","article_publisher":"https:\/\/www.facebook.com\/fedehierostrasbourg","article_published_time":"2022-04-11T07:32:36+00:00","twitter_card":"summary_large_image","twitter_creator":"@hierostrasbourg","twitter_site":"@hierostrasbourg","twitter_misc":{"Dur\u00e9e de lecture estim\u00e9e":"2 minutes"},"schema":{"@context":"https:\/\/schema.org","@graph":[{"@type":"Article","@id":"https:\/\/hierostrasbourg.com\/index.php\/2022\/04\/11\/les-inscriptions-au-concours-jeunes-talents-du-theatre-edwige-feuillere-festival-jacques-brel-sont-ouvertes\/#article","isPartOf":{"@id":"https:\/\/hierostrasbourg.com\/index.php\/2022\/04\/11\/les-inscriptions-au-concours-jeunes-talents-du-theatre-edwige-feuillere-festival-jacques-brel-sont-ouvertes\/"},"author":{"name":"","@id":""},"headline":"Les inscriptions au \u201cConcours Jeunes Talents\u201d du TH\u00c9\u00c2TRE EDWIGE FEUILL\u00c8RE [festival Jacques Brel] sont ouvertes","datePublished":"2022-04-11T07:32:36+00:00","mainEntityOfPage":{"@id":"https:\/\/hierostrasbourg.com\/index.php\/2022\/04\/11\/les-inscriptions-au-concours-jeunes-talents-du-theatre-edwige-feuillere-festival-jacques-brel-sont-ouvertes\/"},"wordCount":384,"publisher":{"@id":"https:\/\/hierostrasbourg.com\/#organization"},"inLanguage":"fr-FR"},{"@type":"WebPage","@id":"https:\/\/hierostrasbourg.com\/index.php\/2022\/04\/11\/les-inscriptions-au-concours-jeunes-talents-du-theatre-edwige-feuillere-festival-jacques-brel-sont-ouvertes\/","url":"https:\/\/hierostrasbourg.com\/index.php\/2022\/04\/11\/les-inscriptions-au-concours-jeunes-talents-du-theatre-edwige-feuillere-festival-jacques-brel-sont-ouvertes\/","name":"Les inscriptions au \u201cConcours Jeunes Talents\u201d du TH\u00c9\u00c2TRE EDWIGE FEUILL\u00c8RE [festival Jacques Brel] sont ouvertes - HIERO STRASBOURG","isPartOf":{"@id":"https:\/\/hierostrasbourg.com\/#website"},"datePublished":"2022-04-11T07:32:36+00:00","breadcrumb":{"@id":"https:\/\/hierostrasbourg.com\/index.php\/2022\/04\/11\/les-inscriptions-au-concours-jeunes-talents-du-theatre-edwige-feuillere-festival-jacques-brel-sont-ouvertes\/#breadcrumb"},"inLanguage":"fr-FR","potentialAction":[{"@type":"ReadAction","target":["https:\/\/hierostrasbourg.com\/index.php\/2022\/04\/11\/les-inscriptions-au-concours-jeunes-talents-du-theatre-edwige-feuillere-festival-jacques-brel-sont-ouvertes\/"]}]},{"@type":"BreadcrumbList","@id":"https:\/\/hierostrasbourg.com\/index.php\/2022\/04\/11\/les-inscriptions-au-concours-jeunes-talents-du-theatre-edwige-feuillere-festival-jacques-brel-sont-ouvertes\/#breadcrumb","itemListElement":[{"@type":"ListItem","position":1,"name":"Accueil","item":"https:\/\/hierostrasbourg.com\/"},{"@type":"ListItem","position":2,"name":"Les inscriptions au \u201cConcours Jeunes Talents\u201d du TH\u00c9\u00c2TRE EDWIGE FEUILL\u00c8RE [festival Jacques Brel] sont ouvertes"}]},{"@type":"WebSite","@id":"https:\/\/hierostrasbourg.com\/#website","url":"https:\/\/hierostrasbourg.com\/","name":"HIERO STRASBOURG","description":"Centre de Ressources Musiques Actuelles","publisher":{"@id":"https:\/\/hierostrasbourg.com\/#organization"},"potentialAction":[{"@type":"SearchAction","target":{"@type":"EntryPoint","urlTemplate":"https:\/\/hierostrasbourg.com\/?s={search_term_string}"},"query-input":{"@type":"PropertyValueSpecification","valueRequired":true,"valueName":"search_term_string"}}],"inLanguage":"fr-FR"},{"@type":"Organization","@id":"https:\/\/hierostrasbourg.com\/#organization","name":"F\u00e9d\u00e9ration Hi\u00e9ro Strasbourg","url":"https:\/\/hierostrasbourg.com\/","logo":{"@type":"ImageObject","inLanguage":"fr-FR","@id":"https:\/\/hierostrasbourg.com\/#\/schema\/logo\/image\/","url":"https:\/\/hierostrasbourg.com\/wp-content\/uploads\/2026\/04\/logo-hiero-strasbourg.jpg","contentUrl":"https:\/\/hierostrasbourg.com\/wp-content\/uploads\/2026\/04\/logo-hiero-strasbourg.jpg","width":204,"height":192,"caption":"F\u00e9d\u00e9ration Hi\u00e9ro Strasbourg"},"image":{"@id":"https:\/\/hierostrasbourg.com\/#\/schema\/logo\/image\/"},"sameAs":["https:\/\/www.facebook.com\/fedehierostrasbourg","https:\/\/x.com\/hierostrasbourg"]}]}},"_links":{"self":[{"href":"https:\/\/hierostrasbourg.com\/index.php\/wp-json\/wp\/v2\/posts\/2232","targetHints":{"allow":["GET"]}}],"collection":[{"href":"https:\/\/hierostrasbourg.com\/index.php\/wp-json\/wp\/v2\/posts"}],"about":[{"href":"https:\/\/hierostrasbourg.com\/index.php\/wp-json\/wp\/v2\/types\/post"}],"replies":[{"embeddable":true,"href":"https:\/\/hierostrasbourg.com\/index.php\/wp-json\/wp\/v2\/comments?post=2232"}],"version-history":[{"count":0,"href":"https:\/\/hierostrasbourg.com\/index.php\/wp-json\/wp\/v2\/posts\/2232\/revisions"}],"wp:attachment":[{"href":"https:\/\/hierostrasbourg.com\/index.php\/wp-json\/wp\/v2\/media?parent=2232"}],"wp:term":[{"taxonomy":"category","embeddable":true,"href":"https:\/\/hierostrasbourg.com\/index.php\/wp-json\/wp\/v2\/categories?post=2232"},{"taxonomy":"post_tag","embeddable":true,"href":"https:\/\/hierostrasbourg.com\/index.php\/wp-json\/wp\/v2\/tags?post=2232"}],"curies":[{"name":"wp","href":"https:\/\/api.w.org\/{rel}","templated":true}]}}