{"id":2229,"date":"2022-04-09T16:30:50","date_gmt":"2022-04-09T14:30:50","guid":{"rendered":"https:\/\/hierostrasbourg.com\/index.php\/2022\/04\/09\/culture-des-propositions-de-reformes-qui-avancent-masquees-2\/"},"modified":"2022-04-09T16:30:50","modified_gmt":"2022-04-09T14:30:50","slug":"culture-des-propositions-de-reformes-qui-avancent-masquees-2","status":"publish","type":"post","link":"https:\/\/hierostrasbourg.com\/index.php\/2022\/04\/09\/culture-des-propositions-de-reformes-qui-avancent-masquees-2\/","title":{"rendered":"Culture : des propositions de r\u00e9formes qui avancent masqu\u00e9es"},"content":{"rendered":"<p><em>T\u00e9moin d\u2019une histoire, d\u2019un patrimoine, d\u2019une culture, le masque v\u00e9nitien est pourtant depuis longtemps tomb\u00e9 de nos murs. Ces deux derni\u00e8res ann\u00e9es, nous avons renou\u00e9, non sans d\u00e9solation, avec cette tradition ancestrale, subissant, impuissants, une politique carnavalesque. Tout au long de la pand\u00e9mie, la culture aussi a \u00e9t\u00e9 masqu\u00e9e. Durant la campagne, les candidats \u00e0 l\u2019\u00e9lection pr\u00e9sidentielle ne lui ont pas non plus fait beaucoup de place sous le feu des projecteurs. Et si cela changeait\u202f? Bas les masques\u202f!<\/em><\/p>\n<p>Source \/ Lire la suite : <a href=\"https:\/\/usbeketrica.com\/fr\/article\/culture-des-propositions-de-reformes-qui-avancent-masquees\">Culture : des propositions de r\u00e9formes qui avancent masqu\u00e9es<\/a><\/p>\n<p>L\u2019article <a href=\"https:\/\/popburo.fr\/culture-des-propositions-de-reformes-qui-avancent-masquees\/\">Culture : des propositions de r\u00e9formes qui avancent masqu\u00e9es<\/a> est apparu en premier sur <a href=\"https:\/\/popburo.fr\/\">POP B\u00dcRO<\/a>.<\/p>\n","protected":false},"excerpt":{"rendered":"<p>T\u00e9moin d\u2019une histoire, d\u2019un patrimoine, d\u2019une culture, le masque v\u00e9nitien est pourtant depuis longtemps tomb\u00e9 de nos murs. Ces deux derni\u00e8res ann\u00e9es, nous avons renou\u00e9, non sans d\u00e9solation, avec cette tradition ancestrale, subissant, impuissants, une politique carnavalesque. Tout au long de la pand\u00e9mie, la culture aussi a \u00e9t\u00e9 masqu\u00e9e. Durant la campagne, les candidats \u00e0 l\u2019\u00e9lection pr\u00e9sidentielle ne lui ont pas non plus fait beaucoup de place sous le feu des projecteurs. Et si cela changeait\u202f? Bas les masques\u202f! Source [&hellip;]<\/p>\n","protected":false},"author":0,"featured_media":0,"comment_status":"closed","ping_status":"open","sticky":false,"template":"","format":"standard","meta":{"footnotes":""},"categories":[1],"tags":[],"class_list":["post-2229","post","type-post","status-publish","format-standard","hentry","category-non-classe"],"yoast_head":"<!-- This site is optimized with the Yoast SEO plugin v27.4 - https:\/\/yoast.com\/product\/yoast-seo-wordpress\/ -->\n<title>Culture : des propositions de r\u00e9formes qui avancent masqu\u00e9es - HIERO STRASBOURG<\/title>\n<meta name=\"robots\" content=\"index, follow, max-snippet:-1, max-image-preview:large, max-video-preview:-1\" \/>\n<link rel=\"canonical\" href=\"https:\/\/hierostrasbourg.com\/index.php\/2022\/04\/09\/culture-des-propositions-de-reformes-qui-avancent-masquees-2\/\" \/>\n<meta property=\"og:locale\" content=\"fr_FR\" \/>\n<meta property=\"og:type\" content=\"article\" \/>\n<meta property=\"og:title\" content=\"Culture : des propositions de r\u00e9formes qui avancent masqu\u00e9es - HIERO STRASBOURG\" \/>\n<meta property=\"og:description\" content=\"T\u00e9moin d\u2019une histoire, d\u2019un patrimoine, d\u2019une culture, le masque v\u00e9nitien est pourtant depuis longtemps tomb\u00e9 de nos murs. Ces deux derni\u00e8res ann\u00e9es, nous avons renou\u00e9, non sans d\u00e9solation, avec cette tradition ancestrale, subissant, impuissants, une politique carnavalesque. Tout au long de la pand\u00e9mie, la culture aussi a \u00e9t\u00e9 masqu\u00e9e. Durant la campagne, les candidats \u00e0 l\u2019\u00e9lection pr\u00e9sidentielle ne lui ont pas non plus fait beaucoup de place sous le feu des projecteurs. Et si cela changeait\u202f? Bas les masques\u202f! Source [&hellip;]\" \/>\n<meta property=\"og:url\" content=\"https:\/\/hierostrasbourg.com\/index.php\/2022\/04\/09\/culture-des-propositions-de-reformes-qui-avancent-masquees-2\/\" \/>\n<meta property=\"og:site_name\" content=\"HIERO STRASBOURG\" \/>\n<meta property=\"article:publisher\" content=\"https:\/\/www.facebook.com\/fedehierostrasbourg\" \/>\n<meta property=\"article:published_time\" content=\"2022-04-09T14:30:50+00:00\" \/>\n<meta name=\"twitter:card\" content=\"summary_large_image\" \/>\n<meta name=\"twitter:creator\" content=\"@hierostrasbourg\" \/>\n<meta name=\"twitter:site\" content=\"@hierostrasbourg\" \/>\n<meta name=\"twitter:label1\" content=\"Dur\u00e9e de lecture estim\u00e9e\" \/>\n\t<meta name=\"twitter:data1\" content=\"1 minute\" \/>\n<script type=\"application\/ld+json\" class=\"yoast-schema-graph\">{\"@context\":\"https:\\\/\\\/schema.org\",\"@graph\":[{\"@type\":\"Article\",\"@id\":\"https:\\\/\\\/hierostrasbourg.com\\\/index.php\\\/2022\\\/04\\\/09\\\/culture-des-propositions-de-reformes-qui-avancent-masquees-2\\\/#article\",\"isPartOf\":{\"@id\":\"https:\\\/\\\/hierostrasbourg.com\\\/index.php\\\/2022\\\/04\\\/09\\\/culture-des-propositions-de-reformes-qui-avancent-masquees-2\\\/\"},\"author\":{\"name\":\"\",\"@id\":\"\"},\"headline\":\"Culture : des propositions de r\u00e9formes qui avancent masqu\u00e9es\",\"datePublished\":\"2022-04-09T14:30:50+00:00\",\"mainEntityOfPage\":{\"@id\":\"https:\\\/\\\/hierostrasbourg.com\\\/index.php\\\/2022\\\/04\\\/09\\\/culture-des-propositions-de-reformes-qui-avancent-masquees-2\\\/\"},\"wordCount\":134,\"publisher\":{\"@id\":\"https:\\\/\\\/hierostrasbourg.com\\\/#organization\"},\"inLanguage\":\"fr-FR\"},{\"@type\":\"WebPage\",\"@id\":\"https:\\\/\\\/hierostrasbourg.com\\\/index.php\\\/2022\\\/04\\\/09\\\/culture-des-propositions-de-reformes-qui-avancent-masquees-2\\\/\",\"url\":\"https:\\\/\\\/hierostrasbourg.com\\\/index.php\\\/2022\\\/04\\\/09\\\/culture-des-propositions-de-reformes-qui-avancent-masquees-2\\\/\",\"name\":\"Culture : des propositions de r\u00e9formes qui avancent masqu\u00e9es - HIERO STRASBOURG\",\"isPartOf\":{\"@id\":\"https:\\\/\\\/hierostrasbourg.com\\\/#website\"},\"datePublished\":\"2022-04-09T14:30:50+00:00\",\"breadcrumb\":{\"@id\":\"https:\\\/\\\/hierostrasbourg.com\\\/index.php\\\/2022\\\/04\\\/09\\\/culture-des-propositions-de-reformes-qui-avancent-masquees-2\\\/#breadcrumb\"},\"inLanguage\":\"fr-FR\",\"potentialAction\":[{\"@type\":\"ReadAction\",\"target\":[\"https:\\\/\\\/hierostrasbourg.com\\\/index.php\\\/2022\\\/04\\\/09\\\/culture-des-propositions-de-reformes-qui-avancent-masquees-2\\\/\"]}]},{\"@type\":\"BreadcrumbList\",\"@id\":\"https:\\\/\\\/hierostrasbourg.com\\\/index.php\\\/2022\\\/04\\\/09\\\/culture-des-propositions-de-reformes-qui-avancent-masquees-2\\\/#breadcrumb\",\"itemListElement\":[{\"@type\":\"ListItem\",\"position\":1,\"name\":\"Accueil\",\"item\":\"https:\\\/\\\/hierostrasbourg.com\\\/\"},{\"@type\":\"ListItem\",\"position\":2,\"name\":\"Culture : des propositions de r\u00e9formes qui avancent masqu\u00e9es\"}]},{\"@type\":\"WebSite\",\"@id\":\"https:\\\/\\\/hierostrasbourg.com\\\/#website\",\"url\":\"https:\\\/\\\/hierostrasbourg.com\\\/\",\"name\":\"HIERO STRASBOURG\",\"description\":\"Centre de Ressources Musiques Actuelles\",\"publisher\":{\"@id\":\"https:\\\/\\\/hierostrasbourg.com\\\/#organization\"},\"potentialAction\":[{\"@type\":\"SearchAction\",\"target\":{\"@type\":\"EntryPoint\",\"urlTemplate\":\"https:\\\/\\\/hierostrasbourg.com\\\/?s={search_term_string}\"},\"query-input\":{\"@type\":\"PropertyValueSpecification\",\"valueRequired\":true,\"valueName\":\"search_term_string\"}}],\"inLanguage\":\"fr-FR\"},{\"@type\":\"Organization\",\"@id\":\"https:\\\/\\\/hierostrasbourg.com\\\/#organization\",\"name\":\"F\u00e9d\u00e9ration Hi\u00e9ro Strasbourg\",\"url\":\"https:\\\/\\\/hierostrasbourg.com\\\/\",\"logo\":{\"@type\":\"ImageObject\",\"inLanguage\":\"fr-FR\",\"@id\":\"https:\\\/\\\/hierostrasbourg.com\\\/#\\\/schema\\\/logo\\\/image\\\/\",\"url\":\"https:\\\/\\\/hierostrasbourg.com\\\/wp-content\\\/uploads\\\/2026\\\/04\\\/logo-hiero-strasbourg.jpg\",\"contentUrl\":\"https:\\\/\\\/hierostrasbourg.com\\\/wp-content\\\/uploads\\\/2026\\\/04\\\/logo-hiero-strasbourg.jpg\",\"width\":204,\"height\":192,\"caption\":\"F\u00e9d\u00e9ration Hi\u00e9ro Strasbourg\"},\"image\":{\"@id\":\"https:\\\/\\\/hierostrasbourg.com\\\/#\\\/schema\\\/logo\\\/image\\\/\"},\"sameAs\":[\"https:\\\/\\\/www.facebook.com\\\/fedehierostrasbourg\",\"https:\\\/\\\/x.com\\\/hierostrasbourg\"]}]}<\/script>\n<!-- \/ Yoast SEO plugin. -->","yoast_head_json":{"title":"Culture : des propositions de r\u00e9formes qui avancent masqu\u00e9es - HIERO STRASBOURG","robots":{"index":"index","follow":"follow","max-snippet":"max-snippet:-1","max-image-preview":"max-image-preview:large","max-video-preview":"max-video-preview:-1"},"canonical":"https:\/\/hierostrasbourg.com\/index.php\/2022\/04\/09\/culture-des-propositions-de-reformes-qui-avancent-masquees-2\/","og_locale":"fr_FR","og_type":"article","og_title":"Culture : des propositions de r\u00e9formes qui avancent masqu\u00e9es - HIERO STRASBOURG","og_description":"T\u00e9moin d\u2019une histoire, d\u2019un patrimoine, d\u2019une culture, le masque v\u00e9nitien est pourtant depuis longtemps tomb\u00e9 de nos murs. Ces deux derni\u00e8res ann\u00e9es, nous avons renou\u00e9, non sans d\u00e9solation, avec cette tradition ancestrale, subissant, impuissants, une politique carnavalesque. Tout au long de la pand\u00e9mie, la culture aussi a \u00e9t\u00e9 masqu\u00e9e. Durant la campagne, les candidats \u00e0 l\u2019\u00e9lection pr\u00e9sidentielle ne lui ont pas non plus fait beaucoup de place sous le feu des projecteurs. Et si cela changeait\u202f? Bas les masques\u202f! Source [&hellip;]","og_url":"https:\/\/hierostrasbourg.com\/index.php\/2022\/04\/09\/culture-des-propositions-de-reformes-qui-avancent-masquees-2\/","og_site_name":"HIERO STRASBOURG","article_publisher":"https:\/\/www.facebook.com\/fedehierostrasbourg","article_published_time":"2022-04-09T14:30:50+00:00","twitter_card":"summary_large_image","twitter_creator":"@hierostrasbourg","twitter_site":"@hierostrasbourg","twitter_misc":{"Dur\u00e9e de lecture estim\u00e9e":"1 minute"},"schema":{"@context":"https:\/\/schema.org","@graph":[{"@type":"Article","@id":"https:\/\/hierostrasbourg.com\/index.php\/2022\/04\/09\/culture-des-propositions-de-reformes-qui-avancent-masquees-2\/#article","isPartOf":{"@id":"https:\/\/hierostrasbourg.com\/index.php\/2022\/04\/09\/culture-des-propositions-de-reformes-qui-avancent-masquees-2\/"},"author":{"name":"","@id":""},"headline":"Culture : des propositions de r\u00e9formes qui avancent masqu\u00e9es","datePublished":"2022-04-09T14:30:50+00:00","mainEntityOfPage":{"@id":"https:\/\/hierostrasbourg.com\/index.php\/2022\/04\/09\/culture-des-propositions-de-reformes-qui-avancent-masquees-2\/"},"wordCount":134,"publisher":{"@id":"https:\/\/hierostrasbourg.com\/#organization"},"inLanguage":"fr-FR"},{"@type":"WebPage","@id":"https:\/\/hierostrasbourg.com\/index.php\/2022\/04\/09\/culture-des-propositions-de-reformes-qui-avancent-masquees-2\/","url":"https:\/\/hierostrasbourg.com\/index.php\/2022\/04\/09\/culture-des-propositions-de-reformes-qui-avancent-masquees-2\/","name":"Culture : des propositions de r\u00e9formes qui avancent masqu\u00e9es - HIERO STRASBOURG","isPartOf":{"@id":"https:\/\/hierostrasbourg.com\/#website"},"datePublished":"2022-04-09T14:30:50+00:00","breadcrumb":{"@id":"https:\/\/hierostrasbourg.com\/index.php\/2022\/04\/09\/culture-des-propositions-de-reformes-qui-avancent-masquees-2\/#breadcrumb"},"inLanguage":"fr-FR","potentialAction":[{"@type":"ReadAction","target":["https:\/\/hierostrasbourg.com\/index.php\/2022\/04\/09\/culture-des-propositions-de-reformes-qui-avancent-masquees-2\/"]}]},{"@type":"BreadcrumbList","@id":"https:\/\/hierostrasbourg.com\/index.php\/2022\/04\/09\/culture-des-propositions-de-reformes-qui-avancent-masquees-2\/#breadcrumb","itemListElement":[{"@type":"ListItem","position":1,"name":"Accueil","item":"https:\/\/hierostrasbourg.com\/"},{"@type":"ListItem","position":2,"name":"Culture : des propositions de r\u00e9formes qui avancent masqu\u00e9es"}]},{"@type":"WebSite","@id":"https:\/\/hierostrasbourg.com\/#website","url":"https:\/\/hierostrasbourg.com\/","name":"HIERO STRASBOURG","description":"Centre de Ressources Musiques Actuelles","publisher":{"@id":"https:\/\/hierostrasbourg.com\/#organization"},"potentialAction":[{"@type":"SearchAction","target":{"@type":"EntryPoint","urlTemplate":"https:\/\/hierostrasbourg.com\/?s={search_term_string}"},"query-input":{"@type":"PropertyValueSpecification","valueRequired":true,"valueName":"search_term_string"}}],"inLanguage":"fr-FR"},{"@type":"Organization","@id":"https:\/\/hierostrasbourg.com\/#organization","name":"F\u00e9d\u00e9ration Hi\u00e9ro Strasbourg","url":"https:\/\/hierostrasbourg.com\/","logo":{"@type":"ImageObject","inLanguage":"fr-FR","@id":"https:\/\/hierostrasbourg.com\/#\/schema\/logo\/image\/","url":"https:\/\/hierostrasbourg.com\/wp-content\/uploads\/2026\/04\/logo-hiero-strasbourg.jpg","contentUrl":"https:\/\/hierostrasbourg.com\/wp-content\/uploads\/2026\/04\/logo-hiero-strasbourg.jpg","width":204,"height":192,"caption":"F\u00e9d\u00e9ration Hi\u00e9ro Strasbourg"},"image":{"@id":"https:\/\/hierostrasbourg.com\/#\/schema\/logo\/image\/"},"sameAs":["https:\/\/www.facebook.com\/fedehierostrasbourg","https:\/\/x.com\/hierostrasbourg"]}]}},"_links":{"self":[{"href":"https:\/\/hierostrasbourg.com\/index.php\/wp-json\/wp\/v2\/posts\/2229","targetHints":{"allow":["GET"]}}],"collection":[{"href":"https:\/\/hierostrasbourg.com\/index.php\/wp-json\/wp\/v2\/posts"}],"about":[{"href":"https:\/\/hierostrasbourg.com\/index.php\/wp-json\/wp\/v2\/types\/post"}],"replies":[{"embeddable":true,"href":"https:\/\/hierostrasbourg.com\/index.php\/wp-json\/wp\/v2\/comments?post=2229"}],"version-history":[{"count":0,"href":"https:\/\/hierostrasbourg.com\/index.php\/wp-json\/wp\/v2\/posts\/2229\/revisions"}],"wp:attachment":[{"href":"https:\/\/hierostrasbourg.com\/index.php\/wp-json\/wp\/v2\/media?parent=2229"}],"wp:term":[{"taxonomy":"category","embeddable":true,"href":"https:\/\/hierostrasbourg.com\/index.php\/wp-json\/wp\/v2\/categories?post=2229"},{"taxonomy":"post_tag","embeddable":true,"href":"https:\/\/hierostrasbourg.com\/index.php\/wp-json\/wp\/v2\/tags?post=2229"}],"curies":[{"name":"wp","href":"https:\/\/api.w.org\/{rel}","templated":true}]}}