{"id":2225,"date":"2022-04-09T14:31:11","date_gmt":"2022-04-09T12:31:11","guid":{"rendered":"https:\/\/hierostrasbourg.com\/index.php\/2022\/04\/09\/lancement-de-la-campagne-dappel-a-candidatures-pour-les-bourses-2022-de-la-fondation-jean-luc-lagardere-2\/"},"modified":"2022-04-09T14:31:11","modified_gmt":"2022-04-09T12:31:11","slug":"lancement-de-la-campagne-dappel-a-candidatures-pour-les-bourses-2022-de-la-fondation-jean-luc-lagardere-2","status":"publish","type":"post","link":"https:\/\/hierostrasbourg.com\/index.php\/2022\/04\/09\/lancement-de-la-campagne-dappel-a-candidatures-pour-les-bourses-2022-de-la-fondation-jean-luc-lagardere-2\/","title":{"rendered":"Lancement de la campagne d\u2019appel \u00e0 candidatures pour les bourses  2022  de la FONDATION JEAN-LUC LAGARD\u00c8RE"},"content":{"rendered":"<div class=\"editable_fluid\">\n<p><span>communiqu\u00e9<\/span><\/p>\n<p><em>L\u2019appel \u00e0 candidatures pour les bourses 2022 de la Fondation Jean-Luc Lagard\u00e8re est d\u00e9sormais ouvert\u00a0!<\/em><br \/><em>Vous avez un projet original dans les domaines de l\u2019\u00e9crit, de l\u2019audiovisuel ou de la musique\u00a0?<\/em><br \/><em>Devenez laur\u00e9at de la Fondation Jean-Luc Lagard\u00e8re en pr\u00e9sentant un dossier de candidature \u00e0 l\u2019une de nos 9 bourses (dotations de 10\u00a0000\u20ac \u00e0 35\u00a0000\u20ac) :\u00a0<\/em><br \/><em>Auteur de documentaire,\u00a0Auteur de film d\u2019animation,\u00a0\u00c9crivain,\u00a0Journaliste de presse \u00e9crite,\u00a0Libraire,\u00a0Musicien\u00a0(<strong>cat\u00e9gorie Jazz<\/strong> et musique classique),\u00a0Photographe,\u00a0Producteur cin\u00e9ma\u00a0et\u00a0Sc\u00e9nariste TV.<br \/><\/em><em>Les candidats doivent avoir 30 ans au plus (35 ans au plus pour les bourses Libraire, Photographe et Sc\u00e9nariste TV) et une premi\u00e8re exp\u00e9rience professionnelle r\u00e9ussie dans leur discipline. Ces bourses leur offrent non seulement des moyens financiers mais aussi le temps n\u00e9cessaire pour r\u00e9aliser un grand projet, celui qui leur permettra de s\u2019affirmer dans leur domaine.<\/em><\/p>\n<p><em>Les dossiers d\u2019inscription sont \u00e0 <a href=\"https:\/\/fondation-jeanluclagardere.com\/etre-laureat\" target=\"_blank\" rel=\"noopener\"><strong>t\u00e9l\u00e9charger ici<\/strong>\u00a0<\/a>et doivent \u00eatre envoy\u00e9s \u00e0 la Fondation au plus tard\u00a0le samedi 4 juin 2022.<\/em><\/p>\n<\/div>\n<div class=\"editable_fluid\">\n<p><em>Retrouvez <a href=\"https:\/\/fondation-jeanluclagardere.com\/bourses\/presentation\" target=\"_blank\" rel=\"noopener\">ici<\/a>\u00a0les modalit\u00e9s de candidatures pour chacune des bourses, ainsi que le profil des laur\u00e9ats d\u00e9j\u00e0 prim\u00e9s.<\/em><\/p>\n<\/div>\n<div class=\"editable_fluid\">\n<div class=\"galleria-container notouch\">\n<div class=\"galleria-stage\">\n<div class=\"galleria-images\">\n<div class=\"galleria-image\">\n<div class=\"galleria-layer\"><\/div>\n<\/div>\n<div class=\"galleria-image\">\n<div class=\"galleria-layer\"><\/div>\n<\/div>\n<\/div>\n<div class=\"galleria-counter\"><\/div>\n<div class=\"galleria-image-nav\">\n<div class=\"galleria-image-nav-right\"><\/div>\n<div class=\"galleria-image-nav-left\"><\/div>\n<\/div>\n<\/div>\n<div class=\"galleria-thumbnails-container\">\n<div class=\"galleria-thumbnails-list\">\n<div class=\"galleria-thumbnails\"><\/div>\n<\/div>\n<\/div>\n<div class=\"galleria-info\">\n<div class=\"galleria-info-text\">\n<div class=\"galleria-info-title\"><\/div>\n<div class=\"galleria-info-description\"><\/div>\n<\/div>\n<\/div>\n<div class=\"galleria-tooltip\"><\/div>\n<\/div>\n<\/div>\n<div class=\"sharer\">\n<div>\n<\/div>\n<\/div>\n<p>L\u2019article <a href=\"https:\/\/popburo.fr\/lancement-de-la-campagne-dappel-a-candidatures-pour-les-bourses-2022-de-la-fondation-jean-luc-lagardere\/\">Lancement de la campagne d\u2019appel \u00e0 candidatures pour les bourses  2022  de la FONDATION JEAN-LUC LAGARD\u00c8RE<\/a> est apparu en premier sur <a href=\"https:\/\/popburo.fr\/\">POP B\u00dcRO<\/a>.<\/p>\n","protected":false},"excerpt":{"rendered":"<p>communiqu\u00e9 L\u2019appel \u00e0 candidatures pour les bourses 2022 de la Fondation Jean-Luc Lagard\u00e8re est d\u00e9sormais ouvert\u00a0!Vous avez un projet original dans les domaines de l\u2019\u00e9crit, de l\u2019audiovisuel ou de la musique\u00a0?Devenez laur\u00e9at de la Fondation Jean-Luc Lagard\u00e8re en pr\u00e9sentant un dossier de candidature \u00e0 l\u2019une de nos 9 bourses (dotations de 10\u00a0000\u20ac \u00e0 35\u00a0000\u20ac) :\u00a0Auteur de documentaire,\u00a0Auteur de film d\u2019animation,\u00a0\u00c9crivain,\u00a0Journaliste de presse \u00e9crite,\u00a0Libraire,\u00a0Musicien\u00a0(cat\u00e9gorie Jazz et musique classique),\u00a0Photographe,\u00a0Producteur cin\u00e9ma\u00a0et\u00a0Sc\u00e9nariste TV.Les candidats doivent avoir 30 ans au plus (35 ans au plus [&hellip;]<\/p>\n","protected":false},"author":0,"featured_media":0,"comment_status":"closed","ping_status":"open","sticky":false,"template":"","format":"standard","meta":{"footnotes":""},"categories":[1],"tags":[],"class_list":["post-2225","post","type-post","status-publish","format-standard","hentry","category-non-classe"],"yoast_head":"<!-- This site is optimized with the Yoast SEO plugin v27.4 - https:\/\/yoast.com\/product\/yoast-seo-wordpress\/ -->\n<title>Lancement de la campagne d\u2019appel \u00e0 candidatures pour les bourses 2022 de la FONDATION JEAN-LUC LAGARD\u00c8RE - HIERO STRASBOURG<\/title>\n<meta name=\"robots\" content=\"index, follow, max-snippet:-1, max-image-preview:large, max-video-preview:-1\" \/>\n<link rel=\"canonical\" href=\"https:\/\/hierostrasbourg.com\/index.php\/2022\/04\/09\/lancement-de-la-campagne-dappel-a-candidatures-pour-les-bourses-2022-de-la-fondation-jean-luc-lagardere-2\/\" \/>\n<meta property=\"og:locale\" content=\"fr_FR\" \/>\n<meta property=\"og:type\" content=\"article\" \/>\n<meta property=\"og:title\" content=\"Lancement de la campagne d\u2019appel \u00e0 candidatures pour les bourses 2022 de la FONDATION JEAN-LUC LAGARD\u00c8RE - HIERO STRASBOURG\" \/>\n<meta property=\"og:description\" content=\"communiqu\u00e9 L\u2019appel \u00e0 candidatures pour les bourses 2022 de la Fondation Jean-Luc Lagard\u00e8re est d\u00e9sormais ouvert\u00a0!Vous avez un projet original dans les domaines de l\u2019\u00e9crit, de l\u2019audiovisuel ou de la musique\u00a0?Devenez laur\u00e9at de la Fondation Jean-Luc Lagard\u00e8re en pr\u00e9sentant un dossier de candidature \u00e0 l\u2019une de nos 9 bourses (dotations de 10\u00a0000\u20ac \u00e0 35\u00a0000\u20ac) :\u00a0Auteur de documentaire,\u00a0Auteur de film d\u2019animation,\u00a0\u00c9crivain,\u00a0Journaliste de presse \u00e9crite,\u00a0Libraire,\u00a0Musicien\u00a0(cat\u00e9gorie Jazz et musique classique),\u00a0Photographe,\u00a0Producteur cin\u00e9ma\u00a0et\u00a0Sc\u00e9nariste TV.Les candidats doivent avoir 30 ans au plus (35 ans au plus [&hellip;]\" \/>\n<meta property=\"og:url\" content=\"https:\/\/hierostrasbourg.com\/index.php\/2022\/04\/09\/lancement-de-la-campagne-dappel-a-candidatures-pour-les-bourses-2022-de-la-fondation-jean-luc-lagardere-2\/\" \/>\n<meta property=\"og:site_name\" content=\"HIERO STRASBOURG\" \/>\n<meta property=\"article:publisher\" content=\"https:\/\/www.facebook.com\/fedehierostrasbourg\" \/>\n<meta property=\"article:published_time\" content=\"2022-04-09T12:31:11+00:00\" \/>\n<meta name=\"twitter:card\" content=\"summary_large_image\" \/>\n<meta name=\"twitter:creator\" content=\"@hierostrasbourg\" \/>\n<meta name=\"twitter:site\" content=\"@hierostrasbourg\" \/>\n<meta name=\"twitter:label1\" content=\"Dur\u00e9e de lecture estim\u00e9e\" \/>\n\t<meta name=\"twitter:data1\" content=\"1 minute\" \/>\n<script type=\"application\/ld+json\" class=\"yoast-schema-graph\">{\"@context\":\"https:\\\/\\\/schema.org\",\"@graph\":[{\"@type\":\"Article\",\"@id\":\"https:\\\/\\\/hierostrasbourg.com\\\/index.php\\\/2022\\\/04\\\/09\\\/lancement-de-la-campagne-dappel-a-candidatures-pour-les-bourses-2022-de-la-fondation-jean-luc-lagardere-2\\\/#article\",\"isPartOf\":{\"@id\":\"https:\\\/\\\/hierostrasbourg.com\\\/index.php\\\/2022\\\/04\\\/09\\\/lancement-de-la-campagne-dappel-a-candidatures-pour-les-bourses-2022-de-la-fondation-jean-luc-lagardere-2\\\/\"},\"author\":{\"name\":\"\",\"@id\":\"\"},\"headline\":\"Lancement de la campagne d\u2019appel \u00e0 candidatures pour les bourses 2022 de la FONDATION JEAN-LUC LAGARD\u00c8RE\",\"datePublished\":\"2022-04-09T12:31:11+00:00\",\"mainEntityOfPage\":{\"@id\":\"https:\\\/\\\/hierostrasbourg.com\\\/index.php\\\/2022\\\/04\\\/09\\\/lancement-de-la-campagne-dappel-a-candidatures-pour-les-bourses-2022-de-la-fondation-jean-luc-lagardere-2\\\/\"},\"wordCount\":235,\"publisher\":{\"@id\":\"https:\\\/\\\/hierostrasbourg.com\\\/#organization\"},\"inLanguage\":\"fr-FR\"},{\"@type\":\"WebPage\",\"@id\":\"https:\\\/\\\/hierostrasbourg.com\\\/index.php\\\/2022\\\/04\\\/09\\\/lancement-de-la-campagne-dappel-a-candidatures-pour-les-bourses-2022-de-la-fondation-jean-luc-lagardere-2\\\/\",\"url\":\"https:\\\/\\\/hierostrasbourg.com\\\/index.php\\\/2022\\\/04\\\/09\\\/lancement-de-la-campagne-dappel-a-candidatures-pour-les-bourses-2022-de-la-fondation-jean-luc-lagardere-2\\\/\",\"name\":\"Lancement de la campagne d\u2019appel \u00e0 candidatures pour les bourses 2022 de la FONDATION JEAN-LUC LAGARD\u00c8RE - HIERO STRASBOURG\",\"isPartOf\":{\"@id\":\"https:\\\/\\\/hierostrasbourg.com\\\/#website\"},\"datePublished\":\"2022-04-09T12:31:11+00:00\",\"breadcrumb\":{\"@id\":\"https:\\\/\\\/hierostrasbourg.com\\\/index.php\\\/2022\\\/04\\\/09\\\/lancement-de-la-campagne-dappel-a-candidatures-pour-les-bourses-2022-de-la-fondation-jean-luc-lagardere-2\\\/#breadcrumb\"},\"inLanguage\":\"fr-FR\",\"potentialAction\":[{\"@type\":\"ReadAction\",\"target\":[\"https:\\\/\\\/hierostrasbourg.com\\\/index.php\\\/2022\\\/04\\\/09\\\/lancement-de-la-campagne-dappel-a-candidatures-pour-les-bourses-2022-de-la-fondation-jean-luc-lagardere-2\\\/\"]}]},{\"@type\":\"BreadcrumbList\",\"@id\":\"https:\\\/\\\/hierostrasbourg.com\\\/index.php\\\/2022\\\/04\\\/09\\\/lancement-de-la-campagne-dappel-a-candidatures-pour-les-bourses-2022-de-la-fondation-jean-luc-lagardere-2\\\/#breadcrumb\",\"itemListElement\":[{\"@type\":\"ListItem\",\"position\":1,\"name\":\"Accueil\",\"item\":\"https:\\\/\\\/hierostrasbourg.com\\\/\"},{\"@type\":\"ListItem\",\"position\":2,\"name\":\"Lancement de la campagne d\u2019appel \u00e0 candidatures pour les bourses 2022 de la FONDATION JEAN-LUC LAGARD\u00c8RE\"}]},{\"@type\":\"WebSite\",\"@id\":\"https:\\\/\\\/hierostrasbourg.com\\\/#website\",\"url\":\"https:\\\/\\\/hierostrasbourg.com\\\/\",\"name\":\"HIERO STRASBOURG\",\"description\":\"Centre de Ressources Musiques Actuelles\",\"publisher\":{\"@id\":\"https:\\\/\\\/hierostrasbourg.com\\\/#organization\"},\"potentialAction\":[{\"@type\":\"SearchAction\",\"target\":{\"@type\":\"EntryPoint\",\"urlTemplate\":\"https:\\\/\\\/hierostrasbourg.com\\\/?s={search_term_string}\"},\"query-input\":{\"@type\":\"PropertyValueSpecification\",\"valueRequired\":true,\"valueName\":\"search_term_string\"}}],\"inLanguage\":\"fr-FR\"},{\"@type\":\"Organization\",\"@id\":\"https:\\\/\\\/hierostrasbourg.com\\\/#organization\",\"name\":\"F\u00e9d\u00e9ration Hi\u00e9ro Strasbourg\",\"url\":\"https:\\\/\\\/hierostrasbourg.com\\\/\",\"logo\":{\"@type\":\"ImageObject\",\"inLanguage\":\"fr-FR\",\"@id\":\"https:\\\/\\\/hierostrasbourg.com\\\/#\\\/schema\\\/logo\\\/image\\\/\",\"url\":\"https:\\\/\\\/hierostrasbourg.com\\\/wp-content\\\/uploads\\\/2026\\\/04\\\/logo-hiero-strasbourg.jpg\",\"contentUrl\":\"https:\\\/\\\/hierostrasbourg.com\\\/wp-content\\\/uploads\\\/2026\\\/04\\\/logo-hiero-strasbourg.jpg\",\"width\":204,\"height\":192,\"caption\":\"F\u00e9d\u00e9ration Hi\u00e9ro Strasbourg\"},\"image\":{\"@id\":\"https:\\\/\\\/hierostrasbourg.com\\\/#\\\/schema\\\/logo\\\/image\\\/\"},\"sameAs\":[\"https:\\\/\\\/www.facebook.com\\\/fedehierostrasbourg\",\"https:\\\/\\\/x.com\\\/hierostrasbourg\"]}]}<\/script>\n<!-- \/ Yoast SEO plugin. -->","yoast_head_json":{"title":"Lancement de la campagne d\u2019appel \u00e0 candidatures pour les bourses 2022 de la FONDATION JEAN-LUC LAGARD\u00c8RE - HIERO STRASBOURG","robots":{"index":"index","follow":"follow","max-snippet":"max-snippet:-1","max-image-preview":"max-image-preview:large","max-video-preview":"max-video-preview:-1"},"canonical":"https:\/\/hierostrasbourg.com\/index.php\/2022\/04\/09\/lancement-de-la-campagne-dappel-a-candidatures-pour-les-bourses-2022-de-la-fondation-jean-luc-lagardere-2\/","og_locale":"fr_FR","og_type":"article","og_title":"Lancement de la campagne d\u2019appel \u00e0 candidatures pour les bourses 2022 de la FONDATION JEAN-LUC LAGARD\u00c8RE - HIERO STRASBOURG","og_description":"communiqu\u00e9 L\u2019appel \u00e0 candidatures pour les bourses 2022 de la Fondation Jean-Luc Lagard\u00e8re est d\u00e9sormais ouvert\u00a0!Vous avez un projet original dans les domaines de l\u2019\u00e9crit, de l\u2019audiovisuel ou de la musique\u00a0?Devenez laur\u00e9at de la Fondation Jean-Luc Lagard\u00e8re en pr\u00e9sentant un dossier de candidature \u00e0 l\u2019une de nos 9 bourses (dotations de 10\u00a0000\u20ac \u00e0 35\u00a0000\u20ac) :\u00a0Auteur de documentaire,\u00a0Auteur de film d\u2019animation,\u00a0\u00c9crivain,\u00a0Journaliste de presse \u00e9crite,\u00a0Libraire,\u00a0Musicien\u00a0(cat\u00e9gorie Jazz et musique classique),\u00a0Photographe,\u00a0Producteur cin\u00e9ma\u00a0et\u00a0Sc\u00e9nariste TV.Les candidats doivent avoir 30 ans au plus (35 ans au plus [&hellip;]","og_url":"https:\/\/hierostrasbourg.com\/index.php\/2022\/04\/09\/lancement-de-la-campagne-dappel-a-candidatures-pour-les-bourses-2022-de-la-fondation-jean-luc-lagardere-2\/","og_site_name":"HIERO STRASBOURG","article_publisher":"https:\/\/www.facebook.com\/fedehierostrasbourg","article_published_time":"2022-04-09T12:31:11+00:00","twitter_card":"summary_large_image","twitter_creator":"@hierostrasbourg","twitter_site":"@hierostrasbourg","twitter_misc":{"Dur\u00e9e de lecture estim\u00e9e":"1 minute"},"schema":{"@context":"https:\/\/schema.org","@graph":[{"@type":"Article","@id":"https:\/\/hierostrasbourg.com\/index.php\/2022\/04\/09\/lancement-de-la-campagne-dappel-a-candidatures-pour-les-bourses-2022-de-la-fondation-jean-luc-lagardere-2\/#article","isPartOf":{"@id":"https:\/\/hierostrasbourg.com\/index.php\/2022\/04\/09\/lancement-de-la-campagne-dappel-a-candidatures-pour-les-bourses-2022-de-la-fondation-jean-luc-lagardere-2\/"},"author":{"name":"","@id":""},"headline":"Lancement de la campagne d\u2019appel \u00e0 candidatures pour les bourses 2022 de la FONDATION JEAN-LUC LAGARD\u00c8RE","datePublished":"2022-04-09T12:31:11+00:00","mainEntityOfPage":{"@id":"https:\/\/hierostrasbourg.com\/index.php\/2022\/04\/09\/lancement-de-la-campagne-dappel-a-candidatures-pour-les-bourses-2022-de-la-fondation-jean-luc-lagardere-2\/"},"wordCount":235,"publisher":{"@id":"https:\/\/hierostrasbourg.com\/#organization"},"inLanguage":"fr-FR"},{"@type":"WebPage","@id":"https:\/\/hierostrasbourg.com\/index.php\/2022\/04\/09\/lancement-de-la-campagne-dappel-a-candidatures-pour-les-bourses-2022-de-la-fondation-jean-luc-lagardere-2\/","url":"https:\/\/hierostrasbourg.com\/index.php\/2022\/04\/09\/lancement-de-la-campagne-dappel-a-candidatures-pour-les-bourses-2022-de-la-fondation-jean-luc-lagardere-2\/","name":"Lancement de la campagne d\u2019appel \u00e0 candidatures pour les bourses 2022 de la FONDATION JEAN-LUC LAGARD\u00c8RE - HIERO STRASBOURG","isPartOf":{"@id":"https:\/\/hierostrasbourg.com\/#website"},"datePublished":"2022-04-09T12:31:11+00:00","breadcrumb":{"@id":"https:\/\/hierostrasbourg.com\/index.php\/2022\/04\/09\/lancement-de-la-campagne-dappel-a-candidatures-pour-les-bourses-2022-de-la-fondation-jean-luc-lagardere-2\/#breadcrumb"},"inLanguage":"fr-FR","potentialAction":[{"@type":"ReadAction","target":["https:\/\/hierostrasbourg.com\/index.php\/2022\/04\/09\/lancement-de-la-campagne-dappel-a-candidatures-pour-les-bourses-2022-de-la-fondation-jean-luc-lagardere-2\/"]}]},{"@type":"BreadcrumbList","@id":"https:\/\/hierostrasbourg.com\/index.php\/2022\/04\/09\/lancement-de-la-campagne-dappel-a-candidatures-pour-les-bourses-2022-de-la-fondation-jean-luc-lagardere-2\/#breadcrumb","itemListElement":[{"@type":"ListItem","position":1,"name":"Accueil","item":"https:\/\/hierostrasbourg.com\/"},{"@type":"ListItem","position":2,"name":"Lancement de la campagne d\u2019appel \u00e0 candidatures pour les bourses 2022 de la FONDATION JEAN-LUC LAGARD\u00c8RE"}]},{"@type":"WebSite","@id":"https:\/\/hierostrasbourg.com\/#website","url":"https:\/\/hierostrasbourg.com\/","name":"HIERO STRASBOURG","description":"Centre de Ressources Musiques Actuelles","publisher":{"@id":"https:\/\/hierostrasbourg.com\/#organization"},"potentialAction":[{"@type":"SearchAction","target":{"@type":"EntryPoint","urlTemplate":"https:\/\/hierostrasbourg.com\/?s={search_term_string}"},"query-input":{"@type":"PropertyValueSpecification","valueRequired":true,"valueName":"search_term_string"}}],"inLanguage":"fr-FR"},{"@type":"Organization","@id":"https:\/\/hierostrasbourg.com\/#organization","name":"F\u00e9d\u00e9ration Hi\u00e9ro Strasbourg","url":"https:\/\/hierostrasbourg.com\/","logo":{"@type":"ImageObject","inLanguage":"fr-FR","@id":"https:\/\/hierostrasbourg.com\/#\/schema\/logo\/image\/","url":"https:\/\/hierostrasbourg.com\/wp-content\/uploads\/2026\/04\/logo-hiero-strasbourg.jpg","contentUrl":"https:\/\/hierostrasbourg.com\/wp-content\/uploads\/2026\/04\/logo-hiero-strasbourg.jpg","width":204,"height":192,"caption":"F\u00e9d\u00e9ration Hi\u00e9ro Strasbourg"},"image":{"@id":"https:\/\/hierostrasbourg.com\/#\/schema\/logo\/image\/"},"sameAs":["https:\/\/www.facebook.com\/fedehierostrasbourg","https:\/\/x.com\/hierostrasbourg"]}]}},"_links":{"self":[{"href":"https:\/\/hierostrasbourg.com\/index.php\/wp-json\/wp\/v2\/posts\/2225","targetHints":{"allow":["GET"]}}],"collection":[{"href":"https:\/\/hierostrasbourg.com\/index.php\/wp-json\/wp\/v2\/posts"}],"about":[{"href":"https:\/\/hierostrasbourg.com\/index.php\/wp-json\/wp\/v2\/types\/post"}],"replies":[{"embeddable":true,"href":"https:\/\/hierostrasbourg.com\/index.php\/wp-json\/wp\/v2\/comments?post=2225"}],"version-history":[{"count":0,"href":"https:\/\/hierostrasbourg.com\/index.php\/wp-json\/wp\/v2\/posts\/2225\/revisions"}],"wp:attachment":[{"href":"https:\/\/hierostrasbourg.com\/index.php\/wp-json\/wp\/v2\/media?parent=2225"}],"wp:term":[{"taxonomy":"category","embeddable":true,"href":"https:\/\/hierostrasbourg.com\/index.php\/wp-json\/wp\/v2\/categories?post=2225"},{"taxonomy":"post_tag","embeddable":true,"href":"https:\/\/hierostrasbourg.com\/index.php\/wp-json\/wp\/v2\/tags?post=2225"}],"curies":[{"name":"wp","href":"https:\/\/api.w.org\/{rel}","templated":true}]}}