{"id":2224,"date":"2022-04-09T14:31:10","date_gmt":"2022-04-09T12:31:10","guid":{"rendered":"https:\/\/hierostrasbourg.com\/index.php\/2022\/04\/09\/delegation-professionnelle-musique-participez-aux-francos-de-montreal-et-au-festival-de-tadoussac-2\/"},"modified":"2022-04-09T14:31:10","modified_gmt":"2022-04-09T12:31:10","slug":"delegation-professionnelle-musique-participez-aux-francos-de-montreal-et-au-festival-de-tadoussac-2","status":"publish","type":"post","link":"https:\/\/hierostrasbourg.com\/index.php\/2022\/04\/09\/delegation-professionnelle-musique-participez-aux-francos-de-montreal-et-au-festival-de-tadoussac-2\/","title":{"rendered":"D\u00e9l\u00e9gation professionnelle musique : participez aux Francos de Montr\u00e9al et au festival de Tadoussac"},"content":{"rendered":"<div class=\"et_pb_row et_pb_row_2\">\n<div class=\"et_pb_column et_pb_column_1_2 et_pb_column_2  et_pb_css_mix_blend_mode_passthrough\">\n<div class=\"et_pb_module et_pb_text et_pb_text_1  et_pb_text_align_left et_pb_bg_layout_light\">\n<div class=\"et_pb_text_inner\">\n<h2><span>Montr\u00e9al et Tadoussac, Qu\u00e9bec<\/span><\/h2>\n<\/div>\n<\/div>\n<\/div>\n<div class=\"et_pb_column et_pb_column_1_2 et_pb_column_3  et_pb_css_mix_blend_mode_passthrough et-last-child\">\n<div class=\"et_pb_module et_pb_text et_pb_text_2  et_pb_text_align_left et_pb_bg_layout_light\">\n<div class=\"et_pb_text_inner\">\n<p>Du 13 juin au 20 juin 2022<br \/><strong>Date limite de candidature : 15 avril 2022<\/strong><\/p>\n<\/div>\n<\/div>\n<\/div>\n<\/div>\n<div class=\"et_pb_row et_pb_row_3\">\n<div class=\"et_pb_column et_pb_column_4_4 et_pb_column_4  et_pb_css_mix_blend_mode_passthrough et-last-child\">\n<div class=\"et_pb_module et_pb_text et_pb_text_3  et_pb_text_align_left et_pb_bg_layout_light\">\n<div class=\"et_pb_text_inner\">\n<p>Pour 2022, <a href=\"https:\/\/www.francosmontreal.com\/\">les Francos de Montr\u00e9al<\/a> et <a href=\"https:\/\/chansontadoussac.com\/\">le Festival de la chanson de Tadoussac<\/a> s\u2019associent avec l\u2019Office franco-qu\u00e9b\u00e9cois pour la jeunesse afin de proposer <strong>un programme unique \u00e0 destination de cinq professionnels de la chanson et des musiques actuelles francophones<\/strong>.<\/p>\n<\/div>\n<\/div>\n<\/div>\n<\/div>\n<div class=\"et_pb_row et_pb_row_4\">\n<div class=\"et_pb_column et_pb_column_1_2 et_pb_column_5  et_pb_css_mix_blend_mode_passthrough\">\n<div class=\"et_pb_module dsm_text_divider dsm_text_divider_0\">\n<div class=\"et_pb_module_inner\">\n<div class=\"dsm-text-divider-wrapper dsm-text-divider-align-center et_pb_bg_layout_light\">\n<h3 class=\"dsm-text-divider-header et_pb_module_header\">Les Francos de Montr\u00e9al<\/h3>\n<div class=\"dsm-text-divider-after dsm-divider\">Le plus grand \u00e9v\u00e9nement musical francophone au monde ! Les Francos de Montr\u00e9al sont une soci\u00e9t\u00e9 sans but lucratif cr\u00e9\u00e9e par Alain Simard, Guy Latraverse et Jean-Louis Foulquier afin de promouvoir la chanson d\u2019expression fran\u00e7aise, de favoriser sa diffusion et de stimuler la circulation des artistes de toute la francophonie. Depuis 33 ans, les Francos c\u00e9l\u00e8brent la langue fran\u00e7aise en pleine rue \u2013 gratuitement \u2013 en demeurant accessibles au public.<\/div>\n<\/div>\n<\/div>\n<\/div>\n<div class=\"et_pb_module et_pb_text et_pb_text_4  et_pb_text_align_left et_pb_bg_layout_light\">\n<div class=\"et_pb_text_inner\">\n<p><a href=\"https:\/\/www.francosmontreal.com\/\">En savoir plus<\/a><\/p>\n<\/div>\n<\/div>\n<\/div>\n<\/div>\n<div class=\"et_pb_module dsm_text_divider dsm_text_divider_1\">\n<div class=\"et_pb_module_inner\">\n<div class=\"dsm-text-divider-wrapper dsm-text-divider-align-center et_pb_bg_layout_light\">\n<h3 class=\"dsm-text-divider-header et_pb_module_header\">Le Festival de la chanson de Tadoussac<\/h3>\n<div class=\"dsm-text-divider-after dsm-divider\">Venez vivre la chanson francophone dans un cadre naturel tout \u00e0 fait unique de la C\u00f4te-Nord ! Pendant 4 jours, Tadoussac vit au rythme et aux couleurs de l\u2019\u00e9v\u00e9nement. Le Festival de la chanson de Tadoussac se d\u00e9voile en d\u00e9ambulant les rues et les sentiers du village, en parcourant le Fjord-du-Saguenay en kayak ou en zodiac, au hasard des performances artistiques, le tout dans une ambiance festive et conviviale !<\/div>\n<\/div>\n<\/div>\n<\/div>\n<div class=\"et_pb_module et_pb_text et_pb_text_5  et_pb_text_align_left et_pb_bg_layout_light\">\n<div class=\"et_pb_text_inner\">\n<p><a href=\"https:\/\/chansontadoussac.com\/\">En savoir plus<\/a><\/p>\n<div class=\"et_pb_module et_pb_text et_pb_text_6  et_pb_text_align_left et_pb_bg_layout_light\">\n<div class=\"et_pb_text_inner\">\n<h3><strong>Programme<\/strong><\/h3>\n<p>Arriv\u00e9e le 12 juin \u00e0 Montr\u00e9al<br \/>\nParticipation aux Rendez-vous Pros des Francos du 13 au 16 juin<br \/>\nTrajet Montr\u00e9al \u2013 Tadoussac en navette le 16 juin le matin<br \/>\nParticipation aux rencontres professionnelles du festival de Tadoussac du 16 au 19 juin<br \/>\nRetour vers Montr\u00e9al le 20 juin et retour vers la France<\/p>\n<p>Les participants sont autoris\u00e9s \u00e0 venir plus t\u00f4t ou \u00e0 partir plus tard, les journ\u00e9es suppl\u00e9mentaires sont enti\u00e8rement \u00e0 leur charge.<\/p>\n<div class=\"et_pb_module dsm_text_divider dsm_text_divider_2\">\n<div class=\"et_pb_module_inner\">\n<div class=\"dsm-text-divider-wrapper dsm-text-divider-align-center et_pb_bg_layout_light\">\n<h3 class=\"dsm-text-divider-header et_pb_module_header\">Comment s\u2019inscrire ?<\/h3>\n<h4 class=\"dsm-text-divider-after dsm-divider\">Profil des candidat.e.s<\/h4>\n<\/div>\n<\/div>\n<\/div>\n<div class=\"et_pb_module et_pb_toggle et_pb_toggle_0 et_pb_toggle_item et_pb_toggle_open\">\n<div class=\"et_pb_toggle_content clearfix\">\n<p>Les candidats souhaitant participer doivent :<\/p>\n<p>Avoir entre 18 et 35 ans<br \/>\n\u00catre Fran\u00e7ais ou r\u00e9sider en France depuis plus de 1 an<br \/>\nProfessionnel du milieu de la chanson \/ musiques actuelles francophone (programmateurs, diffuseurs, organisateurs de concerts, agents d\u2019artiste, m\u00e9dias)<br \/>\n\u00catre en possession d\u2019un passeport en cours de validit\u00e9 au moment du d\u00e9p\u00f4t de candidature<br \/>\nS\u2019acquitter des frais demand\u00e9s pour l\u2019organisation de la d\u00e9l\u00e9gation<\/p>\n<div class=\"et_pb_module et_pb_toggle et_pb_toggle_1 et_pb_toggle_item et_pb_toggle_open\">\n<h4 class=\"et_pb_toggle_title\">Soutien de l\u2019OFQJ<\/h4>\n<div class=\"et_pb_toggle_content clearfix\">\n<p>En \u00e9change d\u2019une <strong>contribution de\u00a0100 euros<\/strong>, vous aurez acc\u00e8s aux prestations suivantes\u00a0:<\/p>\n<p>Billet d\u2019avion Paris-Montr\u00e9al A\/R<br \/>\nTransport intra-Qu\u00e9bec A\/R pour vous rendre au festival de Tadoussac<br \/>\nAcc\u00e8s aux festivals<br \/>\nCertains repas<br \/>\nH\u00e9bergement<br \/>\nAssurance hospitalisation-rapatriement<\/p>\n<p><strong>Certains frais restent \u00e0 a charge des participants :\u00a0<\/strong><\/p>\n<p>Les frais de transports locaux non compris dans le programme<br \/>\nLes repas non compris dans le cadre du programme<br \/>\nLes frais de d\u00e9penses personnelles<br \/>\nVotre AVE*\n<\/p><\/div>\n<div class=\"et_pb_module et_pb_toggle et_pb_toggle_2 et_pb_toggle_item et_pb_toggle_open\">\n<h2 class=\"et_pb_toggle_title\">Dossier de candidature<\/h2>\n<div class=\"et_pb_toggle_content clearfix\">\n<p>Le dossier de candidature doit \u00eatre accompagn\u00e9 des documents suivants\u00a0:<\/p>\n<p>Un curriculum vit\u00e6 actualis\u00e9\u00a0;<br \/>\nUne lettre exposant vos int\u00e9r\u00eats vis \u00e0 vis du projet<br \/>\nPhoto d\u2019identit\u00e9 couleur en format JPEG\u00a0;<br \/>\nTout autre document que vous jugez utile \u00e0 l\u2019instruction de votre candidature.<\/p>\n<p>Seuls les dossiers complets seront analys\u00e9s.<\/p>\n<div class=\"et_pb_column et_pb_column_1_2 et_pb_column_8  et_pb_css_mix_blend_mode_passthrough\">\n<div class=\"et_pb_module et_pb_text et_pb_text_7  et_pb_text_align_left et_pb_bg_layout_light\">\n<div class=\"et_pb_text_inner\">\n<h2>En savoir plus<\/h2>\n<p><a href=\"https:\/\/www.ofqj.org\/cooperation-professionnelle-et-culturelle\/\">Le programme Coop\u00e9ration culturelle de l\u2019OFQJ<\/a><br \/>\n<a href=\"https:\/\/www.francosmontreal.com\/\">Les Francos de Montr\u00e9al<\/a><br \/>\n<a href=\"https:\/\/chansontadoussac.com\/\">Le Festival de Tadoussac<\/a><\/p>\n<div class=\"et_pb_column et_pb_column_1_2 et_pb_column_9  et_pb_css_mix_blend_mode_passthrough et-last-child\">\n<div class=\"et_pb_module et_pb_text et_pb_text_8  et_pb_text_align_left et_pb_bg_layout_light\">\n<div class=\"et_pb_text_inner\">\n<h2>Votre interlocutrice \u00e0 l\u2019OFQJ<\/h2>\n<p><strong>Ariane SALAS<\/strong>, Charg\u00e9e de projets Coop\u00e9ration professionnelle et culturelle<br \/><a href=\"mailto:asalas@ofqj.org\">asalas@ofqj.org<\/a> \u2013 Tel : 01 49 33 28 58<\/p>\n<\/div>\n<\/div>\n<\/div>\n<\/div>\n<\/div>\n<\/div>\n<\/div>\n<\/div>\n<\/div>\n<\/div>\n<\/div>\n<\/div>\n<\/div>\n<\/div>\n<\/div>\n<p>L\u2019article <a href=\"https:\/\/popburo.fr\/delegation-professionnelle-musique-participez-aux-francos-de-montreal-et-au-festival-de-tadoussac\/\">D\u00e9l\u00e9gation professionnelle musique : participez aux Francos de Montr\u00e9al et au festival de Tadoussac<\/a> est apparu en premier sur <a href=\"https:\/\/popburo.fr\/\">POP B\u00dcRO<\/a>.<\/p>\n","protected":false},"excerpt":{"rendered":"<p>Montr\u00e9al et Tadoussac, Qu\u00e9bec Du 13 juin au 20 juin 2022Date limite de candidature : 15 avril 2022 Pour 2022, les Francos de Montr\u00e9al et le Festival de la chanson de Tadoussac s\u2019associent avec l\u2019Office franco-qu\u00e9b\u00e9cois pour la jeunesse afin de proposer un programme unique \u00e0 destination de cinq professionnels de la chanson et des musiques actuelles francophones. Les Francos de Montr\u00e9al Le plus grand \u00e9v\u00e9nement musical francophone au monde ! Les Francos de Montr\u00e9al sont une soci\u00e9t\u00e9 sans but [&hellip;]<\/p>\n","protected":false},"author":0,"featured_media":0,"comment_status":"closed","ping_status":"open","sticky":false,"template":"","format":"standard","meta":{"footnotes":""},"categories":[1],"tags":[],"class_list":["post-2224","post","type-post","status-publish","format-standard","hentry","category-non-classe"],"yoast_head":"<!-- This site is optimized with the Yoast SEO plugin v27.4 - https:\/\/yoast.com\/product\/yoast-seo-wordpress\/ -->\n<title>D\u00e9l\u00e9gation professionnelle musique : participez aux Francos de Montr\u00e9al et au festival de Tadoussac - HIERO STRASBOURG<\/title>\n<meta name=\"robots\" content=\"index, follow, max-snippet:-1, max-image-preview:large, max-video-preview:-1\" \/>\n<link rel=\"canonical\" href=\"https:\/\/hierostrasbourg.com\/index.php\/2022\/04\/09\/delegation-professionnelle-musique-participez-aux-francos-de-montreal-et-au-festival-de-tadoussac-2\/\" \/>\n<meta property=\"og:locale\" content=\"fr_FR\" \/>\n<meta property=\"og:type\" content=\"article\" \/>\n<meta property=\"og:title\" content=\"D\u00e9l\u00e9gation professionnelle musique : participez aux Francos de Montr\u00e9al et au festival de Tadoussac - HIERO STRASBOURG\" \/>\n<meta property=\"og:description\" content=\"Montr\u00e9al et Tadoussac, Qu\u00e9bec Du 13 juin au 20 juin 2022Date limite de candidature : 15 avril 2022 Pour 2022, les Francos de Montr\u00e9al et le Festival de la chanson de Tadoussac s\u2019associent avec l\u2019Office franco-qu\u00e9b\u00e9cois pour la jeunesse afin de proposer un programme unique \u00e0 destination de cinq professionnels de la chanson et des musiques actuelles francophones. Les Francos de Montr\u00e9al Le plus grand \u00e9v\u00e9nement musical francophone au monde ! Les Francos de Montr\u00e9al sont une soci\u00e9t\u00e9 sans but [&hellip;]\" \/>\n<meta property=\"og:url\" content=\"https:\/\/hierostrasbourg.com\/index.php\/2022\/04\/09\/delegation-professionnelle-musique-participez-aux-francos-de-montreal-et-au-festival-de-tadoussac-2\/\" \/>\n<meta property=\"og:site_name\" content=\"HIERO STRASBOURG\" \/>\n<meta property=\"article:publisher\" content=\"https:\/\/www.facebook.com\/fedehierostrasbourg\" \/>\n<meta property=\"article:published_time\" content=\"2022-04-09T12:31:10+00:00\" \/>\n<meta name=\"twitter:card\" content=\"summary_large_image\" \/>\n<meta name=\"twitter:creator\" content=\"@hierostrasbourg\" \/>\n<meta name=\"twitter:site\" content=\"@hierostrasbourg\" \/>\n<meta name=\"twitter:label1\" content=\"Dur\u00e9e de lecture estim\u00e9e\" \/>\n\t<meta name=\"twitter:data1\" content=\"3 minutes\" \/>\n<script type=\"application\/ld+json\" class=\"yoast-schema-graph\">{\"@context\":\"https:\\\/\\\/schema.org\",\"@graph\":[{\"@type\":\"Article\",\"@id\":\"https:\\\/\\\/hierostrasbourg.com\\\/index.php\\\/2022\\\/04\\\/09\\\/delegation-professionnelle-musique-participez-aux-francos-de-montreal-et-au-festival-de-tadoussac-2\\\/#article\",\"isPartOf\":{\"@id\":\"https:\\\/\\\/hierostrasbourg.com\\\/index.php\\\/2022\\\/04\\\/09\\\/delegation-professionnelle-musique-participez-aux-francos-de-montreal-et-au-festival-de-tadoussac-2\\\/\"},\"author\":{\"name\":\"\",\"@id\":\"\"},\"headline\":\"D\u00e9l\u00e9gation professionnelle musique : participez aux Francos de Montr\u00e9al et au festival de Tadoussac\",\"datePublished\":\"2022-04-09T12:31:10+00:00\",\"mainEntityOfPage\":{\"@id\":\"https:\\\/\\\/hierostrasbourg.com\\\/index.php\\\/2022\\\/04\\\/09\\\/delegation-professionnelle-musique-participez-aux-francos-de-montreal-et-au-festival-de-tadoussac-2\\\/\"},\"wordCount\":589,\"publisher\":{\"@id\":\"https:\\\/\\\/hierostrasbourg.com\\\/#organization\"},\"inLanguage\":\"fr-FR\"},{\"@type\":\"WebPage\",\"@id\":\"https:\\\/\\\/hierostrasbourg.com\\\/index.php\\\/2022\\\/04\\\/09\\\/delegation-professionnelle-musique-participez-aux-francos-de-montreal-et-au-festival-de-tadoussac-2\\\/\",\"url\":\"https:\\\/\\\/hierostrasbourg.com\\\/index.php\\\/2022\\\/04\\\/09\\\/delegation-professionnelle-musique-participez-aux-francos-de-montreal-et-au-festival-de-tadoussac-2\\\/\",\"name\":\"D\u00e9l\u00e9gation professionnelle musique : participez aux Francos de Montr\u00e9al et au festival de Tadoussac - HIERO STRASBOURG\",\"isPartOf\":{\"@id\":\"https:\\\/\\\/hierostrasbourg.com\\\/#website\"},\"datePublished\":\"2022-04-09T12:31:10+00:00\",\"breadcrumb\":{\"@id\":\"https:\\\/\\\/hierostrasbourg.com\\\/index.php\\\/2022\\\/04\\\/09\\\/delegation-professionnelle-musique-participez-aux-francos-de-montreal-et-au-festival-de-tadoussac-2\\\/#breadcrumb\"},\"inLanguage\":\"fr-FR\",\"potentialAction\":[{\"@type\":\"ReadAction\",\"target\":[\"https:\\\/\\\/hierostrasbourg.com\\\/index.php\\\/2022\\\/04\\\/09\\\/delegation-professionnelle-musique-participez-aux-francos-de-montreal-et-au-festival-de-tadoussac-2\\\/\"]}]},{\"@type\":\"BreadcrumbList\",\"@id\":\"https:\\\/\\\/hierostrasbourg.com\\\/index.php\\\/2022\\\/04\\\/09\\\/delegation-professionnelle-musique-participez-aux-francos-de-montreal-et-au-festival-de-tadoussac-2\\\/#breadcrumb\",\"itemListElement\":[{\"@type\":\"ListItem\",\"position\":1,\"name\":\"Accueil\",\"item\":\"https:\\\/\\\/hierostrasbourg.com\\\/\"},{\"@type\":\"ListItem\",\"position\":2,\"name\":\"D\u00e9l\u00e9gation professionnelle musique : participez aux Francos de Montr\u00e9al et au festival de Tadoussac\"}]},{\"@type\":\"WebSite\",\"@id\":\"https:\\\/\\\/hierostrasbourg.com\\\/#website\",\"url\":\"https:\\\/\\\/hierostrasbourg.com\\\/\",\"name\":\"HIERO STRASBOURG\",\"description\":\"Centre de Ressources Musiques Actuelles\",\"publisher\":{\"@id\":\"https:\\\/\\\/hierostrasbourg.com\\\/#organization\"},\"potentialAction\":[{\"@type\":\"SearchAction\",\"target\":{\"@type\":\"EntryPoint\",\"urlTemplate\":\"https:\\\/\\\/hierostrasbourg.com\\\/?s={search_term_string}\"},\"query-input\":{\"@type\":\"PropertyValueSpecification\",\"valueRequired\":true,\"valueName\":\"search_term_string\"}}],\"inLanguage\":\"fr-FR\"},{\"@type\":\"Organization\",\"@id\":\"https:\\\/\\\/hierostrasbourg.com\\\/#organization\",\"name\":\"F\u00e9d\u00e9ration Hi\u00e9ro Strasbourg\",\"url\":\"https:\\\/\\\/hierostrasbourg.com\\\/\",\"logo\":{\"@type\":\"ImageObject\",\"inLanguage\":\"fr-FR\",\"@id\":\"https:\\\/\\\/hierostrasbourg.com\\\/#\\\/schema\\\/logo\\\/image\\\/\",\"url\":\"https:\\\/\\\/hierostrasbourg.com\\\/wp-content\\\/uploads\\\/2026\\\/04\\\/logo-hiero-strasbourg.jpg\",\"contentUrl\":\"https:\\\/\\\/hierostrasbourg.com\\\/wp-content\\\/uploads\\\/2026\\\/04\\\/logo-hiero-strasbourg.jpg\",\"width\":204,\"height\":192,\"caption\":\"F\u00e9d\u00e9ration Hi\u00e9ro Strasbourg\"},\"image\":{\"@id\":\"https:\\\/\\\/hierostrasbourg.com\\\/#\\\/schema\\\/logo\\\/image\\\/\"},\"sameAs\":[\"https:\\\/\\\/www.facebook.com\\\/fedehierostrasbourg\",\"https:\\\/\\\/x.com\\\/hierostrasbourg\"]}]}<\/script>\n<!-- \/ Yoast SEO plugin. -->","yoast_head_json":{"title":"D\u00e9l\u00e9gation professionnelle musique : participez aux Francos de Montr\u00e9al et au festival de Tadoussac - HIERO STRASBOURG","robots":{"index":"index","follow":"follow","max-snippet":"max-snippet:-1","max-image-preview":"max-image-preview:large","max-video-preview":"max-video-preview:-1"},"canonical":"https:\/\/hierostrasbourg.com\/index.php\/2022\/04\/09\/delegation-professionnelle-musique-participez-aux-francos-de-montreal-et-au-festival-de-tadoussac-2\/","og_locale":"fr_FR","og_type":"article","og_title":"D\u00e9l\u00e9gation professionnelle musique : participez aux Francos de Montr\u00e9al et au festival de Tadoussac - HIERO STRASBOURG","og_description":"Montr\u00e9al et Tadoussac, Qu\u00e9bec Du 13 juin au 20 juin 2022Date limite de candidature : 15 avril 2022 Pour 2022, les Francos de Montr\u00e9al et le Festival de la chanson de Tadoussac s\u2019associent avec l\u2019Office franco-qu\u00e9b\u00e9cois pour la jeunesse afin de proposer un programme unique \u00e0 destination de cinq professionnels de la chanson et des musiques actuelles francophones. Les Francos de Montr\u00e9al Le plus grand \u00e9v\u00e9nement musical francophone au monde ! Les Francos de Montr\u00e9al sont une soci\u00e9t\u00e9 sans but [&hellip;]","og_url":"https:\/\/hierostrasbourg.com\/index.php\/2022\/04\/09\/delegation-professionnelle-musique-participez-aux-francos-de-montreal-et-au-festival-de-tadoussac-2\/","og_site_name":"HIERO STRASBOURG","article_publisher":"https:\/\/www.facebook.com\/fedehierostrasbourg","article_published_time":"2022-04-09T12:31:10+00:00","twitter_card":"summary_large_image","twitter_creator":"@hierostrasbourg","twitter_site":"@hierostrasbourg","twitter_misc":{"Dur\u00e9e de lecture estim\u00e9e":"3 minutes"},"schema":{"@context":"https:\/\/schema.org","@graph":[{"@type":"Article","@id":"https:\/\/hierostrasbourg.com\/index.php\/2022\/04\/09\/delegation-professionnelle-musique-participez-aux-francos-de-montreal-et-au-festival-de-tadoussac-2\/#article","isPartOf":{"@id":"https:\/\/hierostrasbourg.com\/index.php\/2022\/04\/09\/delegation-professionnelle-musique-participez-aux-francos-de-montreal-et-au-festival-de-tadoussac-2\/"},"author":{"name":"","@id":""},"headline":"D\u00e9l\u00e9gation professionnelle musique : participez aux Francos de Montr\u00e9al et au festival de Tadoussac","datePublished":"2022-04-09T12:31:10+00:00","mainEntityOfPage":{"@id":"https:\/\/hierostrasbourg.com\/index.php\/2022\/04\/09\/delegation-professionnelle-musique-participez-aux-francos-de-montreal-et-au-festival-de-tadoussac-2\/"},"wordCount":589,"publisher":{"@id":"https:\/\/hierostrasbourg.com\/#organization"},"inLanguage":"fr-FR"},{"@type":"WebPage","@id":"https:\/\/hierostrasbourg.com\/index.php\/2022\/04\/09\/delegation-professionnelle-musique-participez-aux-francos-de-montreal-et-au-festival-de-tadoussac-2\/","url":"https:\/\/hierostrasbourg.com\/index.php\/2022\/04\/09\/delegation-professionnelle-musique-participez-aux-francos-de-montreal-et-au-festival-de-tadoussac-2\/","name":"D\u00e9l\u00e9gation professionnelle musique : participez aux Francos de Montr\u00e9al et au festival de Tadoussac - HIERO STRASBOURG","isPartOf":{"@id":"https:\/\/hierostrasbourg.com\/#website"},"datePublished":"2022-04-09T12:31:10+00:00","breadcrumb":{"@id":"https:\/\/hierostrasbourg.com\/index.php\/2022\/04\/09\/delegation-professionnelle-musique-participez-aux-francos-de-montreal-et-au-festival-de-tadoussac-2\/#breadcrumb"},"inLanguage":"fr-FR","potentialAction":[{"@type":"ReadAction","target":["https:\/\/hierostrasbourg.com\/index.php\/2022\/04\/09\/delegation-professionnelle-musique-participez-aux-francos-de-montreal-et-au-festival-de-tadoussac-2\/"]}]},{"@type":"BreadcrumbList","@id":"https:\/\/hierostrasbourg.com\/index.php\/2022\/04\/09\/delegation-professionnelle-musique-participez-aux-francos-de-montreal-et-au-festival-de-tadoussac-2\/#breadcrumb","itemListElement":[{"@type":"ListItem","position":1,"name":"Accueil","item":"https:\/\/hierostrasbourg.com\/"},{"@type":"ListItem","position":2,"name":"D\u00e9l\u00e9gation professionnelle musique : participez aux Francos de Montr\u00e9al et au festival de Tadoussac"}]},{"@type":"WebSite","@id":"https:\/\/hierostrasbourg.com\/#website","url":"https:\/\/hierostrasbourg.com\/","name":"HIERO STRASBOURG","description":"Centre de Ressources Musiques Actuelles","publisher":{"@id":"https:\/\/hierostrasbourg.com\/#organization"},"potentialAction":[{"@type":"SearchAction","target":{"@type":"EntryPoint","urlTemplate":"https:\/\/hierostrasbourg.com\/?s={search_term_string}"},"query-input":{"@type":"PropertyValueSpecification","valueRequired":true,"valueName":"search_term_string"}}],"inLanguage":"fr-FR"},{"@type":"Organization","@id":"https:\/\/hierostrasbourg.com\/#organization","name":"F\u00e9d\u00e9ration Hi\u00e9ro Strasbourg","url":"https:\/\/hierostrasbourg.com\/","logo":{"@type":"ImageObject","inLanguage":"fr-FR","@id":"https:\/\/hierostrasbourg.com\/#\/schema\/logo\/image\/","url":"https:\/\/hierostrasbourg.com\/wp-content\/uploads\/2026\/04\/logo-hiero-strasbourg.jpg","contentUrl":"https:\/\/hierostrasbourg.com\/wp-content\/uploads\/2026\/04\/logo-hiero-strasbourg.jpg","width":204,"height":192,"caption":"F\u00e9d\u00e9ration Hi\u00e9ro Strasbourg"},"image":{"@id":"https:\/\/hierostrasbourg.com\/#\/schema\/logo\/image\/"},"sameAs":["https:\/\/www.facebook.com\/fedehierostrasbourg","https:\/\/x.com\/hierostrasbourg"]}]}},"_links":{"self":[{"href":"https:\/\/hierostrasbourg.com\/index.php\/wp-json\/wp\/v2\/posts\/2224","targetHints":{"allow":["GET"]}}],"collection":[{"href":"https:\/\/hierostrasbourg.com\/index.php\/wp-json\/wp\/v2\/posts"}],"about":[{"href":"https:\/\/hierostrasbourg.com\/index.php\/wp-json\/wp\/v2\/types\/post"}],"replies":[{"embeddable":true,"href":"https:\/\/hierostrasbourg.com\/index.php\/wp-json\/wp\/v2\/comments?post=2224"}],"version-history":[{"count":0,"href":"https:\/\/hierostrasbourg.com\/index.php\/wp-json\/wp\/v2\/posts\/2224\/revisions"}],"wp:attachment":[{"href":"https:\/\/hierostrasbourg.com\/index.php\/wp-json\/wp\/v2\/media?parent=2224"}],"wp:term":[{"taxonomy":"category","embeddable":true,"href":"https:\/\/hierostrasbourg.com\/index.php\/wp-json\/wp\/v2\/categories?post=2224"},{"taxonomy":"post_tag","embeddable":true,"href":"https:\/\/hierostrasbourg.com\/index.php\/wp-json\/wp\/v2\/tags?post=2224"}],"curies":[{"name":"wp","href":"https:\/\/api.w.org\/{rel}","templated":true}]}}