{"id":2223,"date":"2022-04-09T14:31:10","date_gmt":"2022-04-09T12:31:10","guid":{"rendered":"https:\/\/hierostrasbourg.com\/index.php\/2022\/04\/09\/delegation-professionnelle-musique-participez-aux-francos-de-montreal-et-au-festival-de-tadoussac\/"},"modified":"2022-04-09T14:31:10","modified_gmt":"2022-04-09T12:31:10","slug":"delegation-professionnelle-musique-participez-aux-francos-de-montreal-et-au-festival-de-tadoussac","status":"publish","type":"post","link":"https:\/\/hierostrasbourg.com\/index.php\/2022\/04\/09\/delegation-professionnelle-musique-participez-aux-francos-de-montreal-et-au-festival-de-tadoussac\/","title":{"rendered":"D\u00e9l\u00e9gation professionnelle musique : participez aux Francos de Montr\u00e9al et au festival de Tadoussac"},"content":{"rendered":"<p>Montr\u00e9al et Tadoussac, Qu\u00e9bec Du 13 juin au 20 juin 2022 Date limite de candidature : 15 avril 2022 Pour 2022, les Francos de Montr\u00e9al et le Festival de la chanson de Tadoussac s\u2019associent avec l\u2019Office franco-qu\u00e9b\u00e9cois pour la jeunesse afin de proposer un programme unique \u00e0 destination de cinq professionnels de la chanson et des musiques actuelles francophones. Les Francos de Montr\u00e9al Le plus grand \u00e9v\u00e9nement musical francophone au monde ! Les Francos de Montr\u00e9al sont une soci\u00e9t\u00e9 sans [\u2026]<\/p>\n<p>L\u2019article <a href=\"https:\/\/musiquesactuelles.alsace\/delegation-professionnelle-musique-participez-aux-francos-de-montreal-et-au-festival-de-tadoussac\/\">D\u00e9l\u00e9gation professionnelle musique : participez aux Francos de Montr\u00e9al et au festival de Tadoussac<\/a> est apparu en premier sur <a href=\"https:\/\/musiquesactuelles.alsace\/\">Musiques Actuelles en Alsace<\/a>.<\/p>\n<p>L\u2019article <a href=\"https:\/\/popburo.fr\/delegation-professionnelle-musique-participez-aux-francos-de-montreal-et-au-festival-de-tadoussac-2\/\">D\u00e9l\u00e9gation professionnelle musique : participez aux Francos de Montr\u00e9al et au festival de Tadoussac<\/a> est apparu en premier sur <a href=\"https:\/\/popburo.fr\/\">POP B\u00dcRO<\/a>.<\/p>\n","protected":false},"excerpt":{"rendered":"<p>Montr\u00e9al et Tadoussac, Qu\u00e9bec Du 13 juin au 20 juin 2022 Date limite de candidature : 15 avril 2022 Pour 2022, les Francos de Montr\u00e9al et le Festival de la chanson de Tadoussac s\u2019associent avec l\u2019Office franco-qu\u00e9b\u00e9cois pour la jeunesse afin de proposer un programme unique \u00e0 destination de cinq professionnels de la chanson et des musiques actuelles francophones. Les Francos de Montr\u00e9al Le plus grand \u00e9v\u00e9nement musical francophone au monde ! Les Francos de Montr\u00e9al sont une soci\u00e9t\u00e9 sans [&hellip;]<\/p>\n","protected":false},"author":0,"featured_media":0,"comment_status":"closed","ping_status":"open","sticky":false,"template":"","format":"standard","meta":{"footnotes":""},"categories":[1],"tags":[],"class_list":["post-2223","post","type-post","status-publish","format-standard","hentry","category-non-classe"],"yoast_head":"<!-- This site is optimized with the Yoast SEO plugin v27.4 - https:\/\/yoast.com\/product\/yoast-seo-wordpress\/ -->\n<title>D\u00e9l\u00e9gation professionnelle musique : participez aux Francos de Montr\u00e9al et au festival de Tadoussac - HIERO STRASBOURG<\/title>\n<meta name=\"robots\" content=\"index, follow, max-snippet:-1, max-image-preview:large, max-video-preview:-1\" \/>\n<link rel=\"canonical\" href=\"https:\/\/hierostrasbourg.com\/index.php\/2022\/04\/09\/delegation-professionnelle-musique-participez-aux-francos-de-montreal-et-au-festival-de-tadoussac\/\" \/>\n<meta property=\"og:locale\" content=\"fr_FR\" \/>\n<meta property=\"og:type\" content=\"article\" \/>\n<meta property=\"og:title\" content=\"D\u00e9l\u00e9gation professionnelle musique : participez aux Francos de Montr\u00e9al et au festival de Tadoussac - HIERO STRASBOURG\" \/>\n<meta property=\"og:description\" content=\"Montr\u00e9al et Tadoussac, Qu\u00e9bec Du 13 juin au 20 juin 2022 Date limite de candidature : 15 avril 2022 Pour 2022, les Francos de Montr\u00e9al et le Festival de la chanson de Tadoussac s\u2019associent avec l\u2019Office franco-qu\u00e9b\u00e9cois pour la jeunesse afin de proposer un programme unique \u00e0 destination de cinq professionnels de la chanson et des musiques actuelles francophones. Les Francos de Montr\u00e9al Le plus grand \u00e9v\u00e9nement musical francophone au monde ! Les Francos de Montr\u00e9al sont une soci\u00e9t\u00e9 sans [&hellip;]\" \/>\n<meta property=\"og:url\" content=\"https:\/\/hierostrasbourg.com\/index.php\/2022\/04\/09\/delegation-professionnelle-musique-participez-aux-francos-de-montreal-et-au-festival-de-tadoussac\/\" \/>\n<meta property=\"og:site_name\" content=\"HIERO STRASBOURG\" \/>\n<meta property=\"article:publisher\" content=\"https:\/\/www.facebook.com\/fedehierostrasbourg\" \/>\n<meta property=\"article:published_time\" content=\"2022-04-09T12:31:10+00:00\" \/>\n<meta name=\"twitter:card\" content=\"summary_large_image\" \/>\n<meta name=\"twitter:creator\" content=\"@hierostrasbourg\" \/>\n<meta name=\"twitter:site\" content=\"@hierostrasbourg\" \/>\n<meta name=\"twitter:label1\" content=\"Dur\u00e9e de lecture estim\u00e9e\" \/>\n\t<meta name=\"twitter:data1\" content=\"1 minute\" \/>\n<script type=\"application\/ld+json\" class=\"yoast-schema-graph\">{\"@context\":\"https:\\\/\\\/schema.org\",\"@graph\":[{\"@type\":\"Article\",\"@id\":\"https:\\\/\\\/hierostrasbourg.com\\\/index.php\\\/2022\\\/04\\\/09\\\/delegation-professionnelle-musique-participez-aux-francos-de-montreal-et-au-festival-de-tadoussac\\\/#article\",\"isPartOf\":{\"@id\":\"https:\\\/\\\/hierostrasbourg.com\\\/index.php\\\/2022\\\/04\\\/09\\\/delegation-professionnelle-musique-participez-aux-francos-de-montreal-et-au-festival-de-tadoussac\\\/\"},\"author\":{\"name\":\"\",\"@id\":\"\"},\"headline\":\"D\u00e9l\u00e9gation professionnelle musique : participez aux Francos de Montr\u00e9al et au festival de Tadoussac\",\"datePublished\":\"2022-04-09T12:31:10+00:00\",\"mainEntityOfPage\":{\"@id\":\"https:\\\/\\\/hierostrasbourg.com\\\/index.php\\\/2022\\\/04\\\/09\\\/delegation-professionnelle-musique-participez-aux-francos-de-montreal-et-au-festival-de-tadoussac\\\/\"},\"wordCount\":151,\"publisher\":{\"@id\":\"https:\\\/\\\/hierostrasbourg.com\\\/#organization\"},\"inLanguage\":\"fr-FR\"},{\"@type\":\"WebPage\",\"@id\":\"https:\\\/\\\/hierostrasbourg.com\\\/index.php\\\/2022\\\/04\\\/09\\\/delegation-professionnelle-musique-participez-aux-francos-de-montreal-et-au-festival-de-tadoussac\\\/\",\"url\":\"https:\\\/\\\/hierostrasbourg.com\\\/index.php\\\/2022\\\/04\\\/09\\\/delegation-professionnelle-musique-participez-aux-francos-de-montreal-et-au-festival-de-tadoussac\\\/\",\"name\":\"D\u00e9l\u00e9gation professionnelle musique : participez aux Francos de Montr\u00e9al et au festival de Tadoussac - HIERO STRASBOURG\",\"isPartOf\":{\"@id\":\"https:\\\/\\\/hierostrasbourg.com\\\/#website\"},\"datePublished\":\"2022-04-09T12:31:10+00:00\",\"breadcrumb\":{\"@id\":\"https:\\\/\\\/hierostrasbourg.com\\\/index.php\\\/2022\\\/04\\\/09\\\/delegation-professionnelle-musique-participez-aux-francos-de-montreal-et-au-festival-de-tadoussac\\\/#breadcrumb\"},\"inLanguage\":\"fr-FR\",\"potentialAction\":[{\"@type\":\"ReadAction\",\"target\":[\"https:\\\/\\\/hierostrasbourg.com\\\/index.php\\\/2022\\\/04\\\/09\\\/delegation-professionnelle-musique-participez-aux-francos-de-montreal-et-au-festival-de-tadoussac\\\/\"]}]},{\"@type\":\"BreadcrumbList\",\"@id\":\"https:\\\/\\\/hierostrasbourg.com\\\/index.php\\\/2022\\\/04\\\/09\\\/delegation-professionnelle-musique-participez-aux-francos-de-montreal-et-au-festival-de-tadoussac\\\/#breadcrumb\",\"itemListElement\":[{\"@type\":\"ListItem\",\"position\":1,\"name\":\"Accueil\",\"item\":\"https:\\\/\\\/hierostrasbourg.com\\\/\"},{\"@type\":\"ListItem\",\"position\":2,\"name\":\"D\u00e9l\u00e9gation professionnelle musique : participez aux Francos de Montr\u00e9al et au festival de Tadoussac\"}]},{\"@type\":\"WebSite\",\"@id\":\"https:\\\/\\\/hierostrasbourg.com\\\/#website\",\"url\":\"https:\\\/\\\/hierostrasbourg.com\\\/\",\"name\":\"HIERO STRASBOURG\",\"description\":\"Centre de Ressources Musiques Actuelles\",\"publisher\":{\"@id\":\"https:\\\/\\\/hierostrasbourg.com\\\/#organization\"},\"potentialAction\":[{\"@type\":\"SearchAction\",\"target\":{\"@type\":\"EntryPoint\",\"urlTemplate\":\"https:\\\/\\\/hierostrasbourg.com\\\/?s={search_term_string}\"},\"query-input\":{\"@type\":\"PropertyValueSpecification\",\"valueRequired\":true,\"valueName\":\"search_term_string\"}}],\"inLanguage\":\"fr-FR\"},{\"@type\":\"Organization\",\"@id\":\"https:\\\/\\\/hierostrasbourg.com\\\/#organization\",\"name\":\"F\u00e9d\u00e9ration Hi\u00e9ro Strasbourg\",\"url\":\"https:\\\/\\\/hierostrasbourg.com\\\/\",\"logo\":{\"@type\":\"ImageObject\",\"inLanguage\":\"fr-FR\",\"@id\":\"https:\\\/\\\/hierostrasbourg.com\\\/#\\\/schema\\\/logo\\\/image\\\/\",\"url\":\"https:\\\/\\\/hierostrasbourg.com\\\/wp-content\\\/uploads\\\/2026\\\/04\\\/logo-hiero-strasbourg.jpg\",\"contentUrl\":\"https:\\\/\\\/hierostrasbourg.com\\\/wp-content\\\/uploads\\\/2026\\\/04\\\/logo-hiero-strasbourg.jpg\",\"width\":204,\"height\":192,\"caption\":\"F\u00e9d\u00e9ration Hi\u00e9ro Strasbourg\"},\"image\":{\"@id\":\"https:\\\/\\\/hierostrasbourg.com\\\/#\\\/schema\\\/logo\\\/image\\\/\"},\"sameAs\":[\"https:\\\/\\\/www.facebook.com\\\/fedehierostrasbourg\",\"https:\\\/\\\/x.com\\\/hierostrasbourg\"]}]}<\/script>\n<!-- \/ Yoast SEO plugin. -->","yoast_head_json":{"title":"D\u00e9l\u00e9gation professionnelle musique : participez aux Francos de Montr\u00e9al et au festival de Tadoussac - HIERO STRASBOURG","robots":{"index":"index","follow":"follow","max-snippet":"max-snippet:-1","max-image-preview":"max-image-preview:large","max-video-preview":"max-video-preview:-1"},"canonical":"https:\/\/hierostrasbourg.com\/index.php\/2022\/04\/09\/delegation-professionnelle-musique-participez-aux-francos-de-montreal-et-au-festival-de-tadoussac\/","og_locale":"fr_FR","og_type":"article","og_title":"D\u00e9l\u00e9gation professionnelle musique : participez aux Francos de Montr\u00e9al et au festival de Tadoussac - HIERO STRASBOURG","og_description":"Montr\u00e9al et Tadoussac, Qu\u00e9bec Du 13 juin au 20 juin 2022 Date limite de candidature : 15 avril 2022 Pour 2022, les Francos de Montr\u00e9al et le Festival de la chanson de Tadoussac s\u2019associent avec l\u2019Office franco-qu\u00e9b\u00e9cois pour la jeunesse afin de proposer un programme unique \u00e0 destination de cinq professionnels de la chanson et des musiques actuelles francophones. Les Francos de Montr\u00e9al Le plus grand \u00e9v\u00e9nement musical francophone au monde ! Les Francos de Montr\u00e9al sont une soci\u00e9t\u00e9 sans [&hellip;]","og_url":"https:\/\/hierostrasbourg.com\/index.php\/2022\/04\/09\/delegation-professionnelle-musique-participez-aux-francos-de-montreal-et-au-festival-de-tadoussac\/","og_site_name":"HIERO STRASBOURG","article_publisher":"https:\/\/www.facebook.com\/fedehierostrasbourg","article_published_time":"2022-04-09T12:31:10+00:00","twitter_card":"summary_large_image","twitter_creator":"@hierostrasbourg","twitter_site":"@hierostrasbourg","twitter_misc":{"Dur\u00e9e de lecture estim\u00e9e":"1 minute"},"schema":{"@context":"https:\/\/schema.org","@graph":[{"@type":"Article","@id":"https:\/\/hierostrasbourg.com\/index.php\/2022\/04\/09\/delegation-professionnelle-musique-participez-aux-francos-de-montreal-et-au-festival-de-tadoussac\/#article","isPartOf":{"@id":"https:\/\/hierostrasbourg.com\/index.php\/2022\/04\/09\/delegation-professionnelle-musique-participez-aux-francos-de-montreal-et-au-festival-de-tadoussac\/"},"author":{"name":"","@id":""},"headline":"D\u00e9l\u00e9gation professionnelle musique : participez aux Francos de Montr\u00e9al et au festival de Tadoussac","datePublished":"2022-04-09T12:31:10+00:00","mainEntityOfPage":{"@id":"https:\/\/hierostrasbourg.com\/index.php\/2022\/04\/09\/delegation-professionnelle-musique-participez-aux-francos-de-montreal-et-au-festival-de-tadoussac\/"},"wordCount":151,"publisher":{"@id":"https:\/\/hierostrasbourg.com\/#organization"},"inLanguage":"fr-FR"},{"@type":"WebPage","@id":"https:\/\/hierostrasbourg.com\/index.php\/2022\/04\/09\/delegation-professionnelle-musique-participez-aux-francos-de-montreal-et-au-festival-de-tadoussac\/","url":"https:\/\/hierostrasbourg.com\/index.php\/2022\/04\/09\/delegation-professionnelle-musique-participez-aux-francos-de-montreal-et-au-festival-de-tadoussac\/","name":"D\u00e9l\u00e9gation professionnelle musique : participez aux Francos de Montr\u00e9al et au festival de Tadoussac - HIERO STRASBOURG","isPartOf":{"@id":"https:\/\/hierostrasbourg.com\/#website"},"datePublished":"2022-04-09T12:31:10+00:00","breadcrumb":{"@id":"https:\/\/hierostrasbourg.com\/index.php\/2022\/04\/09\/delegation-professionnelle-musique-participez-aux-francos-de-montreal-et-au-festival-de-tadoussac\/#breadcrumb"},"inLanguage":"fr-FR","potentialAction":[{"@type":"ReadAction","target":["https:\/\/hierostrasbourg.com\/index.php\/2022\/04\/09\/delegation-professionnelle-musique-participez-aux-francos-de-montreal-et-au-festival-de-tadoussac\/"]}]},{"@type":"BreadcrumbList","@id":"https:\/\/hierostrasbourg.com\/index.php\/2022\/04\/09\/delegation-professionnelle-musique-participez-aux-francos-de-montreal-et-au-festival-de-tadoussac\/#breadcrumb","itemListElement":[{"@type":"ListItem","position":1,"name":"Accueil","item":"https:\/\/hierostrasbourg.com\/"},{"@type":"ListItem","position":2,"name":"D\u00e9l\u00e9gation professionnelle musique : participez aux Francos de Montr\u00e9al et au festival de Tadoussac"}]},{"@type":"WebSite","@id":"https:\/\/hierostrasbourg.com\/#website","url":"https:\/\/hierostrasbourg.com\/","name":"HIERO STRASBOURG","description":"Centre de Ressources Musiques Actuelles","publisher":{"@id":"https:\/\/hierostrasbourg.com\/#organization"},"potentialAction":[{"@type":"SearchAction","target":{"@type":"EntryPoint","urlTemplate":"https:\/\/hierostrasbourg.com\/?s={search_term_string}"},"query-input":{"@type":"PropertyValueSpecification","valueRequired":true,"valueName":"search_term_string"}}],"inLanguage":"fr-FR"},{"@type":"Organization","@id":"https:\/\/hierostrasbourg.com\/#organization","name":"F\u00e9d\u00e9ration Hi\u00e9ro Strasbourg","url":"https:\/\/hierostrasbourg.com\/","logo":{"@type":"ImageObject","inLanguage":"fr-FR","@id":"https:\/\/hierostrasbourg.com\/#\/schema\/logo\/image\/","url":"https:\/\/hierostrasbourg.com\/wp-content\/uploads\/2026\/04\/logo-hiero-strasbourg.jpg","contentUrl":"https:\/\/hierostrasbourg.com\/wp-content\/uploads\/2026\/04\/logo-hiero-strasbourg.jpg","width":204,"height":192,"caption":"F\u00e9d\u00e9ration Hi\u00e9ro Strasbourg"},"image":{"@id":"https:\/\/hierostrasbourg.com\/#\/schema\/logo\/image\/"},"sameAs":["https:\/\/www.facebook.com\/fedehierostrasbourg","https:\/\/x.com\/hierostrasbourg"]}]}},"_links":{"self":[{"href":"https:\/\/hierostrasbourg.com\/index.php\/wp-json\/wp\/v2\/posts\/2223","targetHints":{"allow":["GET"]}}],"collection":[{"href":"https:\/\/hierostrasbourg.com\/index.php\/wp-json\/wp\/v2\/posts"}],"about":[{"href":"https:\/\/hierostrasbourg.com\/index.php\/wp-json\/wp\/v2\/types\/post"}],"replies":[{"embeddable":true,"href":"https:\/\/hierostrasbourg.com\/index.php\/wp-json\/wp\/v2\/comments?post=2223"}],"version-history":[{"count":0,"href":"https:\/\/hierostrasbourg.com\/index.php\/wp-json\/wp\/v2\/posts\/2223\/revisions"}],"wp:attachment":[{"href":"https:\/\/hierostrasbourg.com\/index.php\/wp-json\/wp\/v2\/media?parent=2223"}],"wp:term":[{"taxonomy":"category","embeddable":true,"href":"https:\/\/hierostrasbourg.com\/index.php\/wp-json\/wp\/v2\/categories?post=2223"},{"taxonomy":"post_tag","embeddable":true,"href":"https:\/\/hierostrasbourg.com\/index.php\/wp-json\/wp\/v2\/tags?post=2223"}],"curies":[{"name":"wp","href":"https:\/\/api.w.org\/{rel}","templated":true}]}}