{"id":2214,"date":"2022-04-07T22:31:01","date_gmt":"2022-04-07T20:31:01","guid":{"rendered":"https:\/\/hierostrasbourg.com\/index.php\/2022\/04\/07\/la-pandemie-a-provoque-la-modification-du-paysage-sonore-la-plus-exceptionnelle-depuis-un-siecle\/"},"modified":"2022-04-07T22:31:01","modified_gmt":"2022-04-07T20:31:01","slug":"la-pandemie-a-provoque-la-modification-du-paysage-sonore-la-plus-exceptionnelle-depuis-un-siecle","status":"publish","type":"post","link":"https:\/\/hierostrasbourg.com\/index.php\/2022\/04\/07\/la-pandemie-a-provoque-la-modification-du-paysage-sonore-la-plus-exceptionnelle-depuis-un-siecle\/","title":{"rendered":"\u201cLa pand\u00e9mie a provoqu\u00e9 la modification du paysage sonore la plus exceptionnelle depuis un si\u00e8cle\u201d"},"content":{"rendered":"<p><em>Fatigu\u00e9s des \u00ab taa dam t\u00e2-d\u00e2m \u00bb, \u00ab tu-t\u00fb-du d\u00fb\u00fb\u00fb\u00fb \u00bb et autres \u00ab clic \u00bb qui parasitent l\u2019espace public\u202f? Nous avons demand\u00e9 \u00e0 la chercheuse ind\u00e9pendante Juliette Volcler, autrice de l\u2019essai L\u2019Orchestration du quotidien (\u00e9ditions La D\u00e9couverte), comment r\u00e9inventer le design sonore au XXI\u00e8me si\u00e8cle.<\/em><\/p>\n<p>Source \/ Lire la suite : <a href=\"https:\/\/usbeketrica.com\/fr\/article\/la-pandemie-a-provoque-la-modification-du-paysage-sonore-la-plus-exceptionnelle-depuis-un-siecle\" target=\"_blank\" rel=\"noopener\">\u201cLa pand\u00e9mie a provoqu\u00e9 la modification du paysage sonore la plus exceptionnelle depuis un si\u00e8cle\u201d<\/a><\/p>\n<p>L\u2019article <a href=\"https:\/\/popburo.fr\/la-pandemie-a-provoque-la-modification-du-paysage-sonore-la-plus-exceptionnelle-depuis-un-siecle\/\">\u201cLa pand\u00e9mie a provoqu\u00e9 la modification du paysage sonore la plus exceptionnelle depuis un si\u00e8cle\u201d<\/a> est apparu en premier sur <a href=\"https:\/\/popburo.fr\/\">POP B\u00dcRO<\/a>.<\/p>\n","protected":false},"excerpt":{"rendered":"<p>Fatigu\u00e9s des \u00ab taa dam t\u00e2-d\u00e2m \u00bb, \u00ab tu-t\u00fb-du d\u00fb\u00fb\u00fb\u00fb \u00bb et autres \u00ab clic \u00bb qui parasitent l\u2019espace public\u202f? Nous avons demand\u00e9 \u00e0 la chercheuse ind\u00e9pendante Juliette Volcler, autrice de l\u2019essai L\u2019Orchestration du quotidien (\u00e9ditions La D\u00e9couverte), comment r\u00e9inventer le design sonore au XXI\u00e8me si\u00e8cle. Source \/ Lire la suite : \u201cLa pand\u00e9mie a provoqu\u00e9 la modification du paysage sonore la plus exceptionnelle depuis un si\u00e8cle\u201d L\u2019article \u201cLa pand\u00e9mie a provoqu\u00e9 la modification du paysage sonore la plus exceptionnelle [&hellip;]<\/p>\n","protected":false},"author":0,"featured_media":0,"comment_status":"closed","ping_status":"open","sticky":false,"template":"","format":"standard","meta":{"footnotes":""},"categories":[1],"tags":[],"class_list":["post-2214","post","type-post","status-publish","format-standard","hentry","category-non-classe"],"yoast_head":"<!-- This site is optimized with the Yoast SEO plugin v27.4 - https:\/\/yoast.com\/product\/yoast-seo-wordpress\/ -->\n<title>\u201cLa pand\u00e9mie a provoqu\u00e9 la modification du paysage sonore la plus exceptionnelle depuis un si\u00e8cle\u201d - HIERO STRASBOURG<\/title>\n<meta name=\"robots\" content=\"index, follow, max-snippet:-1, max-image-preview:large, max-video-preview:-1\" \/>\n<link rel=\"canonical\" href=\"https:\/\/hierostrasbourg.com\/index.php\/2022\/04\/07\/la-pandemie-a-provoque-la-modification-du-paysage-sonore-la-plus-exceptionnelle-depuis-un-siecle\/\" \/>\n<meta property=\"og:locale\" content=\"fr_FR\" \/>\n<meta property=\"og:type\" content=\"article\" \/>\n<meta property=\"og:title\" content=\"\u201cLa pand\u00e9mie a provoqu\u00e9 la modification du paysage sonore la plus exceptionnelle depuis un si\u00e8cle\u201d - HIERO STRASBOURG\" \/>\n<meta property=\"og:description\" content=\"Fatigu\u00e9s des \u00ab taa dam t\u00e2-d\u00e2m \u00bb, \u00ab tu-t\u00fb-du d\u00fb\u00fb\u00fb\u00fb \u00bb et autres \u00ab clic \u00bb qui parasitent l\u2019espace public\u202f? Nous avons demand\u00e9 \u00e0 la chercheuse ind\u00e9pendante Juliette Volcler, autrice de l\u2019essai L\u2019Orchestration du quotidien (\u00e9ditions La D\u00e9couverte), comment r\u00e9inventer le design sonore au XXI\u00e8me si\u00e8cle. Source \/ Lire la suite : \u201cLa pand\u00e9mie a provoqu\u00e9 la modification du paysage sonore la plus exceptionnelle depuis un si\u00e8cle\u201d L\u2019article \u201cLa pand\u00e9mie a provoqu\u00e9 la modification du paysage sonore la plus exceptionnelle [&hellip;]\" \/>\n<meta property=\"og:url\" content=\"https:\/\/hierostrasbourg.com\/index.php\/2022\/04\/07\/la-pandemie-a-provoque-la-modification-du-paysage-sonore-la-plus-exceptionnelle-depuis-un-siecle\/\" \/>\n<meta property=\"og:site_name\" content=\"HIERO STRASBOURG\" \/>\n<meta property=\"article:publisher\" content=\"https:\/\/www.facebook.com\/fedehierostrasbourg\" \/>\n<meta property=\"article:published_time\" content=\"2022-04-07T20:31:01+00:00\" \/>\n<meta name=\"twitter:card\" content=\"summary_large_image\" \/>\n<meta name=\"twitter:creator\" content=\"@hierostrasbourg\" \/>\n<meta name=\"twitter:site\" content=\"@hierostrasbourg\" \/>\n<script type=\"application\/ld+json\" class=\"yoast-schema-graph\">{\"@context\":\"https:\\\/\\\/schema.org\",\"@graph\":[{\"@type\":\"Article\",\"@id\":\"https:\\\/\\\/hierostrasbourg.com\\\/index.php\\\/2022\\\/04\\\/07\\\/la-pandemie-a-provoque-la-modification-du-paysage-sonore-la-plus-exceptionnelle-depuis-un-siecle\\\/#article\",\"isPartOf\":{\"@id\":\"https:\\\/\\\/hierostrasbourg.com\\\/index.php\\\/2022\\\/04\\\/07\\\/la-pandemie-a-provoque-la-modification-du-paysage-sonore-la-plus-exceptionnelle-depuis-un-siecle\\\/\"},\"author\":{\"name\":\"\",\"@id\":\"\"},\"headline\":\"\u201cLa pand\u00e9mie a provoqu\u00e9 la modification du paysage sonore la plus exceptionnelle depuis un si\u00e8cle\u201d\",\"datePublished\":\"2022-04-07T20:31:01+00:00\",\"mainEntityOfPage\":{\"@id\":\"https:\\\/\\\/hierostrasbourg.com\\\/index.php\\\/2022\\\/04\\\/07\\\/la-pandemie-a-provoque-la-modification-du-paysage-sonore-la-plus-exceptionnelle-depuis-un-siecle\\\/\"},\"wordCount\":116,\"publisher\":{\"@id\":\"https:\\\/\\\/hierostrasbourg.com\\\/#organization\"},\"inLanguage\":\"fr-FR\"},{\"@type\":\"WebPage\",\"@id\":\"https:\\\/\\\/hierostrasbourg.com\\\/index.php\\\/2022\\\/04\\\/07\\\/la-pandemie-a-provoque-la-modification-du-paysage-sonore-la-plus-exceptionnelle-depuis-un-siecle\\\/\",\"url\":\"https:\\\/\\\/hierostrasbourg.com\\\/index.php\\\/2022\\\/04\\\/07\\\/la-pandemie-a-provoque-la-modification-du-paysage-sonore-la-plus-exceptionnelle-depuis-un-siecle\\\/\",\"name\":\"\u201cLa pand\u00e9mie a provoqu\u00e9 la modification du paysage sonore la plus exceptionnelle depuis un si\u00e8cle\u201d - HIERO STRASBOURG\",\"isPartOf\":{\"@id\":\"https:\\\/\\\/hierostrasbourg.com\\\/#website\"},\"datePublished\":\"2022-04-07T20:31:01+00:00\",\"breadcrumb\":{\"@id\":\"https:\\\/\\\/hierostrasbourg.com\\\/index.php\\\/2022\\\/04\\\/07\\\/la-pandemie-a-provoque-la-modification-du-paysage-sonore-la-plus-exceptionnelle-depuis-un-siecle\\\/#breadcrumb\"},\"inLanguage\":\"fr-FR\",\"potentialAction\":[{\"@type\":\"ReadAction\",\"target\":[\"https:\\\/\\\/hierostrasbourg.com\\\/index.php\\\/2022\\\/04\\\/07\\\/la-pandemie-a-provoque-la-modification-du-paysage-sonore-la-plus-exceptionnelle-depuis-un-siecle\\\/\"]}]},{\"@type\":\"BreadcrumbList\",\"@id\":\"https:\\\/\\\/hierostrasbourg.com\\\/index.php\\\/2022\\\/04\\\/07\\\/la-pandemie-a-provoque-la-modification-du-paysage-sonore-la-plus-exceptionnelle-depuis-un-siecle\\\/#breadcrumb\",\"itemListElement\":[{\"@type\":\"ListItem\",\"position\":1,\"name\":\"Accueil\",\"item\":\"https:\\\/\\\/hierostrasbourg.com\\\/\"},{\"@type\":\"ListItem\",\"position\":2,\"name\":\"\u201cLa pand\u00e9mie a provoqu\u00e9 la modification du paysage sonore la plus exceptionnelle depuis un si\u00e8cle\u201d\"}]},{\"@type\":\"WebSite\",\"@id\":\"https:\\\/\\\/hierostrasbourg.com\\\/#website\",\"url\":\"https:\\\/\\\/hierostrasbourg.com\\\/\",\"name\":\"HIERO STRASBOURG\",\"description\":\"Centre de Ressources Musiques Actuelles\",\"publisher\":{\"@id\":\"https:\\\/\\\/hierostrasbourg.com\\\/#organization\"},\"potentialAction\":[{\"@type\":\"SearchAction\",\"target\":{\"@type\":\"EntryPoint\",\"urlTemplate\":\"https:\\\/\\\/hierostrasbourg.com\\\/?s={search_term_string}\"},\"query-input\":{\"@type\":\"PropertyValueSpecification\",\"valueRequired\":true,\"valueName\":\"search_term_string\"}}],\"inLanguage\":\"fr-FR\"},{\"@type\":\"Organization\",\"@id\":\"https:\\\/\\\/hierostrasbourg.com\\\/#organization\",\"name\":\"F\u00e9d\u00e9ration Hi\u00e9ro Strasbourg\",\"url\":\"https:\\\/\\\/hierostrasbourg.com\\\/\",\"logo\":{\"@type\":\"ImageObject\",\"inLanguage\":\"fr-FR\",\"@id\":\"https:\\\/\\\/hierostrasbourg.com\\\/#\\\/schema\\\/logo\\\/image\\\/\",\"url\":\"https:\\\/\\\/hierostrasbourg.com\\\/wp-content\\\/uploads\\\/2026\\\/04\\\/logo-hiero-strasbourg.jpg\",\"contentUrl\":\"https:\\\/\\\/hierostrasbourg.com\\\/wp-content\\\/uploads\\\/2026\\\/04\\\/logo-hiero-strasbourg.jpg\",\"width\":204,\"height\":192,\"caption\":\"F\u00e9d\u00e9ration Hi\u00e9ro Strasbourg\"},\"image\":{\"@id\":\"https:\\\/\\\/hierostrasbourg.com\\\/#\\\/schema\\\/logo\\\/image\\\/\"},\"sameAs\":[\"https:\\\/\\\/www.facebook.com\\\/fedehierostrasbourg\",\"https:\\\/\\\/x.com\\\/hierostrasbourg\"]}]}<\/script>\n<!-- \/ Yoast SEO plugin. -->","yoast_head_json":{"title":"\u201cLa pand\u00e9mie a provoqu\u00e9 la modification du paysage sonore la plus exceptionnelle depuis un si\u00e8cle\u201d - HIERO STRASBOURG","robots":{"index":"index","follow":"follow","max-snippet":"max-snippet:-1","max-image-preview":"max-image-preview:large","max-video-preview":"max-video-preview:-1"},"canonical":"https:\/\/hierostrasbourg.com\/index.php\/2022\/04\/07\/la-pandemie-a-provoque-la-modification-du-paysage-sonore-la-plus-exceptionnelle-depuis-un-siecle\/","og_locale":"fr_FR","og_type":"article","og_title":"\u201cLa pand\u00e9mie a provoqu\u00e9 la modification du paysage sonore la plus exceptionnelle depuis un si\u00e8cle\u201d - HIERO STRASBOURG","og_description":"Fatigu\u00e9s des \u00ab taa dam t\u00e2-d\u00e2m \u00bb, \u00ab tu-t\u00fb-du d\u00fb\u00fb\u00fb\u00fb \u00bb et autres \u00ab clic \u00bb qui parasitent l\u2019espace public\u202f? Nous avons demand\u00e9 \u00e0 la chercheuse ind\u00e9pendante Juliette Volcler, autrice de l\u2019essai L\u2019Orchestration du quotidien (\u00e9ditions La D\u00e9couverte), comment r\u00e9inventer le design sonore au XXI\u00e8me si\u00e8cle. Source \/ Lire la suite : \u201cLa pand\u00e9mie a provoqu\u00e9 la modification du paysage sonore la plus exceptionnelle depuis un si\u00e8cle\u201d L\u2019article \u201cLa pand\u00e9mie a provoqu\u00e9 la modification du paysage sonore la plus exceptionnelle [&hellip;]","og_url":"https:\/\/hierostrasbourg.com\/index.php\/2022\/04\/07\/la-pandemie-a-provoque-la-modification-du-paysage-sonore-la-plus-exceptionnelle-depuis-un-siecle\/","og_site_name":"HIERO STRASBOURG","article_publisher":"https:\/\/www.facebook.com\/fedehierostrasbourg","article_published_time":"2022-04-07T20:31:01+00:00","twitter_card":"summary_large_image","twitter_creator":"@hierostrasbourg","twitter_site":"@hierostrasbourg","schema":{"@context":"https:\/\/schema.org","@graph":[{"@type":"Article","@id":"https:\/\/hierostrasbourg.com\/index.php\/2022\/04\/07\/la-pandemie-a-provoque-la-modification-du-paysage-sonore-la-plus-exceptionnelle-depuis-un-siecle\/#article","isPartOf":{"@id":"https:\/\/hierostrasbourg.com\/index.php\/2022\/04\/07\/la-pandemie-a-provoque-la-modification-du-paysage-sonore-la-plus-exceptionnelle-depuis-un-siecle\/"},"author":{"name":"","@id":""},"headline":"\u201cLa pand\u00e9mie a provoqu\u00e9 la modification du paysage sonore la plus exceptionnelle depuis un si\u00e8cle\u201d","datePublished":"2022-04-07T20:31:01+00:00","mainEntityOfPage":{"@id":"https:\/\/hierostrasbourg.com\/index.php\/2022\/04\/07\/la-pandemie-a-provoque-la-modification-du-paysage-sonore-la-plus-exceptionnelle-depuis-un-siecle\/"},"wordCount":116,"publisher":{"@id":"https:\/\/hierostrasbourg.com\/#organization"},"inLanguage":"fr-FR"},{"@type":"WebPage","@id":"https:\/\/hierostrasbourg.com\/index.php\/2022\/04\/07\/la-pandemie-a-provoque-la-modification-du-paysage-sonore-la-plus-exceptionnelle-depuis-un-siecle\/","url":"https:\/\/hierostrasbourg.com\/index.php\/2022\/04\/07\/la-pandemie-a-provoque-la-modification-du-paysage-sonore-la-plus-exceptionnelle-depuis-un-siecle\/","name":"\u201cLa pand\u00e9mie a provoqu\u00e9 la modification du paysage sonore la plus exceptionnelle depuis un si\u00e8cle\u201d - HIERO STRASBOURG","isPartOf":{"@id":"https:\/\/hierostrasbourg.com\/#website"},"datePublished":"2022-04-07T20:31:01+00:00","breadcrumb":{"@id":"https:\/\/hierostrasbourg.com\/index.php\/2022\/04\/07\/la-pandemie-a-provoque-la-modification-du-paysage-sonore-la-plus-exceptionnelle-depuis-un-siecle\/#breadcrumb"},"inLanguage":"fr-FR","potentialAction":[{"@type":"ReadAction","target":["https:\/\/hierostrasbourg.com\/index.php\/2022\/04\/07\/la-pandemie-a-provoque-la-modification-du-paysage-sonore-la-plus-exceptionnelle-depuis-un-siecle\/"]}]},{"@type":"BreadcrumbList","@id":"https:\/\/hierostrasbourg.com\/index.php\/2022\/04\/07\/la-pandemie-a-provoque-la-modification-du-paysage-sonore-la-plus-exceptionnelle-depuis-un-siecle\/#breadcrumb","itemListElement":[{"@type":"ListItem","position":1,"name":"Accueil","item":"https:\/\/hierostrasbourg.com\/"},{"@type":"ListItem","position":2,"name":"\u201cLa pand\u00e9mie a provoqu\u00e9 la modification du paysage sonore la plus exceptionnelle depuis un si\u00e8cle\u201d"}]},{"@type":"WebSite","@id":"https:\/\/hierostrasbourg.com\/#website","url":"https:\/\/hierostrasbourg.com\/","name":"HIERO STRASBOURG","description":"Centre de Ressources Musiques Actuelles","publisher":{"@id":"https:\/\/hierostrasbourg.com\/#organization"},"potentialAction":[{"@type":"SearchAction","target":{"@type":"EntryPoint","urlTemplate":"https:\/\/hierostrasbourg.com\/?s={search_term_string}"},"query-input":{"@type":"PropertyValueSpecification","valueRequired":true,"valueName":"search_term_string"}}],"inLanguage":"fr-FR"},{"@type":"Organization","@id":"https:\/\/hierostrasbourg.com\/#organization","name":"F\u00e9d\u00e9ration Hi\u00e9ro Strasbourg","url":"https:\/\/hierostrasbourg.com\/","logo":{"@type":"ImageObject","inLanguage":"fr-FR","@id":"https:\/\/hierostrasbourg.com\/#\/schema\/logo\/image\/","url":"https:\/\/hierostrasbourg.com\/wp-content\/uploads\/2026\/04\/logo-hiero-strasbourg.jpg","contentUrl":"https:\/\/hierostrasbourg.com\/wp-content\/uploads\/2026\/04\/logo-hiero-strasbourg.jpg","width":204,"height":192,"caption":"F\u00e9d\u00e9ration Hi\u00e9ro Strasbourg"},"image":{"@id":"https:\/\/hierostrasbourg.com\/#\/schema\/logo\/image\/"},"sameAs":["https:\/\/www.facebook.com\/fedehierostrasbourg","https:\/\/x.com\/hierostrasbourg"]}]}},"_links":{"self":[{"href":"https:\/\/hierostrasbourg.com\/index.php\/wp-json\/wp\/v2\/posts\/2214","targetHints":{"allow":["GET"]}}],"collection":[{"href":"https:\/\/hierostrasbourg.com\/index.php\/wp-json\/wp\/v2\/posts"}],"about":[{"href":"https:\/\/hierostrasbourg.com\/index.php\/wp-json\/wp\/v2\/types\/post"}],"replies":[{"embeddable":true,"href":"https:\/\/hierostrasbourg.com\/index.php\/wp-json\/wp\/v2\/comments?post=2214"}],"version-history":[{"count":0,"href":"https:\/\/hierostrasbourg.com\/index.php\/wp-json\/wp\/v2\/posts\/2214\/revisions"}],"wp:attachment":[{"href":"https:\/\/hierostrasbourg.com\/index.php\/wp-json\/wp\/v2\/media?parent=2214"}],"wp:term":[{"taxonomy":"category","embeddable":true,"href":"https:\/\/hierostrasbourg.com\/index.php\/wp-json\/wp\/v2\/categories?post=2214"},{"taxonomy":"post_tag","embeddable":true,"href":"https:\/\/hierostrasbourg.com\/index.php\/wp-json\/wp\/v2\/tags?post=2214"}],"curies":[{"name":"wp","href":"https:\/\/api.w.org\/{rel}","templated":true}]}}