{"id":2213,"date":"2022-04-07T20:32:09","date_gmt":"2022-04-07T18:32:09","guid":{"rendered":"https:\/\/hierostrasbourg.com\/index.php\/2022\/04\/07\/appel-a-projets-ete-culturel-2022-2\/"},"modified":"2022-04-07T20:32:09","modified_gmt":"2022-04-07T18:32:09","slug":"appel-a-projets-ete-culturel-2022-2","status":"publish","type":"post","link":"https:\/\/hierostrasbourg.com\/index.php\/2022\/04\/07\/appel-a-projets-ete-culturel-2022-2\/","title":{"rendered":"Appel \u00e0 projets \u201c\u00c9t\u00e9 culturel 2022\u201d"},"content":{"rendered":"<p>Votre structure propose un projet culturel en \u00e9t\u00e9 ? Le minist\u00e8re de la Culture apporte un soutien financier \u00e0 des projets culturels et artistiques en ce sens, organis\u00e9s en juillet et en ao\u00fbt. Pr\u00e9sentation du dispositif Qu\u2019est-ce que l\u2019\u00e9t\u00e9 culturel ? Lanc\u00e9 en 2020, l\u2019\u00e9t\u00e9 culturel est une op\u00e9ration nationale visant \u00e0\u00a0soutenir des propositions artistiques et culturelles\u00a0(concerts, repr\u00e9sentations, ateliers, projets participatifs\u2026), toutes disciplines confondues, ayant lieu en juillet et ao\u00fbt. Ces\u00a0 projets peuvent \u00eatre propos\u00e9s par une association, un particulier, [\u2026]<\/p>\n<p>L\u2019article <a href=\"https:\/\/musiquesactuelles.alsace\/appel-a-projets-ete-culturel-2022\/\">Appel \u00e0 projets \u201c\u00c9t\u00e9 culturel 2022\u201d<\/a> est apparu en premier sur <a href=\"https:\/\/musiquesactuelles.alsace\/\">Musiques Actuelles en Alsace<\/a>.<\/p>\n<p>L\u2019article <a href=\"https:\/\/popburo.fr\/appel-a-projets-ete-culturel-2022-2\/\">Appel \u00e0 projets \u201c\u00c9t\u00e9 culturel 2022\u201d<\/a> est apparu en premier sur <a href=\"https:\/\/popburo.fr\/\">POP B\u00dcRO<\/a>.<\/p>\n","protected":false},"excerpt":{"rendered":"<p>Votre structure propose un projet culturel en \u00e9t\u00e9 ? Le minist\u00e8re de la Culture apporte un soutien financier \u00e0 des projets culturels et artistiques en ce sens, organis\u00e9s en juillet et en ao\u00fbt. Pr\u00e9sentation du dispositif Qu\u2019est-ce que l\u2019\u00e9t\u00e9 culturel ? Lanc\u00e9 en 2020, l\u2019\u00e9t\u00e9 culturel est une op\u00e9ration nationale visant \u00e0\u00a0soutenir des propositions artistiques et culturelles\u00a0(concerts, repr\u00e9sentations, ateliers, projets participatifs\u2026), toutes disciplines confondues, ayant lieu en juillet et ao\u00fbt. Ces\u00a0 projets peuvent \u00eatre propos\u00e9s par une association, un particulier, [&hellip;]<\/p>\n","protected":false},"author":0,"featured_media":0,"comment_status":"closed","ping_status":"open","sticky":false,"template":"","format":"standard","meta":{"footnotes":""},"categories":[1],"tags":[],"class_list":["post-2213","post","type-post","status-publish","format-standard","hentry","category-non-classe"],"yoast_head":"<!-- This site is optimized with the Yoast SEO plugin v27.4 - https:\/\/yoast.com\/product\/yoast-seo-wordpress\/ -->\n<title>Appel \u00e0 projets \u201c\u00c9t\u00e9 culturel 2022\u201d - HIERO STRASBOURG<\/title>\n<meta name=\"robots\" content=\"index, follow, max-snippet:-1, max-image-preview:large, max-video-preview:-1\" \/>\n<link rel=\"canonical\" href=\"https:\/\/hierostrasbourg.com\/index.php\/2022\/04\/07\/appel-a-projets-ete-culturel-2022-2\/\" \/>\n<meta property=\"og:locale\" content=\"fr_FR\" \/>\n<meta property=\"og:type\" content=\"article\" \/>\n<meta property=\"og:title\" content=\"Appel \u00e0 projets \u201c\u00c9t\u00e9 culturel 2022\u201d - HIERO STRASBOURG\" \/>\n<meta property=\"og:description\" content=\"Votre structure propose un projet culturel en \u00e9t\u00e9 ? Le minist\u00e8re de la Culture apporte un soutien financier \u00e0 des projets culturels et artistiques en ce sens, organis\u00e9s en juillet et en ao\u00fbt. Pr\u00e9sentation du dispositif Qu\u2019est-ce que l\u2019\u00e9t\u00e9 culturel ? Lanc\u00e9 en 2020, l\u2019\u00e9t\u00e9 culturel est une op\u00e9ration nationale visant \u00e0\u00a0soutenir des propositions artistiques et culturelles\u00a0(concerts, repr\u00e9sentations, ateliers, projets participatifs\u2026), toutes disciplines confondues, ayant lieu en juillet et ao\u00fbt. Ces\u00a0 projets peuvent \u00eatre propos\u00e9s par une association, un particulier, [&hellip;]\" \/>\n<meta property=\"og:url\" content=\"https:\/\/hierostrasbourg.com\/index.php\/2022\/04\/07\/appel-a-projets-ete-culturel-2022-2\/\" \/>\n<meta property=\"og:site_name\" content=\"HIERO STRASBOURG\" \/>\n<meta property=\"article:publisher\" content=\"https:\/\/www.facebook.com\/fedehierostrasbourg\" \/>\n<meta property=\"article:published_time\" content=\"2022-04-07T18:32:09+00:00\" \/>\n<meta name=\"twitter:card\" content=\"summary_large_image\" \/>\n<meta name=\"twitter:creator\" content=\"@hierostrasbourg\" \/>\n<meta name=\"twitter:site\" content=\"@hierostrasbourg\" \/>\n<meta name=\"twitter:label1\" content=\"Dur\u00e9e de lecture estim\u00e9e\" \/>\n\t<meta name=\"twitter:data1\" content=\"1 minute\" \/>\n<script type=\"application\/ld+json\" class=\"yoast-schema-graph\">{\"@context\":\"https:\\\/\\\/schema.org\",\"@graph\":[{\"@type\":\"Article\",\"@id\":\"https:\\\/\\\/hierostrasbourg.com\\\/index.php\\\/2022\\\/04\\\/07\\\/appel-a-projets-ete-culturel-2022-2\\\/#article\",\"isPartOf\":{\"@id\":\"https:\\\/\\\/hierostrasbourg.com\\\/index.php\\\/2022\\\/04\\\/07\\\/appel-a-projets-ete-culturel-2022-2\\\/\"},\"author\":{\"name\":\"\",\"@id\":\"\"},\"headline\":\"Appel \u00e0 projets \u201c\u00c9t\u00e9 culturel 2022\u201d\",\"datePublished\":\"2022-04-07T18:32:09+00:00\",\"mainEntityOfPage\":{\"@id\":\"https:\\\/\\\/hierostrasbourg.com\\\/index.php\\\/2022\\\/04\\\/07\\\/appel-a-projets-ete-culturel-2022-2\\\/\"},\"wordCount\":121,\"publisher\":{\"@id\":\"https:\\\/\\\/hierostrasbourg.com\\\/#organization\"},\"inLanguage\":\"fr-FR\"},{\"@type\":\"WebPage\",\"@id\":\"https:\\\/\\\/hierostrasbourg.com\\\/index.php\\\/2022\\\/04\\\/07\\\/appel-a-projets-ete-culturel-2022-2\\\/\",\"url\":\"https:\\\/\\\/hierostrasbourg.com\\\/index.php\\\/2022\\\/04\\\/07\\\/appel-a-projets-ete-culturel-2022-2\\\/\",\"name\":\"Appel \u00e0 projets \u201c\u00c9t\u00e9 culturel 2022\u201d - HIERO STRASBOURG\",\"isPartOf\":{\"@id\":\"https:\\\/\\\/hierostrasbourg.com\\\/#website\"},\"datePublished\":\"2022-04-07T18:32:09+00:00\",\"breadcrumb\":{\"@id\":\"https:\\\/\\\/hierostrasbourg.com\\\/index.php\\\/2022\\\/04\\\/07\\\/appel-a-projets-ete-culturel-2022-2\\\/#breadcrumb\"},\"inLanguage\":\"fr-FR\",\"potentialAction\":[{\"@type\":\"ReadAction\",\"target\":[\"https:\\\/\\\/hierostrasbourg.com\\\/index.php\\\/2022\\\/04\\\/07\\\/appel-a-projets-ete-culturel-2022-2\\\/\"]}]},{\"@type\":\"BreadcrumbList\",\"@id\":\"https:\\\/\\\/hierostrasbourg.com\\\/index.php\\\/2022\\\/04\\\/07\\\/appel-a-projets-ete-culturel-2022-2\\\/#breadcrumb\",\"itemListElement\":[{\"@type\":\"ListItem\",\"position\":1,\"name\":\"Accueil\",\"item\":\"https:\\\/\\\/hierostrasbourg.com\\\/\"},{\"@type\":\"ListItem\",\"position\":2,\"name\":\"Appel \u00e0 projets \u201c\u00c9t\u00e9 culturel 2022\u201d\"}]},{\"@type\":\"WebSite\",\"@id\":\"https:\\\/\\\/hierostrasbourg.com\\\/#website\",\"url\":\"https:\\\/\\\/hierostrasbourg.com\\\/\",\"name\":\"HIERO STRASBOURG\",\"description\":\"Centre de Ressources Musiques Actuelles\",\"publisher\":{\"@id\":\"https:\\\/\\\/hierostrasbourg.com\\\/#organization\"},\"potentialAction\":[{\"@type\":\"SearchAction\",\"target\":{\"@type\":\"EntryPoint\",\"urlTemplate\":\"https:\\\/\\\/hierostrasbourg.com\\\/?s={search_term_string}\"},\"query-input\":{\"@type\":\"PropertyValueSpecification\",\"valueRequired\":true,\"valueName\":\"search_term_string\"}}],\"inLanguage\":\"fr-FR\"},{\"@type\":\"Organization\",\"@id\":\"https:\\\/\\\/hierostrasbourg.com\\\/#organization\",\"name\":\"F\u00e9d\u00e9ration Hi\u00e9ro Strasbourg\",\"url\":\"https:\\\/\\\/hierostrasbourg.com\\\/\",\"logo\":{\"@type\":\"ImageObject\",\"inLanguage\":\"fr-FR\",\"@id\":\"https:\\\/\\\/hierostrasbourg.com\\\/#\\\/schema\\\/logo\\\/image\\\/\",\"url\":\"https:\\\/\\\/hierostrasbourg.com\\\/wp-content\\\/uploads\\\/2026\\\/04\\\/logo-hiero-strasbourg.jpg\",\"contentUrl\":\"https:\\\/\\\/hierostrasbourg.com\\\/wp-content\\\/uploads\\\/2026\\\/04\\\/logo-hiero-strasbourg.jpg\",\"width\":204,\"height\":192,\"caption\":\"F\u00e9d\u00e9ration Hi\u00e9ro Strasbourg\"},\"image\":{\"@id\":\"https:\\\/\\\/hierostrasbourg.com\\\/#\\\/schema\\\/logo\\\/image\\\/\"},\"sameAs\":[\"https:\\\/\\\/www.facebook.com\\\/fedehierostrasbourg\",\"https:\\\/\\\/x.com\\\/hierostrasbourg\"]}]}<\/script>\n<!-- \/ Yoast SEO plugin. -->","yoast_head_json":{"title":"Appel \u00e0 projets \u201c\u00c9t\u00e9 culturel 2022\u201d - HIERO STRASBOURG","robots":{"index":"index","follow":"follow","max-snippet":"max-snippet:-1","max-image-preview":"max-image-preview:large","max-video-preview":"max-video-preview:-1"},"canonical":"https:\/\/hierostrasbourg.com\/index.php\/2022\/04\/07\/appel-a-projets-ete-culturel-2022-2\/","og_locale":"fr_FR","og_type":"article","og_title":"Appel \u00e0 projets \u201c\u00c9t\u00e9 culturel 2022\u201d - HIERO STRASBOURG","og_description":"Votre structure propose un projet culturel en \u00e9t\u00e9 ? Le minist\u00e8re de la Culture apporte un soutien financier \u00e0 des projets culturels et artistiques en ce sens, organis\u00e9s en juillet et en ao\u00fbt. Pr\u00e9sentation du dispositif Qu\u2019est-ce que l\u2019\u00e9t\u00e9 culturel ? Lanc\u00e9 en 2020, l\u2019\u00e9t\u00e9 culturel est une op\u00e9ration nationale visant \u00e0\u00a0soutenir des propositions artistiques et culturelles\u00a0(concerts, repr\u00e9sentations, ateliers, projets participatifs\u2026), toutes disciplines confondues, ayant lieu en juillet et ao\u00fbt. Ces\u00a0 projets peuvent \u00eatre propos\u00e9s par une association, un particulier, [&hellip;]","og_url":"https:\/\/hierostrasbourg.com\/index.php\/2022\/04\/07\/appel-a-projets-ete-culturel-2022-2\/","og_site_name":"HIERO STRASBOURG","article_publisher":"https:\/\/www.facebook.com\/fedehierostrasbourg","article_published_time":"2022-04-07T18:32:09+00:00","twitter_card":"summary_large_image","twitter_creator":"@hierostrasbourg","twitter_site":"@hierostrasbourg","twitter_misc":{"Dur\u00e9e de lecture estim\u00e9e":"1 minute"},"schema":{"@context":"https:\/\/schema.org","@graph":[{"@type":"Article","@id":"https:\/\/hierostrasbourg.com\/index.php\/2022\/04\/07\/appel-a-projets-ete-culturel-2022-2\/#article","isPartOf":{"@id":"https:\/\/hierostrasbourg.com\/index.php\/2022\/04\/07\/appel-a-projets-ete-culturel-2022-2\/"},"author":{"name":"","@id":""},"headline":"Appel \u00e0 projets \u201c\u00c9t\u00e9 culturel 2022\u201d","datePublished":"2022-04-07T18:32:09+00:00","mainEntityOfPage":{"@id":"https:\/\/hierostrasbourg.com\/index.php\/2022\/04\/07\/appel-a-projets-ete-culturel-2022-2\/"},"wordCount":121,"publisher":{"@id":"https:\/\/hierostrasbourg.com\/#organization"},"inLanguage":"fr-FR"},{"@type":"WebPage","@id":"https:\/\/hierostrasbourg.com\/index.php\/2022\/04\/07\/appel-a-projets-ete-culturel-2022-2\/","url":"https:\/\/hierostrasbourg.com\/index.php\/2022\/04\/07\/appel-a-projets-ete-culturel-2022-2\/","name":"Appel \u00e0 projets \u201c\u00c9t\u00e9 culturel 2022\u201d - HIERO STRASBOURG","isPartOf":{"@id":"https:\/\/hierostrasbourg.com\/#website"},"datePublished":"2022-04-07T18:32:09+00:00","breadcrumb":{"@id":"https:\/\/hierostrasbourg.com\/index.php\/2022\/04\/07\/appel-a-projets-ete-culturel-2022-2\/#breadcrumb"},"inLanguage":"fr-FR","potentialAction":[{"@type":"ReadAction","target":["https:\/\/hierostrasbourg.com\/index.php\/2022\/04\/07\/appel-a-projets-ete-culturel-2022-2\/"]}]},{"@type":"BreadcrumbList","@id":"https:\/\/hierostrasbourg.com\/index.php\/2022\/04\/07\/appel-a-projets-ete-culturel-2022-2\/#breadcrumb","itemListElement":[{"@type":"ListItem","position":1,"name":"Accueil","item":"https:\/\/hierostrasbourg.com\/"},{"@type":"ListItem","position":2,"name":"Appel \u00e0 projets \u201c\u00c9t\u00e9 culturel 2022\u201d"}]},{"@type":"WebSite","@id":"https:\/\/hierostrasbourg.com\/#website","url":"https:\/\/hierostrasbourg.com\/","name":"HIERO STRASBOURG","description":"Centre de Ressources Musiques Actuelles","publisher":{"@id":"https:\/\/hierostrasbourg.com\/#organization"},"potentialAction":[{"@type":"SearchAction","target":{"@type":"EntryPoint","urlTemplate":"https:\/\/hierostrasbourg.com\/?s={search_term_string}"},"query-input":{"@type":"PropertyValueSpecification","valueRequired":true,"valueName":"search_term_string"}}],"inLanguage":"fr-FR"},{"@type":"Organization","@id":"https:\/\/hierostrasbourg.com\/#organization","name":"F\u00e9d\u00e9ration Hi\u00e9ro Strasbourg","url":"https:\/\/hierostrasbourg.com\/","logo":{"@type":"ImageObject","inLanguage":"fr-FR","@id":"https:\/\/hierostrasbourg.com\/#\/schema\/logo\/image\/","url":"https:\/\/hierostrasbourg.com\/wp-content\/uploads\/2026\/04\/logo-hiero-strasbourg.jpg","contentUrl":"https:\/\/hierostrasbourg.com\/wp-content\/uploads\/2026\/04\/logo-hiero-strasbourg.jpg","width":204,"height":192,"caption":"F\u00e9d\u00e9ration Hi\u00e9ro Strasbourg"},"image":{"@id":"https:\/\/hierostrasbourg.com\/#\/schema\/logo\/image\/"},"sameAs":["https:\/\/www.facebook.com\/fedehierostrasbourg","https:\/\/x.com\/hierostrasbourg"]}]}},"_links":{"self":[{"href":"https:\/\/hierostrasbourg.com\/index.php\/wp-json\/wp\/v2\/posts\/2213","targetHints":{"allow":["GET"]}}],"collection":[{"href":"https:\/\/hierostrasbourg.com\/index.php\/wp-json\/wp\/v2\/posts"}],"about":[{"href":"https:\/\/hierostrasbourg.com\/index.php\/wp-json\/wp\/v2\/types\/post"}],"replies":[{"embeddable":true,"href":"https:\/\/hierostrasbourg.com\/index.php\/wp-json\/wp\/v2\/comments?post=2213"}],"version-history":[{"count":0,"href":"https:\/\/hierostrasbourg.com\/index.php\/wp-json\/wp\/v2\/posts\/2213\/revisions"}],"wp:attachment":[{"href":"https:\/\/hierostrasbourg.com\/index.php\/wp-json\/wp\/v2\/media?parent=2213"}],"wp:term":[{"taxonomy":"category","embeddable":true,"href":"https:\/\/hierostrasbourg.com\/index.php\/wp-json\/wp\/v2\/categories?post=2213"},{"taxonomy":"post_tag","embeddable":true,"href":"https:\/\/hierostrasbourg.com\/index.php\/wp-json\/wp\/v2\/tags?post=2213"}],"curies":[{"name":"wp","href":"https:\/\/api.w.org\/{rel}","templated":true}]}}