{"id":2212,"date":"2022-04-07T19:31:31","date_gmt":"2022-04-07T17:31:31","guid":{"rendered":"https:\/\/hierostrasbourg.com\/index.php\/2022\/04\/07\/appel-a-projets-ete-culturel-2022\/"},"modified":"2022-04-07T19:31:31","modified_gmt":"2022-04-07T17:31:31","slug":"appel-a-projets-ete-culturel-2022","status":"publish","type":"post","link":"https:\/\/hierostrasbourg.com\/index.php\/2022\/04\/07\/appel-a-projets-ete-culturel-2022\/","title":{"rendered":"Appel \u00e0 projets \u201c\u00c9t\u00e9 culturel 2022\u201d"},"content":{"rendered":"<p>Votre structure propose un projet culturel en \u00e9t\u00e9 ?<\/p>\n<p>Le minist\u00e8re de la Culture apporte un soutien financier \u00e0 des projets culturels et artistiques en ce sens, organis\u00e9s en juillet et en ao\u00fbt.<\/p>\n<h2>Pr\u00e9sentation du dispositif<\/h2>\n<h4>Qu\u2019est-ce que l\u2019\u00e9t\u00e9 culturel ?<\/h4>\n<p>Lanc\u00e9 en 2020, l\u2019\u00e9t\u00e9 culturel est une op\u00e9ration nationale visant \u00e0\u00a0soutenir des propositions artistiques et culturelles\u00a0(concerts, repr\u00e9sentations, ateliers, projets participatifs\u2026), toutes disciplines confondues, ayant lieu en juillet et ao\u00fbt. Ces\u00a0 projets peuvent \u00eatre propos\u00e9s par une association, un particulier, une collectivit\u00e9 (territoriale, r\u00e9gionale, d\u00e9partementale, communale), un \u00e9tablissement public ou bien un organisme priv\u00e9.<br \/>\nL\u2019op\u00e9ration se d\u00e9cline en \u00ab Vacances culturelles \u00bb en Outre-mer.<\/p>\n<p>Cette op\u00e9ration est essentiellement port\u00e9e par les services d\u00e9concentr\u00e9s (DRAC\/DAC\/MAC\/DCJS) du minist\u00e8re de la Culture qui soutiennent des projets initi\u00e9s sur leur territoire par des associations, des \u00e9tablissements publics et des collectivit\u00e9s territoriales.<\/p>\n<p>DRAC = Direction R\u00e9gionale des Affaires Culturelles<br \/>\nDAC = Direction des Affaires Culturelles<br \/>\nMAC = Mission aux Affaires Culturelles<br \/>\nDCJS = Direction de la Culture, de la Jeunesse et des Sports<\/p>\n<h2>Les objectifs de la d\u00e9marche<\/h2>\n<p>Favoriser la participation \u00e0 la vie culturelle, avec des\u00a0propositions gratuites accessibles \u00e0 toutes et tous, ciblant en particulier les Fran\u00e7ais ne partant pas en vacances, les jeunes publics et les publics emp\u00each\u00e9s (personnes \u00e2g\u00e9es r\u00e9sidant en EHPAD, personnes en \u00e9tablissements p\u00e9nitentiaires, personnes en \u00e9tablissements de soin ou en situation de handicap).<br \/>\nFaciliter\u00a0l\u2019insertion professionnelle\u00a0des jeunes dipl\u00f4m\u00e9s d\u2019\u00e9tablissements d\u2019Enseignement Sup\u00e9rieur Culture (ESC).<br \/>\nUne attention particuli\u00e8re est port\u00e9e aux territoires prioritaires\u00a0: les quartiers prioritaires de la politique de la ville et les zones rurales. L\u2019\u00e9t\u00e9 culturel est un facteur d\u2019attractivit\u00e9 des territoires.<\/p>\n<h2>Suis-je concern\u00e9(e) par cette d\u00e9marche ?<\/h2>\n<p>Qui peut d\u00e9poser un dossier ?<\/p>\n<p>Associations<br \/>\nCommunes<br \/>\nD\u00e9partements<br \/>\nEPCI \u00e0 fiscalit\u00e9 propre<br \/>\n\u00c9tablissements publics \/ services de l\u2019\u00c9tat<br \/>\nEntreprises priv\u00e9es<br \/>\nEntreprises publiques locales<br \/>\nR\u00e9gion<br \/>\nCrit\u00e8res d\u2019\u00e9ligibilit\u00e9<\/p>\n<p>Une attention particuli\u00e8re est port\u00e9e aux projets :<\/p>\n<p>se d\u00e9roulant hors-les-murs, c\u2019est-\u00e0-dire en dehors des structures culturelles,<br \/>\nciblant les territoires prioritaires et les publics emp\u00each\u00e9s,<br \/>\nm\u00ealant artistes amateurs et professionnels,<br \/>\nmobilisant des jeunes dipl\u00f4m\u00e9s des \u00e9coles d\u2019enseignement sup\u00e9rieur de la culture,<br \/>\nayant une dimension participative.<\/p>\n<p>Le partenariat avec les collectivit\u00e9s territoriales sera privil\u00e9gi\u00e9.<br \/>\nLes crit\u00e8res plus sp\u00e9cifiques sont d\u00e9finis par chaque DRAC\/DAC\/MAC\/DCJS dans leur charte, appel \u00e0 manifestation d\u2019int\u00e9r\u00eat ou appel \u00e0 projets.\u00a0Pour plus d\u2019informations, contactez la DRAC\/DAC\/MAC\/DCJS de votre territoire, dont les coordonn\u00e9es figurent en bas de page.<\/p>\n<h2>Proc\u00e9dure<\/h2>\n<p><strong>Modalit\u00e9s d\u2019attribution de la subvention<\/strong><br \/>\nLe versement de la subvention est r\u00e9alis\u00e9 par la DRAC\/DAC\/MAC\/DCJS\u00a0sur le territoire de r\u00e9alisation du projet.<\/p>\n<p><strong>Calendrier<\/strong><br \/>\nLa date limite de d\u00e9p\u00f4t des candidatures est d\u00e9finie par chaque DRAC\/MAC\/DAC\/DCJS.<\/p>\n<p><strong>Comment d\u00e9poser un dossier ?<\/strong><br \/>\nVous trouverez en bas de cette page les modalit\u00e9s de candidature \u00e0 l\u2019\u00e9t\u00e9 culturel 2022 en fonction de la r\u00e9gion dans laquelle vous r\u00e9alisez votre projet.<\/p>\n<p><strong>Projets soutenus pr\u00e9c\u00e9demment<\/strong><br \/>\nDans le cadre de l\u2019\u00e9t\u00e9 culturel 2021, en Auvergne-Rh\u00f4ne-Alpes, des artistes se sont rendus dans des familles pour les accompagner dans la d\u00e9couverte, la lecture et la mise en jeu de pi\u00e8ces de th\u00e9\u00e2tre d\u2019auteurs contemporains.<br \/>\nPour cr\u00e9er du lien entre les r\u00e9sidents de la maison de retraite et les habitants d\u2019un village du Puy-de-D\u00f4me, une association a propos\u00e9 un spectacle participatif bas\u00e9 sur les souvenirs des a\u00een\u00e9s pour se r\u00e9approprier collectivement l\u2019histoire du village.<br \/>\nA Mayotte, des ateliers alliant \u00e9criture, lecture et arts plastiques ont \u00e9t\u00e9 propos\u00e9s aux d\u00e9tenus de la Maison d\u2019arr\u00eat de Majicavo.<\/p>\n<p><strong>Modalit\u00e9s de candidature dans chaque r\u00e9gion<\/strong><br \/>\nVous trouverez ci-dessous les modalit\u00e9s de candidature et contacts en fonction du lieu de r\u00e9alisation de votre projet.\n<\/p>\n<h4>Grand Est<\/h4>\n<p>L\u2019appel \u00e0 participation au dispositif Fabrique du livre jeunesse sera lanc\u00e9 le 4 avril 2022 et cl\u00f4tur\u00e9 le 26 avril 2022. La Fabrique du livre jeunesse est un programme d\u2019ateliers de pratiques artistiques sur une semaine en biblioth\u00e8ques avec des auteurs ou illustrateurs de livres jeunesse du territoire du Grand Est entre le 11 juillet et le 27 ao\u00fbt 2022. Pour plus d\u2019informations, veuillez contacter :\u00a0eteculturel@interbibly.fr<br \/>\nS\u2019agissant du dispositif Jeunes Estivants, le formulaire de candidature \u00e0 remplir en ligne avant le 20 avril 2022 est disponible ci-dessous. Pour plus d\u2019informations, veuillez contacter :\u00a0jeunesestivants@scenes-territoires.fr<\/p>\n<p><a href=\"https:\/\/form.heeds.eu\/registration\/12439\/0146ba0320e67ab689b331883c98f565\"><strong>ACC\u00c9DER AU FORMULAIRE GE (ARTISTES)\u00a0<\/strong><\/a><br \/>\nSi le lieu est d\u00e9j\u00e0 identifi\u00e9, merci de remplir \u00e9galement le formulaire ci-dessous.<\/p>\n<p><strong><a href=\"https:\/\/form.heeds.eu\/registration\/12443\/07a85d38e5e614e85de77f35588918c0\">ACC\u00c9DER AU FORMULAIRE GE (LIEUX)\u00a0<\/a><\/strong><br \/>\nSi l\u2019artiste est d\u00e9j\u00e0 identifi\u00e9, merci de remplir \u00e9galement le formulaire ci-dessus.<\/p>\n<p>L\u2019article <a href=\"https:\/\/popburo.fr\/appel-a-projets-ete-culturel-2022\/\">Appel \u00e0 projets \u201c\u00c9t\u00e9 culturel 2022\u201d<\/a> est apparu en premier sur <a href=\"https:\/\/popburo.fr\/\">POP B\u00dcRO<\/a>.<\/p>\n","protected":false},"excerpt":{"rendered":"<p>Votre structure propose un projet culturel en \u00e9t\u00e9 ? Le minist\u00e8re de la Culture apporte un soutien financier \u00e0 des projets culturels et artistiques en ce sens, organis\u00e9s en juillet et en ao\u00fbt. Pr\u00e9sentation du dispositif Qu\u2019est-ce que l\u2019\u00e9t\u00e9 culturel ? Lanc\u00e9 en 2020, l\u2019\u00e9t\u00e9 culturel est une op\u00e9ration nationale visant \u00e0\u00a0soutenir des propositions artistiques et culturelles\u00a0(concerts, repr\u00e9sentations, ateliers, projets participatifs\u2026), toutes disciplines confondues, ayant lieu en juillet et ao\u00fbt. Ces\u00a0 projets peuvent \u00eatre propos\u00e9s par une association, un particulier, [&hellip;]<\/p>\n","protected":false},"author":0,"featured_media":0,"comment_status":"closed","ping_status":"open","sticky":false,"template":"","format":"standard","meta":{"footnotes":""},"categories":[1],"tags":[],"class_list":["post-2212","post","type-post","status-publish","format-standard","hentry","category-non-classe"],"yoast_head":"<!-- This site is optimized with the Yoast SEO plugin v27.4 - https:\/\/yoast.com\/product\/yoast-seo-wordpress\/ -->\n<title>Appel \u00e0 projets \u201c\u00c9t\u00e9 culturel 2022\u201d - HIERO STRASBOURG<\/title>\n<meta name=\"robots\" content=\"index, follow, max-snippet:-1, max-image-preview:large, max-video-preview:-1\" \/>\n<link rel=\"canonical\" href=\"https:\/\/hierostrasbourg.com\/index.php\/2022\/04\/07\/appel-a-projets-ete-culturel-2022\/\" \/>\n<meta property=\"og:locale\" content=\"fr_FR\" \/>\n<meta property=\"og:type\" content=\"article\" \/>\n<meta property=\"og:title\" content=\"Appel \u00e0 projets \u201c\u00c9t\u00e9 culturel 2022\u201d - HIERO STRASBOURG\" \/>\n<meta property=\"og:description\" content=\"Votre structure propose un projet culturel en \u00e9t\u00e9 ? Le minist\u00e8re de la Culture apporte un soutien financier \u00e0 des projets culturels et artistiques en ce sens, organis\u00e9s en juillet et en ao\u00fbt. Pr\u00e9sentation du dispositif Qu\u2019est-ce que l\u2019\u00e9t\u00e9 culturel ? Lanc\u00e9 en 2020, l\u2019\u00e9t\u00e9 culturel est une op\u00e9ration nationale visant \u00e0\u00a0soutenir des propositions artistiques et culturelles\u00a0(concerts, repr\u00e9sentations, ateliers, projets participatifs\u2026), toutes disciplines confondues, ayant lieu en juillet et ao\u00fbt. Ces\u00a0 projets peuvent \u00eatre propos\u00e9s par une association, un particulier, [&hellip;]\" \/>\n<meta property=\"og:url\" content=\"https:\/\/hierostrasbourg.com\/index.php\/2022\/04\/07\/appel-a-projets-ete-culturel-2022\/\" \/>\n<meta property=\"og:site_name\" content=\"HIERO STRASBOURG\" \/>\n<meta property=\"article:publisher\" content=\"https:\/\/www.facebook.com\/fedehierostrasbourg\" \/>\n<meta property=\"article:published_time\" content=\"2022-04-07T17:31:31+00:00\" \/>\n<meta name=\"twitter:card\" content=\"summary_large_image\" \/>\n<meta name=\"twitter:creator\" content=\"@hierostrasbourg\" \/>\n<meta name=\"twitter:site\" content=\"@hierostrasbourg\" \/>\n<meta name=\"twitter:label1\" content=\"Dur\u00e9e de lecture estim\u00e9e\" \/>\n\t<meta name=\"twitter:data1\" content=\"4 minutes\" \/>\n<script type=\"application\/ld+json\" class=\"yoast-schema-graph\">{\"@context\":\"https:\\\/\\\/schema.org\",\"@graph\":[{\"@type\":\"Article\",\"@id\":\"https:\\\/\\\/hierostrasbourg.com\\\/index.php\\\/2022\\\/04\\\/07\\\/appel-a-projets-ete-culturel-2022\\\/#article\",\"isPartOf\":{\"@id\":\"https:\\\/\\\/hierostrasbourg.com\\\/index.php\\\/2022\\\/04\\\/07\\\/appel-a-projets-ete-culturel-2022\\\/\"},\"author\":{\"name\":\"\",\"@id\":\"\"},\"headline\":\"Appel \u00e0 projets \u201c\u00c9t\u00e9 culturel 2022\u201d\",\"datePublished\":\"2022-04-07T17:31:31+00:00\",\"mainEntityOfPage\":{\"@id\":\"https:\\\/\\\/hierostrasbourg.com\\\/index.php\\\/2022\\\/04\\\/07\\\/appel-a-projets-ete-culturel-2022\\\/\"},\"wordCount\":834,\"publisher\":{\"@id\":\"https:\\\/\\\/hierostrasbourg.com\\\/#organization\"},\"inLanguage\":\"fr-FR\"},{\"@type\":\"WebPage\",\"@id\":\"https:\\\/\\\/hierostrasbourg.com\\\/index.php\\\/2022\\\/04\\\/07\\\/appel-a-projets-ete-culturel-2022\\\/\",\"url\":\"https:\\\/\\\/hierostrasbourg.com\\\/index.php\\\/2022\\\/04\\\/07\\\/appel-a-projets-ete-culturel-2022\\\/\",\"name\":\"Appel \u00e0 projets \u201c\u00c9t\u00e9 culturel 2022\u201d - HIERO STRASBOURG\",\"isPartOf\":{\"@id\":\"https:\\\/\\\/hierostrasbourg.com\\\/#website\"},\"datePublished\":\"2022-04-07T17:31:31+00:00\",\"breadcrumb\":{\"@id\":\"https:\\\/\\\/hierostrasbourg.com\\\/index.php\\\/2022\\\/04\\\/07\\\/appel-a-projets-ete-culturel-2022\\\/#breadcrumb\"},\"inLanguage\":\"fr-FR\",\"potentialAction\":[{\"@type\":\"ReadAction\",\"target\":[\"https:\\\/\\\/hierostrasbourg.com\\\/index.php\\\/2022\\\/04\\\/07\\\/appel-a-projets-ete-culturel-2022\\\/\"]}]},{\"@type\":\"BreadcrumbList\",\"@id\":\"https:\\\/\\\/hierostrasbourg.com\\\/index.php\\\/2022\\\/04\\\/07\\\/appel-a-projets-ete-culturel-2022\\\/#breadcrumb\",\"itemListElement\":[{\"@type\":\"ListItem\",\"position\":1,\"name\":\"Accueil\",\"item\":\"https:\\\/\\\/hierostrasbourg.com\\\/\"},{\"@type\":\"ListItem\",\"position\":2,\"name\":\"Appel \u00e0 projets \u201c\u00c9t\u00e9 culturel 2022\u201d\"}]},{\"@type\":\"WebSite\",\"@id\":\"https:\\\/\\\/hierostrasbourg.com\\\/#website\",\"url\":\"https:\\\/\\\/hierostrasbourg.com\\\/\",\"name\":\"HIERO STRASBOURG\",\"description\":\"Centre de Ressources Musiques Actuelles\",\"publisher\":{\"@id\":\"https:\\\/\\\/hierostrasbourg.com\\\/#organization\"},\"potentialAction\":[{\"@type\":\"SearchAction\",\"target\":{\"@type\":\"EntryPoint\",\"urlTemplate\":\"https:\\\/\\\/hierostrasbourg.com\\\/?s={search_term_string}\"},\"query-input\":{\"@type\":\"PropertyValueSpecification\",\"valueRequired\":true,\"valueName\":\"search_term_string\"}}],\"inLanguage\":\"fr-FR\"},{\"@type\":\"Organization\",\"@id\":\"https:\\\/\\\/hierostrasbourg.com\\\/#organization\",\"name\":\"F\u00e9d\u00e9ration Hi\u00e9ro Strasbourg\",\"url\":\"https:\\\/\\\/hierostrasbourg.com\\\/\",\"logo\":{\"@type\":\"ImageObject\",\"inLanguage\":\"fr-FR\",\"@id\":\"https:\\\/\\\/hierostrasbourg.com\\\/#\\\/schema\\\/logo\\\/image\\\/\",\"url\":\"https:\\\/\\\/hierostrasbourg.com\\\/wp-content\\\/uploads\\\/2026\\\/04\\\/logo-hiero-strasbourg.jpg\",\"contentUrl\":\"https:\\\/\\\/hierostrasbourg.com\\\/wp-content\\\/uploads\\\/2026\\\/04\\\/logo-hiero-strasbourg.jpg\",\"width\":204,\"height\":192,\"caption\":\"F\u00e9d\u00e9ration Hi\u00e9ro Strasbourg\"},\"image\":{\"@id\":\"https:\\\/\\\/hierostrasbourg.com\\\/#\\\/schema\\\/logo\\\/image\\\/\"},\"sameAs\":[\"https:\\\/\\\/www.facebook.com\\\/fedehierostrasbourg\",\"https:\\\/\\\/x.com\\\/hierostrasbourg\"]}]}<\/script>\n<!-- \/ Yoast SEO plugin. -->","yoast_head_json":{"title":"Appel \u00e0 projets \u201c\u00c9t\u00e9 culturel 2022\u201d - HIERO STRASBOURG","robots":{"index":"index","follow":"follow","max-snippet":"max-snippet:-1","max-image-preview":"max-image-preview:large","max-video-preview":"max-video-preview:-1"},"canonical":"https:\/\/hierostrasbourg.com\/index.php\/2022\/04\/07\/appel-a-projets-ete-culturel-2022\/","og_locale":"fr_FR","og_type":"article","og_title":"Appel \u00e0 projets \u201c\u00c9t\u00e9 culturel 2022\u201d - HIERO STRASBOURG","og_description":"Votre structure propose un projet culturel en \u00e9t\u00e9 ? Le minist\u00e8re de la Culture apporte un soutien financier \u00e0 des projets culturels et artistiques en ce sens, organis\u00e9s en juillet et en ao\u00fbt. Pr\u00e9sentation du dispositif Qu\u2019est-ce que l\u2019\u00e9t\u00e9 culturel ? Lanc\u00e9 en 2020, l\u2019\u00e9t\u00e9 culturel est une op\u00e9ration nationale visant \u00e0\u00a0soutenir des propositions artistiques et culturelles\u00a0(concerts, repr\u00e9sentations, ateliers, projets participatifs\u2026), toutes disciplines confondues, ayant lieu en juillet et ao\u00fbt. Ces\u00a0 projets peuvent \u00eatre propos\u00e9s par une association, un particulier, [&hellip;]","og_url":"https:\/\/hierostrasbourg.com\/index.php\/2022\/04\/07\/appel-a-projets-ete-culturel-2022\/","og_site_name":"HIERO STRASBOURG","article_publisher":"https:\/\/www.facebook.com\/fedehierostrasbourg","article_published_time":"2022-04-07T17:31:31+00:00","twitter_card":"summary_large_image","twitter_creator":"@hierostrasbourg","twitter_site":"@hierostrasbourg","twitter_misc":{"Dur\u00e9e de lecture estim\u00e9e":"4 minutes"},"schema":{"@context":"https:\/\/schema.org","@graph":[{"@type":"Article","@id":"https:\/\/hierostrasbourg.com\/index.php\/2022\/04\/07\/appel-a-projets-ete-culturel-2022\/#article","isPartOf":{"@id":"https:\/\/hierostrasbourg.com\/index.php\/2022\/04\/07\/appel-a-projets-ete-culturel-2022\/"},"author":{"name":"","@id":""},"headline":"Appel \u00e0 projets \u201c\u00c9t\u00e9 culturel 2022\u201d","datePublished":"2022-04-07T17:31:31+00:00","mainEntityOfPage":{"@id":"https:\/\/hierostrasbourg.com\/index.php\/2022\/04\/07\/appel-a-projets-ete-culturel-2022\/"},"wordCount":834,"publisher":{"@id":"https:\/\/hierostrasbourg.com\/#organization"},"inLanguage":"fr-FR"},{"@type":"WebPage","@id":"https:\/\/hierostrasbourg.com\/index.php\/2022\/04\/07\/appel-a-projets-ete-culturel-2022\/","url":"https:\/\/hierostrasbourg.com\/index.php\/2022\/04\/07\/appel-a-projets-ete-culturel-2022\/","name":"Appel \u00e0 projets \u201c\u00c9t\u00e9 culturel 2022\u201d - HIERO STRASBOURG","isPartOf":{"@id":"https:\/\/hierostrasbourg.com\/#website"},"datePublished":"2022-04-07T17:31:31+00:00","breadcrumb":{"@id":"https:\/\/hierostrasbourg.com\/index.php\/2022\/04\/07\/appel-a-projets-ete-culturel-2022\/#breadcrumb"},"inLanguage":"fr-FR","potentialAction":[{"@type":"ReadAction","target":["https:\/\/hierostrasbourg.com\/index.php\/2022\/04\/07\/appel-a-projets-ete-culturel-2022\/"]}]},{"@type":"BreadcrumbList","@id":"https:\/\/hierostrasbourg.com\/index.php\/2022\/04\/07\/appel-a-projets-ete-culturel-2022\/#breadcrumb","itemListElement":[{"@type":"ListItem","position":1,"name":"Accueil","item":"https:\/\/hierostrasbourg.com\/"},{"@type":"ListItem","position":2,"name":"Appel \u00e0 projets \u201c\u00c9t\u00e9 culturel 2022\u201d"}]},{"@type":"WebSite","@id":"https:\/\/hierostrasbourg.com\/#website","url":"https:\/\/hierostrasbourg.com\/","name":"HIERO STRASBOURG","description":"Centre de Ressources Musiques Actuelles","publisher":{"@id":"https:\/\/hierostrasbourg.com\/#organization"},"potentialAction":[{"@type":"SearchAction","target":{"@type":"EntryPoint","urlTemplate":"https:\/\/hierostrasbourg.com\/?s={search_term_string}"},"query-input":{"@type":"PropertyValueSpecification","valueRequired":true,"valueName":"search_term_string"}}],"inLanguage":"fr-FR"},{"@type":"Organization","@id":"https:\/\/hierostrasbourg.com\/#organization","name":"F\u00e9d\u00e9ration Hi\u00e9ro Strasbourg","url":"https:\/\/hierostrasbourg.com\/","logo":{"@type":"ImageObject","inLanguage":"fr-FR","@id":"https:\/\/hierostrasbourg.com\/#\/schema\/logo\/image\/","url":"https:\/\/hierostrasbourg.com\/wp-content\/uploads\/2026\/04\/logo-hiero-strasbourg.jpg","contentUrl":"https:\/\/hierostrasbourg.com\/wp-content\/uploads\/2026\/04\/logo-hiero-strasbourg.jpg","width":204,"height":192,"caption":"F\u00e9d\u00e9ration Hi\u00e9ro Strasbourg"},"image":{"@id":"https:\/\/hierostrasbourg.com\/#\/schema\/logo\/image\/"},"sameAs":["https:\/\/www.facebook.com\/fedehierostrasbourg","https:\/\/x.com\/hierostrasbourg"]}]}},"_links":{"self":[{"href":"https:\/\/hierostrasbourg.com\/index.php\/wp-json\/wp\/v2\/posts\/2212","targetHints":{"allow":["GET"]}}],"collection":[{"href":"https:\/\/hierostrasbourg.com\/index.php\/wp-json\/wp\/v2\/posts"}],"about":[{"href":"https:\/\/hierostrasbourg.com\/index.php\/wp-json\/wp\/v2\/types\/post"}],"replies":[{"embeddable":true,"href":"https:\/\/hierostrasbourg.com\/index.php\/wp-json\/wp\/v2\/comments?post=2212"}],"version-history":[{"count":0,"href":"https:\/\/hierostrasbourg.com\/index.php\/wp-json\/wp\/v2\/posts\/2212\/revisions"}],"wp:attachment":[{"href":"https:\/\/hierostrasbourg.com\/index.php\/wp-json\/wp\/v2\/media?parent=2212"}],"wp:term":[{"taxonomy":"category","embeddable":true,"href":"https:\/\/hierostrasbourg.com\/index.php\/wp-json\/wp\/v2\/categories?post=2212"},{"taxonomy":"post_tag","embeddable":true,"href":"https:\/\/hierostrasbourg.com\/index.php\/wp-json\/wp\/v2\/tags?post=2212"}],"curies":[{"name":"wp","href":"https:\/\/api.w.org\/{rel}","templated":true}]}}