{"id":2205,"date":"2022-04-06T18:30:59","date_gmt":"2022-04-06T16:30:59","guid":{"rendered":"https:\/\/hierostrasbourg.com\/index.php\/2022\/04\/06\/le-collectif-des-possibles-fellering-recrute-un-charge-de-mediation-culturelle-communication-f-h-2\/"},"modified":"2022-04-06T18:30:59","modified_gmt":"2022-04-06T16:30:59","slug":"le-collectif-des-possibles-fellering-recrute-un-charge-de-mediation-culturelle-communication-f-h-2","status":"publish","type":"post","link":"https:\/\/hierostrasbourg.com\/index.php\/2022\/04\/06\/le-collectif-des-possibles-fellering-recrute-un-charge-de-mediation-culturelle-communication-f-h-2\/","title":{"rendered":"LE COLLECTIF DES POSSIBLES [Fellering] recrute un charg\u00e9 de m\u00e9diation culturelle, communication [F\/H]"},"content":{"rendered":"<p>Description de l\u2019organisme N\u00e9 en 2017, le Collectif des Possibles est compos\u00e9 d\u2019artistes professionnels (spectacle vivant et arts plastiques) ainsi que d\u2019habitants, tous engag\u00e9s pour d\u00e9velopper un espace artistique pluridisciplinaire mutualis\u00e9 en faveur de la cr\u00e9ation, de la diffusion et de l\u2019acc\u00e8s \u00e0 la culture du plus grand nombre en lien avec le territoire. Le Collectif des Possibles est sensible aux principes d\u2019\u00e9ducation populaire, \u00e0 l\u2019\u00e9cologie, \u00e0 l\u2019\u00e9conomie sociale et solidaire et aux pratiques participatives. Le collectif accueille des artistes [\u2026]<\/p>\n<p>L\u2019article <a href=\"https:\/\/musiquesactuelles.alsace\/le-collectif-des-possibles-fellering-recrute-un-charge-de-mediation-culturelle-communication-f-h\/\">LE COLLECTIF DES POSSIBLES [Fellering] recrute un charg\u00e9 de m\u00e9diation culturelle, communication [F\/H]<\/a> est apparu en premier sur <a href=\"https:\/\/musiquesactuelles.alsace\/\">Musiques Actuelles en Alsace<\/a>.<\/p>\n<p>L\u2019article <a href=\"https:\/\/popburo.fr\/le-collectif-des-possibles-fellering-recrute-un-charge-de-mediation-culturelle-communication-f-h-2\/\">LE COLLECTIF DES POSSIBLES [Fellering] recrute un charg\u00e9 de m\u00e9diation culturelle, communication [F\/H]<\/a> est apparu en premier sur <a href=\"https:\/\/popburo.fr\/\">POP B\u00dcRO<\/a>.<\/p>\n","protected":false},"excerpt":{"rendered":"<p>Description de l\u2019organisme N\u00e9 en 2017, le Collectif des Possibles est compos\u00e9 d\u2019artistes professionnels (spectacle vivant et arts plastiques) ainsi que d\u2019habitants, tous engag\u00e9s pour d\u00e9velopper un espace artistique pluridisciplinaire mutualis\u00e9 en faveur de la cr\u00e9ation, de la diffusion et de l\u2019acc\u00e8s \u00e0 la culture du plus grand nombre en lien avec le territoire. Le Collectif des Possibles est sensible aux principes d\u2019\u00e9ducation populaire, \u00e0 l\u2019\u00e9cologie, \u00e0 l\u2019\u00e9conomie sociale et solidaire et aux pratiques participatives. Le collectif accueille des artistes [&hellip;]<\/p>\n","protected":false},"author":0,"featured_media":0,"comment_status":"closed","ping_status":"open","sticky":false,"template":"","format":"standard","meta":{"footnotes":""},"categories":[1],"tags":[],"class_list":["post-2205","post","type-post","status-publish","format-standard","hentry","category-non-classe"],"yoast_head":"<!-- This site is optimized with the Yoast SEO plugin v27.4 - https:\/\/yoast.com\/product\/yoast-seo-wordpress\/ -->\n<title>LE COLLECTIF DES POSSIBLES [Fellering] recrute un charg\u00e9 de m\u00e9diation culturelle, communication [F\/H] - HIERO STRASBOURG<\/title>\n<meta name=\"robots\" content=\"index, follow, max-snippet:-1, max-image-preview:large, max-video-preview:-1\" \/>\n<link rel=\"canonical\" href=\"https:\/\/hierostrasbourg.com\/index.php\/2022\/04\/06\/le-collectif-des-possibles-fellering-recrute-un-charge-de-mediation-culturelle-communication-f-h-2\/\" \/>\n<meta property=\"og:locale\" content=\"fr_FR\" \/>\n<meta property=\"og:type\" content=\"article\" \/>\n<meta property=\"og:title\" content=\"LE COLLECTIF DES POSSIBLES [Fellering] recrute un charg\u00e9 de m\u00e9diation culturelle, communication [F\/H] - HIERO STRASBOURG\" \/>\n<meta property=\"og:description\" content=\"Description de l\u2019organisme N\u00e9 en 2017, le Collectif des Possibles est compos\u00e9 d\u2019artistes professionnels (spectacle vivant et arts plastiques) ainsi que d\u2019habitants, tous engag\u00e9s pour d\u00e9velopper un espace artistique pluridisciplinaire mutualis\u00e9 en faveur de la cr\u00e9ation, de la diffusion et de l\u2019acc\u00e8s \u00e0 la culture du plus grand nombre en lien avec le territoire. Le Collectif des Possibles est sensible aux principes d\u2019\u00e9ducation populaire, \u00e0 l\u2019\u00e9cologie, \u00e0 l\u2019\u00e9conomie sociale et solidaire et aux pratiques participatives. Le collectif accueille des artistes [&hellip;]\" \/>\n<meta property=\"og:url\" content=\"https:\/\/hierostrasbourg.com\/index.php\/2022\/04\/06\/le-collectif-des-possibles-fellering-recrute-un-charge-de-mediation-culturelle-communication-f-h-2\/\" \/>\n<meta property=\"og:site_name\" content=\"HIERO STRASBOURG\" \/>\n<meta property=\"article:publisher\" content=\"https:\/\/www.facebook.com\/fedehierostrasbourg\" \/>\n<meta property=\"article:published_time\" content=\"2022-04-06T16:30:59+00:00\" \/>\n<meta name=\"twitter:card\" content=\"summary_large_image\" \/>\n<meta name=\"twitter:creator\" content=\"@hierostrasbourg\" \/>\n<meta name=\"twitter:site\" content=\"@hierostrasbourg\" \/>\n<meta name=\"twitter:label1\" content=\"Dur\u00e9e de lecture estim\u00e9e\" \/>\n\t<meta name=\"twitter:data1\" content=\"1 minute\" \/>\n<script type=\"application\/ld+json\" class=\"yoast-schema-graph\">{\"@context\":\"https:\\\/\\\/schema.org\",\"@graph\":[{\"@type\":\"Article\",\"@id\":\"https:\\\/\\\/hierostrasbourg.com\\\/index.php\\\/2022\\\/04\\\/06\\\/le-collectif-des-possibles-fellering-recrute-un-charge-de-mediation-culturelle-communication-f-h-2\\\/#article\",\"isPartOf\":{\"@id\":\"https:\\\/\\\/hierostrasbourg.com\\\/index.php\\\/2022\\\/04\\\/06\\\/le-collectif-des-possibles-fellering-recrute-un-charge-de-mediation-culturelle-communication-f-h-2\\\/\"},\"author\":{\"name\":\"\",\"@id\":\"\"},\"headline\":\"LE COLLECTIF DES POSSIBLES [Fellering] recrute un charg\u00e9 de m\u00e9diation culturelle, communication [F\\\/H]\",\"datePublished\":\"2022-04-06T16:30:59+00:00\",\"mainEntityOfPage\":{\"@id\":\"https:\\\/\\\/hierostrasbourg.com\\\/index.php\\\/2022\\\/04\\\/06\\\/le-collectif-des-possibles-fellering-recrute-un-charge-de-mediation-culturelle-communication-f-h-2\\\/\"},\"wordCount\":153,\"publisher\":{\"@id\":\"https:\\\/\\\/hierostrasbourg.com\\\/#organization\"},\"inLanguage\":\"fr-FR\"},{\"@type\":\"WebPage\",\"@id\":\"https:\\\/\\\/hierostrasbourg.com\\\/index.php\\\/2022\\\/04\\\/06\\\/le-collectif-des-possibles-fellering-recrute-un-charge-de-mediation-culturelle-communication-f-h-2\\\/\",\"url\":\"https:\\\/\\\/hierostrasbourg.com\\\/index.php\\\/2022\\\/04\\\/06\\\/le-collectif-des-possibles-fellering-recrute-un-charge-de-mediation-culturelle-communication-f-h-2\\\/\",\"name\":\"LE COLLECTIF DES POSSIBLES [Fellering] recrute un charg\u00e9 de m\u00e9diation culturelle, communication [F\\\/H] - HIERO STRASBOURG\",\"isPartOf\":{\"@id\":\"https:\\\/\\\/hierostrasbourg.com\\\/#website\"},\"datePublished\":\"2022-04-06T16:30:59+00:00\",\"breadcrumb\":{\"@id\":\"https:\\\/\\\/hierostrasbourg.com\\\/index.php\\\/2022\\\/04\\\/06\\\/le-collectif-des-possibles-fellering-recrute-un-charge-de-mediation-culturelle-communication-f-h-2\\\/#breadcrumb\"},\"inLanguage\":\"fr-FR\",\"potentialAction\":[{\"@type\":\"ReadAction\",\"target\":[\"https:\\\/\\\/hierostrasbourg.com\\\/index.php\\\/2022\\\/04\\\/06\\\/le-collectif-des-possibles-fellering-recrute-un-charge-de-mediation-culturelle-communication-f-h-2\\\/\"]}]},{\"@type\":\"BreadcrumbList\",\"@id\":\"https:\\\/\\\/hierostrasbourg.com\\\/index.php\\\/2022\\\/04\\\/06\\\/le-collectif-des-possibles-fellering-recrute-un-charge-de-mediation-culturelle-communication-f-h-2\\\/#breadcrumb\",\"itemListElement\":[{\"@type\":\"ListItem\",\"position\":1,\"name\":\"Accueil\",\"item\":\"https:\\\/\\\/hierostrasbourg.com\\\/\"},{\"@type\":\"ListItem\",\"position\":2,\"name\":\"LE COLLECTIF DES POSSIBLES [Fellering] recrute un charg\u00e9 de m\u00e9diation culturelle, communication [F\\\/H]\"}]},{\"@type\":\"WebSite\",\"@id\":\"https:\\\/\\\/hierostrasbourg.com\\\/#website\",\"url\":\"https:\\\/\\\/hierostrasbourg.com\\\/\",\"name\":\"HIERO STRASBOURG\",\"description\":\"Centre de Ressources Musiques Actuelles\",\"publisher\":{\"@id\":\"https:\\\/\\\/hierostrasbourg.com\\\/#organization\"},\"potentialAction\":[{\"@type\":\"SearchAction\",\"target\":{\"@type\":\"EntryPoint\",\"urlTemplate\":\"https:\\\/\\\/hierostrasbourg.com\\\/?s={search_term_string}\"},\"query-input\":{\"@type\":\"PropertyValueSpecification\",\"valueRequired\":true,\"valueName\":\"search_term_string\"}}],\"inLanguage\":\"fr-FR\"},{\"@type\":\"Organization\",\"@id\":\"https:\\\/\\\/hierostrasbourg.com\\\/#organization\",\"name\":\"F\u00e9d\u00e9ration Hi\u00e9ro Strasbourg\",\"url\":\"https:\\\/\\\/hierostrasbourg.com\\\/\",\"logo\":{\"@type\":\"ImageObject\",\"inLanguage\":\"fr-FR\",\"@id\":\"https:\\\/\\\/hierostrasbourg.com\\\/#\\\/schema\\\/logo\\\/image\\\/\",\"url\":\"https:\\\/\\\/hierostrasbourg.com\\\/wp-content\\\/uploads\\\/2026\\\/04\\\/logo-hiero-strasbourg.jpg\",\"contentUrl\":\"https:\\\/\\\/hierostrasbourg.com\\\/wp-content\\\/uploads\\\/2026\\\/04\\\/logo-hiero-strasbourg.jpg\",\"width\":204,\"height\":192,\"caption\":\"F\u00e9d\u00e9ration Hi\u00e9ro Strasbourg\"},\"image\":{\"@id\":\"https:\\\/\\\/hierostrasbourg.com\\\/#\\\/schema\\\/logo\\\/image\\\/\"},\"sameAs\":[\"https:\\\/\\\/www.facebook.com\\\/fedehierostrasbourg\",\"https:\\\/\\\/x.com\\\/hierostrasbourg\"]}]}<\/script>\n<!-- \/ Yoast SEO plugin. -->","yoast_head_json":{"title":"LE COLLECTIF DES POSSIBLES [Fellering] recrute un charg\u00e9 de m\u00e9diation culturelle, communication [F\/H] - HIERO STRASBOURG","robots":{"index":"index","follow":"follow","max-snippet":"max-snippet:-1","max-image-preview":"max-image-preview:large","max-video-preview":"max-video-preview:-1"},"canonical":"https:\/\/hierostrasbourg.com\/index.php\/2022\/04\/06\/le-collectif-des-possibles-fellering-recrute-un-charge-de-mediation-culturelle-communication-f-h-2\/","og_locale":"fr_FR","og_type":"article","og_title":"LE COLLECTIF DES POSSIBLES [Fellering] recrute un charg\u00e9 de m\u00e9diation culturelle, communication [F\/H] - HIERO STRASBOURG","og_description":"Description de l\u2019organisme N\u00e9 en 2017, le Collectif des Possibles est compos\u00e9 d\u2019artistes professionnels (spectacle vivant et arts plastiques) ainsi que d\u2019habitants, tous engag\u00e9s pour d\u00e9velopper un espace artistique pluridisciplinaire mutualis\u00e9 en faveur de la cr\u00e9ation, de la diffusion et de l\u2019acc\u00e8s \u00e0 la culture du plus grand nombre en lien avec le territoire. Le Collectif des Possibles est sensible aux principes d\u2019\u00e9ducation populaire, \u00e0 l\u2019\u00e9cologie, \u00e0 l\u2019\u00e9conomie sociale et solidaire et aux pratiques participatives. Le collectif accueille des artistes [&hellip;]","og_url":"https:\/\/hierostrasbourg.com\/index.php\/2022\/04\/06\/le-collectif-des-possibles-fellering-recrute-un-charge-de-mediation-culturelle-communication-f-h-2\/","og_site_name":"HIERO STRASBOURG","article_publisher":"https:\/\/www.facebook.com\/fedehierostrasbourg","article_published_time":"2022-04-06T16:30:59+00:00","twitter_card":"summary_large_image","twitter_creator":"@hierostrasbourg","twitter_site":"@hierostrasbourg","twitter_misc":{"Dur\u00e9e de lecture estim\u00e9e":"1 minute"},"schema":{"@context":"https:\/\/schema.org","@graph":[{"@type":"Article","@id":"https:\/\/hierostrasbourg.com\/index.php\/2022\/04\/06\/le-collectif-des-possibles-fellering-recrute-un-charge-de-mediation-culturelle-communication-f-h-2\/#article","isPartOf":{"@id":"https:\/\/hierostrasbourg.com\/index.php\/2022\/04\/06\/le-collectif-des-possibles-fellering-recrute-un-charge-de-mediation-culturelle-communication-f-h-2\/"},"author":{"name":"","@id":""},"headline":"LE COLLECTIF DES POSSIBLES [Fellering] recrute un charg\u00e9 de m\u00e9diation culturelle, communication [F\/H]","datePublished":"2022-04-06T16:30:59+00:00","mainEntityOfPage":{"@id":"https:\/\/hierostrasbourg.com\/index.php\/2022\/04\/06\/le-collectif-des-possibles-fellering-recrute-un-charge-de-mediation-culturelle-communication-f-h-2\/"},"wordCount":153,"publisher":{"@id":"https:\/\/hierostrasbourg.com\/#organization"},"inLanguage":"fr-FR"},{"@type":"WebPage","@id":"https:\/\/hierostrasbourg.com\/index.php\/2022\/04\/06\/le-collectif-des-possibles-fellering-recrute-un-charge-de-mediation-culturelle-communication-f-h-2\/","url":"https:\/\/hierostrasbourg.com\/index.php\/2022\/04\/06\/le-collectif-des-possibles-fellering-recrute-un-charge-de-mediation-culturelle-communication-f-h-2\/","name":"LE COLLECTIF DES POSSIBLES [Fellering] recrute un charg\u00e9 de m\u00e9diation culturelle, communication [F\/H] - HIERO STRASBOURG","isPartOf":{"@id":"https:\/\/hierostrasbourg.com\/#website"},"datePublished":"2022-04-06T16:30:59+00:00","breadcrumb":{"@id":"https:\/\/hierostrasbourg.com\/index.php\/2022\/04\/06\/le-collectif-des-possibles-fellering-recrute-un-charge-de-mediation-culturelle-communication-f-h-2\/#breadcrumb"},"inLanguage":"fr-FR","potentialAction":[{"@type":"ReadAction","target":["https:\/\/hierostrasbourg.com\/index.php\/2022\/04\/06\/le-collectif-des-possibles-fellering-recrute-un-charge-de-mediation-culturelle-communication-f-h-2\/"]}]},{"@type":"BreadcrumbList","@id":"https:\/\/hierostrasbourg.com\/index.php\/2022\/04\/06\/le-collectif-des-possibles-fellering-recrute-un-charge-de-mediation-culturelle-communication-f-h-2\/#breadcrumb","itemListElement":[{"@type":"ListItem","position":1,"name":"Accueil","item":"https:\/\/hierostrasbourg.com\/"},{"@type":"ListItem","position":2,"name":"LE COLLECTIF DES POSSIBLES [Fellering] recrute un charg\u00e9 de m\u00e9diation culturelle, communication [F\/H]"}]},{"@type":"WebSite","@id":"https:\/\/hierostrasbourg.com\/#website","url":"https:\/\/hierostrasbourg.com\/","name":"HIERO STRASBOURG","description":"Centre de Ressources Musiques Actuelles","publisher":{"@id":"https:\/\/hierostrasbourg.com\/#organization"},"potentialAction":[{"@type":"SearchAction","target":{"@type":"EntryPoint","urlTemplate":"https:\/\/hierostrasbourg.com\/?s={search_term_string}"},"query-input":{"@type":"PropertyValueSpecification","valueRequired":true,"valueName":"search_term_string"}}],"inLanguage":"fr-FR"},{"@type":"Organization","@id":"https:\/\/hierostrasbourg.com\/#organization","name":"F\u00e9d\u00e9ration Hi\u00e9ro Strasbourg","url":"https:\/\/hierostrasbourg.com\/","logo":{"@type":"ImageObject","inLanguage":"fr-FR","@id":"https:\/\/hierostrasbourg.com\/#\/schema\/logo\/image\/","url":"https:\/\/hierostrasbourg.com\/wp-content\/uploads\/2026\/04\/logo-hiero-strasbourg.jpg","contentUrl":"https:\/\/hierostrasbourg.com\/wp-content\/uploads\/2026\/04\/logo-hiero-strasbourg.jpg","width":204,"height":192,"caption":"F\u00e9d\u00e9ration Hi\u00e9ro Strasbourg"},"image":{"@id":"https:\/\/hierostrasbourg.com\/#\/schema\/logo\/image\/"},"sameAs":["https:\/\/www.facebook.com\/fedehierostrasbourg","https:\/\/x.com\/hierostrasbourg"]}]}},"_links":{"self":[{"href":"https:\/\/hierostrasbourg.com\/index.php\/wp-json\/wp\/v2\/posts\/2205","targetHints":{"allow":["GET"]}}],"collection":[{"href":"https:\/\/hierostrasbourg.com\/index.php\/wp-json\/wp\/v2\/posts"}],"about":[{"href":"https:\/\/hierostrasbourg.com\/index.php\/wp-json\/wp\/v2\/types\/post"}],"replies":[{"embeddable":true,"href":"https:\/\/hierostrasbourg.com\/index.php\/wp-json\/wp\/v2\/comments?post=2205"}],"version-history":[{"count":0,"href":"https:\/\/hierostrasbourg.com\/index.php\/wp-json\/wp\/v2\/posts\/2205\/revisions"}],"wp:attachment":[{"href":"https:\/\/hierostrasbourg.com\/index.php\/wp-json\/wp\/v2\/media?parent=2205"}],"wp:term":[{"taxonomy":"category","embeddable":true,"href":"https:\/\/hierostrasbourg.com\/index.php\/wp-json\/wp\/v2\/categories?post=2205"},{"taxonomy":"post_tag","embeddable":true,"href":"https:\/\/hierostrasbourg.com\/index.php\/wp-json\/wp\/v2\/tags?post=2205"}],"curies":[{"name":"wp","href":"https:\/\/api.w.org\/{rel}","templated":true}]}}