{"id":2204,"date":"2022-04-06T17:32:25","date_gmt":"2022-04-06T15:32:25","guid":{"rendered":"https:\/\/hierostrasbourg.com\/index.php\/2022\/04\/06\/le-collectif-des-possibles-fellering-recrute-un-charge-de-mediation-culturelle-communication-f-h\/"},"modified":"2022-04-06T17:32:25","modified_gmt":"2022-04-06T15:32:25","slug":"le-collectif-des-possibles-fellering-recrute-un-charge-de-mediation-culturelle-communication-f-h","status":"publish","type":"post","link":"https:\/\/hierostrasbourg.com\/index.php\/2022\/04\/06\/le-collectif-des-possibles-fellering-recrute-un-charge-de-mediation-culturelle-communication-f-h\/","title":{"rendered":"LE COLLECTIF DES POSSIBLES [Fellering] recrute un charg\u00e9 de m\u00e9diation culturelle, communication [F\/H]"},"content":{"rendered":"<h2>Description de l\u2019organisme<\/h2>\n<p>N\u00e9 en 2017, le Collectif des Possibles est compos\u00e9 d\u2019artistes professionnels (spectacle vivant et arts plastiques) ainsi que d\u2019habitants, tous engag\u00e9s pour d\u00e9velopper un espace artistique pluridisciplinaire mutualis\u00e9 en faveur de la cr\u00e9ation, de la diffusion et de l\u2019acc\u00e8s \u00e0 la culture du plus grand nombre en lien avec le territoire. Le Collectif des Possibles est sensible aux principes d\u2019\u00e9ducation populaire, \u00e0 l\u2019\u00e9cologie, \u00e0 l\u2019\u00e9conomie sociale et solidaire et aux pratiques participatives.<br \/>\nLe collectif accueille des artistes en r\u00e9sidence, organise des ateliers et des stages pour tous les \u00e2ges et met en place le festival bisannuel Multi Prises (prochaine \u00e9dition en 2023).<\/p>\n<p>Pour d\u00e9velopper son projet, le Collectif des Possibles coordonne :<\/p>\n<p>Neuf ateliers-lofts lou\u00e9s aux artistes r\u00e9sidents\/permanents<br \/>\nUn loft de de 150m2 d\u00e9di\u00e9 \u00e0 l\u2019accueil d\u2019artistes en r\u00e9sidence temporaire<br \/>\nUn local de stockage et gr\u00e2ce \u00e0 la mise \u00e0 disposition par la communaut\u00e9 de communes de la Vall\u00e9e de Saint Amarin :<br \/>\nUn Th\u00e9\u00e2tre de Poche pour les r\u00e9sidences ainsi que l\u2019accueil de spectacles et d\u2019exposition<br \/>\nUn atelier mutualis\u00e9 de cr\u00e9ation de d\u00e9cor et de stockage pour les compagnies permanentes<br \/>\nUne plateforme d\u2019accueil pour les compagnies itin\u00e9rantes (chapiteau)<\/p>\n<p>L\u2019 Agora (compos\u00e9e du cercle de pilotage et de tous les membres actif.ve.s) se rassemble tous lestrimestres pour faire un \u00e9tat des lieux et imaginer les perspectives du Collectif.<\/p>\n<h2>Description de poste<\/h2>\n<p>Le.La charg\u00e9.e de m\u00e9diation culturelle et de communication s\u2019assure de la bonne communication interne et externe du Collectif et d\u00e9veloppe les projets de m\u00e9diation culturelle.<br \/>\nPour chacune des missions, il.elle travaillera en lien \u00e9troit avec les autres salari\u00e9.es du Collectif ainsi que les membres actif.ve.s au sein des commissions du Collectif telles que : la commission Communication, la commission R\u00e9sidence, la commission Transmission, la commission Arts Visuels, la commission Jardin.<\/p>\n<p>Il.Elle devra rendre des comptes de l\u2019actualit\u00e9 des actions lors des Agoras.<\/p>\n<h4>Missions<\/h4>\n<p>Organiser les r\u00e9unions de travail avec les commissions Transmission, Communication et R\u00e9sidence<br \/>\nSoutenir \u00e0 l\u2019organisation du festival bisannuel.<\/p>\n<p><strong>Mission m\u00e9diation culturelle :<\/strong><\/p>\n<p>\u00catre force de proposition pour la mise en place d\u2019ateliers, de parcours-d\u00e9couvertes, de sorties de r\u00e9sidence en lien avec les artistes et les partenaires.<br \/>\nOrganiser avec les artistes du collectif et des artistes en r\u00e9sidence dans l\u2019organisation de rencontres avec les publics (sortie de r\u00e9sidence au Th\u00e9\u00e2tre de Poche ou hors les murs, \u00e9v\u00e9nements au Jardin Collectif, ateliers et stages).<br \/>\nSuivre les contacts avec les diff\u00e9rents partenaires pour \u00e9largir la fr\u00e9quentation (\u00e9tablissements scolaires, associations, communes).<br \/>\nD\u00e9velopper des actions de partenariats avec les acteurs du territoire pr\u00e9c\u00e9demment cit\u00e9s<br \/>\nG\u00e9rer les inscriptions aux ateliers et aux stages amateurs.<br \/>\nOrganiser l\u2019accueil des artistes en r\u00e9sidence.<br \/>\nD\u00e9velopper des outils de suivi et d\u2019\u00e9valuation des actions, r\u00e9daction des bilans et suivi du fichier partenaire.<br \/>\nParticiper au suivi budgetaire des actions de m\u00e9diation culturelle.<\/p>\n<p><strong>Mission communication <\/strong><\/p>\n<p>\u00c9laborer et mettre en \u0153uvre une strat\u00e9gie de communication papier et num\u00e9rique.<br \/>\n\u00catre en lien avec le.la graphiste pour la cr\u00e9ation des supports de communication.<br \/>\nCoordonner la diffusion des documents de communication.<br \/>\nGestion et d\u00e9veloppement des r\u00e9seaux sociaux et de la newsletter.<br \/>\nGestion et mise \u00e0 jour du site internet en lien avec le.la webmaster.<br \/>\nDiffuser l\u2019information aux partenaires relais.<br \/>\nG\u00e9rer les relations presse et la visibilit\u00e9 dans les agendas culturels.<br \/>\nUtilisation de l\u2019interface Num\u00e9ricloud (agenda, dossiers partag\u00e9s, discussions par groupe).<br \/>\nParticiper au suivi budg\u00e9taire de communication.<\/p>\n<h2>Profil et exp\u00e9rience<\/h2>\n<p>Une formation BAC + 2<br \/>\nPremi\u00e8re exp\u00e9rience significative privil\u00e9gi\u00e9e<br \/>\nMa\u00eetrise de la langue fran\u00e7aise \u00e0 l\u2019\u00e9crit et \u00e0 l\u2019oral<br \/>\nConnaissance de l\u2019environnement du spectacle vivant et des arts visuels<br \/>\nQualit\u00e9s relationnelles et r\u00e9dactionnelles, capacit\u00e9 d\u2019adaptation, go\u00fbt pour le travail en \u00e9quipe<br \/>\nCapacit\u00e9s d\u2019organisation, rigueur, dynamisme, autonomie<br \/>\n\u00catre sensible aux valeurs d\u2019\u00e9ducation populaire, d\u2019\u00e9cologie et d\u2019\u00e9conomie sociale et solidaire<br \/>\nMa\u00eetrise des outils de bureautique (Excel, Word)<\/p>\n<h2>Informations compl\u00e9mentaires<\/h2>\n<p>Contrat \u00e0 dur\u00e9e ind\u00e9termin\u00e9e<br \/>\nPoste \u00e0 plein temps, situ\u00e9 dans le Parc de Wesserling (68470)<br \/>\nPossiblement travail le week-end (y compris les dimanches) et certaines soir\u00e9es<br \/>\nGroupe 5 de la Convention Collective des Entreprises Artistiques et Culturelles<br \/>\nR\u00e9mun\u00e9ration selon exp\u00e9rience<br \/>\nLieu de travail : Bureau et lieux du Collectif + t\u00e9l\u00e9travail<br \/>\nPoste \u00e0 pourvoir d\u00e8s que possible<br \/>\nDate limite d\u2019envoi des candidatures : 19 avril 2022<\/p>\n<p>Pour r\u00e9pondre \u00e0 l\u2019offre, envoyez votre CV et lettre de motivation \u00e0 cette adresse :<br \/>\ncontact@collectifdespossibles.fr<br \/>\nou 4b rue des Fabriques 68470 Fellering<br \/>\nSite web de l\u2019entreprise\/de l\u2019organisme : <a href=\"http:\/\/www.lecollectifdespossibles.fr\/\">www.lecollectifdespossibles.fr<\/a><\/p>\n<p>L\u2019article <a href=\"https:\/\/popburo.fr\/le-collectif-des-possibles-fellering-recrute-un-charge-de-mediation-culturelle-communication-f-h\/\">LE COLLECTIF DES POSSIBLES [Fellering] recrute un charg\u00e9 de m\u00e9diation culturelle, communication [F\/H]<\/a> est apparu en premier sur <a href=\"https:\/\/popburo.fr\/\">POP B\u00dcRO<\/a>.<\/p>\n","protected":false},"excerpt":{"rendered":"<p>Description de l\u2019organisme N\u00e9 en 2017, le Collectif des Possibles est compos\u00e9 d\u2019artistes professionnels (spectacle vivant et arts plastiques) ainsi que d\u2019habitants, tous engag\u00e9s pour d\u00e9velopper un espace artistique pluridisciplinaire mutualis\u00e9 en faveur de la cr\u00e9ation, de la diffusion et de l\u2019acc\u00e8s \u00e0 la culture du plus grand nombre en lien avec le territoire. Le Collectif des Possibles est sensible aux principes d\u2019\u00e9ducation populaire, \u00e0 l\u2019\u00e9cologie, \u00e0 l\u2019\u00e9conomie sociale et solidaire et aux pratiques participatives. Le collectif accueille des artistes [&hellip;]<\/p>\n","protected":false},"author":0,"featured_media":0,"comment_status":"closed","ping_status":"open","sticky":false,"template":"","format":"standard","meta":{"footnotes":""},"categories":[1],"tags":[],"class_list":["post-2204","post","type-post","status-publish","format-standard","hentry","category-non-classe"],"yoast_head":"<!-- This site is optimized with the Yoast SEO plugin v27.4 - https:\/\/yoast.com\/product\/yoast-seo-wordpress\/ -->\n<title>LE COLLECTIF DES POSSIBLES [Fellering] recrute un charg\u00e9 de m\u00e9diation culturelle, communication [F\/H] - HIERO STRASBOURG<\/title>\n<meta name=\"robots\" content=\"index, follow, max-snippet:-1, max-image-preview:large, max-video-preview:-1\" \/>\n<link rel=\"canonical\" href=\"https:\/\/hierostrasbourg.com\/index.php\/2022\/04\/06\/le-collectif-des-possibles-fellering-recrute-un-charge-de-mediation-culturelle-communication-f-h\/\" \/>\n<meta property=\"og:locale\" content=\"fr_FR\" \/>\n<meta property=\"og:type\" content=\"article\" \/>\n<meta property=\"og:title\" content=\"LE COLLECTIF DES POSSIBLES [Fellering] recrute un charg\u00e9 de m\u00e9diation culturelle, communication [F\/H] - HIERO STRASBOURG\" \/>\n<meta property=\"og:description\" content=\"Description de l\u2019organisme N\u00e9 en 2017, le Collectif des Possibles est compos\u00e9 d\u2019artistes professionnels (spectacle vivant et arts plastiques) ainsi que d\u2019habitants, tous engag\u00e9s pour d\u00e9velopper un espace artistique pluridisciplinaire mutualis\u00e9 en faveur de la cr\u00e9ation, de la diffusion et de l\u2019acc\u00e8s \u00e0 la culture du plus grand nombre en lien avec le territoire. Le Collectif des Possibles est sensible aux principes d\u2019\u00e9ducation populaire, \u00e0 l\u2019\u00e9cologie, \u00e0 l\u2019\u00e9conomie sociale et solidaire et aux pratiques participatives. Le collectif accueille des artistes [&hellip;]\" \/>\n<meta property=\"og:url\" content=\"https:\/\/hierostrasbourg.com\/index.php\/2022\/04\/06\/le-collectif-des-possibles-fellering-recrute-un-charge-de-mediation-culturelle-communication-f-h\/\" \/>\n<meta property=\"og:site_name\" content=\"HIERO STRASBOURG\" \/>\n<meta property=\"article:publisher\" content=\"https:\/\/www.facebook.com\/fedehierostrasbourg\" \/>\n<meta property=\"article:published_time\" content=\"2022-04-06T15:32:25+00:00\" \/>\n<meta name=\"twitter:card\" content=\"summary_large_image\" \/>\n<meta name=\"twitter:creator\" content=\"@hierostrasbourg\" \/>\n<meta name=\"twitter:site\" content=\"@hierostrasbourg\" \/>\n<meta name=\"twitter:label1\" content=\"Dur\u00e9e de lecture estim\u00e9e\" \/>\n\t<meta name=\"twitter:data1\" content=\"4 minutes\" \/>\n<script type=\"application\/ld+json\" class=\"yoast-schema-graph\">{\"@context\":\"https:\\\/\\\/schema.org\",\"@graph\":[{\"@type\":\"Article\",\"@id\":\"https:\\\/\\\/hierostrasbourg.com\\\/index.php\\\/2022\\\/04\\\/06\\\/le-collectif-des-possibles-fellering-recrute-un-charge-de-mediation-culturelle-communication-f-h\\\/#article\",\"isPartOf\":{\"@id\":\"https:\\\/\\\/hierostrasbourg.com\\\/index.php\\\/2022\\\/04\\\/06\\\/le-collectif-des-possibles-fellering-recrute-un-charge-de-mediation-culturelle-communication-f-h\\\/\"},\"author\":{\"name\":\"\",\"@id\":\"\"},\"headline\":\"LE COLLECTIF DES POSSIBLES [Fellering] recrute un charg\u00e9 de m\u00e9diation culturelle, communication [F\\\/H]\",\"datePublished\":\"2022-04-06T15:32:25+00:00\",\"mainEntityOfPage\":{\"@id\":\"https:\\\/\\\/hierostrasbourg.com\\\/index.php\\\/2022\\\/04\\\/06\\\/le-collectif-des-possibles-fellering-recrute-un-charge-de-mediation-culturelle-communication-f-h\\\/\"},\"wordCount\":844,\"publisher\":{\"@id\":\"https:\\\/\\\/hierostrasbourg.com\\\/#organization\"},\"inLanguage\":\"fr-FR\"},{\"@type\":\"WebPage\",\"@id\":\"https:\\\/\\\/hierostrasbourg.com\\\/index.php\\\/2022\\\/04\\\/06\\\/le-collectif-des-possibles-fellering-recrute-un-charge-de-mediation-culturelle-communication-f-h\\\/\",\"url\":\"https:\\\/\\\/hierostrasbourg.com\\\/index.php\\\/2022\\\/04\\\/06\\\/le-collectif-des-possibles-fellering-recrute-un-charge-de-mediation-culturelle-communication-f-h\\\/\",\"name\":\"LE COLLECTIF DES POSSIBLES [Fellering] recrute un charg\u00e9 de m\u00e9diation culturelle, communication [F\\\/H] - HIERO STRASBOURG\",\"isPartOf\":{\"@id\":\"https:\\\/\\\/hierostrasbourg.com\\\/#website\"},\"datePublished\":\"2022-04-06T15:32:25+00:00\",\"breadcrumb\":{\"@id\":\"https:\\\/\\\/hierostrasbourg.com\\\/index.php\\\/2022\\\/04\\\/06\\\/le-collectif-des-possibles-fellering-recrute-un-charge-de-mediation-culturelle-communication-f-h\\\/#breadcrumb\"},\"inLanguage\":\"fr-FR\",\"potentialAction\":[{\"@type\":\"ReadAction\",\"target\":[\"https:\\\/\\\/hierostrasbourg.com\\\/index.php\\\/2022\\\/04\\\/06\\\/le-collectif-des-possibles-fellering-recrute-un-charge-de-mediation-culturelle-communication-f-h\\\/\"]}]},{\"@type\":\"BreadcrumbList\",\"@id\":\"https:\\\/\\\/hierostrasbourg.com\\\/index.php\\\/2022\\\/04\\\/06\\\/le-collectif-des-possibles-fellering-recrute-un-charge-de-mediation-culturelle-communication-f-h\\\/#breadcrumb\",\"itemListElement\":[{\"@type\":\"ListItem\",\"position\":1,\"name\":\"Accueil\",\"item\":\"https:\\\/\\\/hierostrasbourg.com\\\/\"},{\"@type\":\"ListItem\",\"position\":2,\"name\":\"LE COLLECTIF DES POSSIBLES [Fellering] recrute un charg\u00e9 de m\u00e9diation culturelle, communication [F\\\/H]\"}]},{\"@type\":\"WebSite\",\"@id\":\"https:\\\/\\\/hierostrasbourg.com\\\/#website\",\"url\":\"https:\\\/\\\/hierostrasbourg.com\\\/\",\"name\":\"HIERO STRASBOURG\",\"description\":\"Centre de Ressources Musiques Actuelles\",\"publisher\":{\"@id\":\"https:\\\/\\\/hierostrasbourg.com\\\/#organization\"},\"potentialAction\":[{\"@type\":\"SearchAction\",\"target\":{\"@type\":\"EntryPoint\",\"urlTemplate\":\"https:\\\/\\\/hierostrasbourg.com\\\/?s={search_term_string}\"},\"query-input\":{\"@type\":\"PropertyValueSpecification\",\"valueRequired\":true,\"valueName\":\"search_term_string\"}}],\"inLanguage\":\"fr-FR\"},{\"@type\":\"Organization\",\"@id\":\"https:\\\/\\\/hierostrasbourg.com\\\/#organization\",\"name\":\"F\u00e9d\u00e9ration Hi\u00e9ro Strasbourg\",\"url\":\"https:\\\/\\\/hierostrasbourg.com\\\/\",\"logo\":{\"@type\":\"ImageObject\",\"inLanguage\":\"fr-FR\",\"@id\":\"https:\\\/\\\/hierostrasbourg.com\\\/#\\\/schema\\\/logo\\\/image\\\/\",\"url\":\"https:\\\/\\\/hierostrasbourg.com\\\/wp-content\\\/uploads\\\/2026\\\/04\\\/logo-hiero-strasbourg.jpg\",\"contentUrl\":\"https:\\\/\\\/hierostrasbourg.com\\\/wp-content\\\/uploads\\\/2026\\\/04\\\/logo-hiero-strasbourg.jpg\",\"width\":204,\"height\":192,\"caption\":\"F\u00e9d\u00e9ration Hi\u00e9ro Strasbourg\"},\"image\":{\"@id\":\"https:\\\/\\\/hierostrasbourg.com\\\/#\\\/schema\\\/logo\\\/image\\\/\"},\"sameAs\":[\"https:\\\/\\\/www.facebook.com\\\/fedehierostrasbourg\",\"https:\\\/\\\/x.com\\\/hierostrasbourg\"]}]}<\/script>\n<!-- \/ Yoast SEO plugin. -->","yoast_head_json":{"title":"LE COLLECTIF DES POSSIBLES [Fellering] recrute un charg\u00e9 de m\u00e9diation culturelle, communication [F\/H] - HIERO STRASBOURG","robots":{"index":"index","follow":"follow","max-snippet":"max-snippet:-1","max-image-preview":"max-image-preview:large","max-video-preview":"max-video-preview:-1"},"canonical":"https:\/\/hierostrasbourg.com\/index.php\/2022\/04\/06\/le-collectif-des-possibles-fellering-recrute-un-charge-de-mediation-culturelle-communication-f-h\/","og_locale":"fr_FR","og_type":"article","og_title":"LE COLLECTIF DES POSSIBLES [Fellering] recrute un charg\u00e9 de m\u00e9diation culturelle, communication [F\/H] - HIERO STRASBOURG","og_description":"Description de l\u2019organisme N\u00e9 en 2017, le Collectif des Possibles est compos\u00e9 d\u2019artistes professionnels (spectacle vivant et arts plastiques) ainsi que d\u2019habitants, tous engag\u00e9s pour d\u00e9velopper un espace artistique pluridisciplinaire mutualis\u00e9 en faveur de la cr\u00e9ation, de la diffusion et de l\u2019acc\u00e8s \u00e0 la culture du plus grand nombre en lien avec le territoire. Le Collectif des Possibles est sensible aux principes d\u2019\u00e9ducation populaire, \u00e0 l\u2019\u00e9cologie, \u00e0 l\u2019\u00e9conomie sociale et solidaire et aux pratiques participatives. Le collectif accueille des artistes [&hellip;]","og_url":"https:\/\/hierostrasbourg.com\/index.php\/2022\/04\/06\/le-collectif-des-possibles-fellering-recrute-un-charge-de-mediation-culturelle-communication-f-h\/","og_site_name":"HIERO STRASBOURG","article_publisher":"https:\/\/www.facebook.com\/fedehierostrasbourg","article_published_time":"2022-04-06T15:32:25+00:00","twitter_card":"summary_large_image","twitter_creator":"@hierostrasbourg","twitter_site":"@hierostrasbourg","twitter_misc":{"Dur\u00e9e de lecture estim\u00e9e":"4 minutes"},"schema":{"@context":"https:\/\/schema.org","@graph":[{"@type":"Article","@id":"https:\/\/hierostrasbourg.com\/index.php\/2022\/04\/06\/le-collectif-des-possibles-fellering-recrute-un-charge-de-mediation-culturelle-communication-f-h\/#article","isPartOf":{"@id":"https:\/\/hierostrasbourg.com\/index.php\/2022\/04\/06\/le-collectif-des-possibles-fellering-recrute-un-charge-de-mediation-culturelle-communication-f-h\/"},"author":{"name":"","@id":""},"headline":"LE COLLECTIF DES POSSIBLES [Fellering] recrute un charg\u00e9 de m\u00e9diation culturelle, communication [F\/H]","datePublished":"2022-04-06T15:32:25+00:00","mainEntityOfPage":{"@id":"https:\/\/hierostrasbourg.com\/index.php\/2022\/04\/06\/le-collectif-des-possibles-fellering-recrute-un-charge-de-mediation-culturelle-communication-f-h\/"},"wordCount":844,"publisher":{"@id":"https:\/\/hierostrasbourg.com\/#organization"},"inLanguage":"fr-FR"},{"@type":"WebPage","@id":"https:\/\/hierostrasbourg.com\/index.php\/2022\/04\/06\/le-collectif-des-possibles-fellering-recrute-un-charge-de-mediation-culturelle-communication-f-h\/","url":"https:\/\/hierostrasbourg.com\/index.php\/2022\/04\/06\/le-collectif-des-possibles-fellering-recrute-un-charge-de-mediation-culturelle-communication-f-h\/","name":"LE COLLECTIF DES POSSIBLES [Fellering] recrute un charg\u00e9 de m\u00e9diation culturelle, communication [F\/H] - HIERO STRASBOURG","isPartOf":{"@id":"https:\/\/hierostrasbourg.com\/#website"},"datePublished":"2022-04-06T15:32:25+00:00","breadcrumb":{"@id":"https:\/\/hierostrasbourg.com\/index.php\/2022\/04\/06\/le-collectif-des-possibles-fellering-recrute-un-charge-de-mediation-culturelle-communication-f-h\/#breadcrumb"},"inLanguage":"fr-FR","potentialAction":[{"@type":"ReadAction","target":["https:\/\/hierostrasbourg.com\/index.php\/2022\/04\/06\/le-collectif-des-possibles-fellering-recrute-un-charge-de-mediation-culturelle-communication-f-h\/"]}]},{"@type":"BreadcrumbList","@id":"https:\/\/hierostrasbourg.com\/index.php\/2022\/04\/06\/le-collectif-des-possibles-fellering-recrute-un-charge-de-mediation-culturelle-communication-f-h\/#breadcrumb","itemListElement":[{"@type":"ListItem","position":1,"name":"Accueil","item":"https:\/\/hierostrasbourg.com\/"},{"@type":"ListItem","position":2,"name":"LE COLLECTIF DES POSSIBLES [Fellering] recrute un charg\u00e9 de m\u00e9diation culturelle, communication [F\/H]"}]},{"@type":"WebSite","@id":"https:\/\/hierostrasbourg.com\/#website","url":"https:\/\/hierostrasbourg.com\/","name":"HIERO STRASBOURG","description":"Centre de Ressources Musiques Actuelles","publisher":{"@id":"https:\/\/hierostrasbourg.com\/#organization"},"potentialAction":[{"@type":"SearchAction","target":{"@type":"EntryPoint","urlTemplate":"https:\/\/hierostrasbourg.com\/?s={search_term_string}"},"query-input":{"@type":"PropertyValueSpecification","valueRequired":true,"valueName":"search_term_string"}}],"inLanguage":"fr-FR"},{"@type":"Organization","@id":"https:\/\/hierostrasbourg.com\/#organization","name":"F\u00e9d\u00e9ration Hi\u00e9ro Strasbourg","url":"https:\/\/hierostrasbourg.com\/","logo":{"@type":"ImageObject","inLanguage":"fr-FR","@id":"https:\/\/hierostrasbourg.com\/#\/schema\/logo\/image\/","url":"https:\/\/hierostrasbourg.com\/wp-content\/uploads\/2026\/04\/logo-hiero-strasbourg.jpg","contentUrl":"https:\/\/hierostrasbourg.com\/wp-content\/uploads\/2026\/04\/logo-hiero-strasbourg.jpg","width":204,"height":192,"caption":"F\u00e9d\u00e9ration Hi\u00e9ro Strasbourg"},"image":{"@id":"https:\/\/hierostrasbourg.com\/#\/schema\/logo\/image\/"},"sameAs":["https:\/\/www.facebook.com\/fedehierostrasbourg","https:\/\/x.com\/hierostrasbourg"]}]}},"_links":{"self":[{"href":"https:\/\/hierostrasbourg.com\/index.php\/wp-json\/wp\/v2\/posts\/2204","targetHints":{"allow":["GET"]}}],"collection":[{"href":"https:\/\/hierostrasbourg.com\/index.php\/wp-json\/wp\/v2\/posts"}],"about":[{"href":"https:\/\/hierostrasbourg.com\/index.php\/wp-json\/wp\/v2\/types\/post"}],"replies":[{"embeddable":true,"href":"https:\/\/hierostrasbourg.com\/index.php\/wp-json\/wp\/v2\/comments?post=2204"}],"version-history":[{"count":0,"href":"https:\/\/hierostrasbourg.com\/index.php\/wp-json\/wp\/v2\/posts\/2204\/revisions"}],"wp:attachment":[{"href":"https:\/\/hierostrasbourg.com\/index.php\/wp-json\/wp\/v2\/media?parent=2204"}],"wp:term":[{"taxonomy":"category","embeddable":true,"href":"https:\/\/hierostrasbourg.com\/index.php\/wp-json\/wp\/v2\/categories?post=2204"},{"taxonomy":"post_tag","embeddable":true,"href":"https:\/\/hierostrasbourg.com\/index.php\/wp-json\/wp\/v2\/tags?post=2204"}],"curies":[{"name":"wp","href":"https:\/\/api.w.org\/{rel}","templated":true}]}}