{"id":2195,"date":"2022-04-05T00:30:45","date_gmt":"2022-04-04T22:30:45","guid":{"rendered":"https:\/\/hierostrasbourg.com\/index.php\/2022\/04\/05\/la-mairie-de-bischheim-recrute-un-regisseur-ou-regisseuse-de-spectacle-et-devenementiel-fh-2\/"},"modified":"2022-04-05T00:30:45","modified_gmt":"2022-04-04T22:30:45","slug":"la-mairie-de-bischheim-recrute-un-regisseur-ou-regisseuse-de-spectacle-et-devenementiel-fh-2","status":"publish","type":"post","link":"https:\/\/hierostrasbourg.com\/index.php\/2022\/04\/05\/la-mairie-de-bischheim-recrute-un-regisseur-ou-regisseuse-de-spectacle-et-devenementiel-fh-2\/","title":{"rendered":"la MAIRIE DE BISCHHEIM recrute un r\u00e9gisseur ou r\u00e9gisseuse de spectacle et d\u2019\u00e9v\u00e9nementiel [FH]"},"content":{"rendered":"<p>Sous l\u2019autorit\u00e9 du Directeur des Affaires culturelles, le r\u00e9gisseur sera en charge d\u2019accompagner techniquement les \u00e9v\u00e9nements culturels de la Ville en bin\u00f4me avec un autre technicien. La Ville de Bischheim poss\u00e8de une offre culturelle riche avec notamment une saison culturelle, une m\u00e9diath\u00e8que (La Cour des Boecklin) qui s\u2019inscrit dans le r\u00e9seau Pass\u2019relle de l\u2019Eurom\u00e9tropole, les \u00e9coles de danse et de musique, le Miqv\u00e9 (mus\u00e9e du bain rituel juif) et le projet de transformation du Sapin Vert en tiers lieux culturel [\u2026]<\/p>\n<p>L\u2019article <a href=\"https:\/\/musiquesactuelles.alsace\/la-mairie-de-bischheim-recrute-un-regisseur-ou-regisseuse-de-spectacle-et-devenementiel-fh\/\">la MAIRIE DE BISCHHEIM recrute un r\u00e9gisseur ou r\u00e9gisseuse de spectacle et d\u2019\u00e9v\u00e9nementiel [FH]<\/a> est apparu en premier sur <a href=\"https:\/\/musiquesactuelles.alsace\/\">Musiques Actuelles en Alsace<\/a>.<\/p>\n<p>L\u2019article <a href=\"https:\/\/popburo.fr\/la-mairie-de-bischheim-recrute-un-regisseur-ou-regisseuse-de-spectacle-et-devenementiel-fh-2\/\">la MAIRIE DE BISCHHEIM recrute un r\u00e9gisseur ou r\u00e9gisseuse de spectacle et d\u2019\u00e9v\u00e9nementiel [FH]<\/a> est apparu en premier sur <a href=\"https:\/\/popburo.fr\/\">POP B\u00dcRO<\/a>.<\/p>\n","protected":false},"excerpt":{"rendered":"<p>Sous l\u2019autorit\u00e9 du Directeur des Affaires culturelles, le r\u00e9gisseur sera en charge d\u2019accompagner techniquement les \u00e9v\u00e9nements culturels de la Ville en bin\u00f4me avec un autre technicien. La Ville de Bischheim poss\u00e8de une offre culturelle riche avec notamment une saison culturelle, une m\u00e9diath\u00e8que (La Cour des Boecklin) qui s\u2019inscrit dans le r\u00e9seau Pass\u2019relle de l\u2019Eurom\u00e9tropole, les \u00e9coles de danse et de musique, le Miqv\u00e9 (mus\u00e9e du bain rituel juif) et le projet de transformation du Sapin Vert en tiers lieux culturel [&hellip;]<\/p>\n","protected":false},"author":0,"featured_media":0,"comment_status":"closed","ping_status":"open","sticky":false,"template":"","format":"standard","meta":{"footnotes":""},"categories":[1],"tags":[],"class_list":["post-2195","post","type-post","status-publish","format-standard","hentry","category-non-classe"],"yoast_head":"<!-- This site is optimized with the Yoast SEO plugin v27.4 - https:\/\/yoast.com\/product\/yoast-seo-wordpress\/ -->\n<title>la MAIRIE DE BISCHHEIM recrute un r\u00e9gisseur ou r\u00e9gisseuse de spectacle et d\u2019\u00e9v\u00e9nementiel [FH] - HIERO STRASBOURG<\/title>\n<meta name=\"robots\" content=\"index, follow, max-snippet:-1, max-image-preview:large, max-video-preview:-1\" \/>\n<link rel=\"canonical\" href=\"https:\/\/hierostrasbourg.com\/index.php\/2022\/04\/05\/la-mairie-de-bischheim-recrute-un-regisseur-ou-regisseuse-de-spectacle-et-devenementiel-fh-2\/\" \/>\n<meta property=\"og:locale\" content=\"fr_FR\" \/>\n<meta property=\"og:type\" content=\"article\" \/>\n<meta property=\"og:title\" content=\"la MAIRIE DE BISCHHEIM recrute un r\u00e9gisseur ou r\u00e9gisseuse de spectacle et d\u2019\u00e9v\u00e9nementiel [FH] - HIERO STRASBOURG\" \/>\n<meta property=\"og:description\" content=\"Sous l\u2019autorit\u00e9 du Directeur des Affaires culturelles, le r\u00e9gisseur sera en charge d\u2019accompagner techniquement les \u00e9v\u00e9nements culturels de la Ville en bin\u00f4me avec un autre technicien. La Ville de Bischheim poss\u00e8de une offre culturelle riche avec notamment une saison culturelle, une m\u00e9diath\u00e8que (La Cour des Boecklin) qui s\u2019inscrit dans le r\u00e9seau Pass\u2019relle de l\u2019Eurom\u00e9tropole, les \u00e9coles de danse et de musique, le Miqv\u00e9 (mus\u00e9e du bain rituel juif) et le projet de transformation du Sapin Vert en tiers lieux culturel [&hellip;]\" \/>\n<meta property=\"og:url\" content=\"https:\/\/hierostrasbourg.com\/index.php\/2022\/04\/05\/la-mairie-de-bischheim-recrute-un-regisseur-ou-regisseuse-de-spectacle-et-devenementiel-fh-2\/\" \/>\n<meta property=\"og:site_name\" content=\"HIERO STRASBOURG\" \/>\n<meta property=\"article:publisher\" content=\"https:\/\/www.facebook.com\/fedehierostrasbourg\" \/>\n<meta property=\"article:published_time\" content=\"2022-04-04T22:30:45+00:00\" \/>\n<meta name=\"twitter:card\" content=\"summary_large_image\" \/>\n<meta name=\"twitter:creator\" content=\"@hierostrasbourg\" \/>\n<meta name=\"twitter:site\" content=\"@hierostrasbourg\" \/>\n<meta name=\"twitter:label1\" content=\"Dur\u00e9e de lecture estim\u00e9e\" \/>\n\t<meta name=\"twitter:data1\" content=\"1 minute\" \/>\n<script type=\"application\/ld+json\" class=\"yoast-schema-graph\">{\"@context\":\"https:\\\/\\\/schema.org\",\"@graph\":[{\"@type\":\"Article\",\"@id\":\"https:\\\/\\\/hierostrasbourg.com\\\/index.php\\\/2022\\\/04\\\/05\\\/la-mairie-de-bischheim-recrute-un-regisseur-ou-regisseuse-de-spectacle-et-devenementiel-fh-2\\\/#article\",\"isPartOf\":{\"@id\":\"https:\\\/\\\/hierostrasbourg.com\\\/index.php\\\/2022\\\/04\\\/05\\\/la-mairie-de-bischheim-recrute-un-regisseur-ou-regisseuse-de-spectacle-et-devenementiel-fh-2\\\/\"},\"author\":{\"name\":\"\",\"@id\":\"\"},\"headline\":\"la MAIRIE DE BISCHHEIM recrute un r\u00e9gisseur ou r\u00e9gisseuse de spectacle et d\u2019\u00e9v\u00e9nementiel [FH]\",\"datePublished\":\"2022-04-04T22:30:45+00:00\",\"mainEntityOfPage\":{\"@id\":\"https:\\\/\\\/hierostrasbourg.com\\\/index.php\\\/2022\\\/04\\\/05\\\/la-mairie-de-bischheim-recrute-un-regisseur-ou-regisseuse-de-spectacle-et-devenementiel-fh-2\\\/\"},\"wordCount\":169,\"publisher\":{\"@id\":\"https:\\\/\\\/hierostrasbourg.com\\\/#organization\"},\"inLanguage\":\"fr-FR\"},{\"@type\":\"WebPage\",\"@id\":\"https:\\\/\\\/hierostrasbourg.com\\\/index.php\\\/2022\\\/04\\\/05\\\/la-mairie-de-bischheim-recrute-un-regisseur-ou-regisseuse-de-spectacle-et-devenementiel-fh-2\\\/\",\"url\":\"https:\\\/\\\/hierostrasbourg.com\\\/index.php\\\/2022\\\/04\\\/05\\\/la-mairie-de-bischheim-recrute-un-regisseur-ou-regisseuse-de-spectacle-et-devenementiel-fh-2\\\/\",\"name\":\"la MAIRIE DE BISCHHEIM recrute un r\u00e9gisseur ou r\u00e9gisseuse de spectacle et d\u2019\u00e9v\u00e9nementiel [FH] - HIERO STRASBOURG\",\"isPartOf\":{\"@id\":\"https:\\\/\\\/hierostrasbourg.com\\\/#website\"},\"datePublished\":\"2022-04-04T22:30:45+00:00\",\"breadcrumb\":{\"@id\":\"https:\\\/\\\/hierostrasbourg.com\\\/index.php\\\/2022\\\/04\\\/05\\\/la-mairie-de-bischheim-recrute-un-regisseur-ou-regisseuse-de-spectacle-et-devenementiel-fh-2\\\/#breadcrumb\"},\"inLanguage\":\"fr-FR\",\"potentialAction\":[{\"@type\":\"ReadAction\",\"target\":[\"https:\\\/\\\/hierostrasbourg.com\\\/index.php\\\/2022\\\/04\\\/05\\\/la-mairie-de-bischheim-recrute-un-regisseur-ou-regisseuse-de-spectacle-et-devenementiel-fh-2\\\/\"]}]},{\"@type\":\"BreadcrumbList\",\"@id\":\"https:\\\/\\\/hierostrasbourg.com\\\/index.php\\\/2022\\\/04\\\/05\\\/la-mairie-de-bischheim-recrute-un-regisseur-ou-regisseuse-de-spectacle-et-devenementiel-fh-2\\\/#breadcrumb\",\"itemListElement\":[{\"@type\":\"ListItem\",\"position\":1,\"name\":\"Accueil\",\"item\":\"https:\\\/\\\/hierostrasbourg.com\\\/\"},{\"@type\":\"ListItem\",\"position\":2,\"name\":\"la MAIRIE DE BISCHHEIM recrute un r\u00e9gisseur ou r\u00e9gisseuse de spectacle et d\u2019\u00e9v\u00e9nementiel [FH]\"}]},{\"@type\":\"WebSite\",\"@id\":\"https:\\\/\\\/hierostrasbourg.com\\\/#website\",\"url\":\"https:\\\/\\\/hierostrasbourg.com\\\/\",\"name\":\"HIERO STRASBOURG\",\"description\":\"Centre de Ressources Musiques Actuelles\",\"publisher\":{\"@id\":\"https:\\\/\\\/hierostrasbourg.com\\\/#organization\"},\"potentialAction\":[{\"@type\":\"SearchAction\",\"target\":{\"@type\":\"EntryPoint\",\"urlTemplate\":\"https:\\\/\\\/hierostrasbourg.com\\\/?s={search_term_string}\"},\"query-input\":{\"@type\":\"PropertyValueSpecification\",\"valueRequired\":true,\"valueName\":\"search_term_string\"}}],\"inLanguage\":\"fr-FR\"},{\"@type\":\"Organization\",\"@id\":\"https:\\\/\\\/hierostrasbourg.com\\\/#organization\",\"name\":\"F\u00e9d\u00e9ration Hi\u00e9ro Strasbourg\",\"url\":\"https:\\\/\\\/hierostrasbourg.com\\\/\",\"logo\":{\"@type\":\"ImageObject\",\"inLanguage\":\"fr-FR\",\"@id\":\"https:\\\/\\\/hierostrasbourg.com\\\/#\\\/schema\\\/logo\\\/image\\\/\",\"url\":\"https:\\\/\\\/hierostrasbourg.com\\\/wp-content\\\/uploads\\\/2026\\\/04\\\/logo-hiero-strasbourg.jpg\",\"contentUrl\":\"https:\\\/\\\/hierostrasbourg.com\\\/wp-content\\\/uploads\\\/2026\\\/04\\\/logo-hiero-strasbourg.jpg\",\"width\":204,\"height\":192,\"caption\":\"F\u00e9d\u00e9ration Hi\u00e9ro Strasbourg\"},\"image\":{\"@id\":\"https:\\\/\\\/hierostrasbourg.com\\\/#\\\/schema\\\/logo\\\/image\\\/\"},\"sameAs\":[\"https:\\\/\\\/www.facebook.com\\\/fedehierostrasbourg\",\"https:\\\/\\\/x.com\\\/hierostrasbourg\"]}]}<\/script>\n<!-- \/ Yoast SEO plugin. -->","yoast_head_json":{"title":"la MAIRIE DE BISCHHEIM recrute un r\u00e9gisseur ou r\u00e9gisseuse de spectacle et d\u2019\u00e9v\u00e9nementiel [FH] - HIERO STRASBOURG","robots":{"index":"index","follow":"follow","max-snippet":"max-snippet:-1","max-image-preview":"max-image-preview:large","max-video-preview":"max-video-preview:-1"},"canonical":"https:\/\/hierostrasbourg.com\/index.php\/2022\/04\/05\/la-mairie-de-bischheim-recrute-un-regisseur-ou-regisseuse-de-spectacle-et-devenementiel-fh-2\/","og_locale":"fr_FR","og_type":"article","og_title":"la MAIRIE DE BISCHHEIM recrute un r\u00e9gisseur ou r\u00e9gisseuse de spectacle et d\u2019\u00e9v\u00e9nementiel [FH] - HIERO STRASBOURG","og_description":"Sous l\u2019autorit\u00e9 du Directeur des Affaires culturelles, le r\u00e9gisseur sera en charge d\u2019accompagner techniquement les \u00e9v\u00e9nements culturels de la Ville en bin\u00f4me avec un autre technicien. La Ville de Bischheim poss\u00e8de une offre culturelle riche avec notamment une saison culturelle, une m\u00e9diath\u00e8que (La Cour des Boecklin) qui s\u2019inscrit dans le r\u00e9seau Pass\u2019relle de l\u2019Eurom\u00e9tropole, les \u00e9coles de danse et de musique, le Miqv\u00e9 (mus\u00e9e du bain rituel juif) et le projet de transformation du Sapin Vert en tiers lieux culturel [&hellip;]","og_url":"https:\/\/hierostrasbourg.com\/index.php\/2022\/04\/05\/la-mairie-de-bischheim-recrute-un-regisseur-ou-regisseuse-de-spectacle-et-devenementiel-fh-2\/","og_site_name":"HIERO STRASBOURG","article_publisher":"https:\/\/www.facebook.com\/fedehierostrasbourg","article_published_time":"2022-04-04T22:30:45+00:00","twitter_card":"summary_large_image","twitter_creator":"@hierostrasbourg","twitter_site":"@hierostrasbourg","twitter_misc":{"Dur\u00e9e de lecture estim\u00e9e":"1 minute"},"schema":{"@context":"https:\/\/schema.org","@graph":[{"@type":"Article","@id":"https:\/\/hierostrasbourg.com\/index.php\/2022\/04\/05\/la-mairie-de-bischheim-recrute-un-regisseur-ou-regisseuse-de-spectacle-et-devenementiel-fh-2\/#article","isPartOf":{"@id":"https:\/\/hierostrasbourg.com\/index.php\/2022\/04\/05\/la-mairie-de-bischheim-recrute-un-regisseur-ou-regisseuse-de-spectacle-et-devenementiel-fh-2\/"},"author":{"name":"","@id":""},"headline":"la MAIRIE DE BISCHHEIM recrute un r\u00e9gisseur ou r\u00e9gisseuse de spectacle et d\u2019\u00e9v\u00e9nementiel [FH]","datePublished":"2022-04-04T22:30:45+00:00","mainEntityOfPage":{"@id":"https:\/\/hierostrasbourg.com\/index.php\/2022\/04\/05\/la-mairie-de-bischheim-recrute-un-regisseur-ou-regisseuse-de-spectacle-et-devenementiel-fh-2\/"},"wordCount":169,"publisher":{"@id":"https:\/\/hierostrasbourg.com\/#organization"},"inLanguage":"fr-FR"},{"@type":"WebPage","@id":"https:\/\/hierostrasbourg.com\/index.php\/2022\/04\/05\/la-mairie-de-bischheim-recrute-un-regisseur-ou-regisseuse-de-spectacle-et-devenementiel-fh-2\/","url":"https:\/\/hierostrasbourg.com\/index.php\/2022\/04\/05\/la-mairie-de-bischheim-recrute-un-regisseur-ou-regisseuse-de-spectacle-et-devenementiel-fh-2\/","name":"la MAIRIE DE BISCHHEIM recrute un r\u00e9gisseur ou r\u00e9gisseuse de spectacle et d\u2019\u00e9v\u00e9nementiel [FH] - HIERO STRASBOURG","isPartOf":{"@id":"https:\/\/hierostrasbourg.com\/#website"},"datePublished":"2022-04-04T22:30:45+00:00","breadcrumb":{"@id":"https:\/\/hierostrasbourg.com\/index.php\/2022\/04\/05\/la-mairie-de-bischheim-recrute-un-regisseur-ou-regisseuse-de-spectacle-et-devenementiel-fh-2\/#breadcrumb"},"inLanguage":"fr-FR","potentialAction":[{"@type":"ReadAction","target":["https:\/\/hierostrasbourg.com\/index.php\/2022\/04\/05\/la-mairie-de-bischheim-recrute-un-regisseur-ou-regisseuse-de-spectacle-et-devenementiel-fh-2\/"]}]},{"@type":"BreadcrumbList","@id":"https:\/\/hierostrasbourg.com\/index.php\/2022\/04\/05\/la-mairie-de-bischheim-recrute-un-regisseur-ou-regisseuse-de-spectacle-et-devenementiel-fh-2\/#breadcrumb","itemListElement":[{"@type":"ListItem","position":1,"name":"Accueil","item":"https:\/\/hierostrasbourg.com\/"},{"@type":"ListItem","position":2,"name":"la MAIRIE DE BISCHHEIM recrute un r\u00e9gisseur ou r\u00e9gisseuse de spectacle et d\u2019\u00e9v\u00e9nementiel [FH]"}]},{"@type":"WebSite","@id":"https:\/\/hierostrasbourg.com\/#website","url":"https:\/\/hierostrasbourg.com\/","name":"HIERO STRASBOURG","description":"Centre de Ressources Musiques Actuelles","publisher":{"@id":"https:\/\/hierostrasbourg.com\/#organization"},"potentialAction":[{"@type":"SearchAction","target":{"@type":"EntryPoint","urlTemplate":"https:\/\/hierostrasbourg.com\/?s={search_term_string}"},"query-input":{"@type":"PropertyValueSpecification","valueRequired":true,"valueName":"search_term_string"}}],"inLanguage":"fr-FR"},{"@type":"Organization","@id":"https:\/\/hierostrasbourg.com\/#organization","name":"F\u00e9d\u00e9ration Hi\u00e9ro Strasbourg","url":"https:\/\/hierostrasbourg.com\/","logo":{"@type":"ImageObject","inLanguage":"fr-FR","@id":"https:\/\/hierostrasbourg.com\/#\/schema\/logo\/image\/","url":"https:\/\/hierostrasbourg.com\/wp-content\/uploads\/2026\/04\/logo-hiero-strasbourg.jpg","contentUrl":"https:\/\/hierostrasbourg.com\/wp-content\/uploads\/2026\/04\/logo-hiero-strasbourg.jpg","width":204,"height":192,"caption":"F\u00e9d\u00e9ration Hi\u00e9ro Strasbourg"},"image":{"@id":"https:\/\/hierostrasbourg.com\/#\/schema\/logo\/image\/"},"sameAs":["https:\/\/www.facebook.com\/fedehierostrasbourg","https:\/\/x.com\/hierostrasbourg"]}]}},"_links":{"self":[{"href":"https:\/\/hierostrasbourg.com\/index.php\/wp-json\/wp\/v2\/posts\/2195","targetHints":{"allow":["GET"]}}],"collection":[{"href":"https:\/\/hierostrasbourg.com\/index.php\/wp-json\/wp\/v2\/posts"}],"about":[{"href":"https:\/\/hierostrasbourg.com\/index.php\/wp-json\/wp\/v2\/types\/post"}],"replies":[{"embeddable":true,"href":"https:\/\/hierostrasbourg.com\/index.php\/wp-json\/wp\/v2\/comments?post=2195"}],"version-history":[{"count":0,"href":"https:\/\/hierostrasbourg.com\/index.php\/wp-json\/wp\/v2\/posts\/2195\/revisions"}],"wp:attachment":[{"href":"https:\/\/hierostrasbourg.com\/index.php\/wp-json\/wp\/v2\/media?parent=2195"}],"wp:term":[{"taxonomy":"category","embeddable":true,"href":"https:\/\/hierostrasbourg.com\/index.php\/wp-json\/wp\/v2\/categories?post=2195"},{"taxonomy":"post_tag","embeddable":true,"href":"https:\/\/hierostrasbourg.com\/index.php\/wp-json\/wp\/v2\/tags?post=2195"}],"curies":[{"name":"wp","href":"https:\/\/api.w.org\/{rel}","templated":true}]}}