{"id":2178,"date":"2022-04-01T21:30:48","date_gmt":"2022-04-01T19:30:48","guid":{"rendered":"https:\/\/hierostrasbourg.com\/index.php\/2022\/04\/01\/avec-la-fin-du-cd-le-remix-des-mediatheques-2\/"},"modified":"2022-04-01T21:30:48","modified_gmt":"2022-04-01T19:30:48","slug":"avec-la-fin-du-cd-le-remix-des-mediatheques-2","status":"publish","type":"post","link":"https:\/\/hierostrasbourg.com\/index.php\/2022\/04\/01\/avec-la-fin-du-cd-le-remix-des-mediatheques-2\/","title":{"rendered":"Avec la fin du CD, le remix des m\u00e9diath\u00e8ques"},"content":{"rendered":"<p>Avec l\u2019explosion du streaming, le pr\u00eat de CD dans les m\u00e9diath\u00e8ques n\u2019a plus la cote. Un ph\u00e9nom\u00e8ne qui invite ces \u00e9tablissements publics \u00e0 r\u00e9inventer leur strat\u00e9gie de promotion de la musique. Source \/ Lire la suite : Avec la fin du CD, le remix des m\u00e9diath\u00e8ques<\/p>\n<p>L\u2019article <a href=\"https:\/\/musiquesactuelles.alsace\/avec-la-fin-du-cd-le-remix-des-mediatheques\/\">Avec la fin du CD, le remix des m\u00e9diath\u00e8ques<\/a> est apparu en premier sur <a href=\"https:\/\/musiquesactuelles.alsace\/\">Musiques Actuelles en Alsace<\/a>.<\/p>\n<p>L\u2019article <a href=\"https:\/\/popburo.fr\/avec-la-fin-du-cd-le-remix-des-mediatheques-2\/\">Avec la fin du CD, le remix des m\u00e9diath\u00e8ques<\/a> est apparu en premier sur <a href=\"https:\/\/popburo.fr\/\">POP B\u00dcRO<\/a>.<\/p>\n","protected":false},"excerpt":{"rendered":"<p>Avec l\u2019explosion du streaming, le pr\u00eat de CD dans les m\u00e9diath\u00e8ques n\u2019a plus la cote. Un ph\u00e9nom\u00e8ne qui invite ces \u00e9tablissements publics \u00e0 r\u00e9inventer leur strat\u00e9gie de promotion de la musique. Source \/ Lire la suite : Avec la fin du CD, le remix des m\u00e9diath\u00e8ques L\u2019article Avec la fin du CD, le remix des m\u00e9diath\u00e8ques est apparu en premier sur Musiques Actuelles en Alsace. L\u2019article Avec la fin du CD, le remix des m\u00e9diath\u00e8ques est apparu en premier sur [&hellip;]<\/p>\n","protected":false},"author":0,"featured_media":0,"comment_status":"closed","ping_status":"open","sticky":false,"template":"","format":"standard","meta":{"footnotes":""},"categories":[1],"tags":[],"class_list":["post-2178","post","type-post","status-publish","format-standard","hentry","category-non-classe"],"yoast_head":"<!-- This site is optimized with the Yoast SEO plugin v27.4 - https:\/\/yoast.com\/product\/yoast-seo-wordpress\/ -->\n<title>Avec la fin du CD, le remix des m\u00e9diath\u00e8ques - HIERO STRASBOURG<\/title>\n<meta name=\"robots\" content=\"index, follow, max-snippet:-1, max-image-preview:large, max-video-preview:-1\" \/>\n<link rel=\"canonical\" href=\"https:\/\/hierostrasbourg.com\/index.php\/2022\/04\/01\/avec-la-fin-du-cd-le-remix-des-mediatheques-2\/\" \/>\n<meta property=\"og:locale\" content=\"fr_FR\" \/>\n<meta property=\"og:type\" content=\"article\" \/>\n<meta property=\"og:title\" content=\"Avec la fin du CD, le remix des m\u00e9diath\u00e8ques - HIERO STRASBOURG\" \/>\n<meta property=\"og:description\" content=\"Avec l\u2019explosion du streaming, le pr\u00eat de CD dans les m\u00e9diath\u00e8ques n\u2019a plus la cote. Un ph\u00e9nom\u00e8ne qui invite ces \u00e9tablissements publics \u00e0 r\u00e9inventer leur strat\u00e9gie de promotion de la musique. Source \/ Lire la suite : Avec la fin du CD, le remix des m\u00e9diath\u00e8ques L\u2019article Avec la fin du CD, le remix des m\u00e9diath\u00e8ques est apparu en premier sur Musiques Actuelles en Alsace. L\u2019article Avec la fin du CD, le remix des m\u00e9diath\u00e8ques est apparu en premier sur [&hellip;]\" \/>\n<meta property=\"og:url\" content=\"https:\/\/hierostrasbourg.com\/index.php\/2022\/04\/01\/avec-la-fin-du-cd-le-remix-des-mediatheques-2\/\" \/>\n<meta property=\"og:site_name\" content=\"HIERO STRASBOURG\" \/>\n<meta property=\"article:publisher\" content=\"https:\/\/www.facebook.com\/fedehierostrasbourg\" \/>\n<meta property=\"article:published_time\" content=\"2022-04-01T19:30:48+00:00\" \/>\n<meta name=\"twitter:card\" content=\"summary_large_image\" \/>\n<meta name=\"twitter:creator\" content=\"@hierostrasbourg\" \/>\n<meta name=\"twitter:site\" content=\"@hierostrasbourg\" \/>\n<script type=\"application\/ld+json\" class=\"yoast-schema-graph\">{\"@context\":\"https:\\\/\\\/schema.org\",\"@graph\":[{\"@type\":\"Article\",\"@id\":\"https:\\\/\\\/hierostrasbourg.com\\\/index.php\\\/2022\\\/04\\\/01\\\/avec-la-fin-du-cd-le-remix-des-mediatheques-2\\\/#article\",\"isPartOf\":{\"@id\":\"https:\\\/\\\/hierostrasbourg.com\\\/index.php\\\/2022\\\/04\\\/01\\\/avec-la-fin-du-cd-le-remix-des-mediatheques-2\\\/\"},\"author\":{\"name\":\"\",\"@id\":\"\"},\"headline\":\"Avec la fin du CD, le remix des m\u00e9diath\u00e8ques\",\"datePublished\":\"2022-04-01T19:30:48+00:00\",\"mainEntityOfPage\":{\"@id\":\"https:\\\/\\\/hierostrasbourg.com\\\/index.php\\\/2022\\\/04\\\/01\\\/avec-la-fin-du-cd-le-remix-des-mediatheques-2\\\/\"},\"wordCount\":108,\"publisher\":{\"@id\":\"https:\\\/\\\/hierostrasbourg.com\\\/#organization\"},\"inLanguage\":\"fr-FR\"},{\"@type\":\"WebPage\",\"@id\":\"https:\\\/\\\/hierostrasbourg.com\\\/index.php\\\/2022\\\/04\\\/01\\\/avec-la-fin-du-cd-le-remix-des-mediatheques-2\\\/\",\"url\":\"https:\\\/\\\/hierostrasbourg.com\\\/index.php\\\/2022\\\/04\\\/01\\\/avec-la-fin-du-cd-le-remix-des-mediatheques-2\\\/\",\"name\":\"Avec la fin du CD, le remix des m\u00e9diath\u00e8ques - HIERO STRASBOURG\",\"isPartOf\":{\"@id\":\"https:\\\/\\\/hierostrasbourg.com\\\/#website\"},\"datePublished\":\"2022-04-01T19:30:48+00:00\",\"breadcrumb\":{\"@id\":\"https:\\\/\\\/hierostrasbourg.com\\\/index.php\\\/2022\\\/04\\\/01\\\/avec-la-fin-du-cd-le-remix-des-mediatheques-2\\\/#breadcrumb\"},\"inLanguage\":\"fr-FR\",\"potentialAction\":[{\"@type\":\"ReadAction\",\"target\":[\"https:\\\/\\\/hierostrasbourg.com\\\/index.php\\\/2022\\\/04\\\/01\\\/avec-la-fin-du-cd-le-remix-des-mediatheques-2\\\/\"]}]},{\"@type\":\"BreadcrumbList\",\"@id\":\"https:\\\/\\\/hierostrasbourg.com\\\/index.php\\\/2022\\\/04\\\/01\\\/avec-la-fin-du-cd-le-remix-des-mediatheques-2\\\/#breadcrumb\",\"itemListElement\":[{\"@type\":\"ListItem\",\"position\":1,\"name\":\"Accueil\",\"item\":\"https:\\\/\\\/hierostrasbourg.com\\\/\"},{\"@type\":\"ListItem\",\"position\":2,\"name\":\"Avec la fin du CD, le remix des m\u00e9diath\u00e8ques\"}]},{\"@type\":\"WebSite\",\"@id\":\"https:\\\/\\\/hierostrasbourg.com\\\/#website\",\"url\":\"https:\\\/\\\/hierostrasbourg.com\\\/\",\"name\":\"HIERO STRASBOURG\",\"description\":\"Centre de Ressources Musiques Actuelles\",\"publisher\":{\"@id\":\"https:\\\/\\\/hierostrasbourg.com\\\/#organization\"},\"potentialAction\":[{\"@type\":\"SearchAction\",\"target\":{\"@type\":\"EntryPoint\",\"urlTemplate\":\"https:\\\/\\\/hierostrasbourg.com\\\/?s={search_term_string}\"},\"query-input\":{\"@type\":\"PropertyValueSpecification\",\"valueRequired\":true,\"valueName\":\"search_term_string\"}}],\"inLanguage\":\"fr-FR\"},{\"@type\":\"Organization\",\"@id\":\"https:\\\/\\\/hierostrasbourg.com\\\/#organization\",\"name\":\"F\u00e9d\u00e9ration Hi\u00e9ro Strasbourg\",\"url\":\"https:\\\/\\\/hierostrasbourg.com\\\/\",\"logo\":{\"@type\":\"ImageObject\",\"inLanguage\":\"fr-FR\",\"@id\":\"https:\\\/\\\/hierostrasbourg.com\\\/#\\\/schema\\\/logo\\\/image\\\/\",\"url\":\"https:\\\/\\\/hierostrasbourg.com\\\/wp-content\\\/uploads\\\/2026\\\/04\\\/logo-hiero-strasbourg.jpg\",\"contentUrl\":\"https:\\\/\\\/hierostrasbourg.com\\\/wp-content\\\/uploads\\\/2026\\\/04\\\/logo-hiero-strasbourg.jpg\",\"width\":204,\"height\":192,\"caption\":\"F\u00e9d\u00e9ration Hi\u00e9ro Strasbourg\"},\"image\":{\"@id\":\"https:\\\/\\\/hierostrasbourg.com\\\/#\\\/schema\\\/logo\\\/image\\\/\"},\"sameAs\":[\"https:\\\/\\\/www.facebook.com\\\/fedehierostrasbourg\",\"https:\\\/\\\/x.com\\\/hierostrasbourg\"]}]}<\/script>\n<!-- \/ Yoast SEO plugin. -->","yoast_head_json":{"title":"Avec la fin du CD, le remix des m\u00e9diath\u00e8ques - HIERO STRASBOURG","robots":{"index":"index","follow":"follow","max-snippet":"max-snippet:-1","max-image-preview":"max-image-preview:large","max-video-preview":"max-video-preview:-1"},"canonical":"https:\/\/hierostrasbourg.com\/index.php\/2022\/04\/01\/avec-la-fin-du-cd-le-remix-des-mediatheques-2\/","og_locale":"fr_FR","og_type":"article","og_title":"Avec la fin du CD, le remix des m\u00e9diath\u00e8ques - HIERO STRASBOURG","og_description":"Avec l\u2019explosion du streaming, le pr\u00eat de CD dans les m\u00e9diath\u00e8ques n\u2019a plus la cote. Un ph\u00e9nom\u00e8ne qui invite ces \u00e9tablissements publics \u00e0 r\u00e9inventer leur strat\u00e9gie de promotion de la musique. Source \/ Lire la suite : Avec la fin du CD, le remix des m\u00e9diath\u00e8ques L\u2019article Avec la fin du CD, le remix des m\u00e9diath\u00e8ques est apparu en premier sur Musiques Actuelles en Alsace. L\u2019article Avec la fin du CD, le remix des m\u00e9diath\u00e8ques est apparu en premier sur [&hellip;]","og_url":"https:\/\/hierostrasbourg.com\/index.php\/2022\/04\/01\/avec-la-fin-du-cd-le-remix-des-mediatheques-2\/","og_site_name":"HIERO STRASBOURG","article_publisher":"https:\/\/www.facebook.com\/fedehierostrasbourg","article_published_time":"2022-04-01T19:30:48+00:00","twitter_card":"summary_large_image","twitter_creator":"@hierostrasbourg","twitter_site":"@hierostrasbourg","schema":{"@context":"https:\/\/schema.org","@graph":[{"@type":"Article","@id":"https:\/\/hierostrasbourg.com\/index.php\/2022\/04\/01\/avec-la-fin-du-cd-le-remix-des-mediatheques-2\/#article","isPartOf":{"@id":"https:\/\/hierostrasbourg.com\/index.php\/2022\/04\/01\/avec-la-fin-du-cd-le-remix-des-mediatheques-2\/"},"author":{"name":"","@id":""},"headline":"Avec la fin du CD, le remix des m\u00e9diath\u00e8ques","datePublished":"2022-04-01T19:30:48+00:00","mainEntityOfPage":{"@id":"https:\/\/hierostrasbourg.com\/index.php\/2022\/04\/01\/avec-la-fin-du-cd-le-remix-des-mediatheques-2\/"},"wordCount":108,"publisher":{"@id":"https:\/\/hierostrasbourg.com\/#organization"},"inLanguage":"fr-FR"},{"@type":"WebPage","@id":"https:\/\/hierostrasbourg.com\/index.php\/2022\/04\/01\/avec-la-fin-du-cd-le-remix-des-mediatheques-2\/","url":"https:\/\/hierostrasbourg.com\/index.php\/2022\/04\/01\/avec-la-fin-du-cd-le-remix-des-mediatheques-2\/","name":"Avec la fin du CD, le remix des m\u00e9diath\u00e8ques - HIERO STRASBOURG","isPartOf":{"@id":"https:\/\/hierostrasbourg.com\/#website"},"datePublished":"2022-04-01T19:30:48+00:00","breadcrumb":{"@id":"https:\/\/hierostrasbourg.com\/index.php\/2022\/04\/01\/avec-la-fin-du-cd-le-remix-des-mediatheques-2\/#breadcrumb"},"inLanguage":"fr-FR","potentialAction":[{"@type":"ReadAction","target":["https:\/\/hierostrasbourg.com\/index.php\/2022\/04\/01\/avec-la-fin-du-cd-le-remix-des-mediatheques-2\/"]}]},{"@type":"BreadcrumbList","@id":"https:\/\/hierostrasbourg.com\/index.php\/2022\/04\/01\/avec-la-fin-du-cd-le-remix-des-mediatheques-2\/#breadcrumb","itemListElement":[{"@type":"ListItem","position":1,"name":"Accueil","item":"https:\/\/hierostrasbourg.com\/"},{"@type":"ListItem","position":2,"name":"Avec la fin du CD, le remix des m\u00e9diath\u00e8ques"}]},{"@type":"WebSite","@id":"https:\/\/hierostrasbourg.com\/#website","url":"https:\/\/hierostrasbourg.com\/","name":"HIERO STRASBOURG","description":"Centre de Ressources Musiques Actuelles","publisher":{"@id":"https:\/\/hierostrasbourg.com\/#organization"},"potentialAction":[{"@type":"SearchAction","target":{"@type":"EntryPoint","urlTemplate":"https:\/\/hierostrasbourg.com\/?s={search_term_string}"},"query-input":{"@type":"PropertyValueSpecification","valueRequired":true,"valueName":"search_term_string"}}],"inLanguage":"fr-FR"},{"@type":"Organization","@id":"https:\/\/hierostrasbourg.com\/#organization","name":"F\u00e9d\u00e9ration Hi\u00e9ro Strasbourg","url":"https:\/\/hierostrasbourg.com\/","logo":{"@type":"ImageObject","inLanguage":"fr-FR","@id":"https:\/\/hierostrasbourg.com\/#\/schema\/logo\/image\/","url":"https:\/\/hierostrasbourg.com\/wp-content\/uploads\/2026\/04\/logo-hiero-strasbourg.jpg","contentUrl":"https:\/\/hierostrasbourg.com\/wp-content\/uploads\/2026\/04\/logo-hiero-strasbourg.jpg","width":204,"height":192,"caption":"F\u00e9d\u00e9ration Hi\u00e9ro Strasbourg"},"image":{"@id":"https:\/\/hierostrasbourg.com\/#\/schema\/logo\/image\/"},"sameAs":["https:\/\/www.facebook.com\/fedehierostrasbourg","https:\/\/x.com\/hierostrasbourg"]}]}},"_links":{"self":[{"href":"https:\/\/hierostrasbourg.com\/index.php\/wp-json\/wp\/v2\/posts\/2178","targetHints":{"allow":["GET"]}}],"collection":[{"href":"https:\/\/hierostrasbourg.com\/index.php\/wp-json\/wp\/v2\/posts"}],"about":[{"href":"https:\/\/hierostrasbourg.com\/index.php\/wp-json\/wp\/v2\/types\/post"}],"replies":[{"embeddable":true,"href":"https:\/\/hierostrasbourg.com\/index.php\/wp-json\/wp\/v2\/comments?post=2178"}],"version-history":[{"count":0,"href":"https:\/\/hierostrasbourg.com\/index.php\/wp-json\/wp\/v2\/posts\/2178\/revisions"}],"wp:attachment":[{"href":"https:\/\/hierostrasbourg.com\/index.php\/wp-json\/wp\/v2\/media?parent=2178"}],"wp:term":[{"taxonomy":"category","embeddable":true,"href":"https:\/\/hierostrasbourg.com\/index.php\/wp-json\/wp\/v2\/categories?post=2178"},{"taxonomy":"post_tag","embeddable":true,"href":"https:\/\/hierostrasbourg.com\/index.php\/wp-json\/wp\/v2\/tags?post=2178"}],"curies":[{"name":"wp","href":"https:\/\/api.w.org\/{rel}","templated":true}]}}